{"id":3899,"date":"2024-01-15T17:02:45","date_gmt":"2024-01-15T16:02:45","guid":{"rendered":"https:\/\/footdavant.fr\/actualites\/erik-ten-hag-des-problemes-en-dehors-du-terrain-sont-a-lorigine-des-difficultes-dantony\/"},"modified":"2024-01-15T17:02:45","modified_gmt":"2024-01-15T16:02:45","slug":"erik-ten-hag-des-problemes-en-dehors-du-terrain-sont-a-lorigine-des-difficultes-dantony","status":"publish","type":"post","link":"https:\/\/footdavant.fr\/actualites\/erik-ten-hag-des-problemes-en-dehors-du-terrain-sont-a-lorigine-des-difficultes-dantony\/","title":{"rendered":"Erik ten Hag : \u00ab\u00a0Des probl\u00e8mes en dehors du terrain sont \u00e0 l&rsquo;origine des difficult\u00e9s d&rsquo;Antony\u00a0\u00bb"},"content":{"rendered":"<p>Le manager de Manchester United, Erik ten Hag, a d\u00e9clar\u00e9 que des probl\u00e8mes en dehors du terrain ont eu un impact sur les performances d&rsquo;Antony cette saison.<\/p>\n<div id=\"article_body\" itemprop=\"articleBody\">\n<h3 class=\"firstPara\">\n<strong class=\"autotag\">Manchester United<\/strong> l&rsquo;entra\u00eeneur-chef <strong class=\"autotag\">Erik Ten Hag<\/strong> a affirm\u00e9 que les probl\u00e8mes hors du terrain ont jou\u00e9 un r\u00f4le majeur dans <strong class=\"autotag\">Antoine<\/strong>Les luttes de au cours de la campagne 2023-24.<\/h3>\n<p>Le joueur de 23 ans a marqu\u00e9 huit fois pour les Red Devils au cours d\u2019une premi\u00e8re saison productive, \u00e9tant arriv\u00e9 dans le cadre d\u2019un transfert de 86 millions de livres sterling en provenance de l\u2019Ajax \u00e0 l\u2019\u00e9t\u00e9 2022.<\/p>\n<p>L&rsquo;international br\u00e9silien a cependant connu des difficult\u00e9s cette saison, n&rsquo;ayant pas r\u00e9ussi \u00e0 marquer ou \u00e0 enregistrer une passe d\u00e9cisive en 21 apparitions, et sa forme a \u00e9t\u00e9 fortement critiqu\u00e9e.<\/p>\n<p>Ten Hag estime que des probl\u00e8mes dans la vie personnelle de l&rsquo;attaquant ont rendu difficile sa contribution cette saison, mais le N\u00e9erlandais est convaincu qu&rsquo;il retrouvera bient\u00f4t sa meilleure forme.<\/p>\n<p>\u00ab\u00a0Je peux expliquer. Je pense que c&rsquo;est tr\u00e8s simple : ses probl\u00e8mes en dehors du terrain l&#8217;emp\u00eachent de jouer\u00a0\u00bb, a d\u00e9clar\u00e9 Ten Hag aux journalistes lors de sa conf\u00e9rence de presse vendredi apr\u00e8s-midi, interrog\u00e9 sur les difficult\u00e9s du Sud-Am\u00e9ricain.<\/p>\n<p class=\"imgI\">\n<p>\u00ab\u00a0La premi\u00e8re ann\u00e9e s&rsquo;est bien pass\u00e9e, la pr\u00e9-saison s&rsquo;est tr\u00e8s bien pass\u00e9e, les quatre premiers matchs ont \u00e9t\u00e9 tr\u00e8s bons. Par exemple, j&rsquo;ai revu le match contre les Spurs et il a jou\u00e9 un tr\u00e8s bon match.<\/p>\n<p>\u00ab\u00a0Mais \u00e0 partir du moment o\u00f9 il est sorti et puis il est revenu, il n&rsquo;a pas livr\u00e9 la performance que vous attendez de lui et il peut faire tellement mieux.<\/p>\n<p>\u00ab\u00a0Vous mentionnez l&rsquo;Ajax, et j&rsquo;y repense aussi : son efficacit\u00e9, son produit final \u00e9tait sup\u00e9rieur et aussi la Ligue des Champions, tr\u00e8s \u00e9lev\u00e9e. Il est capable de le faire, en apportant des actions cl\u00e9s, des passes cl\u00e9s, les centres, la finition, donc sa fin. Le produit \u00e0 l&rsquo;Ajax \u00e9tait tr\u00e8s \u00e9lev\u00e9 et il devrait revenir \u00e0 ce niveau.<\/p>\n<p>\u00ab\u00a0Mais la Premier League est plus difficile et il est capable de le faire. Cela a eu un effet, cela a eu un impact sur lui, c&rsquo;est certain&#8230; Nous lui apporterons tout notre soutien mais il doit faire mieux.\u00a0\u00bb<\/p>\n<p class=\"imgI\"><img decoding=\"async\" loading=\"lazy\" class=\"l\" src=\"https:\/\/footdavant.fr\/actualites\/wp-content\/uploads\/2024\/01\/Erik-ten-Hag-Des-problemes-en-dehors-du-terrain.jpg\" title=\"Antony de Manchester United lors de l'\u00e9chauffement avant le match du 26 ao\u00fbt 2023\" alt=\"Antony de Manchester United lors de l'\u00e9chauffement avant le match du 26 ao\u00fbt 2023\" width=\"640\" height=\"480\"><\/p>\n<p>Antony fait toujours l&rsquo;objet d&rsquo;une enqu\u00eate de la police du Grand Manchester et de la police civile de Sao Paulo suite aux accusations de son ex-petite amie.<\/p>\n<p><strong class=\"autotag\">Gabriela Cavallin<\/strong> affirme que l&rsquo;attaquant de Man United et du Br\u00e9sil l&rsquo;a agress\u00e9e \u00e0 plusieurs reprises au cours de leur relation, les incidents pr\u00e9sum\u00e9s se seraient produits au Br\u00e9sil et en Angleterre.<\/p>\n<p>Antony a toujours ni\u00e9 toute forme de violence physique envers Cavallin, tout en affirmant que son ancien partenaire avait falsifi\u00e9 les messages WhatsApp.<\/p>\n<p>La r\u00e9clamation la plus grave concerne un incident pr\u00e9sum\u00e9 dans un h\u00f4tel de Manchester en janvier 2023, et il a obtenu un cong\u00e9 de Man United plus t\u00f4t cette saison avant de revenir en octobre.<\/p>\n<p>Antony, qui devrait revenir dans l&rsquo;\u00e9quipe de Man United contre Tottenham Hotspur dimanche apr\u00e8s avoir rat\u00e9 la derni\u00e8re fois contre Wigan Athletic en raison d&rsquo;une blessure mineure, n&rsquo;a pas \u00e9t\u00e9 arr\u00eat\u00e9 ni inculp\u00e9, et il coop\u00e8re pleinement avec la police dans une tentative de prouver son innocence.<\/p>\n<\/div>\n","protected":false},"excerpt":{"rendered":"<p>Le manager de Manchester United, Erik ten Hag, a d\u00e9clar\u00e9 que des probl\u00e8mes en dehors du terrain ont eu un impact sur les performances d&rsquo;Antony<\/p>\n","protected":false},"author":1,"featured_media":3900,"comment_status":"closed","ping_status":"","sticky":false,"template":"","format":"standard","meta":{"footnotes":""},"categories":[5],"tags":[2683,3088,12,480,190,192,1410,715,45,191,442],"yoast_head":"<!-- This site is optimized with the Yoast SEO plugin v21.0 - https:\/\/yoast.com\/wordpress\/plugins\/seo\/ -->\n<title>Erik ten Hag : &quot;Des probl\u00e8mes en dehors du terrain sont \u00e0 l&#039;origine des difficult\u00e9s d&#039;Antony&quot;<\/title>\n<meta name=\"robots\" content=\"index, follow, max-snippet:-1, max-image-preview:large, max-video-preview:-1\" \/>\n<link rel=\"canonical\" href=\"https:\/\/footdavant.fr\/actualites\/erik-ten-hag-des-problemes-en-dehors-du-terrain-sont-a-lorigine-des-difficultes-dantony\/\" \/>\n<meta property=\"og:locale\" content=\"fr_FR\" \/>\n<meta property=\"og:type\" content=\"article\" \/>\n<meta property=\"og:title\" content=\"Erik ten Hag : &quot;Des probl\u00e8mes en dehors du terrain sont \u00e0 l&#039;origine des difficult\u00e9s d&#039;Antony&quot;\" \/>\n<meta property=\"og:description\" content=\"Le manager de Manchester United, Erik ten Hag, a d\u00e9clar\u00e9 que des probl\u00e8mes en dehors du terrain ont eu un impact sur les performances d&rsquo;Antony\" \/>\n<meta property=\"og:url\" content=\"https:\/\/footdavant.fr\/actualites\/erik-ten-hag-des-problemes-en-dehors-du-terrain-sont-a-lorigine-des-difficultes-dantony\/\" \/>\n<meta property=\"og:site_name\" content=\"Foot d&#039;avant\" \/>\n<meta property=\"article:publisher\" content=\"https:\/\/www.facebook.com\/Footdavant\/\" \/>\n<meta property=\"article:published_time\" content=\"2024-01-15T16:02:45+00:00\" \/>\n<meta property=\"og:image\" content=\"https:\/\/footdavant.fr\/actualites\/wp-content\/uploads\/2024\/01\/Erik-ten-Hag-Des-problemes-en-dehors-du-terrain.JPG\" \/>\n\t<meta property=\"og:image:width\" content=\"640\" \/>\n\t<meta property=\"og:image:height\" content=\"480\" \/>\n\t<meta property=\"og:image:type\" content=\"image\/jpeg\" \/>\n<meta name=\"author\" content=\"Cl\u00e9ment\" \/>\n<meta name=\"twitter:card\" content=\"summary_large_image\" \/>\n<meta name=\"twitter:creator\" content=\"@FootdavantFr\" \/>\n<meta name=\"twitter:site\" content=\"@FootdavantFr\" \/>\n<meta name=\"twitter:label1\" content=\"\u00c9crit par\" \/>\n\t<meta name=\"twitter:data1\" content=\"Cl\u00e9ment\" \/>\n\t<meta name=\"twitter:label2\" content=\"Dur\u00e9e de lecture estim\u00e9e\" \/>\n\t<meta name=\"twitter:data2\" content=\"3 minutes\" \/>\n<script type=\"application\/ld+json\" class=\"yoast-schema-graph\">{\"@context\":\"https:\/\/schema.org\",\"@graph\":[{\"@type\":\"Article\",\"@id\":\"https:\/\/footdavant.fr\/actualites\/erik-ten-hag-des-problemes-en-dehors-du-terrain-sont-a-lorigine-des-difficultes-dantony\/#article\",\"isPartOf\":{\"@id\":\"https:\/\/footdavant.fr\/actualites\/erik-ten-hag-des-problemes-en-dehors-du-terrain-sont-a-lorigine-des-difficultes-dantony\/\"},\"author\":{\"name\":\"Cl\u00e9ment\",\"@id\":\"https:\/\/footdavant.fr\/actualites\/#\/schema\/person\/bc222566d95871b37e597b3ed3ba5e1d\"},\"headline\":\"Erik ten Hag : \u00ab\u00a0Des probl\u00e8mes en dehors du terrain sont \u00e0 l&rsquo;origine des difficult\u00e9s d&rsquo;Antony\u00a0\u00bb\",\"datePublished\":\"2024-01-15T16:02:45+00:00\",\"dateModified\":\"2024-01-15T16:02:45+00:00\",\"mainEntityOfPage\":{\"@id\":\"https:\/\/footdavant.fr\/actualites\/erik-ten-hag-des-problemes-en-dehors-du-terrain-sont-a-lorigine-des-difficultes-dantony\/\"},\"wordCount\":580,\"publisher\":{\"@id\":\"https:\/\/footdavant.fr\/actualites\/#organization\"},\"keywords\":[\"dAntony\",\"dehors\",\"des\",\"difficult\u00e9s\",\"Erik\",\"Hag\",\"lorigine\",\"Probl\u00e8mes\",\"sont\",\"ten\",\"terrain\"],\"articleSection\":[\"Premier League\"],\"inLanguage\":\"fr-FR\"},{\"@type\":\"WebPage\",\"@id\":\"https:\/\/footdavant.fr\/actualites\/erik-ten-hag-des-problemes-en-dehors-du-terrain-sont-a-lorigine-des-difficultes-dantony\/\",\"url\":\"https:\/\/footdavant.fr\/actualites\/erik-ten-hag-des-problemes-en-dehors-du-terrain-sont-a-lorigine-des-difficultes-dantony\/\",\"name\":\"Erik ten Hag : \\\"Des probl\u00e8mes en dehors du terrain sont \u00e0 l'origine des difficult\u00e9s d'Antony\\\"\",\"isPartOf\":{\"@id\":\"https:\/\/footdavant.fr\/actualites\/#website\"},\"datePublished\":\"2024-01-15T16:02:45+00:00\",\"dateModified\":\"2024-01-15T16:02:45+00:00\",\"breadcrumb\":{\"@id\":\"https:\/\/footdavant.fr\/actualites\/erik-ten-hag-des-problemes-en-dehors-du-terrain-sont-a-lorigine-des-difficultes-dantony\/#breadcrumb\"},\"inLanguage\":\"fr-FR\",\"potentialAction\":[{\"@type\":\"ReadAction\",\"target\":[\"https:\/\/footdavant.fr\/actualites\/erik-ten-hag-des-problemes-en-dehors-du-terrain-sont-a-lorigine-des-difficultes-dantony\/\"]}]},{\"@type\":\"BreadcrumbList\",\"@id\":\"https:\/\/footdavant.fr\/actualites\/erik-ten-hag-des-problemes-en-dehors-du-terrain-sont-a-lorigine-des-difficultes-dantony\/#breadcrumb\",\"itemListElement\":[{\"@type\":\"ListItem\",\"position\":1,\"name\":\"Accueil\",\"item\":\"https:\/\/footdavant.fr\/actualites\/\"},{\"@type\":\"ListItem\",\"position\":2,\"name\":\"Erik ten Hag : \u00ab\u00a0Des probl\u00e8mes en dehors du terrain sont \u00e0 l&rsquo;origine des difficult\u00e9s d&rsquo;Antony\u00a0\u00bb\"}]},{\"@type\":\"WebSite\",\"@id\":\"https:\/\/footdavant.fr\/actualites\/#website\",\"url\":\"https:\/\/footdavant.fr\/actualites\/\",\"name\":\"Foot d'avant\",\"description\":\"\",\"publisher\":{\"@id\":\"https:\/\/footdavant.fr\/actualites\/#organization\"},\"potentialAction\":[{\"@type\":\"SearchAction\",\"target\":{\"@type\":\"EntryPoint\",\"urlTemplate\":\"https:\/\/footdavant.fr\/actualites\/?s={search_term_string}\"},\"query-input\":\"required name=search_term_string\"}],\"inLanguage\":\"fr-FR\"},{\"@type\":\"Organization\",\"@id\":\"https:\/\/footdavant.fr\/actualites\/#organization\",\"name\":\"Foot d'avant\",\"url\":\"https:\/\/footdavant.fr\/actualites\/\",\"logo\":{\"@type\":\"ImageObject\",\"inLanguage\":\"fr-FR\",\"@id\":\"https:\/\/footdavant.fr\/actualites\/#\/schema\/logo\/image\/\",\"url\":\"https:\/\/footdavant.fr\/actualites\/wp-content\/uploads\/2023\/09\/Copy-of-FootDavant-Logo.png\",\"contentUrl\":\"https:\/\/footdavant.fr\/actualites\/wp-content\/uploads\/2023\/09\/Copy-of-FootDavant-Logo.png\",\"width\":936,\"height\":549,\"caption\":\"Foot d'avant\"},\"image\":{\"@id\":\"https:\/\/footdavant.fr\/actualites\/#\/schema\/logo\/image\/\"},\"sameAs\":[\"https:\/\/www.facebook.com\/Footdavant\/\",\"https:\/\/twitter.com\/FootdavantFr\",\"https:\/\/www.instagram.com\/footdavant.fr\/\"]},{\"@type\":\"Person\",\"@id\":\"https:\/\/footdavant.fr\/actualites\/#\/schema\/person\/bc222566d95871b37e597b3ed3ba5e1d\",\"name\":\"Cl\u00e9ment\",\"image\":{\"@type\":\"ImageObject\",\"inLanguage\":\"fr-FR\",\"@id\":\"https:\/\/footdavant.fr\/actualites\/#\/schema\/person\/image\/\",\"url\":\"https:\/\/secure.gravatar.com\/avatar\/7728b29aac2719421e1a9159b2254c44?s=96&d=mm&r=g\",\"contentUrl\":\"https:\/\/secure.gravatar.com\/avatar\/7728b29aac2719421e1a9159b2254c44?s=96&d=mm&r=g\",\"caption\":\"Cl\u00e9ment\"},\"sameAs\":[\"https:\/\/footdavant.fr\/\"]}]}<\/script>\n<!-- \/ Yoast SEO plugin. -->","yoast_head_json":{"title":"Erik ten Hag : \"Des probl\u00e8mes en dehors du terrain sont \u00e0 l'origine des difficult\u00e9s d'Antony\"","robots":{"index":"index","follow":"follow","max-snippet":"max-snippet:-1","max-image-preview":"max-image-preview:large","max-video-preview":"max-video-preview:-1"},"canonical":"https:\/\/footdavant.fr\/actualites\/erik-ten-hag-des-problemes-en-dehors-du-terrain-sont-a-lorigine-des-difficultes-dantony\/","og_locale":"fr_FR","og_type":"article","og_title":"Erik ten Hag : \"Des probl\u00e8mes en dehors du terrain sont \u00e0 l'origine des difficult\u00e9s d'Antony\"","og_description":"Le manager de Manchester United, Erik ten Hag, a d\u00e9clar\u00e9 que des probl\u00e8mes en dehors du terrain ont eu un impact sur les performances d&rsquo;Antony","og_url":"https:\/\/footdavant.fr\/actualites\/erik-ten-hag-des-problemes-en-dehors-du-terrain-sont-a-lorigine-des-difficultes-dantony\/","og_site_name":"Foot d&#039;avant","article_publisher":"https:\/\/www.facebook.com\/Footdavant\/","article_published_time":"2024-01-15T16:02:45+00:00","og_image":[{"width":640,"height":480,"url":"https:\/\/footdavant.fr\/actualites\/wp-content\/uploads\/2024\/01\/Erik-ten-Hag-Des-problemes-en-dehors-du-terrain.JPG","type":"image\/jpeg"}],"author":"Cl\u00e9ment","twitter_card":"summary_large_image","twitter_creator":"@FootdavantFr","twitter_site":"@FootdavantFr","twitter_misc":{"\u00c9crit par":"Cl\u00e9ment","Dur\u00e9e de lecture estim\u00e9e":"3 minutes"},"schema":{"@context":"https:\/\/schema.org","@graph":[{"@type":"Article","@id":"https:\/\/footdavant.fr\/actualites\/erik-ten-hag-des-problemes-en-dehors-du-terrain-sont-a-lorigine-des-difficultes-dantony\/#article","isPartOf":{"@id":"https:\/\/footdavant.fr\/actualites\/erik-ten-hag-des-problemes-en-dehors-du-terrain-sont-a-lorigine-des-difficultes-dantony\/"},"author":{"name":"Cl\u00e9ment","@id":"https:\/\/footdavant.fr\/actualites\/#\/schema\/person\/bc222566d95871b37e597b3ed3ba5e1d"},"headline":"Erik ten Hag : \u00ab\u00a0Des probl\u00e8mes en dehors du terrain sont \u00e0 l&rsquo;origine des difficult\u00e9s d&rsquo;Antony\u00a0\u00bb","datePublished":"2024-01-15T16:02:45+00:00","dateModified":"2024-01-15T16:02:45+00:00","mainEntityOfPage":{"@id":"https:\/\/footdavant.fr\/actualites\/erik-ten-hag-des-problemes-en-dehors-du-terrain-sont-a-lorigine-des-difficultes-dantony\/"},"wordCount":580,"publisher":{"@id":"https:\/\/footdavant.fr\/actualites\/#organization"},"keywords":["dAntony","dehors","des","difficult\u00e9s","Erik","Hag","lorigine","Probl\u00e8mes","sont","ten","terrain"],"articleSection":["Premier League"],"inLanguage":"fr-FR"},{"@type":"WebPage","@id":"https:\/\/footdavant.fr\/actualites\/erik-ten-hag-des-problemes-en-dehors-du-terrain-sont-a-lorigine-des-difficultes-dantony\/","url":"https:\/\/footdavant.fr\/actualites\/erik-ten-hag-des-problemes-en-dehors-du-terrain-sont-a-lorigine-des-difficultes-dantony\/","name":"Erik ten Hag : \"Des probl\u00e8mes en dehors du terrain sont \u00e0 l'origine des difficult\u00e9s d'Antony\"","isPartOf":{"@id":"https:\/\/footdavant.fr\/actualites\/#website"},"datePublished":"2024-01-15T16:02:45+00:00","dateModified":"2024-01-15T16:02:45+00:00","breadcrumb":{"@id":"https:\/\/footdavant.fr\/actualites\/erik-ten-hag-des-problemes-en-dehors-du-terrain-sont-a-lorigine-des-difficultes-dantony\/#breadcrumb"},"inLanguage":"fr-FR","potentialAction":[{"@type":"ReadAction","target":["https:\/\/footdavant.fr\/actualites\/erik-ten-hag-des-problemes-en-dehors-du-terrain-sont-a-lorigine-des-difficultes-dantony\/"]}]},{"@type":"BreadcrumbList","@id":"https:\/\/footdavant.fr\/actualites\/erik-ten-hag-des-problemes-en-dehors-du-terrain-sont-a-lorigine-des-difficultes-dantony\/#breadcrumb","itemListElement":[{"@type":"ListItem","position":1,"name":"Accueil","item":"https:\/\/footdavant.fr\/actualites\/"},{"@type":"ListItem","position":2,"name":"Erik ten Hag : \u00ab\u00a0Des probl\u00e8mes en dehors du terrain sont \u00e0 l&rsquo;origine des difficult\u00e9s d&rsquo;Antony\u00a0\u00bb"}]},{"@type":"WebSite","@id":"https:\/\/footdavant.fr\/actualites\/#website","url":"https:\/\/footdavant.fr\/actualites\/","name":"Foot d'avant","description":"","publisher":{"@id":"https:\/\/footdavant.fr\/actualites\/#organization"},"potentialAction":[{"@type":"SearchAction","target":{"@type":"EntryPoint","urlTemplate":"https:\/\/footdavant.fr\/actualites\/?s={search_term_string}"},"query-input":"required name=search_term_string"}],"inLanguage":"fr-FR"},{"@type":"Organization","@id":"https:\/\/footdavant.fr\/actualites\/#organization","name":"Foot d'avant","url":"https:\/\/footdavant.fr\/actualites\/","logo":{"@type":"ImageObject","inLanguage":"fr-FR","@id":"https:\/\/footdavant.fr\/actualites\/#\/schema\/logo\/image\/","url":"https:\/\/footdavant.fr\/actualites\/wp-content\/uploads\/2023\/09\/Copy-of-FootDavant-Logo.png","contentUrl":"https:\/\/footdavant.fr\/actualites\/wp-content\/uploads\/2023\/09\/Copy-of-FootDavant-Logo.png","width":936,"height":549,"caption":"Foot d'avant"},"image":{"@id":"https:\/\/footdavant.fr\/actualites\/#\/schema\/logo\/image\/"},"sameAs":["https:\/\/www.facebook.com\/Footdavant\/","https:\/\/twitter.com\/FootdavantFr","https:\/\/www.instagram.com\/footdavant.fr\/"]},{"@type":"Person","@id":"https:\/\/footdavant.fr\/actualites\/#\/schema\/person\/bc222566d95871b37e597b3ed3ba5e1d","name":"Cl\u00e9ment","image":{"@type":"ImageObject","inLanguage":"fr-FR","@id":"https:\/\/footdavant.fr\/actualites\/#\/schema\/person\/image\/","url":"https:\/\/secure.gravatar.com\/avatar\/7728b29aac2719421e1a9159b2254c44?s=96&d=mm&r=g","contentUrl":"https:\/\/secure.gravatar.com\/avatar\/7728b29aac2719421e1a9159b2254c44?s=96&d=mm&r=g","caption":"Cl\u00e9ment"},"sameAs":["https:\/\/footdavant.fr\/"]}]}},"_links":{"self":[{"href":"https:\/\/footdavant.fr\/actualites\/wp-json\/wp\/v2\/posts\/3899"}],"collection":[{"href":"https:\/\/footdavant.fr\/actualites\/wp-json\/wp\/v2\/posts"}],"about":[{"href":"https:\/\/footdavant.fr\/actualites\/wp-json\/wp\/v2\/types\/post"}],"author":[{"embeddable":true,"href":"https:\/\/footdavant.fr\/actualites\/wp-json\/wp\/v2\/users\/1"}],"replies":[{"embeddable":true,"href":"https:\/\/footdavant.fr\/actualites\/wp-json\/wp\/v2\/comments?post=3899"}],"version-history":[{"count":1,"href":"https:\/\/footdavant.fr\/actualites\/wp-json\/wp\/v2\/posts\/3899\/revisions"}],"predecessor-version":[{"id":3901,"href":"https:\/\/footdavant.fr\/actualites\/wp-json\/wp\/v2\/posts\/3899\/revisions\/3901"}],"wp:featuredmedia":[{"embeddable":true,"href":"https:\/\/footdavant.fr\/actualites\/wp-json\/wp\/v2\/media\/3900"}],"wp:attachment":[{"href":"https:\/\/footdavant.fr\/actualites\/wp-json\/wp\/v2\/media?parent=3899"}],"wp:term":[{"taxonomy":"category","embeddable":true,"href":"https:\/\/footdavant.fr\/actualites\/wp-json\/wp\/v2\/categories?post=3899"},{"taxonomy":"post_tag","embeddable":true,"href":"https:\/\/footdavant.fr\/actualites\/wp-json\/wp\/v2\/tags?post=3899"}],"curies":[{"name":"wp","href":"https:\/\/api.w.org\/{rel}","templated":true}]}}