{"id":41070,"date":"2026-08-31T00:48:07","date_gmt":"2026-08-30T22:48:07","guid":{"rendered":"https:\/\/footdavant.fr\/actualites\/une-prise-chaude-du-dimanche-en-quelque-sorte-mais-pas-vraiment\/"},"modified":"2026-08-31T00:48:09","modified_gmt":"2026-08-30T22:48:09","slug":"une-prise-chaude-du-dimanche-en-quelque-sorte-mais-pas-vraiment","status":"publish","type":"post","link":"https:\/\/footdavant.fr\/actualites\/une-prise-chaude-du-dimanche-en-quelque-sorte-mais-pas-vraiment\/","title":{"rendered":"Une prise chaude du dimanche (en quelque sorte, mais pas vraiment)"},"content":{"rendered":"<div>\n<p>Bonjour \u00e0 tous.<\/p>\n<p>En me r\u00e9veillant ce matin, je pensais vous infliger \u00e0 tous une \u00ab prise chaude \u00bb, plus pour le plaisir de la discussion que pour penser que cette opinion \u00e9tait r\u00e9ellement possible, mais j&#39;ai ensuite vu une mise \u00e0 jour qui rend cela plus ou moins th\u00e9orique.<\/p>\n<p>Fabrizio Romano dit que le transfert de Gabriel Martinelli \u00e0 Al Hilal est dans sa phase finale, et mon point de vue \u00e9tait que si nous n&#39;avons personne d&#39;autre, nous ne devrions pas vendre du tout Gabriel Martinelli. Maintenant, il est possible que le retard dans la conclusion de cet accord soit d\u00fb \u00e0 notre recherche d&#39;un ajout, et nous appuyerons sur la g\u00e2chette une fois que nous aurons cela pr\u00e9vu, mais il n&#39;y a eu aucun rapport \u00e0 ce sujet et d&#39;apr\u00e8s ce que j&#39;ai entendu, il n&#39;y a rien du tout imminent.<\/p>\n<p>Donc, mon argument serait le suivant : une fen\u00eatre de transfert dans laquelle nous vendons Gabriel Martinelli et gelons\/d\u00e9pla\u00e7ons Gabriel Jesus, et n\u2019ajoutons pas d\u2019autre attaquant serait une mauvaise fen\u00eatre \u2013 du moins en ce qui concerne le dernier tiers. Bruno Guimaraes et Ezri Konsa, des recrues tr\u00e8s solides, sans aucun doute, et je ne pense pas que nous ayons besoin d&#39;aller trop loin sur un gardien de troisi\u00e8me choix. Mais pas d\u2019attaquant, mauvais.<\/p>\n<p>Les gens disent \u00ab\u00a0Martinelli n&#39;a marqu\u00e9 qu&#39;un seul but en Premier League la saison derni\u00e8re !\u00a0\u00bb, et c&#39;est vrai. Ce n&#39;est pas suffisant pour un joueur de son niveau et m\u00eame s&#39;il n&#39;a pas commenc\u00e9 tous les matchs, un seul but en 30 matchs est bien en dessous de la moyenne. Cependant, nous jouons dans quatre comp\u00e9titions, et il a \u00e9t\u00e9 notre deuxi\u00e8me meilleur buteur la saison derni\u00e8re avec 11, \u00e0 \u00e9galit\u00e9 avec Bukayo Saka. Il a \u00e9galement fait 53 apparitions au cours de la campagne et obtenu 7 passes d\u00e9cisives.<\/p>\n<p>Leandro Trossard est parti et Christos Tzolis semble tr\u00e8s prometteur, mais il ne peut pas jouer tous les matchs. Le Belge a disput\u00e9 50 matchs, marquant 8 buts et r\u00e9alisant 11 passes d\u00e9cisives. Nos options d&#39;aile gauche \u00ab \u00e0 temps partag\u00e9 \u00bb ont donc fait 103 apparitions, contribuant \u00e0 37 buts la saison derni\u00e8re. Peut-\u00eatre que Tzolis et Eze peuvent le faire, mais ce n&#39;est pas un nombre de minutes n\u00e9gligeable et un niveau de produit final solide, sinon n\u00e9cessairement spectaculaire, entre ces deux joueurs.<\/p>\n<p>Quant \u00e0 Jesus, il a jou\u00e9 27 fois la saison derni\u00e8re (plus que vous ne le pensiez, hein ?!), a marqu\u00e9 6 buts et obtenu 2 passes d\u00e9cisives. Ce ne sont pas vraiment des chiffres stellaires et je n\u2019ai aucun probl\u00e8me avec le fait qu\u2019Arsenal d\u00e9cide de le faire avancer, mais il a jou\u00e9 un r\u00f4le important la saison derni\u00e8re. Le dernier jour, par exemple, il a d\u00e9but\u00e9 \u00e0 Selhurst Park alors que Mikel Arteta tournait avant la finale de la Ligue des champions.<\/p>\n<p>Je ne vois tout simplement pas comment se satisfaire d&#39;une fen\u00eatre de transfert lorsque vous perdez ces trois joueurs attaquants et que vous n&#39;en remplacez qu&#39;un seul \u2013 peu importe ce que vous pensez d&#39;eux ou \u00e0 quel point vous pensez que Tzolis pourrait \u00eatre bon. J&#39;esp\u00e8re qu&#39;il va mieux que je ne le pense, mais il n&#39;est pas impossible qu&#39;apr\u00e8s une lune de miel, les choses deviennent un peu plus difficiles, ou qu&#39;il se blesse, et alors o\u00f9 en sommes-nous ?<\/p>\n<p>J&#39;ai vu toutes les discussions autour de Martinelli, et m\u00eame si les opinions \u00e0 son sujet varient \u00e9videmment, l&#39;essentiel est que la volont\u00e9 de le voir partir n&#39;est pas parce que les gens en ont marre de lui, mais parce qu&#39;ils veulent voir la ligne avant am\u00e9lior\u00e9e. La vente est peut-\u00eatre bonne pour les livres d&#39;Arsenal, mais sans remplacement, elle est vraiment mauvaise pour l&#39;\u00e9quipe au cours de la saison. Et comme je l&#39;ai dit, si vous retirez \u00e9galement Jesus de l&#39;\u00e9quipe, nous entrerons dans la premi\u00e8re partie de la saison \u2013 jusqu&#39;en janvier au moins \u2013 plus faibles que la saison derni\u00e8re en termes de nombre et de profondeur.<\/p>\n<p>Et \u00e9coutez, j\u2019adh\u00e8re pleinement \u00e0 l\u2019id\u00e9e que si nous pouvons garder Kai Havertz, Bukayo Saka et Martin Odegaard en forme, nous pouvons \u00eatre meilleurs. Les premiers signes sont prometteurs, mais tous les trois ont travers\u00e9 des moments tr\u00e8s difficiles en raison de blessures au cours des 18 derniers mois environ, et une certaine prudence quant \u00e0 notre capacit\u00e9 \u00e0 les maintenir en pleine forme est naturelle. Sans oublier qu&#39;une partie de la fa\u00e7on dont nous y parvenons consiste s\u00fbrement \u00e0 g\u00e9rer leurs minutes intelligemment, \u00e0 ne pas les surcharger, et pour ce faire, vous avez besoin d&#39;options. L&#39;\u00e9mergence de Max Dowman peut jouer un r\u00f4le, mais rappelons-nous \u00e9galement qu&#39;il n&#39;a que 16 ans et qu&#39;il doit lui aussi \u00eatre g\u00e9r\u00e9 avec prudence.<\/p>\n<p>Il y a une journ\u00e9e compl\u00e8te aujourd&#39;hui, une journ\u00e9e compl\u00e8te demain (qui est aussi un jour de match), puis nous avons jusqu&#39;\u00e0 mardi 23 heures pour faire quelque chose. Au cours d&#39;un \u00e9t\u00e9 o\u00f9 vous avez poursuivi Morgan Rogers, Vinicius Junior et Julian Alvarez sans succ\u00e8s, vous avez dit aux gens que vous souhaitiez activement am\u00e9liorer vos options d&#39;attaque et vous n&#39;avez finalement r\u00e9ussi \u00e0 conclure aucun de ces accords. Selon David Ornstein \u00e0 la t\u00e9l\u00e9vision hier, Alvarez a parl\u00e9 \u00e0 Mikel Arteta et lui a dit qu&#39;il ne voulait pas rejoindre Arsenal. Nous devons s\u00fbrement consid\u00e9rer cette affaire comme close maintenant.<\/p>\n<p>Si cette fen\u00eatre se ferme avec nos options offensives manifestement plus faibles et manquant de la profondeur dont vous avez besoin sur quatre comp\u00e9titions, vous ne pouvez pas attribuer autre chose qu&#39;un \u00e9chec \u00e0 cette partie de notre activit\u00e9. Alors voyons ce qui se passe. Je suppose que ce sera, ind\u00e9pendamment du fait que la prise de vue n&#39;ait pas \u00e9t\u00e9 aussi chaude que j&#39;aurais pu l&#39;imaginer, qui suscitera de nombreuses discussions.<\/p>\n<p>D&#39;accord, je vais en rester l\u00e0 pour l&#39;instant. Si vous avez besoin de quelque chose \u00e0 \u00e9couter ce beau dimanche, un podcast en avant-premi\u00e8re est d\u00e9sormais disponible pour nos membres Patreon.<\/p>\n<p>Passez une bonne soir\u00e9e les amis.<\/p>\n<\/div>\n","protected":false},"excerpt":{"rendered":"<p>Bonjour \u00e0 tous. En me r\u00e9veillant ce matin, je pensais vous infliger \u00e0 tous une \u00ab prise chaude \u00bb, plus pour le plaisir de la<\/p>\n","protected":false},"author":1,"featured_media":41071,"comment_status":"closed","ping_status":"","sticky":false,"template":"","format":"standard","meta":{"footnotes":""},"categories":[3],"tags":[3467,506,365,71,5541,3667,9147,92,499],"yoast_head":"<!-- This site is optimized with the Yoast SEO plugin v21.0 - https:\/\/yoast.com\/wordpress\/plugins\/seo\/ -->\n<title>Une prise chaude du dimanche (en quelque sorte, mais pas vraiment)<\/title>\n<meta name=\"robots\" content=\"index, follow, max-snippet:-1, max-image-preview:large, max-video-preview:-1\" \/>\n<link rel=\"canonical\" href=\"https:\/\/footdavant.fr\/actualites\/une-prise-chaude-du-dimanche-en-quelque-sorte-mais-pas-vraiment\/\" \/>\n<meta property=\"og:locale\" content=\"fr_FR\" \/>\n<meta property=\"og:type\" content=\"article\" \/>\n<meta property=\"og:title\" content=\"Une prise chaude du dimanche (en quelque sorte, mais pas vraiment)\" \/>\n<meta property=\"og:description\" content=\"Bonjour \u00e0 tous. En me r\u00e9veillant ce matin, je pensais vous infliger \u00e0 tous une \u00ab prise chaude \u00bb, plus pour le plaisir de la\" \/>\n<meta property=\"og:url\" content=\"https:\/\/footdavant.fr\/actualites\/une-prise-chaude-du-dimanche-en-quelque-sorte-mais-pas-vraiment\/\" \/>\n<meta property=\"og:site_name\" content=\"Foot d&#039;avant\" \/>\n<meta property=\"article:publisher\" content=\"https:\/\/www.facebook.com\/Footdavant\/\" \/>\n<meta property=\"article:published_time\" content=\"2026-08-30T22:48:07+00:00\" \/>\n<meta property=\"article:modified_time\" content=\"2026-08-30T22:48:09+00:00\" \/>\n<meta property=\"og:image\" content=\"https:\/\/footdavant.fr\/actualites\/wp-content\/uploads\/2026\/08\/Une-prise-chaude-du-dimanche-en-quelque-sorte-mais-pas.webp\" \/>\n\t<meta property=\"og:image:width\" content=\"1486\" \/>\n\t<meta property=\"og:image:height\" content=\"786\" \/>\n\t<meta property=\"og:image:type\" content=\"image\/webp\" \/>\n<meta name=\"author\" content=\"Cl\u00e9ment\" \/>\n<meta name=\"twitter:card\" content=\"summary_large_image\" \/>\n<meta name=\"twitter:creator\" content=\"@FootdavantFr\" \/>\n<meta name=\"twitter:site\" content=\"@FootdavantFr\" \/>\n<meta name=\"twitter:label1\" content=\"\u00c9crit par\" \/>\n\t<meta name=\"twitter:data1\" content=\"Cl\u00e9ment\" \/>\n\t<meta name=\"twitter:label2\" content=\"Dur\u00e9e de lecture estim\u00e9e\" \/>\n\t<meta name=\"twitter:data2\" content=\"5 minutes\" \/>\n<script type=\"application\/ld+json\" class=\"yoast-schema-graph\">{\"@context\":\"https:\/\/schema.org\",\"@graph\":[{\"@type\":\"Article\",\"@id\":\"https:\/\/footdavant.fr\/actualites\/une-prise-chaude-du-dimanche-en-quelque-sorte-mais-pas-vraiment\/#article\",\"isPartOf\":{\"@id\":\"https:\/\/footdavant.fr\/actualites\/une-prise-chaude-du-dimanche-en-quelque-sorte-mais-pas-vraiment\/\"},\"author\":{\"name\":\"Cl\u00e9ment\",\"@id\":\"https:\/\/footdavant.fr\/actualites\/#\/schema\/person\/bc222566d95871b37e597b3ed3ba5e1d\"},\"headline\":\"Une prise chaude du dimanche (en quelque sorte, mais pas vraiment)\",\"datePublished\":\"2026-08-30T22:48:07+00:00\",\"dateModified\":\"2026-08-30T22:48:09+00:00\",\"mainEntityOfPage\":{\"@id\":\"https:\/\/footdavant.fr\/actualites\/une-prise-chaude-du-dimanche-en-quelque-sorte-mais-pas-vraiment\/\"},\"wordCount\":1090,\"publisher\":{\"@id\":\"https:\/\/footdavant.fr\/actualites\/#organization\"},\"keywords\":[\"chaude\",\"dimanche\",\"mais\",\"pas\",\"prise\",\"quelque\",\"sorte\",\"une\",\"vraiment\"],\"articleSection\":[\"Football\"],\"inLanguage\":\"fr-FR\"},{\"@type\":\"WebPage\",\"@id\":\"https:\/\/footdavant.fr\/actualites\/une-prise-chaude-du-dimanche-en-quelque-sorte-mais-pas-vraiment\/\",\"url\":\"https:\/\/footdavant.fr\/actualites\/une-prise-chaude-du-dimanche-en-quelque-sorte-mais-pas-vraiment\/\",\"name\":\"Une prise chaude du dimanche (en quelque sorte, mais pas vraiment)\",\"isPartOf\":{\"@id\":\"https:\/\/footdavant.fr\/actualites\/#website\"},\"datePublished\":\"2026-08-30T22:48:07+00:00\",\"dateModified\":\"2026-08-30T22:48:09+00:00\",\"breadcrumb\":{\"@id\":\"https:\/\/footdavant.fr\/actualites\/une-prise-chaude-du-dimanche-en-quelque-sorte-mais-pas-vraiment\/#breadcrumb\"},\"inLanguage\":\"fr-FR\",\"potentialAction\":[{\"@type\":\"ReadAction\",\"target\":[\"https:\/\/footdavant.fr\/actualites\/une-prise-chaude-du-dimanche-en-quelque-sorte-mais-pas-vraiment\/\"]}]},{\"@type\":\"BreadcrumbList\",\"@id\":\"https:\/\/footdavant.fr\/actualites\/une-prise-chaude-du-dimanche-en-quelque-sorte-mais-pas-vraiment\/#breadcrumb\",\"itemListElement\":[{\"@type\":\"ListItem\",\"position\":1,\"name\":\"Accueil\",\"item\":\"https:\/\/footdavant.fr\/actualites\/\"},{\"@type\":\"ListItem\",\"position\":2,\"name\":\"Une prise chaude du dimanche (en quelque sorte, mais pas vraiment)\"}]},{\"@type\":\"WebSite\",\"@id\":\"https:\/\/footdavant.fr\/actualites\/#website\",\"url\":\"https:\/\/footdavant.fr\/actualites\/\",\"name\":\"Foot d'avant\",\"description\":\"\",\"publisher\":{\"@id\":\"https:\/\/footdavant.fr\/actualites\/#organization\"},\"potentialAction\":[{\"@type\":\"SearchAction\",\"target\":{\"@type\":\"EntryPoint\",\"urlTemplate\":\"https:\/\/footdavant.fr\/actualites\/?s={search_term_string}\"},\"query-input\":\"required name=search_term_string\"}],\"inLanguage\":\"fr-FR\"},{\"@type\":\"Organization\",\"@id\":\"https:\/\/footdavant.fr\/actualites\/#organization\",\"name\":\"Foot d'avant\",\"url\":\"https:\/\/footdavant.fr\/actualites\/\",\"logo\":{\"@type\":\"ImageObject\",\"inLanguage\":\"fr-FR\",\"@id\":\"https:\/\/footdavant.fr\/actualites\/#\/schema\/logo\/image\/\",\"url\":\"https:\/\/footdavant.fr\/actualites\/wp-content\/uploads\/2023\/09\/Copy-of-FootDavant-Logo.png\",\"contentUrl\":\"https:\/\/footdavant.fr\/actualites\/wp-content\/uploads\/2023\/09\/Copy-of-FootDavant-Logo.png\",\"width\":936,\"height\":549,\"caption\":\"Foot d'avant\"},\"image\":{\"@id\":\"https:\/\/footdavant.fr\/actualites\/#\/schema\/logo\/image\/\"},\"sameAs\":[\"https:\/\/www.facebook.com\/Footdavant\/\",\"https:\/\/twitter.com\/FootdavantFr\",\"https:\/\/www.instagram.com\/footdavant.fr\/\"]},{\"@type\":\"Person\",\"@id\":\"https:\/\/footdavant.fr\/actualites\/#\/schema\/person\/bc222566d95871b37e597b3ed3ba5e1d\",\"name\":\"Cl\u00e9ment\",\"image\":{\"@type\":\"ImageObject\",\"inLanguage\":\"fr-FR\",\"@id\":\"https:\/\/footdavant.fr\/actualites\/#\/schema\/person\/image\/\",\"url\":\"https:\/\/secure.gravatar.com\/avatar\/7728b29aac2719421e1a9159b2254c44?s=96&d=mm&r=g\",\"contentUrl\":\"https:\/\/secure.gravatar.com\/avatar\/7728b29aac2719421e1a9159b2254c44?s=96&d=mm&r=g\",\"caption\":\"Cl\u00e9ment\"},\"sameAs\":[\"https:\/\/footdavant.fr\/\"]}]}<\/script>\n<!-- \/ Yoast SEO plugin. -->","yoast_head_json":{"title":"Une prise chaude du dimanche (en quelque sorte, mais pas vraiment)","robots":{"index":"index","follow":"follow","max-snippet":"max-snippet:-1","max-image-preview":"max-image-preview:large","max-video-preview":"max-video-preview:-1"},"canonical":"https:\/\/footdavant.fr\/actualites\/une-prise-chaude-du-dimanche-en-quelque-sorte-mais-pas-vraiment\/","og_locale":"fr_FR","og_type":"article","og_title":"Une prise chaude du dimanche (en quelque sorte, mais pas vraiment)","og_description":"Bonjour \u00e0 tous. En me r\u00e9veillant ce matin, je pensais vous infliger \u00e0 tous une \u00ab prise chaude \u00bb, plus pour le plaisir de la","og_url":"https:\/\/footdavant.fr\/actualites\/une-prise-chaude-du-dimanche-en-quelque-sorte-mais-pas-vraiment\/","og_site_name":"Foot d&#039;avant","article_publisher":"https:\/\/www.facebook.com\/Footdavant\/","article_published_time":"2026-08-30T22:48:07+00:00","article_modified_time":"2026-08-30T22:48:09+00:00","og_image":[{"width":1486,"height":786,"url":"https:\/\/footdavant.fr\/actualites\/wp-content\/uploads\/2026\/08\/Une-prise-chaude-du-dimanche-en-quelque-sorte-mais-pas.webp","type":"image\/webp"}],"author":"Cl\u00e9ment","twitter_card":"summary_large_image","twitter_creator":"@FootdavantFr","twitter_site":"@FootdavantFr","twitter_misc":{"\u00c9crit par":"Cl\u00e9ment","Dur\u00e9e de lecture estim\u00e9e":"5 minutes"},"schema":{"@context":"https:\/\/schema.org","@graph":[{"@type":"Article","@id":"https:\/\/footdavant.fr\/actualites\/une-prise-chaude-du-dimanche-en-quelque-sorte-mais-pas-vraiment\/#article","isPartOf":{"@id":"https:\/\/footdavant.fr\/actualites\/une-prise-chaude-du-dimanche-en-quelque-sorte-mais-pas-vraiment\/"},"author":{"name":"Cl\u00e9ment","@id":"https:\/\/footdavant.fr\/actualites\/#\/schema\/person\/bc222566d95871b37e597b3ed3ba5e1d"},"headline":"Une prise chaude du dimanche (en quelque sorte, mais pas vraiment)","datePublished":"2026-08-30T22:48:07+00:00","dateModified":"2026-08-30T22:48:09+00:00","mainEntityOfPage":{"@id":"https:\/\/footdavant.fr\/actualites\/une-prise-chaude-du-dimanche-en-quelque-sorte-mais-pas-vraiment\/"},"wordCount":1090,"publisher":{"@id":"https:\/\/footdavant.fr\/actualites\/#organization"},"keywords":["chaude","dimanche","mais","pas","prise","quelque","sorte","une","vraiment"],"articleSection":["Football"],"inLanguage":"fr-FR"},{"@type":"WebPage","@id":"https:\/\/footdavant.fr\/actualites\/une-prise-chaude-du-dimanche-en-quelque-sorte-mais-pas-vraiment\/","url":"https:\/\/footdavant.fr\/actualites\/une-prise-chaude-du-dimanche-en-quelque-sorte-mais-pas-vraiment\/","name":"Une prise chaude du dimanche (en quelque sorte, mais pas vraiment)","isPartOf":{"@id":"https:\/\/footdavant.fr\/actualites\/#website"},"datePublished":"2026-08-30T22:48:07+00:00","dateModified":"2026-08-30T22:48:09+00:00","breadcrumb":{"@id":"https:\/\/footdavant.fr\/actualites\/une-prise-chaude-du-dimanche-en-quelque-sorte-mais-pas-vraiment\/#breadcrumb"},"inLanguage":"fr-FR","potentialAction":[{"@type":"ReadAction","target":["https:\/\/footdavant.fr\/actualites\/une-prise-chaude-du-dimanche-en-quelque-sorte-mais-pas-vraiment\/"]}]},{"@type":"BreadcrumbList","@id":"https:\/\/footdavant.fr\/actualites\/une-prise-chaude-du-dimanche-en-quelque-sorte-mais-pas-vraiment\/#breadcrumb","itemListElement":[{"@type":"ListItem","position":1,"name":"Accueil","item":"https:\/\/footdavant.fr\/actualites\/"},{"@type":"ListItem","position":2,"name":"Une prise chaude du dimanche (en quelque sorte, mais pas vraiment)"}]},{"@type":"WebSite","@id":"https:\/\/footdavant.fr\/actualites\/#website","url":"https:\/\/footdavant.fr\/actualites\/","name":"Foot d'avant","description":"","publisher":{"@id":"https:\/\/footdavant.fr\/actualites\/#organization"},"potentialAction":[{"@type":"SearchAction","target":{"@type":"EntryPoint","urlTemplate":"https:\/\/footdavant.fr\/actualites\/?s={search_term_string}"},"query-input":"required name=search_term_string"}],"inLanguage":"fr-FR"},{"@type":"Organization","@id":"https:\/\/footdavant.fr\/actualites\/#organization","name":"Foot d'avant","url":"https:\/\/footdavant.fr\/actualites\/","logo":{"@type":"ImageObject","inLanguage":"fr-FR","@id":"https:\/\/footdavant.fr\/actualites\/#\/schema\/logo\/image\/","url":"https:\/\/footdavant.fr\/actualites\/wp-content\/uploads\/2023\/09\/Copy-of-FootDavant-Logo.png","contentUrl":"https:\/\/footdavant.fr\/actualites\/wp-content\/uploads\/2023\/09\/Copy-of-FootDavant-Logo.png","width":936,"height":549,"caption":"Foot d'avant"},"image":{"@id":"https:\/\/footdavant.fr\/actualites\/#\/schema\/logo\/image\/"},"sameAs":["https:\/\/www.facebook.com\/Footdavant\/","https:\/\/twitter.com\/FootdavantFr","https:\/\/www.instagram.com\/footdavant.fr\/"]},{"@type":"Person","@id":"https:\/\/footdavant.fr\/actualites\/#\/schema\/person\/bc222566d95871b37e597b3ed3ba5e1d","name":"Cl\u00e9ment","image":{"@type":"ImageObject","inLanguage":"fr-FR","@id":"https:\/\/footdavant.fr\/actualites\/#\/schema\/person\/image\/","url":"https:\/\/secure.gravatar.com\/avatar\/7728b29aac2719421e1a9159b2254c44?s=96&d=mm&r=g","contentUrl":"https:\/\/secure.gravatar.com\/avatar\/7728b29aac2719421e1a9159b2254c44?s=96&d=mm&r=g","caption":"Cl\u00e9ment"},"sameAs":["https:\/\/footdavant.fr\/"]}]}},"_links":{"self":[{"href":"https:\/\/footdavant.fr\/actualites\/wp-json\/wp\/v2\/posts\/41070"}],"collection":[{"href":"https:\/\/footdavant.fr\/actualites\/wp-json\/wp\/v2\/posts"}],"about":[{"href":"https:\/\/footdavant.fr\/actualites\/wp-json\/wp\/v2\/types\/post"}],"author":[{"embeddable":true,"href":"https:\/\/footdavant.fr\/actualites\/wp-json\/wp\/v2\/users\/1"}],"replies":[{"embeddable":true,"href":"https:\/\/footdavant.fr\/actualites\/wp-json\/wp\/v2\/comments?post=41070"}],"version-history":[{"count":1,"href":"https:\/\/footdavant.fr\/actualites\/wp-json\/wp\/v2\/posts\/41070\/revisions"}],"predecessor-version":[{"id":41072,"href":"https:\/\/footdavant.fr\/actualites\/wp-json\/wp\/v2\/posts\/41070\/revisions\/41072"}],"wp:featuredmedia":[{"embeddable":true,"href":"https:\/\/footdavant.fr\/actualites\/wp-json\/wp\/v2\/media\/41071"}],"wp:attachment":[{"href":"https:\/\/footdavant.fr\/actualites\/wp-json\/wp\/v2\/media?parent=41070"}],"wp:term":[{"taxonomy":"category","embeddable":true,"href":"https:\/\/footdavant.fr\/actualites\/wp-json\/wp\/v2\/categories?post=41070"},{"taxonomy":"post_tag","embeddable":true,"href":"https:\/\/footdavant.fr\/actualites\/wp-json\/wp\/v2\/tags?post=41070"}],"curies":[{"name":"wp","href":"https:\/\/api.w.org\/{rel}","templated":true}]}}