{"id":41073,"date":"2026-08-31T04:48:12","date_gmt":"2026-08-31T02:48:12","guid":{"rendered":"https:\/\/footdavant.fr\/actualites\/van-dijk-barcola-sera-accueilli-a-bras-ouverts-a-liverpool\/"},"modified":"2026-08-31T04:48:16","modified_gmt":"2026-08-31T02:48:16","slug":"van-dijk-barcola-sera-accueilli-a-bras-ouverts-a-liverpool","status":"publish","type":"post","link":"https:\/\/footdavant.fr\/actualites\/van-dijk-barcola-sera-accueilli-a-bras-ouverts-a-liverpool\/","title":{"rendered":"Van Dijk: Barcola sera \u00ab\u00a0accueilli \u00e0 bras ouverts\u00a0\u00bb \u00e0 Liverpool"},"content":{"rendered":"<div id=\"article-body\">\n<!-- Article Start --><\/p>\n<p>Virgil van Dijk a d\u00e9clar\u00e9 que Bradley Barcola serait \u00ab\u00a0accueilli \u00e0 bras ouverts\u00a0\u00bb une fois qu&#39;il aurait termin\u00e9 son transfert imminent \u00e0 Liverpool.<\/p>\n<p>L&#39;ailier fran\u00e7ais devrait subir un examen m\u00e9dical aujourd&#39;hui avant son transfert de 123 millions de livres sterling \u00e0 Anfield en provenance du Paris Saint-Germain (The Athletic), ce qui ferait de lui la deuxi\u00e8me signature la plus ch\u00e8re des Reds de tous les temps et mettrait fin \u00e0 une poursuite qui a dur\u00e9 des mois.<\/p>\n<p>Le joueur de 23 ans viendra dans le Merseyside en tant que double vainqueur de la Ligue des Champions avec le PSG et buteur de trois buts pour la France, demi-finaliste de la Coupe du Monde de cet \u00e9t\u00e9, et les honoraires pay\u00e9s pour lui indiquent \u00e0 quel point le LFC investit en lui.<\/p>\n<h2>Van Dijk s&#39;exprime sur le transfert imminent de Barcola<\/h2>\n<p>S&#39;adressant aux journalistes apr\u00e8s le match nul 2-2 de Liverpool contre Nottingham Forest samedi, Van Dijk a \u00e9t\u00e9 interrog\u00e9 sur le transfert imminent de Barcola vers les Reds, un transfert que l&#39;actuel capitaine a approuv\u00e9.<\/p>\n<p>L\u2019homme de 35 ans a d\u00e9clar\u00e9 (via The Express) : <\/p>\n<div class=\"text-description\" style=\"clear:left;\">\n<div id=\"ad-vip-article2-wrapper\" class=\"ad-wrapper ad-wrapper--taboola ad-wrapper--border ad-wrapper--in-article\" role=\"complementary\" aria-label=\"Advertisement\" data-ad-slot=\"taboola\">\n<div class=\"ad-wrapper__inner\">\n<div id=\"ad-vip-article2\">\n<\/div>\n<\/div>\n<\/div>\n<\/div>\n<div class=\"text-description\" style=\"clear:left;\">\n<figure class=\"wp-caption alignnone\">\n<p><figure id=\"attachment_289973\" aria-describedby=\"caption-attachment-289973\" style=\"width: 713px\" class=\"wp-caption alignnone\"><picture><source type=\"image\/webp\" data- data-><\/source><\/picture><\/figure>\n<\/p>\n<\/figure>\n<h2>Barcola peut-il \u00eatre \u00e0 la hauteur de son prix et des attentes in\u00e9vitables ?<\/h2>\n<p>Van Dijk essaie naturellement de faire preuve de diplomatie en ne pas sauter le pas sur le transfert jusqu&#39;\u00e0 ce qu&#39;il devienne officiel, mais il semble avoir eu du mal \u00e0 cacher sa joie apparente que Barcola semble \u00eatre en route pour Liverpool.<\/p>\n<p>Bien que le Fran\u00e7ais n&#39;ait pas \u00e9t\u00e9 extr\u00eamement prolifique pour le PSG (39 buts en 152 apparitions), les dirigeants d&#39;Anfield le consid\u00e8rent \u00e9videmment comme capable de devenir l&#39;ailier d&#39;\u00e9lite pour succ\u00e9der \u00e0 Mo Salah \u00e0 long terme pour les Reds.<\/p>\n<p>Le joueur de 23 ans ne devrait pas \u00eatre accabl\u00e9 par la pression d&#39;essayer d&#39;\u00eatre \u00e0 la hauteur des normes g\u00e9n\u00e9rationnelles de l&#39;\u00c9gyptien, mais les honoraires qu&#39;il est sur le point de commander entra\u00eeneront in\u00e9vitablement l&#39;attente d&#39;un impact imm\u00e9diat \u2013 le temps de \u00ab s&#39;installer \u00bb sera rare de la part des sceptiques qui attendraient la moindre occasion de planter le couteau.<\/p>\n<p>Bien que Van Dijk ait exprim\u00e9 son enthousiasme \u00e0 l&#39;id\u00e9e de l&#39;arriv\u00e9e de Barcola \u00e0 Liverpool, il a \u00e9galement exprim\u00e9 sa d\u00e9sapprobation du projet de vendre Cody Gakpo \u00e0 Manchester City, un transfert potentiel qui compenserait une grande partie de la bonne volont\u00e9 que l&#39;arriv\u00e9e de l&#39;ailier fran\u00e7ais g\u00e9n\u00e9rerait normalement parmi les fans.<\/p>\n<p>Nous devons encore attendre que l&#39;attaquant du PSG termine son examen m\u00e9dical et tous les derniers documents avant de pouvoir porter un toast \u00e0 son transfert \u00e0 Anfield, mais il ressort clairement des remarques du capitaine \u00e0 quel point il serait populaire dans le vestiaire.<\/p>\n<p>Esp\u00e9rons qu&#39;avec le temps, son nom sera prononc\u00e9 par les supporters des Reds sur un ton aussi r\u00e9v\u00e9rencieux que celui avec lequel le l\u00e9gendaire Salah est rappel\u00e9.<\/p>\n<\/div>\n<p><!-- Article End -->\t\t\t\t<\/div>\n","protected":false},"excerpt":{"rendered":"<p>Virgil van Dijk a d\u00e9clar\u00e9 que Bradley Barcola serait \u00ab\u00a0accueilli \u00e0 bras ouverts\u00a0\u00bb une fois qu&#39;il aurait termin\u00e9 son transfert imminent \u00e0 Liverpool. L&#39;ailier fran\u00e7ais<\/p>\n","protected":false},"author":1,"featured_media":41074,"comment_status":"closed","ping_status":"","sticky":false,"template":"","format":"standard","meta":{"footnotes":""},"categories":[3],"tags":[8748,10152,7213,784,53,4266,1126,783],"yoast_head":"<!-- This site is optimized with the Yoast SEO plugin v21.0 - https:\/\/yoast.com\/wordpress\/plugins\/seo\/ -->\n<title>Van Dijk: Barcola sera &quot;accueilli \u00e0 bras ouverts&quot; \u00e0 Liverpool<\/title>\n<meta name=\"robots\" content=\"index, follow, max-snippet:-1, max-image-preview:large, max-video-preview:-1\" \/>\n<link rel=\"canonical\" href=\"https:\/\/footdavant.fr\/actualites\/van-dijk-barcola-sera-accueilli-a-bras-ouverts-a-liverpool\/\" \/>\n<meta property=\"og:locale\" content=\"fr_FR\" \/>\n<meta property=\"og:type\" content=\"article\" \/>\n<meta property=\"og:title\" content=\"Van Dijk: Barcola sera &quot;accueilli \u00e0 bras ouverts&quot; \u00e0 Liverpool\" \/>\n<meta property=\"og:description\" content=\"Virgil van Dijk a d\u00e9clar\u00e9 que Bradley Barcola serait \u00ab\u00a0accueilli \u00e0 bras ouverts\u00a0\u00bb une fois qu&#039;il aurait termin\u00e9 son transfert imminent \u00e0 Liverpool. L&#039;ailier fran\u00e7ais\" \/>\n<meta property=\"og:url\" content=\"https:\/\/footdavant.fr\/actualites\/van-dijk-barcola-sera-accueilli-a-bras-ouverts-a-liverpool\/\" \/>\n<meta property=\"og:site_name\" content=\"Foot d&#039;avant\" \/>\n<meta property=\"article:publisher\" content=\"https:\/\/www.facebook.com\/Footdavant\/\" \/>\n<meta property=\"article:published_time\" content=\"2026-08-31T02:48:12+00:00\" \/>\n<meta property=\"article:modified_time\" content=\"2026-08-31T02:48:16+00:00\" \/>\n<meta property=\"og:image\" content=\"https:\/\/footdavant.fr\/actualites\/wp-content\/uploads\/2026\/08\/1788144494_Van-Dijk-Barcola-sera-accueilli-a-bras-ouverts-a-Liverpool.jpg\" \/>\n\t<meta property=\"og:image:width\" content=\"1507\" \/>\n\t<meta property=\"og:image:height\" content=\"843\" \/>\n\t<meta property=\"og:image:type\" content=\"image\/jpeg\" \/>\n<meta name=\"author\" content=\"Cl\u00e9ment\" \/>\n<meta name=\"twitter:card\" content=\"summary_large_image\" \/>\n<meta name=\"twitter:creator\" content=\"@FootdavantFr\" \/>\n<meta name=\"twitter:site\" content=\"@FootdavantFr\" \/>\n<meta name=\"twitter:label1\" content=\"\u00c9crit par\" \/>\n\t<meta name=\"twitter:data1\" content=\"Cl\u00e9ment\" \/>\n\t<meta name=\"twitter:label2\" content=\"Dur\u00e9e de lecture estim\u00e9e\" \/>\n\t<meta name=\"twitter:data2\" content=\"2 minutes\" \/>\n<script type=\"application\/ld+json\" class=\"yoast-schema-graph\">{\"@context\":\"https:\/\/schema.org\",\"@graph\":[{\"@type\":\"Article\",\"@id\":\"https:\/\/footdavant.fr\/actualites\/van-dijk-barcola-sera-accueilli-a-bras-ouverts-a-liverpool\/#article\",\"isPartOf\":{\"@id\":\"https:\/\/footdavant.fr\/actualites\/van-dijk-barcola-sera-accueilli-a-bras-ouverts-a-liverpool\/\"},\"author\":{\"name\":\"Cl\u00e9ment\",\"@id\":\"https:\/\/footdavant.fr\/actualites\/#\/schema\/person\/bc222566d95871b37e597b3ed3ba5e1d\"},\"headline\":\"Van Dijk: Barcola sera \u00ab\u00a0accueilli \u00e0 bras ouverts\u00a0\u00bb \u00e0 Liverpool\",\"datePublished\":\"2026-08-31T02:48:12+00:00\",\"dateModified\":\"2026-08-31T02:48:16+00:00\",\"mainEntityOfPage\":{\"@id\":\"https:\/\/footdavant.fr\/actualites\/van-dijk-barcola-sera-accueilli-a-bras-ouverts-a-liverpool\/\"},\"wordCount\":505,\"publisher\":{\"@id\":\"https:\/\/footdavant.fr\/actualites\/#organization\"},\"keywords\":[\"accueilli\",\"Barcola\",\"bras\",\"Dijk\",\"Liverpool\",\"ouverts\",\"sera\",\"van\"],\"articleSection\":[\"Football\"],\"inLanguage\":\"fr-FR\"},{\"@type\":\"WebPage\",\"@id\":\"https:\/\/footdavant.fr\/actualites\/van-dijk-barcola-sera-accueilli-a-bras-ouverts-a-liverpool\/\",\"url\":\"https:\/\/footdavant.fr\/actualites\/van-dijk-barcola-sera-accueilli-a-bras-ouverts-a-liverpool\/\",\"name\":\"Van Dijk: Barcola sera \\\"accueilli \u00e0 bras ouverts\\\" \u00e0 Liverpool\",\"isPartOf\":{\"@id\":\"https:\/\/footdavant.fr\/actualites\/#website\"},\"datePublished\":\"2026-08-31T02:48:12+00:00\",\"dateModified\":\"2026-08-31T02:48:16+00:00\",\"breadcrumb\":{\"@id\":\"https:\/\/footdavant.fr\/actualites\/van-dijk-barcola-sera-accueilli-a-bras-ouverts-a-liverpool\/#breadcrumb\"},\"inLanguage\":\"fr-FR\",\"potentialAction\":[{\"@type\":\"ReadAction\",\"target\":[\"https:\/\/footdavant.fr\/actualites\/van-dijk-barcola-sera-accueilli-a-bras-ouverts-a-liverpool\/\"]}]},{\"@type\":\"BreadcrumbList\",\"@id\":\"https:\/\/footdavant.fr\/actualites\/van-dijk-barcola-sera-accueilli-a-bras-ouverts-a-liverpool\/#breadcrumb\",\"itemListElement\":[{\"@type\":\"ListItem\",\"position\":1,\"name\":\"Accueil\",\"item\":\"https:\/\/footdavant.fr\/actualites\/\"},{\"@type\":\"ListItem\",\"position\":2,\"name\":\"Van Dijk: Barcola sera \u00ab\u00a0accueilli \u00e0 bras ouverts\u00a0\u00bb \u00e0 Liverpool\"}]},{\"@type\":\"WebSite\",\"@id\":\"https:\/\/footdavant.fr\/actualites\/#website\",\"url\":\"https:\/\/footdavant.fr\/actualites\/\",\"name\":\"Foot d'avant\",\"description\":\"\",\"publisher\":{\"@id\":\"https:\/\/footdavant.fr\/actualites\/#organization\"},\"potentialAction\":[{\"@type\":\"SearchAction\",\"target\":{\"@type\":\"EntryPoint\",\"urlTemplate\":\"https:\/\/footdavant.fr\/actualites\/?s={search_term_string}\"},\"query-input\":\"required name=search_term_string\"}],\"inLanguage\":\"fr-FR\"},{\"@type\":\"Organization\",\"@id\":\"https:\/\/footdavant.fr\/actualites\/#organization\",\"name\":\"Foot d'avant\",\"url\":\"https:\/\/footdavant.fr\/actualites\/\",\"logo\":{\"@type\":\"ImageObject\",\"inLanguage\":\"fr-FR\",\"@id\":\"https:\/\/footdavant.fr\/actualites\/#\/schema\/logo\/image\/\",\"url\":\"https:\/\/footdavant.fr\/actualites\/wp-content\/uploads\/2023\/09\/Copy-of-FootDavant-Logo.png\",\"contentUrl\":\"https:\/\/footdavant.fr\/actualites\/wp-content\/uploads\/2023\/09\/Copy-of-FootDavant-Logo.png\",\"width\":936,\"height\":549,\"caption\":\"Foot d'avant\"},\"image\":{\"@id\":\"https:\/\/footdavant.fr\/actualites\/#\/schema\/logo\/image\/\"},\"sameAs\":[\"https:\/\/www.facebook.com\/Footdavant\/\",\"https:\/\/twitter.com\/FootdavantFr\",\"https:\/\/www.instagram.com\/footdavant.fr\/\"]},{\"@type\":\"Person\",\"@id\":\"https:\/\/footdavant.fr\/actualites\/#\/schema\/person\/bc222566d95871b37e597b3ed3ba5e1d\",\"name\":\"Cl\u00e9ment\",\"image\":{\"@type\":\"ImageObject\",\"inLanguage\":\"fr-FR\",\"@id\":\"https:\/\/footdavant.fr\/actualites\/#\/schema\/person\/image\/\",\"url\":\"https:\/\/secure.gravatar.com\/avatar\/7728b29aac2719421e1a9159b2254c44?s=96&d=mm&r=g\",\"contentUrl\":\"https:\/\/secure.gravatar.com\/avatar\/7728b29aac2719421e1a9159b2254c44?s=96&d=mm&r=g\",\"caption\":\"Cl\u00e9ment\"},\"sameAs\":[\"https:\/\/footdavant.fr\/\"]}]}<\/script>\n<!-- \/ Yoast SEO plugin. -->","yoast_head_json":{"title":"Van Dijk: Barcola sera \"accueilli \u00e0 bras ouverts\" \u00e0 Liverpool","robots":{"index":"index","follow":"follow","max-snippet":"max-snippet:-1","max-image-preview":"max-image-preview:large","max-video-preview":"max-video-preview:-1"},"canonical":"https:\/\/footdavant.fr\/actualites\/van-dijk-barcola-sera-accueilli-a-bras-ouverts-a-liverpool\/","og_locale":"fr_FR","og_type":"article","og_title":"Van Dijk: Barcola sera \"accueilli \u00e0 bras ouverts\" \u00e0 Liverpool","og_description":"Virgil van Dijk a d\u00e9clar\u00e9 que Bradley Barcola serait \u00ab\u00a0accueilli \u00e0 bras ouverts\u00a0\u00bb une fois qu&#39;il aurait termin\u00e9 son transfert imminent \u00e0 Liverpool. L&#39;ailier fran\u00e7ais","og_url":"https:\/\/footdavant.fr\/actualites\/van-dijk-barcola-sera-accueilli-a-bras-ouverts-a-liverpool\/","og_site_name":"Foot d&#039;avant","article_publisher":"https:\/\/www.facebook.com\/Footdavant\/","article_published_time":"2026-08-31T02:48:12+00:00","article_modified_time":"2026-08-31T02:48:16+00:00","og_image":[{"width":1507,"height":843,"url":"https:\/\/footdavant.fr\/actualites\/wp-content\/uploads\/2026\/08\/1788144494_Van-Dijk-Barcola-sera-accueilli-a-bras-ouverts-a-Liverpool.jpg","type":"image\/jpeg"}],"author":"Cl\u00e9ment","twitter_card":"summary_large_image","twitter_creator":"@FootdavantFr","twitter_site":"@FootdavantFr","twitter_misc":{"\u00c9crit par":"Cl\u00e9ment","Dur\u00e9e de lecture estim\u00e9e":"2 minutes"},"schema":{"@context":"https:\/\/schema.org","@graph":[{"@type":"Article","@id":"https:\/\/footdavant.fr\/actualites\/van-dijk-barcola-sera-accueilli-a-bras-ouverts-a-liverpool\/#article","isPartOf":{"@id":"https:\/\/footdavant.fr\/actualites\/van-dijk-barcola-sera-accueilli-a-bras-ouverts-a-liverpool\/"},"author":{"name":"Cl\u00e9ment","@id":"https:\/\/footdavant.fr\/actualites\/#\/schema\/person\/bc222566d95871b37e597b3ed3ba5e1d"},"headline":"Van Dijk: Barcola sera \u00ab\u00a0accueilli \u00e0 bras ouverts\u00a0\u00bb \u00e0 Liverpool","datePublished":"2026-08-31T02:48:12+00:00","dateModified":"2026-08-31T02:48:16+00:00","mainEntityOfPage":{"@id":"https:\/\/footdavant.fr\/actualites\/van-dijk-barcola-sera-accueilli-a-bras-ouverts-a-liverpool\/"},"wordCount":505,"publisher":{"@id":"https:\/\/footdavant.fr\/actualites\/#organization"},"keywords":["accueilli","Barcola","bras","Dijk","Liverpool","ouverts","sera","van"],"articleSection":["Football"],"inLanguage":"fr-FR"},{"@type":"WebPage","@id":"https:\/\/footdavant.fr\/actualites\/van-dijk-barcola-sera-accueilli-a-bras-ouverts-a-liverpool\/","url":"https:\/\/footdavant.fr\/actualites\/van-dijk-barcola-sera-accueilli-a-bras-ouverts-a-liverpool\/","name":"Van Dijk: Barcola sera \"accueilli \u00e0 bras ouverts\" \u00e0 Liverpool","isPartOf":{"@id":"https:\/\/footdavant.fr\/actualites\/#website"},"datePublished":"2026-08-31T02:48:12+00:00","dateModified":"2026-08-31T02:48:16+00:00","breadcrumb":{"@id":"https:\/\/footdavant.fr\/actualites\/van-dijk-barcola-sera-accueilli-a-bras-ouverts-a-liverpool\/#breadcrumb"},"inLanguage":"fr-FR","potentialAction":[{"@type":"ReadAction","target":["https:\/\/footdavant.fr\/actualites\/van-dijk-barcola-sera-accueilli-a-bras-ouverts-a-liverpool\/"]}]},{"@type":"BreadcrumbList","@id":"https:\/\/footdavant.fr\/actualites\/van-dijk-barcola-sera-accueilli-a-bras-ouverts-a-liverpool\/#breadcrumb","itemListElement":[{"@type":"ListItem","position":1,"name":"Accueil","item":"https:\/\/footdavant.fr\/actualites\/"},{"@type":"ListItem","position":2,"name":"Van Dijk: Barcola sera \u00ab\u00a0accueilli \u00e0 bras ouverts\u00a0\u00bb \u00e0 Liverpool"}]},{"@type":"WebSite","@id":"https:\/\/footdavant.fr\/actualites\/#website","url":"https:\/\/footdavant.fr\/actualites\/","name":"Foot d'avant","description":"","publisher":{"@id":"https:\/\/footdavant.fr\/actualites\/#organization"},"potentialAction":[{"@type":"SearchAction","target":{"@type":"EntryPoint","urlTemplate":"https:\/\/footdavant.fr\/actualites\/?s={search_term_string}"},"query-input":"required name=search_term_string"}],"inLanguage":"fr-FR"},{"@type":"Organization","@id":"https:\/\/footdavant.fr\/actualites\/#organization","name":"Foot d'avant","url":"https:\/\/footdavant.fr\/actualites\/","logo":{"@type":"ImageObject","inLanguage":"fr-FR","@id":"https:\/\/footdavant.fr\/actualites\/#\/schema\/logo\/image\/","url":"https:\/\/footdavant.fr\/actualites\/wp-content\/uploads\/2023\/09\/Copy-of-FootDavant-Logo.png","contentUrl":"https:\/\/footdavant.fr\/actualites\/wp-content\/uploads\/2023\/09\/Copy-of-FootDavant-Logo.png","width":936,"height":549,"caption":"Foot d'avant"},"image":{"@id":"https:\/\/footdavant.fr\/actualites\/#\/schema\/logo\/image\/"},"sameAs":["https:\/\/www.facebook.com\/Footdavant\/","https:\/\/twitter.com\/FootdavantFr","https:\/\/www.instagram.com\/footdavant.fr\/"]},{"@type":"Person","@id":"https:\/\/footdavant.fr\/actualites\/#\/schema\/person\/bc222566d95871b37e597b3ed3ba5e1d","name":"Cl\u00e9ment","image":{"@type":"ImageObject","inLanguage":"fr-FR","@id":"https:\/\/footdavant.fr\/actualites\/#\/schema\/person\/image\/","url":"https:\/\/secure.gravatar.com\/avatar\/7728b29aac2719421e1a9159b2254c44?s=96&d=mm&r=g","contentUrl":"https:\/\/secure.gravatar.com\/avatar\/7728b29aac2719421e1a9159b2254c44?s=96&d=mm&r=g","caption":"Cl\u00e9ment"},"sameAs":["https:\/\/footdavant.fr\/"]}]}},"_links":{"self":[{"href":"https:\/\/footdavant.fr\/actualites\/wp-json\/wp\/v2\/posts\/41073"}],"collection":[{"href":"https:\/\/footdavant.fr\/actualites\/wp-json\/wp\/v2\/posts"}],"about":[{"href":"https:\/\/footdavant.fr\/actualites\/wp-json\/wp\/v2\/types\/post"}],"author":[{"embeddable":true,"href":"https:\/\/footdavant.fr\/actualites\/wp-json\/wp\/v2\/users\/1"}],"replies":[{"embeddable":true,"href":"https:\/\/footdavant.fr\/actualites\/wp-json\/wp\/v2\/comments?post=41073"}],"version-history":[{"count":1,"href":"https:\/\/footdavant.fr\/actualites\/wp-json\/wp\/v2\/posts\/41073\/revisions"}],"predecessor-version":[{"id":41075,"href":"https:\/\/footdavant.fr\/actualites\/wp-json\/wp\/v2\/posts\/41073\/revisions\/41075"}],"wp:featuredmedia":[{"embeddable":true,"href":"https:\/\/footdavant.fr\/actualites\/wp-json\/wp\/v2\/media\/41074"}],"wp:attachment":[{"href":"https:\/\/footdavant.fr\/actualites\/wp-json\/wp\/v2\/media?parent=41073"}],"wp:term":[{"taxonomy":"category","embeddable":true,"href":"https:\/\/footdavant.fr\/actualites\/wp-json\/wp\/v2\/categories?post=41073"},{"taxonomy":"post_tag","embeddable":true,"href":"https:\/\/footdavant.fr\/actualites\/wp-json\/wp\/v2\/tags?post=41073"}],"curies":[{"name":"wp","href":"https:\/\/api.w.org\/{rel}","templated":true}]}}