{"id":41076,"date":"2026-08-31T08:48:20","date_gmt":"2026-08-31T06:48:20","guid":{"rendered":"https:\/\/footdavant.fr\/actualites\/bilan-europeen-come-surprend-naples-alors-que-monaco-prend-la-tete-de-la-ligue-1\/"},"modified":"2026-08-31T08:48:23","modified_gmt":"2026-08-31T06:48:23","slug":"bilan-europeen-come-surprend-naples-alors-que-monaco-prend-la-tete-de-la-ligue-1","status":"publish","type":"post","link":"https:\/\/footdavant.fr\/actualites\/bilan-europeen-come-surprend-naples-alors-que-monaco-prend-la-tete-de-la-ligue-1\/","title":{"rendered":"Bilan europ\u00e9en : C\u00f4me surprend Naples alors que Monaco prend la t\u00eate de la Ligue 1"},"content":{"rendered":"<div>\n<h2 class=\"wp-block-heading\"><span id=\"Napoli_1-2_Como\">Naples 1-2 C\u00f4me<\/span><\/h2>\n<p>Martin Baturina a donn\u00e9 l&#39;avantage \u00e0 C\u00f4me \u00e0 la 17e minute avant que Rasmus Hojlund n&#39;\u00e9galise pour Naples \u00e0 la demi-heure, seulement pour qu&#39;Anastasios Douvikas redonne l&#39;avantage aux visiteurs \u00e0 la 34e minute alors que l&#39;\u00e9quipe de Cesc Fabregas remportait une superbe victoire au stade Diego Armando Maradona. <\/p>\n<p>Naples a fait pression pour \u00e9galiser dans les phases finales et s&#39;est vu refuser un but pour hors-jeu tardivement, mais C\u00f4me a tenu bon pour prendre les trois points. <\/p>\n<p>C\u00f4me passe \u00e0 quatre points et dans le top quatre, tandis que Naples reste avec trois.<\/p>\n<h2 class=\"wp-block-heading\"><span id=\"Cagliari_0-1_Inter_Milan\">Cagliari 0-1 Inter Milan<\/span><\/h2>\n<figure class=\"wp-block-embed is-type-rich is-provider-x wp-block-embed-x\"\/>\n<p>Hakan Calhanoglu a marqu\u00e9 son deuxi\u00e8me but en autant de matches pour donner les trois points \u00e0 l&#39;Inter \u00e0 l&#39;Unipol Domus, m\u00eame si les champions en titre ont d\u00fb travailler beaucoup plus dur qu&#39;ils ne l&#39;auraient souhait\u00e9. <\/p>\n<p>Il n&#39;a fallu que neuf minutes pour sortir de l&#39;impasse, alors que Nicolo Barella a coup\u00e9 \u00e0 l&#39;int\u00e9rieur depuis la droite pour lancer Calhanoglu, mais l&#39;Inter a presque d\u00fb payer pour son gaspillage devant le but alors que Marcus Thuram et Alessandro Bastoni ont tous deux rat\u00e9 de bonnes occasions. <\/p>\n<p>Cagliari s&#39;est approch\u00e9 de l&#39;\u00e9galisation lorsque la frappe f\u00e9roce d&#39;Adopo \u00e0 10 m\u00e8tres a \u00e9t\u00e9 refus\u00e9e par un bloc d\u00e9sesp\u00e9r\u00e9 de Yann Bisseck, avant que Borrelli ne se dirige vers le coin r\u00e9sultant. <\/p>\n<h2 class=\"wp-block-heading\"><span id=\"Monaco_2-0_Marseille\">Monaco 2-0 Marseille<\/span><\/h2>\n<p>Paris Brunner a inscrit un doubl\u00e9 \u00e9poustouflant alors que Monaco battait son rival Marseille au Stade Louis II, l&#39;ancien joueur du Borussia Dortmund ouvrant le score d&#39;une t\u00eate non marqu\u00e9e sur coup franc avant d&#39;ajouter son deuxi\u00e8me pour sceller les points. <\/p>\n<p>Lamine Camara a dirig\u00e9 le spectacle au milieu de terrain lors de ce qui pourrait \u00eatre son dernier match pour le club au milieu d&#39;un int\u00e9r\u00eat croissant pour les transferts, tandis que Marseille, qui avait battu Strasbourg 4-0 lors de la premi\u00e8re journ\u00e9e, n&#39;a pas r\u00e9ussi \u00e0 rassembler suffisamment pour troubler la d\u00e9fense mon\u00e9gasque. <\/p>\n<figure class=\"wp-block-embed is-type-rich is-provider-x wp-block-embed-x\">\n<div class=\"wp-block-embed__wrapper\">\n<blockquote class=\"twitter-tweet\" data-width=\"500\" data-dnt=\"true\">\n<p lang=\"fr\" dir=\"ltr\">\ud83d\udd1a C&#39;est termin\u00e9 au Louis-II !<\/p>\n<p>Solides derri\u00e8re, efficaces devant, nos Rouge et Blanc s&#39;imposent face \u00e0 Marseille au terme d&#39;une belle prestation collective \ud83d\udc4a\ud83c\uddf2\ud83c\udde8<\/p>\n<p>\u23f1\ufe0f 90+5&#39; 2\ufe0f\u20e3-0\ufe0f\u20e3 Je #ASMOM <a rel=\"nofollow\" href=\"https:\/\/t.co\/UinNq42p5K\" rel=\"nofollow\">pic.twitter.com\/UinNq42p5K<\/a><\/p>\n<p>\u2013 AS Monaco \ud83c\uddf2\ud83c\udde8 (@AS_Monaco) 30 ao\u00fbt 2026<\/p><\/blockquote>\n<\/div>\n<\/figure>\n<p>Monaco est la seule \u00e9quipe \u00e0 avoir remport\u00e9 ses deux premiers matches de Ligue 1 de la nouvelle saison, le d\u00e9but encourageant de Marseille \u00e9tant d\u00e9sormais stopp\u00e9.<\/p>\n<h2 class=\"wp-block-heading\"><span id=\"Celta_Vigo_0-2_Athletic_Club\">Celta Vigo 0-2 Club Athl\u00e9tique<\/span><\/h2>\n<p>L&#39;Athletic Club a remport\u00e9 deux victoires cons\u00e9cutives en Liga avec une victoire \u00e0 l&#39;Estadio Abanca-Balaidos, avec Gorka Guruzeta et Oihan Sancet comme noms sur la feuille de match de l&#39;\u00e9quipe d&#39;Ernesto Valverde. <\/p>\n<p>Le Celta, qui avait fait match nul lors de son premier match, n&#39;a pas offert grand-chose et a \u00e9t\u00e9 d\u00e9fait par l&#39;approche directe et \u00e9nergique de l&#39;Athletic sur le contre. <\/p>\n<p>Le r\u00e9sultat laisse l&#39;Athletic avec six points lors de ses trois premiers matchs, tandis que le Celta reste sans victoire.<\/p>\n<\/p><\/div>\n<p><script async src=\"https:\/\/platform.twitter.com\/widgets.js\" charset=\"utf-8\"><\/script><\/p>\n","protected":false},"excerpt":{"rendered":"<p>Naples 1-2 C\u00f4me Martin Baturina a donn\u00e9 l&#39;avantage \u00e0 C\u00f4me \u00e0 la 17e minute avant que Rasmus Hojlund n&#39;\u00e9galise pour Naples \u00e0 la demi-heure, seulement<\/p>\n","protected":false},"author":1,"featured_media":41077,"comment_status":"closed","ping_status":"","sticky":false,"template":"","format":"standard","meta":{"footnotes":""},"categories":[3],"tags":[318,251,7651,940,30,2808,551,88,6104,568],"yoast_head":"<!-- This site is optimized with the Yoast SEO plugin v21.0 - https:\/\/yoast.com\/wordpress\/plugins\/seo\/ -->\n<title>Bilan europ\u00e9en : C\u00f4me surprend Naples alors que Monaco prend la t\u00eate de la Ligue 1<\/title>\n<meta name=\"robots\" content=\"index, follow, max-snippet:-1, max-image-preview:large, max-video-preview:-1\" \/>\n<link rel=\"canonical\" href=\"https:\/\/footdavant.fr\/actualites\/bilan-europeen-come-surprend-naples-alors-que-monaco-prend-la-tete-de-la-ligue-1\/\" \/>\n<meta property=\"og:locale\" content=\"fr_FR\" \/>\n<meta property=\"og:type\" content=\"article\" \/>\n<meta property=\"og:title\" content=\"Bilan europ\u00e9en : C\u00f4me surprend Naples alors que Monaco prend la t\u00eate de la Ligue 1\" \/>\n<meta property=\"og:description\" content=\"Naples 1-2 C\u00f4me Martin Baturina a donn\u00e9 l&#039;avantage \u00e0 C\u00f4me \u00e0 la 17e minute avant que Rasmus Hojlund n&#039;\u00e9galise pour Naples \u00e0 la demi-heure, seulement\" \/>\n<meta property=\"og:url\" content=\"https:\/\/footdavant.fr\/actualites\/bilan-europeen-come-surprend-naples-alors-que-monaco-prend-la-tete-de-la-ligue-1\/\" \/>\n<meta property=\"og:site_name\" content=\"Foot d&#039;avant\" \/>\n<meta property=\"article:publisher\" content=\"https:\/\/www.facebook.com\/Footdavant\/\" \/>\n<meta property=\"article:published_time\" content=\"2026-08-31T06:48:20+00:00\" \/>\n<meta property=\"article:modified_time\" content=\"2026-08-31T06:48:23+00:00\" \/>\n<meta property=\"og:image\" content=\"https:\/\/footdavant.fr\/actualites\/wp-content\/uploads\/2026\/08\/Bilan-europeen-Come-surprend-Naples-alors-que-Monaco-prend.jpg\" \/>\n\t<meta property=\"og:image:width\" content=\"1200\" \/>\n\t<meta property=\"og:image:height\" content=\"670\" \/>\n\t<meta property=\"og:image:type\" content=\"image\/jpeg\" \/>\n<meta name=\"author\" content=\"Cl\u00e9ment\" \/>\n<meta name=\"twitter:card\" content=\"summary_large_image\" \/>\n<meta name=\"twitter:creator\" content=\"@FootdavantFr\" \/>\n<meta name=\"twitter:site\" content=\"@FootdavantFr\" \/>\n<meta name=\"twitter:label1\" content=\"\u00c9crit par\" \/>\n\t<meta name=\"twitter:data1\" content=\"Cl\u00e9ment\" \/>\n\t<meta name=\"twitter:label2\" content=\"Dur\u00e9e de lecture estim\u00e9e\" \/>\n\t<meta name=\"twitter:data2\" content=\"3 minutes\" \/>\n<script type=\"application\/ld+json\" class=\"yoast-schema-graph\">{\"@context\":\"https:\/\/schema.org\",\"@graph\":[{\"@type\":\"Article\",\"@id\":\"https:\/\/footdavant.fr\/actualites\/bilan-europeen-come-surprend-naples-alors-que-monaco-prend-la-tete-de-la-ligue-1\/#article\",\"isPartOf\":{\"@id\":\"https:\/\/footdavant.fr\/actualites\/bilan-europeen-come-surprend-naples-alors-que-monaco-prend-la-tete-de-la-ligue-1\/\"},\"author\":{\"name\":\"Cl\u00e9ment\",\"@id\":\"https:\/\/footdavant.fr\/actualites\/#\/schema\/person\/bc222566d95871b37e597b3ed3ba5e1d\"},\"headline\":\"Bilan europ\u00e9en : C\u00f4me surprend Naples alors que Monaco prend la t\u00eate de la Ligue 1\",\"datePublished\":\"2026-08-31T06:48:20+00:00\",\"dateModified\":\"2026-08-31T06:48:23+00:00\",\"mainEntityOfPage\":{\"@id\":\"https:\/\/footdavant.fr\/actualites\/bilan-europeen-come-surprend-naples-alors-que-monaco-prend-la-tete-de-la-ligue-1\/\"},\"wordCount\":534,\"publisher\":{\"@id\":\"https:\/\/footdavant.fr\/actualites\/#organization\"},\"keywords\":[\"alors\",\"bilan\",\"C\u00f4me\",\"europ\u00e9en\",\"Ligue\",\"Monaco\",\"Naples\",\"prend\",\"surprend\",\"t\u00eate\"],\"articleSection\":[\"Football\"],\"inLanguage\":\"fr-FR\"},{\"@type\":\"WebPage\",\"@id\":\"https:\/\/footdavant.fr\/actualites\/bilan-europeen-come-surprend-naples-alors-que-monaco-prend-la-tete-de-la-ligue-1\/\",\"url\":\"https:\/\/footdavant.fr\/actualites\/bilan-europeen-come-surprend-naples-alors-que-monaco-prend-la-tete-de-la-ligue-1\/\",\"name\":\"Bilan europ\u00e9en : C\u00f4me surprend Naples alors que Monaco prend la t\u00eate de la Ligue 1\",\"isPartOf\":{\"@id\":\"https:\/\/footdavant.fr\/actualites\/#website\"},\"datePublished\":\"2026-08-31T06:48:20+00:00\",\"dateModified\":\"2026-08-31T06:48:23+00:00\",\"breadcrumb\":{\"@id\":\"https:\/\/footdavant.fr\/actualites\/bilan-europeen-come-surprend-naples-alors-que-monaco-prend-la-tete-de-la-ligue-1\/#breadcrumb\"},\"inLanguage\":\"fr-FR\",\"potentialAction\":[{\"@type\":\"ReadAction\",\"target\":[\"https:\/\/footdavant.fr\/actualites\/bilan-europeen-come-surprend-naples-alors-que-monaco-prend-la-tete-de-la-ligue-1\/\"]}]},{\"@type\":\"BreadcrumbList\",\"@id\":\"https:\/\/footdavant.fr\/actualites\/bilan-europeen-come-surprend-naples-alors-que-monaco-prend-la-tete-de-la-ligue-1\/#breadcrumb\",\"itemListElement\":[{\"@type\":\"ListItem\",\"position\":1,\"name\":\"Accueil\",\"item\":\"https:\/\/footdavant.fr\/actualites\/\"},{\"@type\":\"ListItem\",\"position\":2,\"name\":\"Bilan europ\u00e9en : C\u00f4me surprend Naples alors que Monaco prend la t\u00eate de la Ligue 1\"}]},{\"@type\":\"WebSite\",\"@id\":\"https:\/\/footdavant.fr\/actualites\/#website\",\"url\":\"https:\/\/footdavant.fr\/actualites\/\",\"name\":\"Foot d'avant\",\"description\":\"\",\"publisher\":{\"@id\":\"https:\/\/footdavant.fr\/actualites\/#organization\"},\"potentialAction\":[{\"@type\":\"SearchAction\",\"target\":{\"@type\":\"EntryPoint\",\"urlTemplate\":\"https:\/\/footdavant.fr\/actualites\/?s={search_term_string}\"},\"query-input\":\"required name=search_term_string\"}],\"inLanguage\":\"fr-FR\"},{\"@type\":\"Organization\",\"@id\":\"https:\/\/footdavant.fr\/actualites\/#organization\",\"name\":\"Foot d'avant\",\"url\":\"https:\/\/footdavant.fr\/actualites\/\",\"logo\":{\"@type\":\"ImageObject\",\"inLanguage\":\"fr-FR\",\"@id\":\"https:\/\/footdavant.fr\/actualites\/#\/schema\/logo\/image\/\",\"url\":\"https:\/\/footdavant.fr\/actualites\/wp-content\/uploads\/2023\/09\/Copy-of-FootDavant-Logo.png\",\"contentUrl\":\"https:\/\/footdavant.fr\/actualites\/wp-content\/uploads\/2023\/09\/Copy-of-FootDavant-Logo.png\",\"width\":936,\"height\":549,\"caption\":\"Foot d'avant\"},\"image\":{\"@id\":\"https:\/\/footdavant.fr\/actualites\/#\/schema\/logo\/image\/\"},\"sameAs\":[\"https:\/\/www.facebook.com\/Footdavant\/\",\"https:\/\/twitter.com\/FootdavantFr\",\"https:\/\/www.instagram.com\/footdavant.fr\/\"]},{\"@type\":\"Person\",\"@id\":\"https:\/\/footdavant.fr\/actualites\/#\/schema\/person\/bc222566d95871b37e597b3ed3ba5e1d\",\"name\":\"Cl\u00e9ment\",\"image\":{\"@type\":\"ImageObject\",\"inLanguage\":\"fr-FR\",\"@id\":\"https:\/\/footdavant.fr\/actualites\/#\/schema\/person\/image\/\",\"url\":\"https:\/\/secure.gravatar.com\/avatar\/7728b29aac2719421e1a9159b2254c44?s=96&d=mm&r=g\",\"contentUrl\":\"https:\/\/secure.gravatar.com\/avatar\/7728b29aac2719421e1a9159b2254c44?s=96&d=mm&r=g\",\"caption\":\"Cl\u00e9ment\"},\"sameAs\":[\"https:\/\/footdavant.fr\/\"]}]}<\/script>\n<!-- \/ Yoast SEO plugin. -->","yoast_head_json":{"title":"Bilan europ\u00e9en : C\u00f4me surprend Naples alors que Monaco prend la t\u00eate de la Ligue 1","robots":{"index":"index","follow":"follow","max-snippet":"max-snippet:-1","max-image-preview":"max-image-preview:large","max-video-preview":"max-video-preview:-1"},"canonical":"https:\/\/footdavant.fr\/actualites\/bilan-europeen-come-surprend-naples-alors-que-monaco-prend-la-tete-de-la-ligue-1\/","og_locale":"fr_FR","og_type":"article","og_title":"Bilan europ\u00e9en : C\u00f4me surprend Naples alors que Monaco prend la t\u00eate de la Ligue 1","og_description":"Naples 1-2 C\u00f4me Martin Baturina a donn\u00e9 l&#39;avantage \u00e0 C\u00f4me \u00e0 la 17e minute avant que Rasmus Hojlund n&#39;\u00e9galise pour Naples \u00e0 la demi-heure, seulement","og_url":"https:\/\/footdavant.fr\/actualites\/bilan-europeen-come-surprend-naples-alors-que-monaco-prend-la-tete-de-la-ligue-1\/","og_site_name":"Foot d&#039;avant","article_publisher":"https:\/\/www.facebook.com\/Footdavant\/","article_published_time":"2026-08-31T06:48:20+00:00","article_modified_time":"2026-08-31T06:48:23+00:00","og_image":[{"width":1200,"height":670,"url":"https:\/\/footdavant.fr\/actualites\/wp-content\/uploads\/2026\/08\/Bilan-europeen-Come-surprend-Naples-alors-que-Monaco-prend.jpg","type":"image\/jpeg"}],"author":"Cl\u00e9ment","twitter_card":"summary_large_image","twitter_creator":"@FootdavantFr","twitter_site":"@FootdavantFr","twitter_misc":{"\u00c9crit par":"Cl\u00e9ment","Dur\u00e9e de lecture estim\u00e9e":"3 minutes"},"schema":{"@context":"https:\/\/schema.org","@graph":[{"@type":"Article","@id":"https:\/\/footdavant.fr\/actualites\/bilan-europeen-come-surprend-naples-alors-que-monaco-prend-la-tete-de-la-ligue-1\/#article","isPartOf":{"@id":"https:\/\/footdavant.fr\/actualites\/bilan-europeen-come-surprend-naples-alors-que-monaco-prend-la-tete-de-la-ligue-1\/"},"author":{"name":"Cl\u00e9ment","@id":"https:\/\/footdavant.fr\/actualites\/#\/schema\/person\/bc222566d95871b37e597b3ed3ba5e1d"},"headline":"Bilan europ\u00e9en : C\u00f4me surprend Naples alors que Monaco prend la t\u00eate de la Ligue 1","datePublished":"2026-08-31T06:48:20+00:00","dateModified":"2026-08-31T06:48:23+00:00","mainEntityOfPage":{"@id":"https:\/\/footdavant.fr\/actualites\/bilan-europeen-come-surprend-naples-alors-que-monaco-prend-la-tete-de-la-ligue-1\/"},"wordCount":534,"publisher":{"@id":"https:\/\/footdavant.fr\/actualites\/#organization"},"keywords":["alors","bilan","C\u00f4me","europ\u00e9en","Ligue","Monaco","Naples","prend","surprend","t\u00eate"],"articleSection":["Football"],"inLanguage":"fr-FR"},{"@type":"WebPage","@id":"https:\/\/footdavant.fr\/actualites\/bilan-europeen-come-surprend-naples-alors-que-monaco-prend-la-tete-de-la-ligue-1\/","url":"https:\/\/footdavant.fr\/actualites\/bilan-europeen-come-surprend-naples-alors-que-monaco-prend-la-tete-de-la-ligue-1\/","name":"Bilan europ\u00e9en : C\u00f4me surprend Naples alors que Monaco prend la t\u00eate de la Ligue 1","isPartOf":{"@id":"https:\/\/footdavant.fr\/actualites\/#website"},"datePublished":"2026-08-31T06:48:20+00:00","dateModified":"2026-08-31T06:48:23+00:00","breadcrumb":{"@id":"https:\/\/footdavant.fr\/actualites\/bilan-europeen-come-surprend-naples-alors-que-monaco-prend-la-tete-de-la-ligue-1\/#breadcrumb"},"inLanguage":"fr-FR","potentialAction":[{"@type":"ReadAction","target":["https:\/\/footdavant.fr\/actualites\/bilan-europeen-come-surprend-naples-alors-que-monaco-prend-la-tete-de-la-ligue-1\/"]}]},{"@type":"BreadcrumbList","@id":"https:\/\/footdavant.fr\/actualites\/bilan-europeen-come-surprend-naples-alors-que-monaco-prend-la-tete-de-la-ligue-1\/#breadcrumb","itemListElement":[{"@type":"ListItem","position":1,"name":"Accueil","item":"https:\/\/footdavant.fr\/actualites\/"},{"@type":"ListItem","position":2,"name":"Bilan europ\u00e9en : C\u00f4me surprend Naples alors que Monaco prend la t\u00eate de la Ligue 1"}]},{"@type":"WebSite","@id":"https:\/\/footdavant.fr\/actualites\/#website","url":"https:\/\/footdavant.fr\/actualites\/","name":"Foot d'avant","description":"","publisher":{"@id":"https:\/\/footdavant.fr\/actualites\/#organization"},"potentialAction":[{"@type":"SearchAction","target":{"@type":"EntryPoint","urlTemplate":"https:\/\/footdavant.fr\/actualites\/?s={search_term_string}"},"query-input":"required name=search_term_string"}],"inLanguage":"fr-FR"},{"@type":"Organization","@id":"https:\/\/footdavant.fr\/actualites\/#organization","name":"Foot d'avant","url":"https:\/\/footdavant.fr\/actualites\/","logo":{"@type":"ImageObject","inLanguage":"fr-FR","@id":"https:\/\/footdavant.fr\/actualites\/#\/schema\/logo\/image\/","url":"https:\/\/footdavant.fr\/actualites\/wp-content\/uploads\/2023\/09\/Copy-of-FootDavant-Logo.png","contentUrl":"https:\/\/footdavant.fr\/actualites\/wp-content\/uploads\/2023\/09\/Copy-of-FootDavant-Logo.png","width":936,"height":549,"caption":"Foot d'avant"},"image":{"@id":"https:\/\/footdavant.fr\/actualites\/#\/schema\/logo\/image\/"},"sameAs":["https:\/\/www.facebook.com\/Footdavant\/","https:\/\/twitter.com\/FootdavantFr","https:\/\/www.instagram.com\/footdavant.fr\/"]},{"@type":"Person","@id":"https:\/\/footdavant.fr\/actualites\/#\/schema\/person\/bc222566d95871b37e597b3ed3ba5e1d","name":"Cl\u00e9ment","image":{"@type":"ImageObject","inLanguage":"fr-FR","@id":"https:\/\/footdavant.fr\/actualites\/#\/schema\/person\/image\/","url":"https:\/\/secure.gravatar.com\/avatar\/7728b29aac2719421e1a9159b2254c44?s=96&d=mm&r=g","contentUrl":"https:\/\/secure.gravatar.com\/avatar\/7728b29aac2719421e1a9159b2254c44?s=96&d=mm&r=g","caption":"Cl\u00e9ment"},"sameAs":["https:\/\/footdavant.fr\/"]}]}},"_links":{"self":[{"href":"https:\/\/footdavant.fr\/actualites\/wp-json\/wp\/v2\/posts\/41076"}],"collection":[{"href":"https:\/\/footdavant.fr\/actualites\/wp-json\/wp\/v2\/posts"}],"about":[{"href":"https:\/\/footdavant.fr\/actualites\/wp-json\/wp\/v2\/types\/post"}],"author":[{"embeddable":true,"href":"https:\/\/footdavant.fr\/actualites\/wp-json\/wp\/v2\/users\/1"}],"replies":[{"embeddable":true,"href":"https:\/\/footdavant.fr\/actualites\/wp-json\/wp\/v2\/comments?post=41076"}],"version-history":[{"count":1,"href":"https:\/\/footdavant.fr\/actualites\/wp-json\/wp\/v2\/posts\/41076\/revisions"}],"predecessor-version":[{"id":41078,"href":"https:\/\/footdavant.fr\/actualites\/wp-json\/wp\/v2\/posts\/41076\/revisions\/41078"}],"wp:featuredmedia":[{"embeddable":true,"href":"https:\/\/footdavant.fr\/actualites\/wp-json\/wp\/v2\/media\/41077"}],"wp:attachment":[{"href":"https:\/\/footdavant.fr\/actualites\/wp-json\/wp\/v2\/media?parent=41076"}],"wp:term":[{"taxonomy":"category","embeddable":true,"href":"https:\/\/footdavant.fr\/actualites\/wp-json\/wp\/v2\/categories?post=41076"},{"taxonomy":"post_tag","embeddable":true,"href":"https:\/\/footdavant.fr\/actualites\/wp-json\/wp\/v2\/tags?post=41076"}],"curies":[{"name":"wp","href":"https:\/\/api.w.org\/{rel}","templated":true}]}}