{"id":41079,"date":"2026-08-31T12:48:07","date_gmt":"2026-08-31T10:48:07","guid":{"rendered":"https:\/\/footdavant.fr\/actualites\/officiel-le-talent-de-man-united-jayce-fitzgerald-scelle-le-pret-de-rotherham-united\/"},"modified":"2026-08-31T12:48:09","modified_gmt":"2026-08-31T10:48:09","slug":"officiel-le-talent-de-man-united-jayce-fitzgerald-scelle-le-pret-de-rotherham-united","status":"publish","type":"post","link":"https:\/\/footdavant.fr\/actualites\/officiel-le-talent-de-man-united-jayce-fitzgerald-scelle-le-pret-de-rotherham-united\/","title":{"rendered":"Officiel: le talent de Man United, Jayce Fitzgerald, scelle le pr\u00eat de Rotherham United &#8211;"},"content":{"rendered":"<div id=\"penci-post-entry-inner\">\n<p>\t\t\t<i class=\"penci-post-countview-number-check\" style=\"display:none\">1<\/i><\/p>\n<p><!--Article Start--><br \/>Rotherham United a annonc\u00e9 la signature de Jayce Fitzgerald pour un pr\u00eat d&#39;une saison avec Manchester United.<\/p>\n<h3>Trajectoire stable<\/h3>\n<p>Produit du syst\u00e8me de jeunesse de United, Fitzgerald, n\u00e9 \u00e0 Salford, fait partie du club depuis son enfance et est largement consid\u00e9r\u00e9 comme l&#39;un des espoirs les plus excitants dans les rangs.<\/p>\n<p>La starlette polyvalente a d\u00e9j\u00e0 \u00e9tabli des comparaisons avec la l\u00e9gende de Barcelone et de l&#39;Espagne Sergio Busquets en raison de son style de jeu.<\/p>\n<p>En plus de jouer au milieu du parc, Fitzgerald peut \u00e9galement \u00eatre d\u00e9ploy\u00e9 \u00e0 bon escient en d\u00e9fense centrale.<\/p>\n<p>Il a \u00e9t\u00e9 rempla\u00e7ant inutilis\u00e9 pour l&#39;\u00e9quipe premi\u00e8re \u00e0 trois reprises fin 2024 lors du bref passage de Ruud van Nistelrooy en tant qu&#39;entra\u00eeneur par int\u00e9rim.<\/p>\n<p>Fitzgerald \u00e9tait sur le banc pour une victoire 5-2 contre Leicester City en Coupe Carabao, un match nul 1-1 en premi\u00e8re division avec Chelsea et une victoire 2-0 contre l&#39;\u00e9quipe grecque du PAOK Salonique en Ligue Europa.<\/p>\n<p>Le joueur de 19 ans a aid\u00e9 United \u00e0 remporter la Premier League des moins de 18 ans, la Coupe de Premier League U-18 et la FA Youth Cup. Il a \u00e9galement particip\u00e9 quatre fois au Troph\u00e9e Vertu avec les moins de 21 ans.<\/p>\n<p>Un rapport couvert par The Peoples Person a rapport\u00e9 que Fitzgerald \u00e9tait sur le point de rejoindre Rotherham en pr\u00eat et maintenant, les deux clubs ont confirm\u00e9 le transfert.<\/p>\n<h3>Fitzgerald rejoint Rotherham<\/h3>\n<p>Un communiqu\u00e9 de United se lit en partie\u00a0: \u00ab\u00a0Il rejoint l&#39;\u00e9quipe du South Yorkshire Rotherham o\u00f9 l&#39;ancien jeune joueur de United Alex Bruce a pris ses fonctions d&#39;entra\u00eeneur-chef cet \u00e9t\u00e9, apr\u00e8s l&#39;arriv\u00e9e de l&#39;ancien assistant des Reds Steve McClaren en tant que responsable du football du club en mai.\u00a0\u00bb<\/p>\n<p>\u00ab\u00a0Nous souhaitons \u00e0 Jayce la meilleure des chances pour cette saison et garderons un \u0153il attentif sur ses progr\u00e8s.\u00a0\u00bb<\/p>\n<blockquote class=\"twitter-tweet\">\n<p lang=\"en\" dir=\"ltr\">Bonne chance \u00e0 Jayce Fitzgerald, qui a rejoint Rotherham United gr\u00e2ce \u00e0 un pr\u00eat d&#39;une saison.<\/p>\n<p>Une belle opportunit\u00e9 pour le milieu de terrain de la #MUAcademy \ud83d\udc99<\/p>\n<p>\u2013 Manchester United (@ManUtd) 31 ao\u00fbt 2026<\/p>\n<\/blockquote>\n<p>Les Miller ont cr\u00e9dit\u00e9 Dan Gore, qui a b\u00e9n\u00e9fici\u00e9 d&#39;un pr\u00eat au club au cours de la saison 2025\/26, pour avoir aid\u00e9 \u00e0 persuader Fitzgerald de le rejoindre.<\/p>\n<p>La signature de Fitzgerald a \u00e9t\u00e9 finalis\u00e9e \u00e0 temps pour qu&#39;il fasse partie de l&#39;\u00e9quipe qui affrontera les Tranmere Rovers demain soir.<\/p>\n<\/p>\n<hr\/>\n<div style=\"position:relative; width:100%; max-width:1760px;\">\n<p>    &#13;<\/p>\n<p>    &#13;<\/p>\n<\/div>\n<p><img fetchpriority=\"high\" decoding=\"async\" src=\"https:\/\/footdavant.fr\/actualites\/wp-content\/uploads\/2026\/07\/Le-role-de-United-dans-le-transfert-propose-par-Mason.png\" alt=\"\" width=\"1160\" height=\"65\" class=\"aligncenter size-full wp-image-299864\"\/><br \/>\n<!--Article End--><\/p>\n<p><!-- CONTENT END 2 --><\/p><\/div>\n","protected":false},"excerpt":{"rendered":"<p>1 Rotherham United a annonc\u00e9 la signature de Jayce Fitzgerald pour un pr\u00eat d&#39;une saison avec Manchester United. Trajectoire stable Produit du syst\u00e8me de jeunesse<\/p>\n","protected":false},"author":1,"featured_media":41080,"comment_status":"closed","ping_status":"","sticky":false,"template":"","format":"standard","meta":{"footnotes":""},"categories":[3],"tags":[8914,8913,24,2692,165,4392,1752,3794,13],"yoast_head":"<!-- This site is optimized with the Yoast SEO plugin v21.0 - https:\/\/yoast.com\/wordpress\/plugins\/seo\/ -->\n<title>Officiel: le talent de Man United, Jayce Fitzgerald, scelle le pr\u00eat de Rotherham United -<\/title>\n<meta name=\"robots\" content=\"index, follow, max-snippet:-1, max-image-preview:large, max-video-preview:-1\" \/>\n<link rel=\"canonical\" href=\"https:\/\/footdavant.fr\/actualites\/officiel-le-talent-de-man-united-jayce-fitzgerald-scelle-le-pret-de-rotherham-united\/\" \/>\n<meta property=\"og:locale\" content=\"fr_FR\" \/>\n<meta property=\"og:type\" content=\"article\" \/>\n<meta property=\"og:title\" content=\"Officiel: le talent de Man United, Jayce Fitzgerald, scelle le pr\u00eat de Rotherham United -\" \/>\n<meta property=\"og:description\" content=\"1 Rotherham United a annonc\u00e9 la signature de Jayce Fitzgerald pour un pr\u00eat d&#039;une saison avec Manchester United. Trajectoire stable Produit du syst\u00e8me de jeunesse\" \/>\n<meta property=\"og:url\" content=\"https:\/\/footdavant.fr\/actualites\/officiel-le-talent-de-man-united-jayce-fitzgerald-scelle-le-pret-de-rotherham-united\/\" \/>\n<meta property=\"og:site_name\" content=\"Foot d&#039;avant\" \/>\n<meta property=\"article:publisher\" content=\"https:\/\/www.facebook.com\/Footdavant\/\" \/>\n<meta property=\"article:published_time\" content=\"2026-08-31T10:48:07+00:00\" \/>\n<meta property=\"article:modified_time\" content=\"2026-08-31T10:48:09+00:00\" \/>\n<meta property=\"og:image\" content=\"https:\/\/footdavant.fr\/actualites\/wp-content\/uploads\/2026\/08\/Officiel-le-talent-de-Man-United-Jayce-Fitzgerald-scelle-le.jpg\" \/>\n\t<meta property=\"og:image:width\" content=\"1199\" \/>\n\t<meta property=\"og:image:height\" content=\"674\" \/>\n\t<meta property=\"og:image:type\" content=\"image\/jpeg\" \/>\n<meta name=\"author\" content=\"Cl\u00e9ment\" \/>\n<meta name=\"twitter:card\" content=\"summary_large_image\" \/>\n<meta name=\"twitter:creator\" content=\"@FootdavantFr\" \/>\n<meta name=\"twitter:site\" content=\"@FootdavantFr\" \/>\n<meta name=\"twitter:label1\" content=\"\u00c9crit par\" \/>\n\t<meta name=\"twitter:data1\" content=\"Cl\u00e9ment\" \/>\n\t<meta name=\"twitter:label2\" content=\"Dur\u00e9e de lecture estim\u00e9e\" \/>\n\t<meta name=\"twitter:data2\" content=\"2 minutes\" \/>\n<script type=\"application\/ld+json\" class=\"yoast-schema-graph\">{\"@context\":\"https:\/\/schema.org\",\"@graph\":[{\"@type\":\"Article\",\"@id\":\"https:\/\/footdavant.fr\/actualites\/officiel-le-talent-de-man-united-jayce-fitzgerald-scelle-le-pret-de-rotherham-united\/#article\",\"isPartOf\":{\"@id\":\"https:\/\/footdavant.fr\/actualites\/officiel-le-talent-de-man-united-jayce-fitzgerald-scelle-le-pret-de-rotherham-united\/\"},\"author\":{\"name\":\"Cl\u00e9ment\",\"@id\":\"https:\/\/footdavant.fr\/actualites\/#\/schema\/person\/bc222566d95871b37e597b3ed3ba5e1d\"},\"headline\":\"Officiel: le talent de Man United, Jayce Fitzgerald, scelle le pr\u00eat de Rotherham United &#8211;\",\"datePublished\":\"2026-08-31T10:48:07+00:00\",\"dateModified\":\"2026-08-31T10:48:09+00:00\",\"mainEntityOfPage\":{\"@id\":\"https:\/\/footdavant.fr\/actualites\/officiel-le-talent-de-man-united-jayce-fitzgerald-scelle-le-pret-de-rotherham-united\/\"},\"wordCount\":426,\"publisher\":{\"@id\":\"https:\/\/footdavant.fr\/actualites\/#organization\"},\"keywords\":[\"Fitzgerald\",\"Jayce\",\"Man\",\"Officiel\",\"pr\u00eat\",\"Rotherham\",\"scelle\",\"talent\",\"United\"],\"articleSection\":[\"Football\"],\"inLanguage\":\"fr-FR\"},{\"@type\":\"WebPage\",\"@id\":\"https:\/\/footdavant.fr\/actualites\/officiel-le-talent-de-man-united-jayce-fitzgerald-scelle-le-pret-de-rotherham-united\/\",\"url\":\"https:\/\/footdavant.fr\/actualites\/officiel-le-talent-de-man-united-jayce-fitzgerald-scelle-le-pret-de-rotherham-united\/\",\"name\":\"Officiel: le talent de Man United, Jayce Fitzgerald, scelle le pr\u00eat de Rotherham United -\",\"isPartOf\":{\"@id\":\"https:\/\/footdavant.fr\/actualites\/#website\"},\"datePublished\":\"2026-08-31T10:48:07+00:00\",\"dateModified\":\"2026-08-31T10:48:09+00:00\",\"breadcrumb\":{\"@id\":\"https:\/\/footdavant.fr\/actualites\/officiel-le-talent-de-man-united-jayce-fitzgerald-scelle-le-pret-de-rotherham-united\/#breadcrumb\"},\"inLanguage\":\"fr-FR\",\"potentialAction\":[{\"@type\":\"ReadAction\",\"target\":[\"https:\/\/footdavant.fr\/actualites\/officiel-le-talent-de-man-united-jayce-fitzgerald-scelle-le-pret-de-rotherham-united\/\"]}]},{\"@type\":\"BreadcrumbList\",\"@id\":\"https:\/\/footdavant.fr\/actualites\/officiel-le-talent-de-man-united-jayce-fitzgerald-scelle-le-pret-de-rotherham-united\/#breadcrumb\",\"itemListElement\":[{\"@type\":\"ListItem\",\"position\":1,\"name\":\"Accueil\",\"item\":\"https:\/\/footdavant.fr\/actualites\/\"},{\"@type\":\"ListItem\",\"position\":2,\"name\":\"Officiel: le talent de Man United, Jayce Fitzgerald, scelle le pr\u00eat de Rotherham United &#8211;\"}]},{\"@type\":\"WebSite\",\"@id\":\"https:\/\/footdavant.fr\/actualites\/#website\",\"url\":\"https:\/\/footdavant.fr\/actualites\/\",\"name\":\"Foot d'avant\",\"description\":\"\",\"publisher\":{\"@id\":\"https:\/\/footdavant.fr\/actualites\/#organization\"},\"potentialAction\":[{\"@type\":\"SearchAction\",\"target\":{\"@type\":\"EntryPoint\",\"urlTemplate\":\"https:\/\/footdavant.fr\/actualites\/?s={search_term_string}\"},\"query-input\":\"required name=search_term_string\"}],\"inLanguage\":\"fr-FR\"},{\"@type\":\"Organization\",\"@id\":\"https:\/\/footdavant.fr\/actualites\/#organization\",\"name\":\"Foot d'avant\",\"url\":\"https:\/\/footdavant.fr\/actualites\/\",\"logo\":{\"@type\":\"ImageObject\",\"inLanguage\":\"fr-FR\",\"@id\":\"https:\/\/footdavant.fr\/actualites\/#\/schema\/logo\/image\/\",\"url\":\"https:\/\/footdavant.fr\/actualites\/wp-content\/uploads\/2023\/09\/Copy-of-FootDavant-Logo.png\",\"contentUrl\":\"https:\/\/footdavant.fr\/actualites\/wp-content\/uploads\/2023\/09\/Copy-of-FootDavant-Logo.png\",\"width\":936,\"height\":549,\"caption\":\"Foot d'avant\"},\"image\":{\"@id\":\"https:\/\/footdavant.fr\/actualites\/#\/schema\/logo\/image\/\"},\"sameAs\":[\"https:\/\/www.facebook.com\/Footdavant\/\",\"https:\/\/twitter.com\/FootdavantFr\",\"https:\/\/www.instagram.com\/footdavant.fr\/\"]},{\"@type\":\"Person\",\"@id\":\"https:\/\/footdavant.fr\/actualites\/#\/schema\/person\/bc222566d95871b37e597b3ed3ba5e1d\",\"name\":\"Cl\u00e9ment\",\"image\":{\"@type\":\"ImageObject\",\"inLanguage\":\"fr-FR\",\"@id\":\"https:\/\/footdavant.fr\/actualites\/#\/schema\/person\/image\/\",\"url\":\"https:\/\/secure.gravatar.com\/avatar\/7728b29aac2719421e1a9159b2254c44?s=96&d=mm&r=g\",\"contentUrl\":\"https:\/\/secure.gravatar.com\/avatar\/7728b29aac2719421e1a9159b2254c44?s=96&d=mm&r=g\",\"caption\":\"Cl\u00e9ment\"},\"sameAs\":[\"https:\/\/footdavant.fr\/\"]}]}<\/script>\n<!-- \/ Yoast SEO plugin. -->","yoast_head_json":{"title":"Officiel: le talent de Man United, Jayce Fitzgerald, scelle le pr\u00eat de Rotherham United -","robots":{"index":"index","follow":"follow","max-snippet":"max-snippet:-1","max-image-preview":"max-image-preview:large","max-video-preview":"max-video-preview:-1"},"canonical":"https:\/\/footdavant.fr\/actualites\/officiel-le-talent-de-man-united-jayce-fitzgerald-scelle-le-pret-de-rotherham-united\/","og_locale":"fr_FR","og_type":"article","og_title":"Officiel: le talent de Man United, Jayce Fitzgerald, scelle le pr\u00eat de Rotherham United -","og_description":"1 Rotherham United a annonc\u00e9 la signature de Jayce Fitzgerald pour un pr\u00eat d&#39;une saison avec Manchester United. Trajectoire stable Produit du syst\u00e8me de jeunesse","og_url":"https:\/\/footdavant.fr\/actualites\/officiel-le-talent-de-man-united-jayce-fitzgerald-scelle-le-pret-de-rotherham-united\/","og_site_name":"Foot d&#039;avant","article_publisher":"https:\/\/www.facebook.com\/Footdavant\/","article_published_time":"2026-08-31T10:48:07+00:00","article_modified_time":"2026-08-31T10:48:09+00:00","og_image":[{"width":1199,"height":674,"url":"https:\/\/footdavant.fr\/actualites\/wp-content\/uploads\/2026\/08\/Officiel-le-talent-de-Man-United-Jayce-Fitzgerald-scelle-le.jpg","type":"image\/jpeg"}],"author":"Cl\u00e9ment","twitter_card":"summary_large_image","twitter_creator":"@FootdavantFr","twitter_site":"@FootdavantFr","twitter_misc":{"\u00c9crit par":"Cl\u00e9ment","Dur\u00e9e de lecture estim\u00e9e":"2 minutes"},"schema":{"@context":"https:\/\/schema.org","@graph":[{"@type":"Article","@id":"https:\/\/footdavant.fr\/actualites\/officiel-le-talent-de-man-united-jayce-fitzgerald-scelle-le-pret-de-rotherham-united\/#article","isPartOf":{"@id":"https:\/\/footdavant.fr\/actualites\/officiel-le-talent-de-man-united-jayce-fitzgerald-scelle-le-pret-de-rotherham-united\/"},"author":{"name":"Cl\u00e9ment","@id":"https:\/\/footdavant.fr\/actualites\/#\/schema\/person\/bc222566d95871b37e597b3ed3ba5e1d"},"headline":"Officiel: le talent de Man United, Jayce Fitzgerald, scelle le pr\u00eat de Rotherham United &#8211;","datePublished":"2026-08-31T10:48:07+00:00","dateModified":"2026-08-31T10:48:09+00:00","mainEntityOfPage":{"@id":"https:\/\/footdavant.fr\/actualites\/officiel-le-talent-de-man-united-jayce-fitzgerald-scelle-le-pret-de-rotherham-united\/"},"wordCount":426,"publisher":{"@id":"https:\/\/footdavant.fr\/actualites\/#organization"},"keywords":["Fitzgerald","Jayce","Man","Officiel","pr\u00eat","Rotherham","scelle","talent","United"],"articleSection":["Football"],"inLanguage":"fr-FR"},{"@type":"WebPage","@id":"https:\/\/footdavant.fr\/actualites\/officiel-le-talent-de-man-united-jayce-fitzgerald-scelle-le-pret-de-rotherham-united\/","url":"https:\/\/footdavant.fr\/actualites\/officiel-le-talent-de-man-united-jayce-fitzgerald-scelle-le-pret-de-rotherham-united\/","name":"Officiel: le talent de Man United, Jayce Fitzgerald, scelle le pr\u00eat de Rotherham United -","isPartOf":{"@id":"https:\/\/footdavant.fr\/actualites\/#website"},"datePublished":"2026-08-31T10:48:07+00:00","dateModified":"2026-08-31T10:48:09+00:00","breadcrumb":{"@id":"https:\/\/footdavant.fr\/actualites\/officiel-le-talent-de-man-united-jayce-fitzgerald-scelle-le-pret-de-rotherham-united\/#breadcrumb"},"inLanguage":"fr-FR","potentialAction":[{"@type":"ReadAction","target":["https:\/\/footdavant.fr\/actualites\/officiel-le-talent-de-man-united-jayce-fitzgerald-scelle-le-pret-de-rotherham-united\/"]}]},{"@type":"BreadcrumbList","@id":"https:\/\/footdavant.fr\/actualites\/officiel-le-talent-de-man-united-jayce-fitzgerald-scelle-le-pret-de-rotherham-united\/#breadcrumb","itemListElement":[{"@type":"ListItem","position":1,"name":"Accueil","item":"https:\/\/footdavant.fr\/actualites\/"},{"@type":"ListItem","position":2,"name":"Officiel: le talent de Man United, Jayce Fitzgerald, scelle le pr\u00eat de Rotherham United &#8211;"}]},{"@type":"WebSite","@id":"https:\/\/footdavant.fr\/actualites\/#website","url":"https:\/\/footdavant.fr\/actualites\/","name":"Foot d'avant","description":"","publisher":{"@id":"https:\/\/footdavant.fr\/actualites\/#organization"},"potentialAction":[{"@type":"SearchAction","target":{"@type":"EntryPoint","urlTemplate":"https:\/\/footdavant.fr\/actualites\/?s={search_term_string}"},"query-input":"required name=search_term_string"}],"inLanguage":"fr-FR"},{"@type":"Organization","@id":"https:\/\/footdavant.fr\/actualites\/#organization","name":"Foot d'avant","url":"https:\/\/footdavant.fr\/actualites\/","logo":{"@type":"ImageObject","inLanguage":"fr-FR","@id":"https:\/\/footdavant.fr\/actualites\/#\/schema\/logo\/image\/","url":"https:\/\/footdavant.fr\/actualites\/wp-content\/uploads\/2023\/09\/Copy-of-FootDavant-Logo.png","contentUrl":"https:\/\/footdavant.fr\/actualites\/wp-content\/uploads\/2023\/09\/Copy-of-FootDavant-Logo.png","width":936,"height":549,"caption":"Foot d'avant"},"image":{"@id":"https:\/\/footdavant.fr\/actualites\/#\/schema\/logo\/image\/"},"sameAs":["https:\/\/www.facebook.com\/Footdavant\/","https:\/\/twitter.com\/FootdavantFr","https:\/\/www.instagram.com\/footdavant.fr\/"]},{"@type":"Person","@id":"https:\/\/footdavant.fr\/actualites\/#\/schema\/person\/bc222566d95871b37e597b3ed3ba5e1d","name":"Cl\u00e9ment","image":{"@type":"ImageObject","inLanguage":"fr-FR","@id":"https:\/\/footdavant.fr\/actualites\/#\/schema\/person\/image\/","url":"https:\/\/secure.gravatar.com\/avatar\/7728b29aac2719421e1a9159b2254c44?s=96&d=mm&r=g","contentUrl":"https:\/\/secure.gravatar.com\/avatar\/7728b29aac2719421e1a9159b2254c44?s=96&d=mm&r=g","caption":"Cl\u00e9ment"},"sameAs":["https:\/\/footdavant.fr\/"]}]}},"_links":{"self":[{"href":"https:\/\/footdavant.fr\/actualites\/wp-json\/wp\/v2\/posts\/41079"}],"collection":[{"href":"https:\/\/footdavant.fr\/actualites\/wp-json\/wp\/v2\/posts"}],"about":[{"href":"https:\/\/footdavant.fr\/actualites\/wp-json\/wp\/v2\/types\/post"}],"author":[{"embeddable":true,"href":"https:\/\/footdavant.fr\/actualites\/wp-json\/wp\/v2\/users\/1"}],"replies":[{"embeddable":true,"href":"https:\/\/footdavant.fr\/actualites\/wp-json\/wp\/v2\/comments?post=41079"}],"version-history":[{"count":1,"href":"https:\/\/footdavant.fr\/actualites\/wp-json\/wp\/v2\/posts\/41079\/revisions"}],"predecessor-version":[{"id":41081,"href":"https:\/\/footdavant.fr\/actualites\/wp-json\/wp\/v2\/posts\/41079\/revisions\/41081"}],"wp:featuredmedia":[{"embeddable":true,"href":"https:\/\/footdavant.fr\/actualites\/wp-json\/wp\/v2\/media\/41080"}],"wp:attachment":[{"href":"https:\/\/footdavant.fr\/actualites\/wp-json\/wp\/v2\/media?parent=41079"}],"wp:term":[{"taxonomy":"category","embeddable":true,"href":"https:\/\/footdavant.fr\/actualites\/wp-json\/wp\/v2\/categories?post=41079"},{"taxonomy":"post_tag","embeddable":true,"href":"https:\/\/footdavant.fr\/actualites\/wp-json\/wp\/v2\/tags?post=41079"}],"curies":[{"name":"wp","href":"https:\/\/api.w.org\/{rel}","templated":true}]}}