{"id":41082,"date":"2026-08-31T16:48:01","date_gmt":"2026-08-31T14:48:01","guid":{"rendered":"https:\/\/footdavant.fr\/actualites\/les-spurs-travaillent-sur-un-accord-pour-recruter-un-defenseur-indesirable-de-chelsea\/"},"modified":"2026-08-31T16:48:06","modified_gmt":"2026-08-31T14:48:06","slug":"les-spurs-travaillent-sur-un-accord-pour-recruter-un-defenseur-indesirable-de-chelsea","status":"publish","type":"post","link":"https:\/\/footdavant.fr\/actualites\/les-spurs-travaillent-sur-un-accord-pour-recruter-un-defenseur-indesirable-de-chelsea\/","title":{"rendered":"Les Spurs \u00ab\u00a0travaillent sur un accord\u00a0\u00bb pour recruter un d\u00e9fenseur ind\u00e9sirable de Chelsea"},"content":{"rendered":"<div>\n<p><b><i>Fabrizio Romano dit que Chelsea discute avec Tottenham de la vente du d\u00e9fenseur Tosin Adarabioyo.<\/i><\/b><\/p>\n<\/p>\n<p>Avec moins de 36 heures restantes, les choses commencent \u00e0 devenir tr\u00e8s chaudes en termes d\u2019accords sortants avec Chelsea.<\/p>\n<p>Certaines se pr\u00e9parent depuis un certain temps, mais d\u2019autres viennent de nulle part. C&#39;est le cas de cette derni\u00e8re rumeur, selon laquelle Tottenham serait int\u00e9ress\u00e9 par le d\u00e9fenseur de Chelsea Tosin Adarabioyo, qui a \u00e9t\u00e9 gel\u00e9 \u00e0 Stamford Bridge sous la direction de Xabi Alonso.<\/p>\n<p>Parall\u00e8lement \u00e0 la rumeur d&#39;int\u00e9r\u00eat de C\u00f4me pour Robert Sanchez, cela pourrait potentiellement finir par \u00eatre une fin de fen\u00eatre sensationnellement r\u00e9ussie pour les Bleus en mati\u00e8re de transfert de joueurs qui leur ont co\u00fbt\u00e9 cher ces derni\u00e8res saisons et qu&#39;il semblait difficile de vendre.<\/p>\n<h2>Les Spurs et Chelsea pr\u00eats \u00e0 entamer des discussions sur le d\u00e9fenseur<\/h2>\n<figure id=\"attachment_54458\" aria-describedby=\"caption-attachment-54458\" style=\"width: 1303px\" class=\"wp-caption aligncenter\"><\/figure>\n<p>Bien s\u00fbr, nous n&#39;ouvrons pas encore le Champagne. Cet accord est loin d\u2019\u00eatre conclu \u2013 il semble d\u00e9pendre dans une certaine mesure de la vente de Kevin Danso par les Spurs. Mais il y a l\u00e0 un langage encourageant de la part de Romano, qui dit qu&#39;il s&#39;agit d&#39;une \u00ab possibilit\u00e9 concr\u00e8te \u00bb discut\u00e9e aujourd&#39;hui.<\/p>\n<p>Il dit que les Spurs \u00ab travaillent sur un accord \u00bb pour signer le d\u00e9fenseur. Les choses pourraient aller tr\u00e8s vite dans les prochaines heures. Chelsea pourrait se retrouver avec un \u00e9norme coup d\u2019\u00c9tat s\u2019il concluait cet accord.<\/p>\n<blockquote class=\"twitter-tweet\" data-width=\"550\" data-dnt=\"true\">\n<p lang=\"en\" dir=\"ltr\">\ud83d\udea8\u26aa\ufe0f Comprenez que Tottenham travaille sur un accord pour signer Tosin Adarabioyo de Chelsea.<\/p>\n<p>C&#39;est une possibilit\u00e9 concr\u00e8te discut\u00e9e aujourd&#39;hui si Kevin Danso quitte les Spurs. #thfc <a rel=\"nofollow\" href=\"https:\/\/t.co\/7m4KzHhPEv\">pic.twitter.com\/7m4KzHhPEv<\/a><\/p>\n<p>\u2013 Fabrizio Romano (@FabrizioRomano) 31 ao\u00fbt 2026<\/p>\n<\/blockquote>\n<h2>Dans d\u2019autres actualit\u00e9s\u2026<\/h2>\n<p>Un autre accord tardif que nous pourrions voir conclu verrait Robert Sanchez rejoindre C\u00f4me apr\u00e8s l&#39;arriv\u00e9e soudaine d&#39;Emi Martinez \u00e0 Stamford Bridge.<\/p>\n<p>Chelsea se rapproche d&#39;un accord pour signer Lamine Camara, et tous les signes hier indiquaient qu&#39;un accord se rapprochait pour le milieu de terrain de Monaco.<\/p>\n<\/p><\/div>\n<p><script async src=\"https:\/\/platform.twitter.com\/widgets.js\" charset=\"utf-8\"><\/script><\/p>\n","protected":false},"excerpt":{"rendered":"<p>Fabrizio Romano dit que Chelsea discute avec Tottenham de la vente du d\u00e9fenseur Tosin Adarabioyo. Avec moins de 36 heures restantes, les choses commencent \u00e0<\/p>\n","protected":false},"author":1,"featured_media":41083,"comment_status":"closed","ping_status":"","sticky":false,"template":"","format":"standard","meta":{"footnotes":""},"categories":[3],"tags":[277,171,928,843,93,51,1284,1575,103,5771],"yoast_head":"<!-- This site is optimized with the Yoast SEO plugin v21.0 - https:\/\/yoast.com\/wordpress\/plugins\/seo\/ -->\n<title>Les Spurs &quot;travaillent sur un accord&quot; pour recruter un d\u00e9fenseur ind\u00e9sirable de Chelsea<\/title>\n<meta name=\"robots\" content=\"index, follow, max-snippet:-1, max-image-preview:large, max-video-preview:-1\" \/>\n<link rel=\"canonical\" href=\"https:\/\/footdavant.fr\/actualites\/les-spurs-travaillent-sur-un-accord-pour-recruter-un-defenseur-indesirable-de-chelsea\/\" \/>\n<meta property=\"og:locale\" content=\"fr_FR\" \/>\n<meta property=\"og:type\" content=\"article\" \/>\n<meta property=\"og:title\" content=\"Les Spurs &quot;travaillent sur un accord&quot; pour recruter un d\u00e9fenseur ind\u00e9sirable de Chelsea\" \/>\n<meta property=\"og:description\" content=\"Fabrizio Romano dit que Chelsea discute avec Tottenham de la vente du d\u00e9fenseur Tosin Adarabioyo. Avec moins de 36 heures restantes, les choses commencent \u00e0\" \/>\n<meta property=\"og:url\" content=\"https:\/\/footdavant.fr\/actualites\/les-spurs-travaillent-sur-un-accord-pour-recruter-un-defenseur-indesirable-de-chelsea\/\" \/>\n<meta property=\"og:site_name\" content=\"Foot d&#039;avant\" \/>\n<meta property=\"article:publisher\" content=\"https:\/\/www.facebook.com\/Footdavant\/\" \/>\n<meta property=\"article:published_time\" content=\"2026-08-31T14:48:01+00:00\" \/>\n<meta property=\"article:modified_time\" content=\"2026-08-31T14:48:06+00:00\" \/>\n<meta property=\"og:image\" content=\"https:\/\/footdavant.fr\/actualites\/wp-content\/uploads\/2026\/08\/1788187682_Les-Spurs-travaillent-sur-un-accord-pour-recruter-un-defenseur.jpg\" \/>\n\t<meta property=\"og:image:width\" content=\"2560\" \/>\n\t<meta property=\"og:image:height\" content=\"1707\" \/>\n\t<meta property=\"og:image:type\" content=\"image\/jpeg\" \/>\n<meta name=\"author\" content=\"Cl\u00e9ment\" \/>\n<meta name=\"twitter:card\" content=\"summary_large_image\" \/>\n<meta name=\"twitter:creator\" content=\"@FootdavantFr\" \/>\n<meta name=\"twitter:site\" content=\"@FootdavantFr\" \/>\n<meta name=\"twitter:label1\" content=\"\u00c9crit par\" \/>\n\t<meta name=\"twitter:data1\" content=\"Cl\u00e9ment\" \/>\n\t<meta name=\"twitter:label2\" content=\"Dur\u00e9e de lecture estim\u00e9e\" \/>\n\t<meta name=\"twitter:data2\" content=\"2 minutes\" \/>\n<script type=\"application\/ld+json\" class=\"yoast-schema-graph\">{\"@context\":\"https:\/\/schema.org\",\"@graph\":[{\"@type\":\"Article\",\"@id\":\"https:\/\/footdavant.fr\/actualites\/les-spurs-travaillent-sur-un-accord-pour-recruter-un-defenseur-indesirable-de-chelsea\/#article\",\"isPartOf\":{\"@id\":\"https:\/\/footdavant.fr\/actualites\/les-spurs-travaillent-sur-un-accord-pour-recruter-un-defenseur-indesirable-de-chelsea\/\"},\"author\":{\"name\":\"Cl\u00e9ment\",\"@id\":\"https:\/\/footdavant.fr\/actualites\/#\/schema\/person\/bc222566d95871b37e597b3ed3ba5e1d\"},\"headline\":\"Les Spurs \u00ab\u00a0travaillent sur un accord\u00a0\u00bb pour recruter un d\u00e9fenseur ind\u00e9sirable de Chelsea\",\"datePublished\":\"2026-08-31T14:48:01+00:00\",\"dateModified\":\"2026-08-31T14:48:06+00:00\",\"mainEntityOfPage\":{\"@id\":\"https:\/\/footdavant.fr\/actualites\/les-spurs-travaillent-sur-un-accord-pour-recruter-un-defenseur-indesirable-de-chelsea\/\"},\"wordCount\":369,\"publisher\":{\"@id\":\"https:\/\/footdavant.fr\/actualites\/#organization\"},\"keywords\":[\"accord\",\"Chelsea\",\"d\u00e9fenseur\",\"ind\u00e9sirable\",\"les\",\"pour\",\"recruter\",\"Spurs\",\"sur\",\"travaillent\"],\"articleSection\":[\"Football\"],\"inLanguage\":\"fr-FR\"},{\"@type\":\"WebPage\",\"@id\":\"https:\/\/footdavant.fr\/actualites\/les-spurs-travaillent-sur-un-accord-pour-recruter-un-defenseur-indesirable-de-chelsea\/\",\"url\":\"https:\/\/footdavant.fr\/actualites\/les-spurs-travaillent-sur-un-accord-pour-recruter-un-defenseur-indesirable-de-chelsea\/\",\"name\":\"Les Spurs \\\"travaillent sur un accord\\\" pour recruter un d\u00e9fenseur ind\u00e9sirable de Chelsea\",\"isPartOf\":{\"@id\":\"https:\/\/footdavant.fr\/actualites\/#website\"},\"datePublished\":\"2026-08-31T14:48:01+00:00\",\"dateModified\":\"2026-08-31T14:48:06+00:00\",\"breadcrumb\":{\"@id\":\"https:\/\/footdavant.fr\/actualites\/les-spurs-travaillent-sur-un-accord-pour-recruter-un-defenseur-indesirable-de-chelsea\/#breadcrumb\"},\"inLanguage\":\"fr-FR\",\"potentialAction\":[{\"@type\":\"ReadAction\",\"target\":[\"https:\/\/footdavant.fr\/actualites\/les-spurs-travaillent-sur-un-accord-pour-recruter-un-defenseur-indesirable-de-chelsea\/\"]}]},{\"@type\":\"BreadcrumbList\",\"@id\":\"https:\/\/footdavant.fr\/actualites\/les-spurs-travaillent-sur-un-accord-pour-recruter-un-defenseur-indesirable-de-chelsea\/#breadcrumb\",\"itemListElement\":[{\"@type\":\"ListItem\",\"position\":1,\"name\":\"Accueil\",\"item\":\"https:\/\/footdavant.fr\/actualites\/\"},{\"@type\":\"ListItem\",\"position\":2,\"name\":\"Les Spurs \u00ab\u00a0travaillent sur un accord\u00a0\u00bb pour recruter un d\u00e9fenseur ind\u00e9sirable de Chelsea\"}]},{\"@type\":\"WebSite\",\"@id\":\"https:\/\/footdavant.fr\/actualites\/#website\",\"url\":\"https:\/\/footdavant.fr\/actualites\/\",\"name\":\"Foot d'avant\",\"description\":\"\",\"publisher\":{\"@id\":\"https:\/\/footdavant.fr\/actualites\/#organization\"},\"potentialAction\":[{\"@type\":\"SearchAction\",\"target\":{\"@type\":\"EntryPoint\",\"urlTemplate\":\"https:\/\/footdavant.fr\/actualites\/?s={search_term_string}\"},\"query-input\":\"required name=search_term_string\"}],\"inLanguage\":\"fr-FR\"},{\"@type\":\"Organization\",\"@id\":\"https:\/\/footdavant.fr\/actualites\/#organization\",\"name\":\"Foot d'avant\",\"url\":\"https:\/\/footdavant.fr\/actualites\/\",\"logo\":{\"@type\":\"ImageObject\",\"inLanguage\":\"fr-FR\",\"@id\":\"https:\/\/footdavant.fr\/actualites\/#\/schema\/logo\/image\/\",\"url\":\"https:\/\/footdavant.fr\/actualites\/wp-content\/uploads\/2023\/09\/Copy-of-FootDavant-Logo.png\",\"contentUrl\":\"https:\/\/footdavant.fr\/actualites\/wp-content\/uploads\/2023\/09\/Copy-of-FootDavant-Logo.png\",\"width\":936,\"height\":549,\"caption\":\"Foot d'avant\"},\"image\":{\"@id\":\"https:\/\/footdavant.fr\/actualites\/#\/schema\/logo\/image\/\"},\"sameAs\":[\"https:\/\/www.facebook.com\/Footdavant\/\",\"https:\/\/twitter.com\/FootdavantFr\",\"https:\/\/www.instagram.com\/footdavant.fr\/\"]},{\"@type\":\"Person\",\"@id\":\"https:\/\/footdavant.fr\/actualites\/#\/schema\/person\/bc222566d95871b37e597b3ed3ba5e1d\",\"name\":\"Cl\u00e9ment\",\"image\":{\"@type\":\"ImageObject\",\"inLanguage\":\"fr-FR\",\"@id\":\"https:\/\/footdavant.fr\/actualites\/#\/schema\/person\/image\/\",\"url\":\"https:\/\/secure.gravatar.com\/avatar\/7728b29aac2719421e1a9159b2254c44?s=96&d=mm&r=g\",\"contentUrl\":\"https:\/\/secure.gravatar.com\/avatar\/7728b29aac2719421e1a9159b2254c44?s=96&d=mm&r=g\",\"caption\":\"Cl\u00e9ment\"},\"sameAs\":[\"https:\/\/footdavant.fr\/\"]}]}<\/script>\n<!-- \/ Yoast SEO plugin. -->","yoast_head_json":{"title":"Les Spurs \"travaillent sur un accord\" pour recruter un d\u00e9fenseur ind\u00e9sirable de Chelsea","robots":{"index":"index","follow":"follow","max-snippet":"max-snippet:-1","max-image-preview":"max-image-preview:large","max-video-preview":"max-video-preview:-1"},"canonical":"https:\/\/footdavant.fr\/actualites\/les-spurs-travaillent-sur-un-accord-pour-recruter-un-defenseur-indesirable-de-chelsea\/","og_locale":"fr_FR","og_type":"article","og_title":"Les Spurs \"travaillent sur un accord\" pour recruter un d\u00e9fenseur ind\u00e9sirable de Chelsea","og_description":"Fabrizio Romano dit que Chelsea discute avec Tottenham de la vente du d\u00e9fenseur Tosin Adarabioyo. Avec moins de 36 heures restantes, les choses commencent \u00e0","og_url":"https:\/\/footdavant.fr\/actualites\/les-spurs-travaillent-sur-un-accord-pour-recruter-un-defenseur-indesirable-de-chelsea\/","og_site_name":"Foot d&#039;avant","article_publisher":"https:\/\/www.facebook.com\/Footdavant\/","article_published_time":"2026-08-31T14:48:01+00:00","article_modified_time":"2026-08-31T14:48:06+00:00","og_image":[{"width":2560,"height":1707,"url":"https:\/\/footdavant.fr\/actualites\/wp-content\/uploads\/2026\/08\/1788187682_Les-Spurs-travaillent-sur-un-accord-pour-recruter-un-defenseur.jpg","type":"image\/jpeg"}],"author":"Cl\u00e9ment","twitter_card":"summary_large_image","twitter_creator":"@FootdavantFr","twitter_site":"@FootdavantFr","twitter_misc":{"\u00c9crit par":"Cl\u00e9ment","Dur\u00e9e de lecture estim\u00e9e":"2 minutes"},"schema":{"@context":"https:\/\/schema.org","@graph":[{"@type":"Article","@id":"https:\/\/footdavant.fr\/actualites\/les-spurs-travaillent-sur-un-accord-pour-recruter-un-defenseur-indesirable-de-chelsea\/#article","isPartOf":{"@id":"https:\/\/footdavant.fr\/actualites\/les-spurs-travaillent-sur-un-accord-pour-recruter-un-defenseur-indesirable-de-chelsea\/"},"author":{"name":"Cl\u00e9ment","@id":"https:\/\/footdavant.fr\/actualites\/#\/schema\/person\/bc222566d95871b37e597b3ed3ba5e1d"},"headline":"Les Spurs \u00ab\u00a0travaillent sur un accord\u00a0\u00bb pour recruter un d\u00e9fenseur ind\u00e9sirable de Chelsea","datePublished":"2026-08-31T14:48:01+00:00","dateModified":"2026-08-31T14:48:06+00:00","mainEntityOfPage":{"@id":"https:\/\/footdavant.fr\/actualites\/les-spurs-travaillent-sur-un-accord-pour-recruter-un-defenseur-indesirable-de-chelsea\/"},"wordCount":369,"publisher":{"@id":"https:\/\/footdavant.fr\/actualites\/#organization"},"keywords":["accord","Chelsea","d\u00e9fenseur","ind\u00e9sirable","les","pour","recruter","Spurs","sur","travaillent"],"articleSection":["Football"],"inLanguage":"fr-FR"},{"@type":"WebPage","@id":"https:\/\/footdavant.fr\/actualites\/les-spurs-travaillent-sur-un-accord-pour-recruter-un-defenseur-indesirable-de-chelsea\/","url":"https:\/\/footdavant.fr\/actualites\/les-spurs-travaillent-sur-un-accord-pour-recruter-un-defenseur-indesirable-de-chelsea\/","name":"Les Spurs \"travaillent sur un accord\" pour recruter un d\u00e9fenseur ind\u00e9sirable de Chelsea","isPartOf":{"@id":"https:\/\/footdavant.fr\/actualites\/#website"},"datePublished":"2026-08-31T14:48:01+00:00","dateModified":"2026-08-31T14:48:06+00:00","breadcrumb":{"@id":"https:\/\/footdavant.fr\/actualites\/les-spurs-travaillent-sur-un-accord-pour-recruter-un-defenseur-indesirable-de-chelsea\/#breadcrumb"},"inLanguage":"fr-FR","potentialAction":[{"@type":"ReadAction","target":["https:\/\/footdavant.fr\/actualites\/les-spurs-travaillent-sur-un-accord-pour-recruter-un-defenseur-indesirable-de-chelsea\/"]}]},{"@type":"BreadcrumbList","@id":"https:\/\/footdavant.fr\/actualites\/les-spurs-travaillent-sur-un-accord-pour-recruter-un-defenseur-indesirable-de-chelsea\/#breadcrumb","itemListElement":[{"@type":"ListItem","position":1,"name":"Accueil","item":"https:\/\/footdavant.fr\/actualites\/"},{"@type":"ListItem","position":2,"name":"Les Spurs \u00ab\u00a0travaillent sur un accord\u00a0\u00bb pour recruter un d\u00e9fenseur ind\u00e9sirable de Chelsea"}]},{"@type":"WebSite","@id":"https:\/\/footdavant.fr\/actualites\/#website","url":"https:\/\/footdavant.fr\/actualites\/","name":"Foot d'avant","description":"","publisher":{"@id":"https:\/\/footdavant.fr\/actualites\/#organization"},"potentialAction":[{"@type":"SearchAction","target":{"@type":"EntryPoint","urlTemplate":"https:\/\/footdavant.fr\/actualites\/?s={search_term_string}"},"query-input":"required name=search_term_string"}],"inLanguage":"fr-FR"},{"@type":"Organization","@id":"https:\/\/footdavant.fr\/actualites\/#organization","name":"Foot d'avant","url":"https:\/\/footdavant.fr\/actualites\/","logo":{"@type":"ImageObject","inLanguage":"fr-FR","@id":"https:\/\/footdavant.fr\/actualites\/#\/schema\/logo\/image\/","url":"https:\/\/footdavant.fr\/actualites\/wp-content\/uploads\/2023\/09\/Copy-of-FootDavant-Logo.png","contentUrl":"https:\/\/footdavant.fr\/actualites\/wp-content\/uploads\/2023\/09\/Copy-of-FootDavant-Logo.png","width":936,"height":549,"caption":"Foot d'avant"},"image":{"@id":"https:\/\/footdavant.fr\/actualites\/#\/schema\/logo\/image\/"},"sameAs":["https:\/\/www.facebook.com\/Footdavant\/","https:\/\/twitter.com\/FootdavantFr","https:\/\/www.instagram.com\/footdavant.fr\/"]},{"@type":"Person","@id":"https:\/\/footdavant.fr\/actualites\/#\/schema\/person\/bc222566d95871b37e597b3ed3ba5e1d","name":"Cl\u00e9ment","image":{"@type":"ImageObject","inLanguage":"fr-FR","@id":"https:\/\/footdavant.fr\/actualites\/#\/schema\/person\/image\/","url":"https:\/\/secure.gravatar.com\/avatar\/7728b29aac2719421e1a9159b2254c44?s=96&d=mm&r=g","contentUrl":"https:\/\/secure.gravatar.com\/avatar\/7728b29aac2719421e1a9159b2254c44?s=96&d=mm&r=g","caption":"Cl\u00e9ment"},"sameAs":["https:\/\/footdavant.fr\/"]}]}},"_links":{"self":[{"href":"https:\/\/footdavant.fr\/actualites\/wp-json\/wp\/v2\/posts\/41082"}],"collection":[{"href":"https:\/\/footdavant.fr\/actualites\/wp-json\/wp\/v2\/posts"}],"about":[{"href":"https:\/\/footdavant.fr\/actualites\/wp-json\/wp\/v2\/types\/post"}],"author":[{"embeddable":true,"href":"https:\/\/footdavant.fr\/actualites\/wp-json\/wp\/v2\/users\/1"}],"replies":[{"embeddable":true,"href":"https:\/\/footdavant.fr\/actualites\/wp-json\/wp\/v2\/comments?post=41082"}],"version-history":[{"count":1,"href":"https:\/\/footdavant.fr\/actualites\/wp-json\/wp\/v2\/posts\/41082\/revisions"}],"predecessor-version":[{"id":41084,"href":"https:\/\/footdavant.fr\/actualites\/wp-json\/wp\/v2\/posts\/41082\/revisions\/41084"}],"wp:featuredmedia":[{"embeddable":true,"href":"https:\/\/footdavant.fr\/actualites\/wp-json\/wp\/v2\/media\/41083"}],"wp:attachment":[{"href":"https:\/\/footdavant.fr\/actualites\/wp-json\/wp\/v2\/media?parent=41082"}],"wp:term":[{"taxonomy":"category","embeddable":true,"href":"https:\/\/footdavant.fr\/actualites\/wp-json\/wp\/v2\/categories?post=41082"},{"taxonomy":"post_tag","embeddable":true,"href":"https:\/\/footdavant.fr\/actualites\/wp-json\/wp\/v2\/tags?post=41082"}],"curies":[{"name":"wp","href":"https:\/\/api.w.org\/{rel}","templated":true}]}}