{"id":41085,"date":"2026-08-31T20:48:13","date_gmt":"2026-08-31T18:48:13","guid":{"rendered":"https:\/\/footdavant.fr\/actualites\/cela-pourrait-etre-un-bon-moment-pour-visiter-villa-mouvement-dexterieur-sur-le-marche\/"},"modified":"2026-08-31T20:48:15","modified_gmt":"2026-08-31T18:48:15","slug":"cela-pourrait-etre-un-bon-moment-pour-visiter-villa-mouvement-dexterieur-sur-le-marche","status":"publish","type":"post","link":"https:\/\/footdavant.fr\/actualites\/cela-pourrait-etre-un-bon-moment-pour-visiter-villa-mouvement-dexterieur-sur-le-marche\/","title":{"rendered":"Cela pourrait \u00eatre un bon moment pour visiter Villa : Mouvement d&#39;ext\u00e9rieur sur le march\u00e9"},"content":{"rendered":"<div>\n<p>Bonjour \u00e0 tous, bienvenue dans une toute nouvelle semaine.<\/p>\n<p>Apr\u00e8s ce qui semble \u00eatre une discussion incessante sur la fen\u00eatre de transfert, nous avons un v\u00e9ritable match de football ce soir lorsque nous affrontons Aston Villa \u00e0 l&#39;ext\u00e9rieur. Je ne m&#39;attends pas \u00e0 beaucoup de changements dans notre onze de d\u00e9part, mais je me demande si nous pourrions voir Ezri Konsa arriver dans l&#39;\u00e9quipe devant Cristhian Mosquera. Le jeune Espagnol n&#39;a rien fait de mal contre Coventry, mais nous savons \u00e0 quel point le manager valorise l&#39;exp\u00e9rience, et avec des matches d\u00e9licats \u00e0 venir, gagner des minutes dans les jambes de la nouvelle recrue pourrait faire partie de l&#39;\u00e9quation ici.<\/p>\n<p>Mikel Arteta a fait des bruits positifs \u00e0 propos de Bruno Guimaraes lors de sa conf\u00e9rence de presse de jeudi, mais je serais surpris s&#39;il commen\u00e7ait celle-ci, ce qui signifie que le milieu de terrain de Declan Rice, Myles Lewis-Skelly et Martin Odegaard resterait intact. Je ne vois pas non plus de changement dans les trois premiers, Kai Havertz \u00e9tant susceptible d&#39;obtenir le feu vert devant Viktor Gyokeres, avec Bukayo Saka et Christos Tzolis \u00e0 ses c\u00f4t\u00e9s.<\/p>\n<p>Coventry \u00e9tait confortable, et je m&#39;attends \u00e0 ce qu&#39;il le soit moins ce soir, m\u00eame si je pense que cela pourrait \u00eatre le bon moment pour visiter Villa Park. Il ne faut rien prendre pour acquis car nous avons connu des moments difficiles l\u00e0-bas dans le pass\u00e9, mais quand on regarde les joueurs qu&#39;ils ont perdus cet \u00e9t\u00e9, ils semblent \u00eatre dans une sorte de moment de transition. Commencer une nouvelle saison sans Emi Martinez, Konsa, Youri Tielemans, Morgan Rogers, Ollie Watkins et Lucas Digne, ainsi que le bless\u00e9 Amadou Onana, c&#39;est beaucoup de qualit\u00e9 \u00e0 perdre en une seule fen\u00eatre. Ils ont sign\u00e9 quelques recrues, mais les joueurs qu&#39;ils ont vendus \u00e9taient tous des \u00e9l\u00e9ments fondamentaux de l&#39;\u00e9quipe d&#39;Unai Emery, et il faut g\u00e9n\u00e9ralement du temps pour que les nouveaux \u00e9l\u00e9ments s&#39;adaptent.<\/p>\n<p>Ce doit \u00eatre quelque chose qu&#39;Arsenal esp\u00e8re nous donner un avantage ce soir. L&#39;une des raisons pour lesquelles les gens parlent de nous comme favoris pour le titre cette saison est la stabilit\u00e9 que nous avons, et m\u00eame si je pense qu&#39;il est beaucoup trop t\u00f4t dans la saison pour s&#39;investir dans l&#39;id\u00e9e que nous sommes les favoris, il y a quelque chose \u00e0 dire sur les relations solides sur le terrain dont nous savons qu&#39;elles fonctionnent.<\/p>\n<p>Donc, si nous pouvons \u00e0 nouveau \u00e9couter ce triangle droit, si Saka et Havertz se combinent bien, si Tzolis bourdonne comme il l&#39;a fait la semaine derni\u00e8re et en pr\u00e9-saison, il n&#39;y a aucune raison de ne pas se sentir en confiance. Encore une fois, nous avons eu des matchs difficiles \u00e0 Villa dans un pass\u00e9 pas trop lointain, nous devons donc y aller en gardant cela \u00e0 l&#39;esprit et vraiment gagner les trois points, mais je ne pense pas qu&#39;il soit d\u00e9raisonnable de dire que nous avons g\u00e9n\u00e9ralement jou\u00e9 contre des \u00e9quipes de Villa plus stables que celle-ci, alors j&#39;esp\u00e8re que nous pourrons en tirer le meilleur parti et ramener les trois points au nord de Londres.<\/p>\n<p>\u2014<\/p>\n<p>Pendant ce temps, il y a un certain mouvement vers l&#39;ext\u00e9rieur sur le march\u00e9 des transferts, Gabriel Jesus se dirigerait apparemment vers Barcelone dans le cadre d&#39;un accord qui nous rapporterait 10 millions d&#39;euros plus les ajouts. Il y a seulement quelques jours, je me suis demand\u00e9 si nous pouvions simplement mettre fin \u00e0 son contrat, donc je suppose que c&#39;est une sorte de bonus. Je suppose que vous pourriez \u00e9galement y lire une acceptation de leur part qu&#39;il n&#39;y a aucun moyen de faire bouger l&#39;Atletico Madrid contre Julian Alvarez dans cette fen\u00eatre au moins. Je doute encore que cela augmente nos chances de recruter l&#39;international argentin, qui, je l&#39;esp\u00e8re, y restera maintenant, mais Arsenal voulait que J\u00e9sus parte, et il a vraiment atterri sur ses pieds avec cette d\u00e9cision.<\/p>\n<p>Ailleurs, Fabio Vieira ach\u00e8vera son transfert permanent \u00e0 Hambourg apr\u00e8s que les clubs se soient mis d&#39;accord sur des honoraires de l&#39;ordre de 10 millions d&#39;euros. Nous l&#39;avons pay\u00e9 35 millions d&#39;euros \u00e0 l&#39;\u00e9t\u00e9 2022, c&#39;est donc une grosse perte en ce sens, m\u00eame si ce n&#39;est pas exactement ce qui se passe dans les livres. L\u00e0 encore, nous avons pay\u00e9 17,5 millions d&#39;euros pour Albert Sambi Lokonga et l&#39;avons vendu \u00e0 Hambourg pour 300 000 euros, nous avons donc fait un peu mieux avec eux que la derni\u00e8re fois. Vieira a toujours eu l&#39;air un peu l\u00e9ger pour la Premier League, il y avait du talent l\u00e0-bas, et d&#39;autres joueurs ont montr\u00e9 qu&#39;il n&#39;\u00e9tait pas n\u00e9cessaire d&#39;\u00eatre un grand gars pour faire partie du football anglais, mais leurs limitations physiques &#8211; si vous voulez les appeler ainsi &#8211; \u00e9taient compens\u00e9es par une plus grande qualit\u00e9 globale. Bonne chance \u00e0 lui en Allemagne.<\/p>\n<p>Enfin, c&#39;est \u00e0 peu pr\u00e8s la m\u00eame chose en ce qui concerne Gabriel Martinelli alors que les discussions se poursuivent sur son transfert de 70 millions d&#39;euros \u00e0 Al Hilal en Arabie Saoudite. Cela semble cependant se rapprocher, avec des rapports sugg\u00e9rant qu&#39;il s&#39;y rendra cette semaine pour tout finaliser. Ainsi, si toutes ces transactions se concr\u00e9tisent, nous aurons r\u00e9colt\u00e9 au total environ 136 millions d&#39;euros pour les d\u00e9parts de Jesus, Martinelli, Vieira, Trossard, Norgaard, Hein et Kiwior (dont le transfert \u00e0 Porto a \u00e9t\u00e9 finalis\u00e9 au cours de cette p\u00e9riode). C&#39;est un revenu relativement sain pour nous, c&#39;est la premi\u00e8re fois depuis 2017\/18 que nous g\u00e9n\u00e9rons plus de 100 millions d&#39;euros de ventes (via Transfermarkt), et cela compense une grande partie des pr\u00e8s de 200 millions d&#39;euros que nous avons d\u00e9pens\u00e9s cet \u00e9t\u00e9.<\/p>\n<p>La question est maintenant : allons-nous faire quelque chose avant que la fen\u00eatre ne se ferme demain ? Comme je l&#39;ai dit sur le blog d&#39;hier, si vous ajoutez trois joueurs offensifs avec un total de 130 apparitions la saison derni\u00e8re, qui \u00e0 eux deux ont contribu\u00e9 \u00e0 45 buts (buts et passes d\u00e9cisives), et que vous n&#39;ajoutez qu&#39;un seul joueur \u00e0 l&#39;effectif, vous \u00eates \u2013 sur le papier du moins \u2013 plus faible que la saison pr\u00e9c\u00e9dente. Je suis ouvert \u00e0 l&#39;id\u00e9e que nous pouvons am\u00e9liorer certaines parties de notre attaque gr\u00e2ce \u00e0 la disponibilit\u00e9 et \u00e0 la forme physique, mais je suis assez pr\u00e9occup\u00e9 par le fait que nous ayons laiss\u00e9 passer cette fen\u00eatre lorsqu&#39;il s&#39;agit de cette zone du terrain.<\/p>\n<p>Poursuivre des joueurs de haut niveau et n\u2019en obtenir aucun est une chose, mais \u00eatre champions et ne pouvoir recruter personne pour notre ligne d\u2019attaque rendrait cette fen\u00eatre de transfert tr\u00e8s d\u00e9cevante. Nous avons des options, les gens \u00e9num\u00e8rent les noms et je peux le voir, mais l\u2019essentiel est que nous avons laiss\u00e9 partir trois joueurs, n\u2019en avons fait venir qu\u2019un et nous prenons maintenant un pari massif sur la forme physique des joueurs cl\u00e9s dont les ant\u00e9c\u00e9dents de blessures au cours des 18 derniers mois devraient donner \u00e0 chacun une pause pour r\u00e9fl\u00e9chir. Nous n&#39;avons pas renforc\u00e9 notre attaque, et si vous demandiez \u00e0 quelqu&#39;un au d\u00e9but de l&#39;\u00e9t\u00e9 o\u00f9 Arsenal avait vraiment besoin de s&#39;am\u00e9liorer pour la saison \u00e0 venir, c&#39;\u00e9tait bien notre ligne d&#39;attaque. Nous avons remport\u00e9 le titre avec seulement 71 buts, ce qui en fait une exp\u00e9rience de pointe dans trop de matchs, et ne pas aborder cela correctement sur le march\u00e9 me semble \u00eatre un mauvais processus.<\/p>\n<p>Dans l\u2019\u00e9tat actuel des choses, je ne m\u2019attends \u00e0 rien, mais peut-\u00eatre qu\u2019Arsenal a un atout dans sa manche. Les choses peuvent changer rapidement dans la derni\u00e8re partie de la fen\u00eatre, et peut-\u00eatre que ce que nous ferons ce soir \u00e0 Villa Park att\u00e9nuera certaines inqui\u00e9tudes, mais si personne n&#39;arrive, je pense que toute critique sur cette partie de nos activit\u00e9s estivales sera enti\u00e8rement justifi\u00e9e.<\/p>\n<p>\u2014<\/p>\n<p>D&#39;accord, je vais en rester l\u00e0 pour l&#39;instant. Comme toujours, nous vous proposerons plus tard une couverture du jeu en direct sur le blog, ainsi que tous les \u00e9l\u00e9ments d&#39;apr\u00e8s-match sur Arseblog News, tels que le rapport du match, les notes des joueurs, la r\u00e9action du manager, le r\u00e9sum\u00e9 des citations et bien plus encore. N&#39;oubliez pas le module de pr\u00e9visualisation sur Patreon, et nous aurons \u00e9galement un Arsecast Extra pour vous demain.<\/p>\n<p>On se retrouve plus tard pour le match.<\/p>\n<\/div>\n","protected":false},"excerpt":{"rendered":"<p>Bonjour \u00e0 tous, bienvenue dans une toute nouvelle semaine. Apr\u00e8s ce qui semble \u00eatre une discussion incessante sur la fen\u00eatre de transfert, nous avons un<\/p>\n","protected":false},"author":1,"featured_media":41086,"comment_status":"closed","ping_status":"","sticky":false,"template":"","format":"standard","meta":{"footnotes":""},"categories":[3],"tags":[271,2646,12594,270,924,788,6271,51,269,103,370,9244],"yoast_head":"<!-- This site is optimized with the Yoast SEO plugin v21.0 - https:\/\/yoast.com\/wordpress\/plugins\/seo\/ -->\n<title>Cela pourrait \u00eatre un bon moment pour visiter Villa : Mouvement d&#039;ext\u00e9rieur sur le march\u00e9<\/title>\n<meta name=\"robots\" content=\"index, follow, max-snippet:-1, max-image-preview:large, max-video-preview:-1\" \/>\n<link rel=\"canonical\" href=\"https:\/\/footdavant.fr\/actualites\/cela-pourrait-etre-un-bon-moment-pour-visiter-villa-mouvement-dexterieur-sur-le-marche\/\" \/>\n<meta property=\"og:locale\" content=\"fr_FR\" \/>\n<meta property=\"og:type\" content=\"article\" \/>\n<meta property=\"og:title\" content=\"Cela pourrait \u00eatre un bon moment pour visiter Villa : Mouvement d&#039;ext\u00e9rieur sur le march\u00e9\" \/>\n<meta property=\"og:description\" content=\"Bonjour \u00e0 tous, bienvenue dans une toute nouvelle semaine. Apr\u00e8s ce qui semble \u00eatre une discussion incessante sur la fen\u00eatre de transfert, nous avons un\" \/>\n<meta property=\"og:url\" content=\"https:\/\/footdavant.fr\/actualites\/cela-pourrait-etre-un-bon-moment-pour-visiter-villa-mouvement-dexterieur-sur-le-marche\/\" \/>\n<meta property=\"og:site_name\" content=\"Foot d&#039;avant\" \/>\n<meta property=\"article:publisher\" content=\"https:\/\/www.facebook.com\/Footdavant\/\" \/>\n<meta property=\"article:published_time\" content=\"2026-08-31T18:48:13+00:00\" \/>\n<meta property=\"article:modified_time\" content=\"2026-08-31T18:48:15+00:00\" \/>\n<meta property=\"og:image\" content=\"https:\/\/footdavant.fr\/actualites\/wp-content\/uploads\/2026\/08\/Cela-pourrait-etre-un-bon-moment-pour-visiter-Villa.webp\" \/>\n\t<meta property=\"og:image:width\" content=\"1500\" \/>\n\t<meta property=\"og:image:height\" content=\"750\" \/>\n\t<meta property=\"og:image:type\" content=\"image\/webp\" \/>\n<meta name=\"author\" content=\"Cl\u00e9ment\" \/>\n<meta name=\"twitter:card\" content=\"summary_large_image\" \/>\n<meta name=\"twitter:creator\" content=\"@FootdavantFr\" \/>\n<meta name=\"twitter:site\" content=\"@FootdavantFr\" \/>\n<meta name=\"twitter:label1\" content=\"\u00c9crit par\" \/>\n\t<meta name=\"twitter:data1\" content=\"Cl\u00e9ment\" \/>\n\t<meta name=\"twitter:label2\" content=\"Dur\u00e9e de lecture estim\u00e9e\" \/>\n\t<meta name=\"twitter:data2\" content=\"7 minutes\" \/>\n<script type=\"application\/ld+json\" class=\"yoast-schema-graph\">{\"@context\":\"https:\/\/schema.org\",\"@graph\":[{\"@type\":\"Article\",\"@id\":\"https:\/\/footdavant.fr\/actualites\/cela-pourrait-etre-un-bon-moment-pour-visiter-villa-mouvement-dexterieur-sur-le-marche\/#article\",\"isPartOf\":{\"@id\":\"https:\/\/footdavant.fr\/actualites\/cela-pourrait-etre-un-bon-moment-pour-visiter-villa-mouvement-dexterieur-sur-le-marche\/\"},\"author\":{\"name\":\"Cl\u00e9ment\",\"@id\":\"https:\/\/footdavant.fr\/actualites\/#\/schema\/person\/bc222566d95871b37e597b3ed3ba5e1d\"},\"headline\":\"Cela pourrait \u00eatre un bon moment pour visiter Villa : Mouvement d&#39;ext\u00e9rieur sur le march\u00e9\",\"datePublished\":\"2026-08-31T18:48:13+00:00\",\"dateModified\":\"2026-08-31T18:48:15+00:00\",\"mainEntityOfPage\":{\"@id\":\"https:\/\/footdavant.fr\/actualites\/cela-pourrait-etre-un-bon-moment-pour-visiter-villa-mouvement-dexterieur-sur-le-marche\/\"},\"wordCount\":1506,\"publisher\":{\"@id\":\"https:\/\/footdavant.fr\/actualites\/#organization\"},\"keywords\":[\"bon\",\"cela\",\"d39ext\u00e9rieur\",\"\u00eatre\",\"march\u00e9\",\"moment\",\"mouvement\",\"pour\",\"pourrait\",\"sur\",\"Villa\",\"visiter\"],\"articleSection\":[\"Football\"],\"inLanguage\":\"fr-FR\"},{\"@type\":\"WebPage\",\"@id\":\"https:\/\/footdavant.fr\/actualites\/cela-pourrait-etre-un-bon-moment-pour-visiter-villa-mouvement-dexterieur-sur-le-marche\/\",\"url\":\"https:\/\/footdavant.fr\/actualites\/cela-pourrait-etre-un-bon-moment-pour-visiter-villa-mouvement-dexterieur-sur-le-marche\/\",\"name\":\"Cela pourrait \u00eatre un bon moment pour visiter Villa : Mouvement d&#39;ext\u00e9rieur sur le march\u00e9\",\"isPartOf\":{\"@id\":\"https:\/\/footdavant.fr\/actualites\/#website\"},\"datePublished\":\"2026-08-31T18:48:13+00:00\",\"dateModified\":\"2026-08-31T18:48:15+00:00\",\"breadcrumb\":{\"@id\":\"https:\/\/footdavant.fr\/actualites\/cela-pourrait-etre-un-bon-moment-pour-visiter-villa-mouvement-dexterieur-sur-le-marche\/#breadcrumb\"},\"inLanguage\":\"fr-FR\",\"potentialAction\":[{\"@type\":\"ReadAction\",\"target\":[\"https:\/\/footdavant.fr\/actualites\/cela-pourrait-etre-un-bon-moment-pour-visiter-villa-mouvement-dexterieur-sur-le-marche\/\"]}]},{\"@type\":\"BreadcrumbList\",\"@id\":\"https:\/\/footdavant.fr\/actualites\/cela-pourrait-etre-un-bon-moment-pour-visiter-villa-mouvement-dexterieur-sur-le-marche\/#breadcrumb\",\"itemListElement\":[{\"@type\":\"ListItem\",\"position\":1,\"name\":\"Accueil\",\"item\":\"https:\/\/footdavant.fr\/actualites\/\"},{\"@type\":\"ListItem\",\"position\":2,\"name\":\"Cela pourrait \u00eatre un bon moment pour visiter Villa : Mouvement d&#39;ext\u00e9rieur sur le march\u00e9\"}]},{\"@type\":\"WebSite\",\"@id\":\"https:\/\/footdavant.fr\/actualites\/#website\",\"url\":\"https:\/\/footdavant.fr\/actualites\/\",\"name\":\"Foot d'avant\",\"description\":\"\",\"publisher\":{\"@id\":\"https:\/\/footdavant.fr\/actualites\/#organization\"},\"potentialAction\":[{\"@type\":\"SearchAction\",\"target\":{\"@type\":\"EntryPoint\",\"urlTemplate\":\"https:\/\/footdavant.fr\/actualites\/?s={search_term_string}\"},\"query-input\":\"required name=search_term_string\"}],\"inLanguage\":\"fr-FR\"},{\"@type\":\"Organization\",\"@id\":\"https:\/\/footdavant.fr\/actualites\/#organization\",\"name\":\"Foot d'avant\",\"url\":\"https:\/\/footdavant.fr\/actualites\/\",\"logo\":{\"@type\":\"ImageObject\",\"inLanguage\":\"fr-FR\",\"@id\":\"https:\/\/footdavant.fr\/actualites\/#\/schema\/logo\/image\/\",\"url\":\"https:\/\/footdavant.fr\/actualites\/wp-content\/uploads\/2023\/09\/Copy-of-FootDavant-Logo.png\",\"contentUrl\":\"https:\/\/footdavant.fr\/actualites\/wp-content\/uploads\/2023\/09\/Copy-of-FootDavant-Logo.png\",\"width\":936,\"height\":549,\"caption\":\"Foot d'avant\"},\"image\":{\"@id\":\"https:\/\/footdavant.fr\/actualites\/#\/schema\/logo\/image\/\"},\"sameAs\":[\"https:\/\/www.facebook.com\/Footdavant\/\",\"https:\/\/twitter.com\/FootdavantFr\",\"https:\/\/www.instagram.com\/footdavant.fr\/\"]},{\"@type\":\"Person\",\"@id\":\"https:\/\/footdavant.fr\/actualites\/#\/schema\/person\/bc222566d95871b37e597b3ed3ba5e1d\",\"name\":\"Cl\u00e9ment\",\"image\":{\"@type\":\"ImageObject\",\"inLanguage\":\"fr-FR\",\"@id\":\"https:\/\/footdavant.fr\/actualites\/#\/schema\/person\/image\/\",\"url\":\"https:\/\/secure.gravatar.com\/avatar\/7728b29aac2719421e1a9159b2254c44?s=96&d=mm&r=g\",\"contentUrl\":\"https:\/\/secure.gravatar.com\/avatar\/7728b29aac2719421e1a9159b2254c44?s=96&d=mm&r=g\",\"caption\":\"Cl\u00e9ment\"},\"sameAs\":[\"https:\/\/footdavant.fr\/\"]}]}<\/script>\n<!-- \/ Yoast SEO plugin. -->","yoast_head_json":{"title":"Cela pourrait \u00eatre un bon moment pour visiter Villa : Mouvement d&#39;ext\u00e9rieur sur le march\u00e9","robots":{"index":"index","follow":"follow","max-snippet":"max-snippet:-1","max-image-preview":"max-image-preview:large","max-video-preview":"max-video-preview:-1"},"canonical":"https:\/\/footdavant.fr\/actualites\/cela-pourrait-etre-un-bon-moment-pour-visiter-villa-mouvement-dexterieur-sur-le-marche\/","og_locale":"fr_FR","og_type":"article","og_title":"Cela pourrait \u00eatre un bon moment pour visiter Villa : Mouvement d&#39;ext\u00e9rieur sur le march\u00e9","og_description":"Bonjour \u00e0 tous, bienvenue dans une toute nouvelle semaine. Apr\u00e8s ce qui semble \u00eatre une discussion incessante sur la fen\u00eatre de transfert, nous avons un","og_url":"https:\/\/footdavant.fr\/actualites\/cela-pourrait-etre-un-bon-moment-pour-visiter-villa-mouvement-dexterieur-sur-le-marche\/","og_site_name":"Foot d&#039;avant","article_publisher":"https:\/\/www.facebook.com\/Footdavant\/","article_published_time":"2026-08-31T18:48:13+00:00","article_modified_time":"2026-08-31T18:48:15+00:00","og_image":[{"width":1500,"height":750,"url":"https:\/\/footdavant.fr\/actualites\/wp-content\/uploads\/2026\/08\/Cela-pourrait-etre-un-bon-moment-pour-visiter-Villa.webp","type":"image\/webp"}],"author":"Cl\u00e9ment","twitter_card":"summary_large_image","twitter_creator":"@FootdavantFr","twitter_site":"@FootdavantFr","twitter_misc":{"\u00c9crit par":"Cl\u00e9ment","Dur\u00e9e de lecture estim\u00e9e":"7 minutes"},"schema":{"@context":"https:\/\/schema.org","@graph":[{"@type":"Article","@id":"https:\/\/footdavant.fr\/actualites\/cela-pourrait-etre-un-bon-moment-pour-visiter-villa-mouvement-dexterieur-sur-le-marche\/#article","isPartOf":{"@id":"https:\/\/footdavant.fr\/actualites\/cela-pourrait-etre-un-bon-moment-pour-visiter-villa-mouvement-dexterieur-sur-le-marche\/"},"author":{"name":"Cl\u00e9ment","@id":"https:\/\/footdavant.fr\/actualites\/#\/schema\/person\/bc222566d95871b37e597b3ed3ba5e1d"},"headline":"Cela pourrait \u00eatre un bon moment pour visiter Villa : Mouvement d&#39;ext\u00e9rieur sur le march\u00e9","datePublished":"2026-08-31T18:48:13+00:00","dateModified":"2026-08-31T18:48:15+00:00","mainEntityOfPage":{"@id":"https:\/\/footdavant.fr\/actualites\/cela-pourrait-etre-un-bon-moment-pour-visiter-villa-mouvement-dexterieur-sur-le-marche\/"},"wordCount":1506,"publisher":{"@id":"https:\/\/footdavant.fr\/actualites\/#organization"},"keywords":["bon","cela","d39ext\u00e9rieur","\u00eatre","march\u00e9","moment","mouvement","pour","pourrait","sur","Villa","visiter"],"articleSection":["Football"],"inLanguage":"fr-FR"},{"@type":"WebPage","@id":"https:\/\/footdavant.fr\/actualites\/cela-pourrait-etre-un-bon-moment-pour-visiter-villa-mouvement-dexterieur-sur-le-marche\/","url":"https:\/\/footdavant.fr\/actualites\/cela-pourrait-etre-un-bon-moment-pour-visiter-villa-mouvement-dexterieur-sur-le-marche\/","name":"Cela pourrait \u00eatre un bon moment pour visiter Villa : Mouvement d&#39;ext\u00e9rieur sur le march\u00e9","isPartOf":{"@id":"https:\/\/footdavant.fr\/actualites\/#website"},"datePublished":"2026-08-31T18:48:13+00:00","dateModified":"2026-08-31T18:48:15+00:00","breadcrumb":{"@id":"https:\/\/footdavant.fr\/actualites\/cela-pourrait-etre-un-bon-moment-pour-visiter-villa-mouvement-dexterieur-sur-le-marche\/#breadcrumb"},"inLanguage":"fr-FR","potentialAction":[{"@type":"ReadAction","target":["https:\/\/footdavant.fr\/actualites\/cela-pourrait-etre-un-bon-moment-pour-visiter-villa-mouvement-dexterieur-sur-le-marche\/"]}]},{"@type":"BreadcrumbList","@id":"https:\/\/footdavant.fr\/actualites\/cela-pourrait-etre-un-bon-moment-pour-visiter-villa-mouvement-dexterieur-sur-le-marche\/#breadcrumb","itemListElement":[{"@type":"ListItem","position":1,"name":"Accueil","item":"https:\/\/footdavant.fr\/actualites\/"},{"@type":"ListItem","position":2,"name":"Cela pourrait \u00eatre un bon moment pour visiter Villa : Mouvement d&#39;ext\u00e9rieur sur le march\u00e9"}]},{"@type":"WebSite","@id":"https:\/\/footdavant.fr\/actualites\/#website","url":"https:\/\/footdavant.fr\/actualites\/","name":"Foot d'avant","description":"","publisher":{"@id":"https:\/\/footdavant.fr\/actualites\/#organization"},"potentialAction":[{"@type":"SearchAction","target":{"@type":"EntryPoint","urlTemplate":"https:\/\/footdavant.fr\/actualites\/?s={search_term_string}"},"query-input":"required name=search_term_string"}],"inLanguage":"fr-FR"},{"@type":"Organization","@id":"https:\/\/footdavant.fr\/actualites\/#organization","name":"Foot d'avant","url":"https:\/\/footdavant.fr\/actualites\/","logo":{"@type":"ImageObject","inLanguage":"fr-FR","@id":"https:\/\/footdavant.fr\/actualites\/#\/schema\/logo\/image\/","url":"https:\/\/footdavant.fr\/actualites\/wp-content\/uploads\/2023\/09\/Copy-of-FootDavant-Logo.png","contentUrl":"https:\/\/footdavant.fr\/actualites\/wp-content\/uploads\/2023\/09\/Copy-of-FootDavant-Logo.png","width":936,"height":549,"caption":"Foot d'avant"},"image":{"@id":"https:\/\/footdavant.fr\/actualites\/#\/schema\/logo\/image\/"},"sameAs":["https:\/\/www.facebook.com\/Footdavant\/","https:\/\/twitter.com\/FootdavantFr","https:\/\/www.instagram.com\/footdavant.fr\/"]},{"@type":"Person","@id":"https:\/\/footdavant.fr\/actualites\/#\/schema\/person\/bc222566d95871b37e597b3ed3ba5e1d","name":"Cl\u00e9ment","image":{"@type":"ImageObject","inLanguage":"fr-FR","@id":"https:\/\/footdavant.fr\/actualites\/#\/schema\/person\/image\/","url":"https:\/\/secure.gravatar.com\/avatar\/7728b29aac2719421e1a9159b2254c44?s=96&d=mm&r=g","contentUrl":"https:\/\/secure.gravatar.com\/avatar\/7728b29aac2719421e1a9159b2254c44?s=96&d=mm&r=g","caption":"Cl\u00e9ment"},"sameAs":["https:\/\/footdavant.fr\/"]}]}},"_links":{"self":[{"href":"https:\/\/footdavant.fr\/actualites\/wp-json\/wp\/v2\/posts\/41085"}],"collection":[{"href":"https:\/\/footdavant.fr\/actualites\/wp-json\/wp\/v2\/posts"}],"about":[{"href":"https:\/\/footdavant.fr\/actualites\/wp-json\/wp\/v2\/types\/post"}],"author":[{"embeddable":true,"href":"https:\/\/footdavant.fr\/actualites\/wp-json\/wp\/v2\/users\/1"}],"replies":[{"embeddable":true,"href":"https:\/\/footdavant.fr\/actualites\/wp-json\/wp\/v2\/comments?post=41085"}],"version-history":[{"count":1,"href":"https:\/\/footdavant.fr\/actualites\/wp-json\/wp\/v2\/posts\/41085\/revisions"}],"predecessor-version":[{"id":41087,"href":"https:\/\/footdavant.fr\/actualites\/wp-json\/wp\/v2\/posts\/41085\/revisions\/41087"}],"wp:featuredmedia":[{"embeddable":true,"href":"https:\/\/footdavant.fr\/actualites\/wp-json\/wp\/v2\/media\/41086"}],"wp:attachment":[{"href":"https:\/\/footdavant.fr\/actualites\/wp-json\/wp\/v2\/media?parent=41085"}],"wp:term":[{"taxonomy":"category","embeddable":true,"href":"https:\/\/footdavant.fr\/actualites\/wp-json\/wp\/v2\/categories?post=41085"},{"taxonomy":"post_tag","embeddable":true,"href":"https:\/\/footdavant.fr\/actualites\/wp-json\/wp\/v2\/tags?post=41085"}],"curies":[{"name":"wp","href":"https:\/\/api.w.org\/{rel}","templated":true}]}}