{"id":41088,"date":"2026-09-01T00:48:02","date_gmt":"2026-08-31T22:48:02","guid":{"rendered":"https:\/\/footdavant.fr\/actualites\/liverpool-a-une-nouvelle-date-pour-le-match-de-la-coupe-carabao-contre-les-spurs\/"},"modified":"2026-09-01T00:48:05","modified_gmt":"2026-08-31T22:48:05","slug":"liverpool-a-une-nouvelle-date-pour-le-match-de-la-coupe-carabao-contre-les-spurs","status":"publish","type":"post","link":"https:\/\/footdavant.fr\/actualites\/liverpool-a-une-nouvelle-date-pour-le-match-de-la-coupe-carabao-contre-les-spurs\/","title":{"rendered":"Liverpool a une nouvelle date pour le match de la Coupe Carabao contre les Spurs"},"content":{"rendered":"<div id=\"article-body\">\n<!-- Article Start --><\/p>\n<p>Liverpool a vu l&#39;un de ses matches de septembre r\u00e9organis\u00e9 avec un peu plus de deux semaines de pr\u00e9avis, dans le cadre d&#39;un effet domino des changements de calendrier.<\/p>\n<p>Le tirage au sort du troisi\u00e8me tour de la Coupe Carabao a donn\u00e9 aux Reds un match nul \u00e0 domicile contre Tottenham Hotspur, initialement pr\u00e9vu pour le mercredi 16 septembre avec un coup d&#39;envoi \u00e0 20 heures.<\/p>\n<p>L&#39;\u00e9quipe d&#39;Andoni Iraola a \u00e9galement d\u00e9couvert ce week-end le calendrier de la phase de championnat de la Ligue des Champions, qui d\u00e9butera contre l&#39;Atletico Madrid \u00e0 Anfield le 9 septembre.<\/p>\n<p>C&#39;est le m\u00eame soir o\u00f9 Everton devait accueillir les Wolves lors de leur match de troisi\u00e8me tour de la Coupe Carabao, mais avec des difficult\u00e9s logistiques emp\u00eachant les deux clubs du Merseyside d&#39;avoir des matches \u00e0 domicile simultan\u00e9s, le calendrier de l&#39;UEFA a contraint l&#39;EFL \u00e0 proc\u00e9der \u00e0 des r\u00e9am\u00e9nagements pour sa propre comp\u00e9tition.<\/p>\n<h2>Liverpool contre Spurs d\u00e9plac\u00e9 \u00e0 une nouvelle date<\/h2>\n<p>Le match de Coupe des Toffees a d\u00e9sormais \u00e9t\u00e9 d\u00e9plac\u00e9 au mercredi suivant (16 septembre), le match de Liverpool contre les Spurs \u00e9tant d\u00fbment avanc\u00e9 de 24 heures pour avoir lieu le mardi 15 avec un coup d&#39;envoi \u00e0 20 heures, comme confirm\u00e9 aujourd&#39;hui vialiverpoolfc.com.<\/p>\n<p>L&#39;EFL a ouvertement critiqu\u00e9 l&#39;instance dirigeante du football europ\u00e9en \u00e0 propos du conflit d&#39;horaire, les condamnant malgr\u00e9 les faits ant\u00e9rieurs (Daily Mail).<\/p>\n<figure id=\"attachment_290000\" aria-describedby=\"caption-attachment-290000\" style=\"width: 713px\" class=\"wp-caption alignnone\"><picture><source type=\"image\/webp\" data- data-><\/source><\/picture><\/figure>\n<\/p>\n<h2>Pas id\u00e9al pour Liverpool ou les supporters des clubs concern\u00e9s<\/h2>\n<p>L&#39;effet domino de ces diff\u00e9rents changements de matches a laiss\u00e9 Liverpool avec un d\u00e9lai encore plus serr\u00e9 entre les matches au cours de la premi\u00e8re quinzaine de septembre, les Reds jouant d\u00e9sormais trois fois en l&#39;espace de sept jours au lieu de huit (bien qu&#39;au moins chacun de ces matchs se d\u00e9roule \u00e0 Anfield).<\/p>\n<p>Pour rendre la situation encore plus frustrante, l&#39;Atletico disputera son match de Liga le samedi du week-end prochain (le n\u00f4tre est vendredi), il n&#39;y a donc aucune raison pour que l&#39;UEFA n&#39;ait pas pu le fixer pour le mardi soir de la premi\u00e8re journ\u00e9e de la Ligue des Champions (8 septembre) plut\u00f4t que le mercredi.<\/p>\n<p>Cela aurait \u00e9vit\u00e9 de devoir reprogrammer les matchs de la Coupe Carabao, \u00e9pargnant ainsi aux fans des clubs impliqu\u00e9s (en particulier les \u00e9quipes \u00e0 l&#39;ext\u00e9rieur) l&#39;inconv\u00e9nient de modifier leurs plans \u00e0 court terme, et aurait \u00e9galement permis \u00e0 Liverpool une belle r\u00e9partition \u00e9gale de quatre jours entre chacun de leurs cinq matchs en septembre.<\/p>\n<p>H\u00e9las, l&#39;\u00e9quipe d&#39;Iraola devra jouer la main qui lui a \u00e9t\u00e9 donn\u00e9e, et le redressement serr\u00e9 verra probablement l&#39;entra\u00eeneur principal proc\u00e9der \u00e0 plusieurs changements de personnel pour le match des Spurs, celui-ci venant dans la comp\u00e9tition qui est susceptible d&#39;\u00eatre consid\u00e9r\u00e9e comme la priorit\u00e9 la plus basse pour le LFC \u00e0 ce stade de la saison.<\/p>\n<p>Les changements de matches \u00e9vitables mettent en lumi\u00e8re un probl\u00e8me plus important dans le football, \u00e0 savoir les impasses g\u00eanantes cr\u00e9\u00e9es par les instances dirigeantes du sport qui imposent des exigences toujours croissantes aux joueurs et cherchent \u00e0 occuper chaque place libre du calendrier dans le but d&#39;avoir plus de matches et, par cons\u00e9quent, plus d&#39;argent.<\/p>\n<p>Non pas qu\u2019ils se soucient un peu de l\u2019argent des supporters fid\u00e8les qui assistent aux matches et qui ont d\u00e9sormais le mal de t\u00eate de r\u00e9organiser leurs plans gr\u00e2ce \u00e0 l\u2019UEFA.<\/p>\n<p><!-- Article End -->\t\t\t\t<\/div>\n","protected":false},"excerpt":{"rendered":"<p>Liverpool a vu l&#39;un de ses matches de septembre r\u00e9organis\u00e9 avec un peu plus de deux semaines de pr\u00e9avis, dans le cadre d&#39;un effet domino<\/p>\n","protected":false},"author":1,"featured_media":41089,"comment_status":"closed","ping_status":"","sticky":false,"template":"","format":"standard","meta":{"footnotes":""},"categories":[3],"tags":[6545,20,1946,391,93,53,257,1850,51,1575,92],"yoast_head":"<!-- This site is optimized with the Yoast SEO plugin v21.0 - https:\/\/yoast.com\/wordpress\/plugins\/seo\/ -->\n<title>Liverpool a une nouvelle date pour le match de la Coupe Carabao contre les Spurs<\/title>\n<meta name=\"robots\" content=\"index, follow, max-snippet:-1, max-image-preview:large, max-video-preview:-1\" \/>\n<link rel=\"canonical\" href=\"https:\/\/footdavant.fr\/actualites\/liverpool-a-une-nouvelle-date-pour-le-match-de-la-coupe-carabao-contre-les-spurs\/\" \/>\n<meta property=\"og:locale\" content=\"fr_FR\" \/>\n<meta property=\"og:type\" content=\"article\" \/>\n<meta property=\"og:title\" content=\"Liverpool a une nouvelle date pour le match de la Coupe Carabao contre les Spurs\" \/>\n<meta property=\"og:description\" content=\"Liverpool a vu l&#039;un de ses matches de septembre r\u00e9organis\u00e9 avec un peu plus de deux semaines de pr\u00e9avis, dans le cadre d&#039;un effet domino\" \/>\n<meta property=\"og:url\" content=\"https:\/\/footdavant.fr\/actualites\/liverpool-a-une-nouvelle-date-pour-le-match-de-la-coupe-carabao-contre-les-spurs\/\" \/>\n<meta property=\"og:site_name\" content=\"Foot d&#039;avant\" \/>\n<meta property=\"article:publisher\" content=\"https:\/\/www.facebook.com\/Footdavant\/\" \/>\n<meta property=\"article:published_time\" content=\"2026-08-31T22:48:02+00:00\" \/>\n<meta property=\"article:modified_time\" content=\"2026-08-31T22:48:05+00:00\" \/>\n<meta property=\"og:image\" content=\"https:\/\/footdavant.fr\/actualites\/wp-content\/uploads\/2026\/09\/1788216484_Liverpool-a-une-nouvelle-date-pour-le-match-de-la.jpg\" \/>\n\t<meta property=\"og:image:width\" content=\"1533\" \/>\n\t<meta property=\"og:image:height\" content=\"861\" \/>\n\t<meta property=\"og:image:type\" content=\"image\/jpeg\" \/>\n<meta name=\"author\" content=\"Cl\u00e9ment\" \/>\n<meta name=\"twitter:card\" content=\"summary_large_image\" \/>\n<meta name=\"twitter:creator\" content=\"@FootdavantFr\" \/>\n<meta name=\"twitter:site\" content=\"@FootdavantFr\" \/>\n<meta name=\"twitter:label1\" content=\"\u00c9crit par\" \/>\n\t<meta name=\"twitter:data1\" content=\"Cl\u00e9ment\" \/>\n\t<meta name=\"twitter:label2\" content=\"Dur\u00e9e de lecture estim\u00e9e\" \/>\n\t<meta name=\"twitter:data2\" content=\"3 minutes\" \/>\n<script type=\"application\/ld+json\" class=\"yoast-schema-graph\">{\"@context\":\"https:\/\/schema.org\",\"@graph\":[{\"@type\":\"Article\",\"@id\":\"https:\/\/footdavant.fr\/actualites\/liverpool-a-une-nouvelle-date-pour-le-match-de-la-coupe-carabao-contre-les-spurs\/#article\",\"isPartOf\":{\"@id\":\"https:\/\/footdavant.fr\/actualites\/liverpool-a-une-nouvelle-date-pour-le-match-de-la-coupe-carabao-contre-les-spurs\/\"},\"author\":{\"name\":\"Cl\u00e9ment\",\"@id\":\"https:\/\/footdavant.fr\/actualites\/#\/schema\/person\/bc222566d95871b37e597b3ed3ba5e1d\"},\"headline\":\"Liverpool a une nouvelle date pour le match de la Coupe Carabao contre les Spurs\",\"datePublished\":\"2026-08-31T22:48:02+00:00\",\"dateModified\":\"2026-08-31T22:48:05+00:00\",\"mainEntityOfPage\":{\"@id\":\"https:\/\/footdavant.fr\/actualites\/liverpool-a-une-nouvelle-date-pour-le-match-de-la-coupe-carabao-contre-les-spurs\/\"},\"wordCount\":617,\"publisher\":{\"@id\":\"https:\/\/footdavant.fr\/actualites\/#organization\"},\"keywords\":[\"Carabao\",\"contre\",\"Coupe\",\"date\",\"les\",\"Liverpool\",\"match\",\"nouvelle\",\"pour\",\"Spurs\",\"une\"],\"articleSection\":[\"Football\"],\"inLanguage\":\"fr-FR\"},{\"@type\":\"WebPage\",\"@id\":\"https:\/\/footdavant.fr\/actualites\/liverpool-a-une-nouvelle-date-pour-le-match-de-la-coupe-carabao-contre-les-spurs\/\",\"url\":\"https:\/\/footdavant.fr\/actualites\/liverpool-a-une-nouvelle-date-pour-le-match-de-la-coupe-carabao-contre-les-spurs\/\",\"name\":\"Liverpool a une nouvelle date pour le match de la Coupe Carabao contre les Spurs\",\"isPartOf\":{\"@id\":\"https:\/\/footdavant.fr\/actualites\/#website\"},\"datePublished\":\"2026-08-31T22:48:02+00:00\",\"dateModified\":\"2026-08-31T22:48:05+00:00\",\"breadcrumb\":{\"@id\":\"https:\/\/footdavant.fr\/actualites\/liverpool-a-une-nouvelle-date-pour-le-match-de-la-coupe-carabao-contre-les-spurs\/#breadcrumb\"},\"inLanguage\":\"fr-FR\",\"potentialAction\":[{\"@type\":\"ReadAction\",\"target\":[\"https:\/\/footdavant.fr\/actualites\/liverpool-a-une-nouvelle-date-pour-le-match-de-la-coupe-carabao-contre-les-spurs\/\"]}]},{\"@type\":\"BreadcrumbList\",\"@id\":\"https:\/\/footdavant.fr\/actualites\/liverpool-a-une-nouvelle-date-pour-le-match-de-la-coupe-carabao-contre-les-spurs\/#breadcrumb\",\"itemListElement\":[{\"@type\":\"ListItem\",\"position\":1,\"name\":\"Accueil\",\"item\":\"https:\/\/footdavant.fr\/actualites\/\"},{\"@type\":\"ListItem\",\"position\":2,\"name\":\"Liverpool a une nouvelle date pour le match de la Coupe Carabao contre les Spurs\"}]},{\"@type\":\"WebSite\",\"@id\":\"https:\/\/footdavant.fr\/actualites\/#website\",\"url\":\"https:\/\/footdavant.fr\/actualites\/\",\"name\":\"Foot d'avant\",\"description\":\"\",\"publisher\":{\"@id\":\"https:\/\/footdavant.fr\/actualites\/#organization\"},\"potentialAction\":[{\"@type\":\"SearchAction\",\"target\":{\"@type\":\"EntryPoint\",\"urlTemplate\":\"https:\/\/footdavant.fr\/actualites\/?s={search_term_string}\"},\"query-input\":\"required name=search_term_string\"}],\"inLanguage\":\"fr-FR\"},{\"@type\":\"Organization\",\"@id\":\"https:\/\/footdavant.fr\/actualites\/#organization\",\"name\":\"Foot d'avant\",\"url\":\"https:\/\/footdavant.fr\/actualites\/\",\"logo\":{\"@type\":\"ImageObject\",\"inLanguage\":\"fr-FR\",\"@id\":\"https:\/\/footdavant.fr\/actualites\/#\/schema\/logo\/image\/\",\"url\":\"https:\/\/footdavant.fr\/actualites\/wp-content\/uploads\/2023\/09\/Copy-of-FootDavant-Logo.png\",\"contentUrl\":\"https:\/\/footdavant.fr\/actualites\/wp-content\/uploads\/2023\/09\/Copy-of-FootDavant-Logo.png\",\"width\":936,\"height\":549,\"caption\":\"Foot d'avant\"},\"image\":{\"@id\":\"https:\/\/footdavant.fr\/actualites\/#\/schema\/logo\/image\/\"},\"sameAs\":[\"https:\/\/www.facebook.com\/Footdavant\/\",\"https:\/\/twitter.com\/FootdavantFr\",\"https:\/\/www.instagram.com\/footdavant.fr\/\"]},{\"@type\":\"Person\",\"@id\":\"https:\/\/footdavant.fr\/actualites\/#\/schema\/person\/bc222566d95871b37e597b3ed3ba5e1d\",\"name\":\"Cl\u00e9ment\",\"image\":{\"@type\":\"ImageObject\",\"inLanguage\":\"fr-FR\",\"@id\":\"https:\/\/footdavant.fr\/actualites\/#\/schema\/person\/image\/\",\"url\":\"https:\/\/secure.gravatar.com\/avatar\/7728b29aac2719421e1a9159b2254c44?s=96&d=mm&r=g\",\"contentUrl\":\"https:\/\/secure.gravatar.com\/avatar\/7728b29aac2719421e1a9159b2254c44?s=96&d=mm&r=g\",\"caption\":\"Cl\u00e9ment\"},\"sameAs\":[\"https:\/\/footdavant.fr\/\"]}]}<\/script>\n<!-- \/ Yoast SEO plugin. -->","yoast_head_json":{"title":"Liverpool a une nouvelle date pour le match de la Coupe Carabao contre les Spurs","robots":{"index":"index","follow":"follow","max-snippet":"max-snippet:-1","max-image-preview":"max-image-preview:large","max-video-preview":"max-video-preview:-1"},"canonical":"https:\/\/footdavant.fr\/actualites\/liverpool-a-une-nouvelle-date-pour-le-match-de-la-coupe-carabao-contre-les-spurs\/","og_locale":"fr_FR","og_type":"article","og_title":"Liverpool a une nouvelle date pour le match de la Coupe Carabao contre les Spurs","og_description":"Liverpool a vu l&#39;un de ses matches de septembre r\u00e9organis\u00e9 avec un peu plus de deux semaines de pr\u00e9avis, dans le cadre d&#39;un effet domino","og_url":"https:\/\/footdavant.fr\/actualites\/liverpool-a-une-nouvelle-date-pour-le-match-de-la-coupe-carabao-contre-les-spurs\/","og_site_name":"Foot d&#039;avant","article_publisher":"https:\/\/www.facebook.com\/Footdavant\/","article_published_time":"2026-08-31T22:48:02+00:00","article_modified_time":"2026-08-31T22:48:05+00:00","og_image":[{"width":1533,"height":861,"url":"https:\/\/footdavant.fr\/actualites\/wp-content\/uploads\/2026\/09\/1788216484_Liverpool-a-une-nouvelle-date-pour-le-match-de-la.jpg","type":"image\/jpeg"}],"author":"Cl\u00e9ment","twitter_card":"summary_large_image","twitter_creator":"@FootdavantFr","twitter_site":"@FootdavantFr","twitter_misc":{"\u00c9crit par":"Cl\u00e9ment","Dur\u00e9e de lecture estim\u00e9e":"3 minutes"},"schema":{"@context":"https:\/\/schema.org","@graph":[{"@type":"Article","@id":"https:\/\/footdavant.fr\/actualites\/liverpool-a-une-nouvelle-date-pour-le-match-de-la-coupe-carabao-contre-les-spurs\/#article","isPartOf":{"@id":"https:\/\/footdavant.fr\/actualites\/liverpool-a-une-nouvelle-date-pour-le-match-de-la-coupe-carabao-contre-les-spurs\/"},"author":{"name":"Cl\u00e9ment","@id":"https:\/\/footdavant.fr\/actualites\/#\/schema\/person\/bc222566d95871b37e597b3ed3ba5e1d"},"headline":"Liverpool a une nouvelle date pour le match de la Coupe Carabao contre les Spurs","datePublished":"2026-08-31T22:48:02+00:00","dateModified":"2026-08-31T22:48:05+00:00","mainEntityOfPage":{"@id":"https:\/\/footdavant.fr\/actualites\/liverpool-a-une-nouvelle-date-pour-le-match-de-la-coupe-carabao-contre-les-spurs\/"},"wordCount":617,"publisher":{"@id":"https:\/\/footdavant.fr\/actualites\/#organization"},"keywords":["Carabao","contre","Coupe","date","les","Liverpool","match","nouvelle","pour","Spurs","une"],"articleSection":["Football"],"inLanguage":"fr-FR"},{"@type":"WebPage","@id":"https:\/\/footdavant.fr\/actualites\/liverpool-a-une-nouvelle-date-pour-le-match-de-la-coupe-carabao-contre-les-spurs\/","url":"https:\/\/footdavant.fr\/actualites\/liverpool-a-une-nouvelle-date-pour-le-match-de-la-coupe-carabao-contre-les-spurs\/","name":"Liverpool a une nouvelle date pour le match de la Coupe Carabao contre les Spurs","isPartOf":{"@id":"https:\/\/footdavant.fr\/actualites\/#website"},"datePublished":"2026-08-31T22:48:02+00:00","dateModified":"2026-08-31T22:48:05+00:00","breadcrumb":{"@id":"https:\/\/footdavant.fr\/actualites\/liverpool-a-une-nouvelle-date-pour-le-match-de-la-coupe-carabao-contre-les-spurs\/#breadcrumb"},"inLanguage":"fr-FR","potentialAction":[{"@type":"ReadAction","target":["https:\/\/footdavant.fr\/actualites\/liverpool-a-une-nouvelle-date-pour-le-match-de-la-coupe-carabao-contre-les-spurs\/"]}]},{"@type":"BreadcrumbList","@id":"https:\/\/footdavant.fr\/actualites\/liverpool-a-une-nouvelle-date-pour-le-match-de-la-coupe-carabao-contre-les-spurs\/#breadcrumb","itemListElement":[{"@type":"ListItem","position":1,"name":"Accueil","item":"https:\/\/footdavant.fr\/actualites\/"},{"@type":"ListItem","position":2,"name":"Liverpool a une nouvelle date pour le match de la Coupe Carabao contre les Spurs"}]},{"@type":"WebSite","@id":"https:\/\/footdavant.fr\/actualites\/#website","url":"https:\/\/footdavant.fr\/actualites\/","name":"Foot d'avant","description":"","publisher":{"@id":"https:\/\/footdavant.fr\/actualites\/#organization"},"potentialAction":[{"@type":"SearchAction","target":{"@type":"EntryPoint","urlTemplate":"https:\/\/footdavant.fr\/actualites\/?s={search_term_string}"},"query-input":"required name=search_term_string"}],"inLanguage":"fr-FR"},{"@type":"Organization","@id":"https:\/\/footdavant.fr\/actualites\/#organization","name":"Foot d'avant","url":"https:\/\/footdavant.fr\/actualites\/","logo":{"@type":"ImageObject","inLanguage":"fr-FR","@id":"https:\/\/footdavant.fr\/actualites\/#\/schema\/logo\/image\/","url":"https:\/\/footdavant.fr\/actualites\/wp-content\/uploads\/2023\/09\/Copy-of-FootDavant-Logo.png","contentUrl":"https:\/\/footdavant.fr\/actualites\/wp-content\/uploads\/2023\/09\/Copy-of-FootDavant-Logo.png","width":936,"height":549,"caption":"Foot d'avant"},"image":{"@id":"https:\/\/footdavant.fr\/actualites\/#\/schema\/logo\/image\/"},"sameAs":["https:\/\/www.facebook.com\/Footdavant\/","https:\/\/twitter.com\/FootdavantFr","https:\/\/www.instagram.com\/footdavant.fr\/"]},{"@type":"Person","@id":"https:\/\/footdavant.fr\/actualites\/#\/schema\/person\/bc222566d95871b37e597b3ed3ba5e1d","name":"Cl\u00e9ment","image":{"@type":"ImageObject","inLanguage":"fr-FR","@id":"https:\/\/footdavant.fr\/actualites\/#\/schema\/person\/image\/","url":"https:\/\/secure.gravatar.com\/avatar\/7728b29aac2719421e1a9159b2254c44?s=96&d=mm&r=g","contentUrl":"https:\/\/secure.gravatar.com\/avatar\/7728b29aac2719421e1a9159b2254c44?s=96&d=mm&r=g","caption":"Cl\u00e9ment"},"sameAs":["https:\/\/footdavant.fr\/"]}]}},"_links":{"self":[{"href":"https:\/\/footdavant.fr\/actualites\/wp-json\/wp\/v2\/posts\/41088"}],"collection":[{"href":"https:\/\/footdavant.fr\/actualites\/wp-json\/wp\/v2\/posts"}],"about":[{"href":"https:\/\/footdavant.fr\/actualites\/wp-json\/wp\/v2\/types\/post"}],"author":[{"embeddable":true,"href":"https:\/\/footdavant.fr\/actualites\/wp-json\/wp\/v2\/users\/1"}],"replies":[{"embeddable":true,"href":"https:\/\/footdavant.fr\/actualites\/wp-json\/wp\/v2\/comments?post=41088"}],"version-history":[{"count":1,"href":"https:\/\/footdavant.fr\/actualites\/wp-json\/wp\/v2\/posts\/41088\/revisions"}],"predecessor-version":[{"id":41090,"href":"https:\/\/footdavant.fr\/actualites\/wp-json\/wp\/v2\/posts\/41088\/revisions\/41090"}],"wp:featuredmedia":[{"embeddable":true,"href":"https:\/\/footdavant.fr\/actualites\/wp-json\/wp\/v2\/media\/41089"}],"wp:attachment":[{"href":"https:\/\/footdavant.fr\/actualites\/wp-json\/wp\/v2\/media?parent=41088"}],"wp:term":[{"taxonomy":"category","embeddable":true,"href":"https:\/\/footdavant.fr\/actualites\/wp-json\/wp\/v2\/categories?post=41088"},{"taxonomy":"post_tag","embeddable":true,"href":"https:\/\/footdavant.fr\/actualites\/wp-json\/wp\/v2\/tags?post=41088"}],"curies":[{"name":"wp","href":"https:\/\/api.w.org\/{rel}","templated":true}]}}