{"id":41091,"date":"2026-09-01T04:48:06","date_gmt":"2026-09-01T02:48:06","guid":{"rendered":"https:\/\/footdavant.fr\/actualites\/saka-salue-la-determination-defensive-darsenal-apres-la-victoire-acharnee-de-villa-sans-le-ballon-nous-etions-incroyables\/"},"modified":"2026-09-01T04:48:11","modified_gmt":"2026-09-01T02:48:11","slug":"saka-salue-la-determination-defensive-darsenal-apres-la-victoire-acharnee-de-villa-sans-le-ballon-nous-etions-incroyables","status":"publish","type":"post","link":"https:\/\/footdavant.fr\/actualites\/saka-salue-la-determination-defensive-darsenal-apres-la-victoire-acharnee-de-villa-sans-le-ballon-nous-etions-incroyables\/","title":{"rendered":"Saka salue la d\u00e9termination d\u00e9fensive d&#39;Arsenal apr\u00e8s la victoire acharn\u00e9e de Villa : \u00ab\u00a0Sans le ballon, nous \u00e9tions incroyables\u00a0\u00bb"},"content":{"rendered":"<div>\n<p>Bukayo Saka a salu\u00e9 le travail d\u00e9fensif d&#39;Arsenal comme le fondement de leur victoire 1-0 \u00e0 Aston Villa lundi jour f\u00e9ri\u00e9, insistant sur le fait que les champions ont montr\u00e9 exactement le genre de r\u00e9silience n\u00e9cessaire pour monter une d\u00e9fense s\u00e9rieuse du titre.<\/p>\n<p>L&#39;arriv\u00e9e \u00e0 bout portant de Saka juste avant l&#39;heure de jeu a fait la diff\u00e9rence entre les \u00e9quipes \u00e0 Villa Park, l&#39;ailier convertissant le centre bas de Riccardo Calafiori apr\u00e8s un mouvement astucieux qui les a lib\u00e9r\u00e9s derri\u00e8re une ligne haute de Villa. <\/p>\n<p>Il s&#39;agissait de la deuxi\u00e8me victoire cons\u00e9cutive d&#39;Arsenal et de la deuxi\u00e8me feuille blanche cons\u00e9cutive pour ouvrir la nouvelle campagne, Mikel Arteta marquant son 250e match de Premier League \u00e0 la t\u00eate du club avec un maximum de points.<\/p>\n<p>\u00ab\u00a0Un match tr\u00e8s, tr\u00e8s difficile. Ce n&#39;est pas facile de venir ici, ils nous ont rendu la t\u00e2che difficile. C&#39;est encore mieux de remporter la victoire\u00a0\u00bb, a d\u00e9clar\u00e9 Saka.<\/p>\n<figure class=\"wp-block-image size-large\"><picture decoding=\"async\" class=\"wp-image-208658\"><source type=\"image\/webp\" data-lazy- \/><img loading=\"lazy\" decoding=\"async\" width=\"1024\" height=\"572\" src=\"https:\/\/footdavant.fr\/actualites\/wp-content\/uploads\/2026\/09\/Saka-salue-la-determination-defensive-d39Arsenal-apres-la-victoire-acharnee.jpg\" alt=\"Cul\"  \/>\n<\/picture>\n<\/figure>\n<p>\u00ab\u00a0La fa\u00e7on dont ils d\u00e9fendent, tr\u00e8s compacts et avec une ligne haute, nous a surpris hors-jeu. Nous avons d\u00fb nous adapter \u00e0 cela. Contrairement \u00e0 ce que nous avons affront\u00e9 la semaine derni\u00e8re, nous n&#39;avons pas pu mettre en \u0153uvre notre sch\u00e9ma offensif.<\/p>\n<p>\u00ab\u00a0Un but nous suffit normalement parce que nous sommes tr\u00e8s solides en d\u00e9fense. Quand nous avons marqu\u00e9 le premier, cela a vraiment ouvert le jeu. Nous voulions pousser pour le deuxi\u00e8me.\u00a0\u00bb<\/p>\n<p>L&#39;ailier a soulign\u00e9 le jeu de l&#39;arri\u00e8re lat\u00e9ral d&#39;Arsenal comme un \u00e9l\u00e9ment cl\u00e9 de sa menace offensive, avant de revenir sur le th\u00e8me de sa performance d\u00e9fensive comme \u00e9l\u00e9ment d\u00e9terminant du match.<\/p>\n<p>\u00ab\u00a0Tous les lat\u00e9raux, leur fa\u00e7on de jouer nous apporte beaucoup. Pour nous, les ailiers, cela nous ouvre le jeu, nous avons toujours du sang-froid dans la surface\u00a0\u00bb, a-t-il d\u00e9clar\u00e9.<\/p>\n<p>\u00ab\u00a0Nous n&#39;\u00e9tions pas \u00e0 notre plus haut niveau avec le ballon. Sans lui, nous avons \u00e9t\u00e9 incroyables. D\u00e8s que nous l&#39;avons perdu, nous avons \u00e9t\u00e9 porteurs de ballon. Nous savions qu&#39;ils aimaient jouer en transition. Tous les gar\u00e7ons ont jou\u00e9 ce soir. Cela aide avec une cage inviol\u00e9e.\u00a0\u00bb<\/p>\n<h2 class=\"wp-block-heading\"><\/h2>\n<p>Villa a offert peu de choses en termes de menace offensive tout au long, ils n&#39;ont enregistr\u00e9 aucun tir cadr\u00e9 lors de l&#39;un ou l&#39;autre de leurs deux premiers matches de Premier League, la premi\u00e8re fois qu&#39;une \u00e9quipe y parvient depuis Swansea City en 2017-18. <\/p>\n<figure class=\"wp-block-image size-large\"><picture decoding=\"async\" class=\"wp-image-203469\"><source type=\"image\/webp\" data-lazy- \/><img loading=\"lazy\" decoding=\"async\" width=\"1024\" height=\"536\" http:=\"\" alt=\"Le manager de football Mikel Arteta regarde \u00e0 sa droite avec un air concentr\u00e9 dans une zone technique d&#39;un stade dans son r\u00f4le d&#39;entra\u00eeneur-chef d&#39;Arsenal tout en portant un polo noir\"  data-lazy- src=\"https:\/\/footdavant.fr\/actualites\/wp-content\/uploads\/2026\/09\/1788230886_853_Saka-salue-la-determination-defensive-d39Arsenal-apres-la-victoire-acharnee.jpg\"\/><img loading=\"lazy\" decoding=\"async\" width=\"1024\" height=\"536\" src=\"https:\/\/footdavant.fr\/actualites\/wp-content\/uploads\/2026\/09\/1788230886_853_Saka-salue-la-determination-defensive-d39Arsenal-apres-la-victoire-acharnee.jpg\" alt=\"Le manager de football Mikel Arteta regarde \u00e0 sa droite avec un air concentr\u00e9 dans une zone technique d&#39;un stade dans son r\u00f4le d&#39;entra\u00eeneur-chef d&#39;Arsenal tout en portant un polo noir\"  \/>\n<\/picture>\n<\/figure>\n<p>Arsenal, cependant, ne pouvait pas se permettre de faire preuve de complaisance face \u00e0 une \u00e9quipe piqu\u00e9 par la d\u00e9faite 4-0 contre Brighton le week-end d&#39;ouverture, et Arteta l&#39;a reconnu.<\/p>\n<p>\u00ab\u00a0C&#39;est un endroit vraiment difficile pour gagner le match. La saison derni\u00e8re, nous avons perdu sur le dernier coup de pied du match. Ils ont \u00e9t\u00e9 bless\u00e9s apr\u00e8s ce qui s&#39;est pass\u00e9 la semaine derni\u00e8re. C&#39;\u00e9tait une belle performance d&#39;\u00e9quipe ce soir\u00a0\u00bb, a-t-il d\u00e9clar\u00e9.<\/p>\n<p>On a demand\u00e9 \u00e0 Arteta si cela repr\u00e9sentait son \u00e9quipe la plus forte de tous les temps en termes de profondeur.<\/p>\n<p>\u00ab\u00a0C&#39;est ce dont nous avons besoin. Les joueurs qui arrivent font la diff\u00e9rence. Tous ont contribu\u00e9 \u00e0 cr\u00e9er plus de domination et plus d&#39;\u00e9lan\u00a0\u00bb, a-t-il d\u00e9clar\u00e9.<\/p>\n<p>\u00ab\u00a0Le niveau de concentration et la mani\u00e8re dont ils veulent contribuer \u00e0 l&#39;\u00e9quipe, cela va \u00eatre d\u00e9cisif cette saison.\u00a0\u00bb<\/p>\n<\/p><\/div>\n","protected":false},"excerpt":{"rendered":"<p>Bukayo Saka a salu\u00e9 le travail d\u00e9fensif d&#39;Arsenal comme le fondement de leur victoire 1-0 \u00e0 Aston Villa lundi jour f\u00e9ri\u00e9, insistant sur le fait<\/p>\n","protected":false},"author":1,"featured_media":41092,"comment_status":"closed","ping_status":"","sticky":false,"template":"","format":"standard","meta":{"footnotes":""},"categories":[3],"tags":[2397,25,148,4221,3539,4815,12595,10464,762,185,193,706,26,370],"yoast_head":"<!-- This site is optimized with the Yoast SEO plugin v21.0 - https:\/\/yoast.com\/wordpress\/plugins\/seo\/ -->\n<title>Saka salue la d\u00e9termination d\u00e9fensive d&#039;Arsenal apr\u00e8s la victoire acharn\u00e9e de Villa : &quot;Sans le ballon, nous \u00e9tions incroyables&quot;<\/title>\n<meta name=\"robots\" content=\"index, follow, max-snippet:-1, max-image-preview:large, max-video-preview:-1\" \/>\n<link rel=\"canonical\" href=\"https:\/\/footdavant.fr\/actualites\/saka-salue-la-determination-defensive-darsenal-apres-la-victoire-acharnee-de-villa-sans-le-ballon-nous-etions-incroyables\/\" \/>\n<meta property=\"og:locale\" content=\"fr_FR\" \/>\n<meta property=\"og:type\" content=\"article\" \/>\n<meta property=\"og:title\" content=\"Saka salue la d\u00e9termination d\u00e9fensive d&#039;Arsenal apr\u00e8s la victoire acharn\u00e9e de Villa : &quot;Sans le ballon, nous \u00e9tions incroyables&quot;\" \/>\n<meta property=\"og:description\" content=\"Bukayo Saka a salu\u00e9 le travail d\u00e9fensif d&#039;Arsenal comme le fondement de leur victoire 1-0 \u00e0 Aston Villa lundi jour f\u00e9ri\u00e9, insistant sur le fait\" \/>\n<meta property=\"og:url\" content=\"https:\/\/footdavant.fr\/actualites\/saka-salue-la-determination-defensive-darsenal-apres-la-victoire-acharnee-de-villa-sans-le-ballon-nous-etions-incroyables\/\" \/>\n<meta property=\"og:site_name\" content=\"Foot d&#039;avant\" \/>\n<meta property=\"article:publisher\" content=\"https:\/\/www.facebook.com\/Footdavant\/\" \/>\n<meta property=\"article:published_time\" content=\"2026-09-01T02:48:06+00:00\" \/>\n<meta property=\"article:modified_time\" content=\"2026-09-01T02:48:11+00:00\" \/>\n<meta property=\"og:image\" content=\"https:\/\/footdavant.fr\/actualites\/wp-content\/uploads\/2026\/09\/1788230889_Saka-salue-la-determination-defensive-d39Arsenal-apres-la-victoire-acharnee.jpg\" \/>\n\t<meta property=\"og:image:width\" content=\"1200\" \/>\n\t<meta property=\"og:image:height\" content=\"675\" \/>\n\t<meta property=\"og:image:type\" content=\"image\/jpeg\" \/>\n<meta name=\"author\" content=\"Cl\u00e9ment\" \/>\n<meta name=\"twitter:card\" content=\"summary_large_image\" \/>\n<meta name=\"twitter:creator\" content=\"@FootdavantFr\" \/>\n<meta name=\"twitter:site\" content=\"@FootdavantFr\" \/>\n<meta name=\"twitter:label1\" content=\"\u00c9crit par\" \/>\n\t<meta name=\"twitter:data1\" content=\"Cl\u00e9ment\" \/>\n\t<meta name=\"twitter:label2\" content=\"Dur\u00e9e de lecture estim\u00e9e\" \/>\n\t<meta name=\"twitter:data2\" content=\"3 minutes\" \/>\n<script type=\"application\/ld+json\" class=\"yoast-schema-graph\">{\"@context\":\"https:\/\/schema.org\",\"@graph\":[{\"@type\":\"Article\",\"@id\":\"https:\/\/footdavant.fr\/actualites\/saka-salue-la-determination-defensive-darsenal-apres-la-victoire-acharnee-de-villa-sans-le-ballon-nous-etions-incroyables\/#article\",\"isPartOf\":{\"@id\":\"https:\/\/footdavant.fr\/actualites\/saka-salue-la-determination-defensive-darsenal-apres-la-victoire-acharnee-de-villa-sans-le-ballon-nous-etions-incroyables\/\"},\"author\":{\"name\":\"Cl\u00e9ment\",\"@id\":\"https:\/\/footdavant.fr\/actualites\/#\/schema\/person\/bc222566d95871b37e597b3ed3ba5e1d\"},\"headline\":\"Saka salue la d\u00e9termination d\u00e9fensive d&#39;Arsenal apr\u00e8s la victoire acharn\u00e9e de Villa : \u00ab\u00a0Sans le ballon, nous \u00e9tions incroyables\u00a0\u00bb\",\"datePublished\":\"2026-09-01T02:48:06+00:00\",\"dateModified\":\"2026-09-01T02:48:11+00:00\",\"mainEntityOfPage\":{\"@id\":\"https:\/\/footdavant.fr\/actualites\/saka-salue-la-determination-defensive-darsenal-apres-la-victoire-acharnee-de-villa-sans-le-ballon-nous-etions-incroyables\/\"},\"wordCount\":617,\"publisher\":{\"@id\":\"https:\/\/footdavant.fr\/actualites\/#organization\"},\"keywords\":[\"acharn\u00e9e\",\"apr\u00e8s\",\"Ballon\",\"d39Arsenal\",\"d\u00e9fensive\",\"d\u00e9termination\",\"\u00e9tions\",\"incroyables\",\"nous\",\"Saka\",\"salue\",\"sans\",\"victoire\",\"Villa\"],\"articleSection\":[\"Football\"],\"inLanguage\":\"fr-FR\"},{\"@type\":\"WebPage\",\"@id\":\"https:\/\/footdavant.fr\/actualites\/saka-salue-la-determination-defensive-darsenal-apres-la-victoire-acharnee-de-villa-sans-le-ballon-nous-etions-incroyables\/\",\"url\":\"https:\/\/footdavant.fr\/actualites\/saka-salue-la-determination-defensive-darsenal-apres-la-victoire-acharnee-de-villa-sans-le-ballon-nous-etions-incroyables\/\",\"name\":\"Saka salue la d\u00e9termination d\u00e9fensive d&#39;Arsenal apr\u00e8s la victoire acharn\u00e9e de Villa : \\\"Sans le ballon, nous \u00e9tions incroyables\\\"\",\"isPartOf\":{\"@id\":\"https:\/\/footdavant.fr\/actualites\/#website\"},\"datePublished\":\"2026-09-01T02:48:06+00:00\",\"dateModified\":\"2026-09-01T02:48:11+00:00\",\"breadcrumb\":{\"@id\":\"https:\/\/footdavant.fr\/actualites\/saka-salue-la-determination-defensive-darsenal-apres-la-victoire-acharnee-de-villa-sans-le-ballon-nous-etions-incroyables\/#breadcrumb\"},\"inLanguage\":\"fr-FR\",\"potentialAction\":[{\"@type\":\"ReadAction\",\"target\":[\"https:\/\/footdavant.fr\/actualites\/saka-salue-la-determination-defensive-darsenal-apres-la-victoire-acharnee-de-villa-sans-le-ballon-nous-etions-incroyables\/\"]}]},{\"@type\":\"BreadcrumbList\",\"@id\":\"https:\/\/footdavant.fr\/actualites\/saka-salue-la-determination-defensive-darsenal-apres-la-victoire-acharnee-de-villa-sans-le-ballon-nous-etions-incroyables\/#breadcrumb\",\"itemListElement\":[{\"@type\":\"ListItem\",\"position\":1,\"name\":\"Accueil\",\"item\":\"https:\/\/footdavant.fr\/actualites\/\"},{\"@type\":\"ListItem\",\"position\":2,\"name\":\"Saka salue la d\u00e9termination d\u00e9fensive d&#39;Arsenal apr\u00e8s la victoire acharn\u00e9e de Villa : \u00ab\u00a0Sans le ballon, nous \u00e9tions incroyables\u00a0\u00bb\"}]},{\"@type\":\"WebSite\",\"@id\":\"https:\/\/footdavant.fr\/actualites\/#website\",\"url\":\"https:\/\/footdavant.fr\/actualites\/\",\"name\":\"Foot d'avant\",\"description\":\"\",\"publisher\":{\"@id\":\"https:\/\/footdavant.fr\/actualites\/#organization\"},\"potentialAction\":[{\"@type\":\"SearchAction\",\"target\":{\"@type\":\"EntryPoint\",\"urlTemplate\":\"https:\/\/footdavant.fr\/actualites\/?s={search_term_string}\"},\"query-input\":\"required name=search_term_string\"}],\"inLanguage\":\"fr-FR\"},{\"@type\":\"Organization\",\"@id\":\"https:\/\/footdavant.fr\/actualites\/#organization\",\"name\":\"Foot d'avant\",\"url\":\"https:\/\/footdavant.fr\/actualites\/\",\"logo\":{\"@type\":\"ImageObject\",\"inLanguage\":\"fr-FR\",\"@id\":\"https:\/\/footdavant.fr\/actualites\/#\/schema\/logo\/image\/\",\"url\":\"https:\/\/footdavant.fr\/actualites\/wp-content\/uploads\/2023\/09\/Copy-of-FootDavant-Logo.png\",\"contentUrl\":\"https:\/\/footdavant.fr\/actualites\/wp-content\/uploads\/2023\/09\/Copy-of-FootDavant-Logo.png\",\"width\":936,\"height\":549,\"caption\":\"Foot d'avant\"},\"image\":{\"@id\":\"https:\/\/footdavant.fr\/actualites\/#\/schema\/logo\/image\/\"},\"sameAs\":[\"https:\/\/www.facebook.com\/Footdavant\/\",\"https:\/\/twitter.com\/FootdavantFr\",\"https:\/\/www.instagram.com\/footdavant.fr\/\"]},{\"@type\":\"Person\",\"@id\":\"https:\/\/footdavant.fr\/actualites\/#\/schema\/person\/bc222566d95871b37e597b3ed3ba5e1d\",\"name\":\"Cl\u00e9ment\",\"image\":{\"@type\":\"ImageObject\",\"inLanguage\":\"fr-FR\",\"@id\":\"https:\/\/footdavant.fr\/actualites\/#\/schema\/person\/image\/\",\"url\":\"https:\/\/secure.gravatar.com\/avatar\/7728b29aac2719421e1a9159b2254c44?s=96&d=mm&r=g\",\"contentUrl\":\"https:\/\/secure.gravatar.com\/avatar\/7728b29aac2719421e1a9159b2254c44?s=96&d=mm&r=g\",\"caption\":\"Cl\u00e9ment\"},\"sameAs\":[\"https:\/\/footdavant.fr\/\"]}]}<\/script>\n<!-- \/ Yoast SEO plugin. -->","yoast_head_json":{"title":"Saka salue la d\u00e9termination d\u00e9fensive d&#39;Arsenal apr\u00e8s la victoire acharn\u00e9e de Villa : \"Sans le ballon, nous \u00e9tions incroyables\"","robots":{"index":"index","follow":"follow","max-snippet":"max-snippet:-1","max-image-preview":"max-image-preview:large","max-video-preview":"max-video-preview:-1"},"canonical":"https:\/\/footdavant.fr\/actualites\/saka-salue-la-determination-defensive-darsenal-apres-la-victoire-acharnee-de-villa-sans-le-ballon-nous-etions-incroyables\/","og_locale":"fr_FR","og_type":"article","og_title":"Saka salue la d\u00e9termination d\u00e9fensive d&#39;Arsenal apr\u00e8s la victoire acharn\u00e9e de Villa : \"Sans le ballon, nous \u00e9tions incroyables\"","og_description":"Bukayo Saka a salu\u00e9 le travail d\u00e9fensif d&#39;Arsenal comme le fondement de leur victoire 1-0 \u00e0 Aston Villa lundi jour f\u00e9ri\u00e9, insistant sur le fait","og_url":"https:\/\/footdavant.fr\/actualites\/saka-salue-la-determination-defensive-darsenal-apres-la-victoire-acharnee-de-villa-sans-le-ballon-nous-etions-incroyables\/","og_site_name":"Foot d&#039;avant","article_publisher":"https:\/\/www.facebook.com\/Footdavant\/","article_published_time":"2026-09-01T02:48:06+00:00","article_modified_time":"2026-09-01T02:48:11+00:00","og_image":[{"width":1200,"height":675,"url":"https:\/\/footdavant.fr\/actualites\/wp-content\/uploads\/2026\/09\/1788230889_Saka-salue-la-determination-defensive-d39Arsenal-apres-la-victoire-acharnee.jpg","type":"image\/jpeg"}],"author":"Cl\u00e9ment","twitter_card":"summary_large_image","twitter_creator":"@FootdavantFr","twitter_site":"@FootdavantFr","twitter_misc":{"\u00c9crit par":"Cl\u00e9ment","Dur\u00e9e de lecture estim\u00e9e":"3 minutes"},"schema":{"@context":"https:\/\/schema.org","@graph":[{"@type":"Article","@id":"https:\/\/footdavant.fr\/actualites\/saka-salue-la-determination-defensive-darsenal-apres-la-victoire-acharnee-de-villa-sans-le-ballon-nous-etions-incroyables\/#article","isPartOf":{"@id":"https:\/\/footdavant.fr\/actualites\/saka-salue-la-determination-defensive-darsenal-apres-la-victoire-acharnee-de-villa-sans-le-ballon-nous-etions-incroyables\/"},"author":{"name":"Cl\u00e9ment","@id":"https:\/\/footdavant.fr\/actualites\/#\/schema\/person\/bc222566d95871b37e597b3ed3ba5e1d"},"headline":"Saka salue la d\u00e9termination d\u00e9fensive d&#39;Arsenal apr\u00e8s la victoire acharn\u00e9e de Villa : \u00ab\u00a0Sans le ballon, nous \u00e9tions incroyables\u00a0\u00bb","datePublished":"2026-09-01T02:48:06+00:00","dateModified":"2026-09-01T02:48:11+00:00","mainEntityOfPage":{"@id":"https:\/\/footdavant.fr\/actualites\/saka-salue-la-determination-defensive-darsenal-apres-la-victoire-acharnee-de-villa-sans-le-ballon-nous-etions-incroyables\/"},"wordCount":617,"publisher":{"@id":"https:\/\/footdavant.fr\/actualites\/#organization"},"keywords":["acharn\u00e9e","apr\u00e8s","Ballon","d39Arsenal","d\u00e9fensive","d\u00e9termination","\u00e9tions","incroyables","nous","Saka","salue","sans","victoire","Villa"],"articleSection":["Football"],"inLanguage":"fr-FR"},{"@type":"WebPage","@id":"https:\/\/footdavant.fr\/actualites\/saka-salue-la-determination-defensive-darsenal-apres-la-victoire-acharnee-de-villa-sans-le-ballon-nous-etions-incroyables\/","url":"https:\/\/footdavant.fr\/actualites\/saka-salue-la-determination-defensive-darsenal-apres-la-victoire-acharnee-de-villa-sans-le-ballon-nous-etions-incroyables\/","name":"Saka salue la d\u00e9termination d\u00e9fensive d&#39;Arsenal apr\u00e8s la victoire acharn\u00e9e de Villa : \"Sans le ballon, nous \u00e9tions incroyables\"","isPartOf":{"@id":"https:\/\/footdavant.fr\/actualites\/#website"},"datePublished":"2026-09-01T02:48:06+00:00","dateModified":"2026-09-01T02:48:11+00:00","breadcrumb":{"@id":"https:\/\/footdavant.fr\/actualites\/saka-salue-la-determination-defensive-darsenal-apres-la-victoire-acharnee-de-villa-sans-le-ballon-nous-etions-incroyables\/#breadcrumb"},"inLanguage":"fr-FR","potentialAction":[{"@type":"ReadAction","target":["https:\/\/footdavant.fr\/actualites\/saka-salue-la-determination-defensive-darsenal-apres-la-victoire-acharnee-de-villa-sans-le-ballon-nous-etions-incroyables\/"]}]},{"@type":"BreadcrumbList","@id":"https:\/\/footdavant.fr\/actualites\/saka-salue-la-determination-defensive-darsenal-apres-la-victoire-acharnee-de-villa-sans-le-ballon-nous-etions-incroyables\/#breadcrumb","itemListElement":[{"@type":"ListItem","position":1,"name":"Accueil","item":"https:\/\/footdavant.fr\/actualites\/"},{"@type":"ListItem","position":2,"name":"Saka salue la d\u00e9termination d\u00e9fensive d&#39;Arsenal apr\u00e8s la victoire acharn\u00e9e de Villa : \u00ab\u00a0Sans le ballon, nous \u00e9tions incroyables\u00a0\u00bb"}]},{"@type":"WebSite","@id":"https:\/\/footdavant.fr\/actualites\/#website","url":"https:\/\/footdavant.fr\/actualites\/","name":"Foot d'avant","description":"","publisher":{"@id":"https:\/\/footdavant.fr\/actualites\/#organization"},"potentialAction":[{"@type":"SearchAction","target":{"@type":"EntryPoint","urlTemplate":"https:\/\/footdavant.fr\/actualites\/?s={search_term_string}"},"query-input":"required name=search_term_string"}],"inLanguage":"fr-FR"},{"@type":"Organization","@id":"https:\/\/footdavant.fr\/actualites\/#organization","name":"Foot d'avant","url":"https:\/\/footdavant.fr\/actualites\/","logo":{"@type":"ImageObject","inLanguage":"fr-FR","@id":"https:\/\/footdavant.fr\/actualites\/#\/schema\/logo\/image\/","url":"https:\/\/footdavant.fr\/actualites\/wp-content\/uploads\/2023\/09\/Copy-of-FootDavant-Logo.png","contentUrl":"https:\/\/footdavant.fr\/actualites\/wp-content\/uploads\/2023\/09\/Copy-of-FootDavant-Logo.png","width":936,"height":549,"caption":"Foot d'avant"},"image":{"@id":"https:\/\/footdavant.fr\/actualites\/#\/schema\/logo\/image\/"},"sameAs":["https:\/\/www.facebook.com\/Footdavant\/","https:\/\/twitter.com\/FootdavantFr","https:\/\/www.instagram.com\/footdavant.fr\/"]},{"@type":"Person","@id":"https:\/\/footdavant.fr\/actualites\/#\/schema\/person\/bc222566d95871b37e597b3ed3ba5e1d","name":"Cl\u00e9ment","image":{"@type":"ImageObject","inLanguage":"fr-FR","@id":"https:\/\/footdavant.fr\/actualites\/#\/schema\/person\/image\/","url":"https:\/\/secure.gravatar.com\/avatar\/7728b29aac2719421e1a9159b2254c44?s=96&d=mm&r=g","contentUrl":"https:\/\/secure.gravatar.com\/avatar\/7728b29aac2719421e1a9159b2254c44?s=96&d=mm&r=g","caption":"Cl\u00e9ment"},"sameAs":["https:\/\/footdavant.fr\/"]}]}},"_links":{"self":[{"href":"https:\/\/footdavant.fr\/actualites\/wp-json\/wp\/v2\/posts\/41091"}],"collection":[{"href":"https:\/\/footdavant.fr\/actualites\/wp-json\/wp\/v2\/posts"}],"about":[{"href":"https:\/\/footdavant.fr\/actualites\/wp-json\/wp\/v2\/types\/post"}],"author":[{"embeddable":true,"href":"https:\/\/footdavant.fr\/actualites\/wp-json\/wp\/v2\/users\/1"}],"replies":[{"embeddable":true,"href":"https:\/\/footdavant.fr\/actualites\/wp-json\/wp\/v2\/comments?post=41091"}],"version-history":[{"count":1,"href":"https:\/\/footdavant.fr\/actualites\/wp-json\/wp\/v2\/posts\/41091\/revisions"}],"predecessor-version":[{"id":41093,"href":"https:\/\/footdavant.fr\/actualites\/wp-json\/wp\/v2\/posts\/41091\/revisions\/41093"}],"wp:featuredmedia":[{"embeddable":true,"href":"https:\/\/footdavant.fr\/actualites\/wp-json\/wp\/v2\/media\/41092"}],"wp:attachment":[{"href":"https:\/\/footdavant.fr\/actualites\/wp-json\/wp\/v2\/media?parent=41091"}],"wp:term":[{"taxonomy":"category","embeddable":true,"href":"https:\/\/footdavant.fr\/actualites\/wp-json\/wp\/v2\/categories?post=41091"},{"taxonomy":"post_tag","embeddable":true,"href":"https:\/\/footdavant.fr\/actualites\/wp-json\/wp\/v2\/tags?post=41091"}],"curies":[{"name":"wp","href":"https:\/\/api.w.org\/{rel}","templated":true}]}}