{"id":41108,"date":"2026-09-02T04:48:05","date_gmt":"2026-09-02T02:48:05","guid":{"rendered":"https:\/\/footdavant.fr\/actualites\/chelsea-furieux-alors-que-monaco-rompt-laccord-pour-le-milieu-de-terrain\/"},"modified":"2026-09-02T04:48:11","modified_gmt":"2026-09-02T02:48:11","slug":"chelsea-furieux-alors-que-monaco-rompt-laccord-pour-le-milieu-de-terrain","status":"publish","type":"post","link":"https:\/\/footdavant.fr\/actualites\/chelsea-furieux-alors-que-monaco-rompt-laccord-pour-le-milieu-de-terrain\/","title":{"rendered":"Chelsea \u00ab\u00a0furieux\u00a0\u00bb alors que Monaco rompt l&#39;accord pour le milieu de terrain"},"content":{"rendered":"<div>\n<p><b><i>Des sc\u00e8nes sensationnelles sur le march\u00e9 des transferts ce soir ont vu Chelsea conclure un accord pour Lamine Camara puis le voir annul\u00e9.<\/i><\/b><\/p>\n<\/p>\n<p>Ouah. Dans un Deadline Day rempli de drames incroyables, il y a eu un dernier rebondissement.<\/p>\n<p>L\u2019histoire du jour \u00e0 Chelsea, comme pr\u00e9vu, s\u2019est d\u00e9roul\u00e9e au milieu de terrain. Le mouvement d&#39;Enzo Fernandez s&#39;est avanc\u00e9 et a finalement \u00e9t\u00e9 confirm\u00e9 avec environ 5 heures restantes.<\/p>\n<p>La poursuite de Lamine Camara par Chelsea est alors devenue tr\u00e8s s\u00e9rieuse, un accord a \u00e9t\u00e9 relanc\u00e9 et confirm\u00e9 par tous les grands noms du jeu des transferts. De nombreux fans \u00e9taient ravis qu&#39;un renfort indispensable au milieu de terrain ait \u00e9t\u00e9 apport\u00e9. Les vid\u00e9os de bienvenue \u00e0 Chelsea \u00e9taient omnipr\u00e9sentes dans la chronologie.<\/p>\n<p>Mais Fabrizio Romano vient de l\u00e2cher la bombe : l&#39;affaire est rat\u00e9e.<\/p>\n<h2>Chelsea furieux de la d\u00e9cision tardive de Monaco<\/h2>\n<figure id=\"attachment_55043\" aria-describedby=\"caption-attachment-55043\" style=\"width: 2560px\" class=\"wp-caption aligncenter\"><\/figure>\n<p>Romano dit que Monaco a annul\u00e9 l&#39;accord malgr\u00e9 un accord \u00e9crit entre le club. La vente de Folarin Balogun \u00e0 Everton a r\u00e9duit le besoin de liquidit\u00e9s imm\u00e9diat de l&#39;\u00e9quipe de Ligue 1, qui a donc d\u00e9cid\u00e9 de se retirer.<\/p>\n<p>Selon l&#39;initi\u00e9 du transfert, Chelsea est \u00ab\u00a0furieux\u00a0\u00bb et a qualifi\u00e9 la d\u00e9cision de Monaco de \u00ab\u00a0fa\u00e7on profond\u00e9ment peu professionnelle de faire des affaires\u00a0\u00bb.<\/p>\n<p>Cela les laisse \u00e0 court de personnel \u2013 mais ils savaient tout l\u2019\u00e9t\u00e9 qu\u2019un d\u00e9m\u00e9nagement d\u2019Enzo \u00e9tait probable et se sont quand m\u00eame retrouv\u00e9s dans cette situation. Bien s\u00fbr, le retrait de Monaco leur a co\u00fbt\u00e9 cher \u2013 mais l\u2019accord aurait pu \u00eatre conclu hier.<\/p>\n<blockquote class=\"twitter-tweet\" data-width=\"550\" data-dnt=\"true\">\n<p lang=\"en\" dir=\"ltr\">\ud83d\udea8\ud83d\udea8 RUPTURE : DEAL LAMINE CAMARA OFF.<\/p>\n<p>L&#39;AS Monaco annule l&#39;accord Lamine Camara-Chelsea apr\u00e8s un accord \u00e9crit entre les clubs, alors qu&#39;ils proc\u00e8dent \u00e0 la vente de Balogun \u00e0 Everton.<\/p>\n<p>\u26a0\ufe0f Chelsea est FURIEUX car il s&#39;agit d&#39;une mani\u00e8re profond\u00e9ment peu professionnelle de faire des affaires. <a rel=\"nofollow\" href=\"https:\/\/t.co\/fKvKSoAUig\">pic.twitter.com\/fKvKSoAUig<\/a><\/p>\n<p>\u2013 Fabrizio Romano (@FabrizioRomano) 1er septembre 2026<\/p>\n<\/blockquote>\n<h2>Dans d\u2019autres actualit\u00e9s\u2026<\/h2>\n<p>Un accord que Chelsea a r\u00e9ussi a consist\u00e9 \u00e0 vendre Deivid Washington \u00e0 son club s\u0153ur.<\/p>\n<p>Dario Essugo a obtenu un pr\u00eat d&#39;une saison au club fr\u00e8re de Chelsea, Strasbourg.<\/p>\n<\/p><\/div>\n<p><script async src=\"https:\/\/platform.twitter.com\/widgets.js\" charset=\"utf-8\"><\/script><\/p>\n","protected":false},"excerpt":{"rendered":"<p>Des sc\u00e8nes sensationnelles sur le march\u00e9 des transferts ce soir ont vu Chelsea conclure un accord pour Lamine Camara puis le voir annul\u00e9. Ouah. Dans<\/p>\n","protected":false},"author":1,"featured_media":41109,"comment_status":"closed","ping_status":"","sticky":false,"template":"","format":"standard","meta":{"footnotes":""},"categories":[3],"tags":[318,171,548,4350,441,2808,51,6427,442],"yoast_head":"<!-- This site is optimized with the Yoast SEO plugin v21.0 - https:\/\/yoast.com\/wordpress\/plugins\/seo\/ -->\n<title>Chelsea &quot;furieux&quot; alors que Monaco rompt l&#039;accord pour le milieu de terrain<\/title>\n<meta name=\"robots\" content=\"index, follow, max-snippet:-1, max-image-preview:large, max-video-preview:-1\" \/>\n<link rel=\"canonical\" href=\"https:\/\/footdavant.fr\/actualites\/chelsea-furieux-alors-que-monaco-rompt-laccord-pour-le-milieu-de-terrain\/\" \/>\n<meta property=\"og:locale\" content=\"fr_FR\" \/>\n<meta property=\"og:type\" content=\"article\" \/>\n<meta property=\"og:title\" content=\"Chelsea &quot;furieux&quot; alors que Monaco rompt l&#039;accord pour le milieu de terrain\" \/>\n<meta property=\"og:description\" content=\"Des sc\u00e8nes sensationnelles sur le march\u00e9 des transferts ce soir ont vu Chelsea conclure un accord pour Lamine Camara puis le voir annul\u00e9. Ouah. Dans\" \/>\n<meta property=\"og:url\" content=\"https:\/\/footdavant.fr\/actualites\/chelsea-furieux-alors-que-monaco-rompt-laccord-pour-le-milieu-de-terrain\/\" \/>\n<meta property=\"og:site_name\" content=\"Foot d&#039;avant\" \/>\n<meta property=\"article:publisher\" content=\"https:\/\/www.facebook.com\/Footdavant\/\" \/>\n<meta property=\"article:published_time\" content=\"2026-09-02T02:48:05+00:00\" \/>\n<meta property=\"article:modified_time\" content=\"2026-09-02T02:48:11+00:00\" \/>\n<meta property=\"og:image\" content=\"https:\/\/footdavant.fr\/actualites\/wp-content\/uploads\/2026\/09\/1788317287_Chelsea-furieux-alors-que-Monaco-rompt-l39accord-pour-le-milieu.jpg\" \/>\n\t<meta property=\"og:image:width\" content=\"2560\" \/>\n\t<meta property=\"og:image:height\" content=\"1869\" \/>\n\t<meta property=\"og:image:type\" content=\"image\/jpeg\" \/>\n<meta name=\"author\" content=\"Cl\u00e9ment\" \/>\n<meta name=\"twitter:card\" content=\"summary_large_image\" \/>\n<meta name=\"twitter:creator\" content=\"@FootdavantFr\" \/>\n<meta name=\"twitter:site\" content=\"@FootdavantFr\" \/>\n<meta name=\"twitter:label1\" content=\"\u00c9crit par\" \/>\n\t<meta name=\"twitter:data1\" content=\"Cl\u00e9ment\" \/>\n\t<meta name=\"twitter:label2\" content=\"Dur\u00e9e de lecture estim\u00e9e\" \/>\n\t<meta name=\"twitter:data2\" content=\"2 minutes\" \/>\n<script type=\"application\/ld+json\" class=\"yoast-schema-graph\">{\"@context\":\"https:\/\/schema.org\",\"@graph\":[{\"@type\":\"Article\",\"@id\":\"https:\/\/footdavant.fr\/actualites\/chelsea-furieux-alors-que-monaco-rompt-laccord-pour-le-milieu-de-terrain\/#article\",\"isPartOf\":{\"@id\":\"https:\/\/footdavant.fr\/actualites\/chelsea-furieux-alors-que-monaco-rompt-laccord-pour-le-milieu-de-terrain\/\"},\"author\":{\"name\":\"Cl\u00e9ment\",\"@id\":\"https:\/\/footdavant.fr\/actualites\/#\/schema\/person\/bc222566d95871b37e597b3ed3ba5e1d\"},\"headline\":\"Chelsea \u00ab\u00a0furieux\u00a0\u00bb alors que Monaco rompt l&#39;accord pour le milieu de terrain\",\"datePublished\":\"2026-09-02T02:48:05+00:00\",\"dateModified\":\"2026-09-02T02:48:11+00:00\",\"mainEntityOfPage\":{\"@id\":\"https:\/\/footdavant.fr\/actualites\/chelsea-furieux-alors-que-monaco-rompt-laccord-pour-le-milieu-de-terrain\/\"},\"wordCount\":388,\"publisher\":{\"@id\":\"https:\/\/footdavant.fr\/actualites\/#organization\"},\"keywords\":[\"alors\",\"Chelsea\",\"furieux\",\"l39accord\",\"milieu\",\"Monaco\",\"pour\",\"rompt\",\"terrain\"],\"articleSection\":[\"Football\"],\"inLanguage\":\"fr-FR\"},{\"@type\":\"WebPage\",\"@id\":\"https:\/\/footdavant.fr\/actualites\/chelsea-furieux-alors-que-monaco-rompt-laccord-pour-le-milieu-de-terrain\/\",\"url\":\"https:\/\/footdavant.fr\/actualites\/chelsea-furieux-alors-que-monaco-rompt-laccord-pour-le-milieu-de-terrain\/\",\"name\":\"Chelsea \\\"furieux\\\" alors que Monaco rompt l&#39;accord pour le milieu de terrain\",\"isPartOf\":{\"@id\":\"https:\/\/footdavant.fr\/actualites\/#website\"},\"datePublished\":\"2026-09-02T02:48:05+00:00\",\"dateModified\":\"2026-09-02T02:48:11+00:00\",\"breadcrumb\":{\"@id\":\"https:\/\/footdavant.fr\/actualites\/chelsea-furieux-alors-que-monaco-rompt-laccord-pour-le-milieu-de-terrain\/#breadcrumb\"},\"inLanguage\":\"fr-FR\",\"potentialAction\":[{\"@type\":\"ReadAction\",\"target\":[\"https:\/\/footdavant.fr\/actualites\/chelsea-furieux-alors-que-monaco-rompt-laccord-pour-le-milieu-de-terrain\/\"]}]},{\"@type\":\"BreadcrumbList\",\"@id\":\"https:\/\/footdavant.fr\/actualites\/chelsea-furieux-alors-que-monaco-rompt-laccord-pour-le-milieu-de-terrain\/#breadcrumb\",\"itemListElement\":[{\"@type\":\"ListItem\",\"position\":1,\"name\":\"Accueil\",\"item\":\"https:\/\/footdavant.fr\/actualites\/\"},{\"@type\":\"ListItem\",\"position\":2,\"name\":\"Chelsea \u00ab\u00a0furieux\u00a0\u00bb alors que Monaco rompt l&#39;accord pour le milieu de terrain\"}]},{\"@type\":\"WebSite\",\"@id\":\"https:\/\/footdavant.fr\/actualites\/#website\",\"url\":\"https:\/\/footdavant.fr\/actualites\/\",\"name\":\"Foot d'avant\",\"description\":\"\",\"publisher\":{\"@id\":\"https:\/\/footdavant.fr\/actualites\/#organization\"},\"potentialAction\":[{\"@type\":\"SearchAction\",\"target\":{\"@type\":\"EntryPoint\",\"urlTemplate\":\"https:\/\/footdavant.fr\/actualites\/?s={search_term_string}\"},\"query-input\":\"required name=search_term_string\"}],\"inLanguage\":\"fr-FR\"},{\"@type\":\"Organization\",\"@id\":\"https:\/\/footdavant.fr\/actualites\/#organization\",\"name\":\"Foot d'avant\",\"url\":\"https:\/\/footdavant.fr\/actualites\/\",\"logo\":{\"@type\":\"ImageObject\",\"inLanguage\":\"fr-FR\",\"@id\":\"https:\/\/footdavant.fr\/actualites\/#\/schema\/logo\/image\/\",\"url\":\"https:\/\/footdavant.fr\/actualites\/wp-content\/uploads\/2023\/09\/Copy-of-FootDavant-Logo.png\",\"contentUrl\":\"https:\/\/footdavant.fr\/actualites\/wp-content\/uploads\/2023\/09\/Copy-of-FootDavant-Logo.png\",\"width\":936,\"height\":549,\"caption\":\"Foot d'avant\"},\"image\":{\"@id\":\"https:\/\/footdavant.fr\/actualites\/#\/schema\/logo\/image\/\"},\"sameAs\":[\"https:\/\/www.facebook.com\/Footdavant\/\",\"https:\/\/twitter.com\/FootdavantFr\",\"https:\/\/www.instagram.com\/footdavant.fr\/\"]},{\"@type\":\"Person\",\"@id\":\"https:\/\/footdavant.fr\/actualites\/#\/schema\/person\/bc222566d95871b37e597b3ed3ba5e1d\",\"name\":\"Cl\u00e9ment\",\"image\":{\"@type\":\"ImageObject\",\"inLanguage\":\"fr-FR\",\"@id\":\"https:\/\/footdavant.fr\/actualites\/#\/schema\/person\/image\/\",\"url\":\"https:\/\/secure.gravatar.com\/avatar\/7728b29aac2719421e1a9159b2254c44?s=96&d=mm&r=g\",\"contentUrl\":\"https:\/\/secure.gravatar.com\/avatar\/7728b29aac2719421e1a9159b2254c44?s=96&d=mm&r=g\",\"caption\":\"Cl\u00e9ment\"},\"sameAs\":[\"https:\/\/footdavant.fr\/\"]}]}<\/script>\n<!-- \/ Yoast SEO plugin. -->","yoast_head_json":{"title":"Chelsea \"furieux\" alors que Monaco rompt l&#39;accord pour le milieu de terrain","robots":{"index":"index","follow":"follow","max-snippet":"max-snippet:-1","max-image-preview":"max-image-preview:large","max-video-preview":"max-video-preview:-1"},"canonical":"https:\/\/footdavant.fr\/actualites\/chelsea-furieux-alors-que-monaco-rompt-laccord-pour-le-milieu-de-terrain\/","og_locale":"fr_FR","og_type":"article","og_title":"Chelsea \"furieux\" alors que Monaco rompt l&#39;accord pour le milieu de terrain","og_description":"Des sc\u00e8nes sensationnelles sur le march\u00e9 des transferts ce soir ont vu Chelsea conclure un accord pour Lamine Camara puis le voir annul\u00e9. Ouah. Dans","og_url":"https:\/\/footdavant.fr\/actualites\/chelsea-furieux-alors-que-monaco-rompt-laccord-pour-le-milieu-de-terrain\/","og_site_name":"Foot d&#039;avant","article_publisher":"https:\/\/www.facebook.com\/Footdavant\/","article_published_time":"2026-09-02T02:48:05+00:00","article_modified_time":"2026-09-02T02:48:11+00:00","og_image":[{"width":2560,"height":1869,"url":"https:\/\/footdavant.fr\/actualites\/wp-content\/uploads\/2026\/09\/1788317287_Chelsea-furieux-alors-que-Monaco-rompt-l39accord-pour-le-milieu.jpg","type":"image\/jpeg"}],"author":"Cl\u00e9ment","twitter_card":"summary_large_image","twitter_creator":"@FootdavantFr","twitter_site":"@FootdavantFr","twitter_misc":{"\u00c9crit par":"Cl\u00e9ment","Dur\u00e9e de lecture estim\u00e9e":"2 minutes"},"schema":{"@context":"https:\/\/schema.org","@graph":[{"@type":"Article","@id":"https:\/\/footdavant.fr\/actualites\/chelsea-furieux-alors-que-monaco-rompt-laccord-pour-le-milieu-de-terrain\/#article","isPartOf":{"@id":"https:\/\/footdavant.fr\/actualites\/chelsea-furieux-alors-que-monaco-rompt-laccord-pour-le-milieu-de-terrain\/"},"author":{"name":"Cl\u00e9ment","@id":"https:\/\/footdavant.fr\/actualites\/#\/schema\/person\/bc222566d95871b37e597b3ed3ba5e1d"},"headline":"Chelsea \u00ab\u00a0furieux\u00a0\u00bb alors que Monaco rompt l&#39;accord pour le milieu de terrain","datePublished":"2026-09-02T02:48:05+00:00","dateModified":"2026-09-02T02:48:11+00:00","mainEntityOfPage":{"@id":"https:\/\/footdavant.fr\/actualites\/chelsea-furieux-alors-que-monaco-rompt-laccord-pour-le-milieu-de-terrain\/"},"wordCount":388,"publisher":{"@id":"https:\/\/footdavant.fr\/actualites\/#organization"},"keywords":["alors","Chelsea","furieux","l39accord","milieu","Monaco","pour","rompt","terrain"],"articleSection":["Football"],"inLanguage":"fr-FR"},{"@type":"WebPage","@id":"https:\/\/footdavant.fr\/actualites\/chelsea-furieux-alors-que-monaco-rompt-laccord-pour-le-milieu-de-terrain\/","url":"https:\/\/footdavant.fr\/actualites\/chelsea-furieux-alors-que-monaco-rompt-laccord-pour-le-milieu-de-terrain\/","name":"Chelsea \"furieux\" alors que Monaco rompt l&#39;accord pour le milieu de terrain","isPartOf":{"@id":"https:\/\/footdavant.fr\/actualites\/#website"},"datePublished":"2026-09-02T02:48:05+00:00","dateModified":"2026-09-02T02:48:11+00:00","breadcrumb":{"@id":"https:\/\/footdavant.fr\/actualites\/chelsea-furieux-alors-que-monaco-rompt-laccord-pour-le-milieu-de-terrain\/#breadcrumb"},"inLanguage":"fr-FR","potentialAction":[{"@type":"ReadAction","target":["https:\/\/footdavant.fr\/actualites\/chelsea-furieux-alors-que-monaco-rompt-laccord-pour-le-milieu-de-terrain\/"]}]},{"@type":"BreadcrumbList","@id":"https:\/\/footdavant.fr\/actualites\/chelsea-furieux-alors-que-monaco-rompt-laccord-pour-le-milieu-de-terrain\/#breadcrumb","itemListElement":[{"@type":"ListItem","position":1,"name":"Accueil","item":"https:\/\/footdavant.fr\/actualites\/"},{"@type":"ListItem","position":2,"name":"Chelsea \u00ab\u00a0furieux\u00a0\u00bb alors que Monaco rompt l&#39;accord pour le milieu de terrain"}]},{"@type":"WebSite","@id":"https:\/\/footdavant.fr\/actualites\/#website","url":"https:\/\/footdavant.fr\/actualites\/","name":"Foot d'avant","description":"","publisher":{"@id":"https:\/\/footdavant.fr\/actualites\/#organization"},"potentialAction":[{"@type":"SearchAction","target":{"@type":"EntryPoint","urlTemplate":"https:\/\/footdavant.fr\/actualites\/?s={search_term_string}"},"query-input":"required name=search_term_string"}],"inLanguage":"fr-FR"},{"@type":"Organization","@id":"https:\/\/footdavant.fr\/actualites\/#organization","name":"Foot d'avant","url":"https:\/\/footdavant.fr\/actualites\/","logo":{"@type":"ImageObject","inLanguage":"fr-FR","@id":"https:\/\/footdavant.fr\/actualites\/#\/schema\/logo\/image\/","url":"https:\/\/footdavant.fr\/actualites\/wp-content\/uploads\/2023\/09\/Copy-of-FootDavant-Logo.png","contentUrl":"https:\/\/footdavant.fr\/actualites\/wp-content\/uploads\/2023\/09\/Copy-of-FootDavant-Logo.png","width":936,"height":549,"caption":"Foot d'avant"},"image":{"@id":"https:\/\/footdavant.fr\/actualites\/#\/schema\/logo\/image\/"},"sameAs":["https:\/\/www.facebook.com\/Footdavant\/","https:\/\/twitter.com\/FootdavantFr","https:\/\/www.instagram.com\/footdavant.fr\/"]},{"@type":"Person","@id":"https:\/\/footdavant.fr\/actualites\/#\/schema\/person\/bc222566d95871b37e597b3ed3ba5e1d","name":"Cl\u00e9ment","image":{"@type":"ImageObject","inLanguage":"fr-FR","@id":"https:\/\/footdavant.fr\/actualites\/#\/schema\/person\/image\/","url":"https:\/\/secure.gravatar.com\/avatar\/7728b29aac2719421e1a9159b2254c44?s=96&d=mm&r=g","contentUrl":"https:\/\/secure.gravatar.com\/avatar\/7728b29aac2719421e1a9159b2254c44?s=96&d=mm&r=g","caption":"Cl\u00e9ment"},"sameAs":["https:\/\/footdavant.fr\/"]}]}},"_links":{"self":[{"href":"https:\/\/footdavant.fr\/actualites\/wp-json\/wp\/v2\/posts\/41108"}],"collection":[{"href":"https:\/\/footdavant.fr\/actualites\/wp-json\/wp\/v2\/posts"}],"about":[{"href":"https:\/\/footdavant.fr\/actualites\/wp-json\/wp\/v2\/types\/post"}],"author":[{"embeddable":true,"href":"https:\/\/footdavant.fr\/actualites\/wp-json\/wp\/v2\/users\/1"}],"replies":[{"embeddable":true,"href":"https:\/\/footdavant.fr\/actualites\/wp-json\/wp\/v2\/comments?post=41108"}],"version-history":[{"count":1,"href":"https:\/\/footdavant.fr\/actualites\/wp-json\/wp\/v2\/posts\/41108\/revisions"}],"predecessor-version":[{"id":41110,"href":"https:\/\/footdavant.fr\/actualites\/wp-json\/wp\/v2\/posts\/41108\/revisions\/41110"}],"wp:featuredmedia":[{"embeddable":true,"href":"https:\/\/footdavant.fr\/actualites\/wp-json\/wp\/v2\/media\/41109"}],"wp:attachment":[{"href":"https:\/\/footdavant.fr\/actualites\/wp-json\/wp\/v2\/media?parent=41108"}],"wp:term":[{"taxonomy":"category","embeddable":true,"href":"https:\/\/footdavant.fr\/actualites\/wp-json\/wp\/v2\/categories?post=41108"},{"taxonomy":"post_tag","embeddable":true,"href":"https:\/\/footdavant.fr\/actualites\/wp-json\/wp\/v2\/tags?post=41108"}],"curies":[{"name":"wp","href":"https:\/\/api.w.org\/{rel}","templated":true}]}}