{"id":41111,"date":"2026-09-02T08:48:28","date_gmt":"2026-09-02T06:48:28","guid":{"rendered":"https:\/\/footdavant.fr\/actualites\/analyse-du-mercato-bonne-bonne-et-meme-assez-mauvaise\/"},"modified":"2026-09-02T08:48:31","modified_gmt":"2026-09-02T06:48:31","slug":"analyse-du-mercato-bonne-bonne-et-meme-assez-mauvaise","status":"publish","type":"post","link":"https:\/\/footdavant.fr\/actualites\/analyse-du-mercato-bonne-bonne-et-meme-assez-mauvaise\/","title":{"rendered":"Analyse du mercato : bonne, bonne et m\u00eame assez mauvaise"},"content":{"rendered":"<div>\n<p>Bonjour \u00e0 tous.<\/p>\n<p>Ainsi, la date limite de transfert est pass\u00e9e et pass\u00e9e, et malgr\u00e9 quelques discussions hier \u00e0 propos de Malick Fofana, il semble qu&#39;Arsenal ait d\u00e9cid\u00e9 tr\u00e8s t\u00f4t que le joueur de 21 ans n&#39;\u00e9tait pas la bonne option, et donc toute chance d&#39;arriv\u00e9e a disparu. Je ne peux pas rester ici ce matin, malgr\u00e9 le fait que je pense que nous nous sommes laiss\u00e9s \u00e0 court et d\u00e9plorer le fait que nous n&#39;avons pas recrut\u00e9 un joueur dont j&#39;avais \u00e0 peine entendu parler il y a 24 heures.<\/p>\n<p>Regardons ce que nous avons fait dans cette fen\u00eatre. Je pense que la signature de Bruno Guimaraes est tr\u00e8s bonne. Cela nous rend encore plus forts dans un domaine o\u00f9 nous \u00e9tions d\u00e9j\u00e0 tr\u00e8s forts, mais vous avez pu voir contre Aston Villa ce que le Br\u00e9silien apportera \u00e0 notre milieu de terrain. Sa capacit\u00e9 de passe, de plus en plus pr\u00e8s du but, vise \u00e0 faire bouger les choses, et comme il l&#39;a d\u00e9montr\u00e9 avec le moment o\u00f9 il n&#39;a bizarrement pas re\u00e7u de penalty, le timing de ses propres courses dans la surface nous donnera une menace suppl\u00e9mentaire. C&#39;est peut-\u00eatre un peu cher, mais c&#39;est une bonne affaire.<\/p>\n<p>Quant \u00e0 Ezri Konsa, il est arriv\u00e9 pour nous aider \u00e0 faire face \u00e0 la perte de l&#39;un des meilleurs d\u00e9fenseurs centraux du monde alors que William Saliba se remet de sa blessure au dos. Pour moi, cette signature \u00e9tait une n\u00e9cessit\u00e9 absolue, compte tenu des probl\u00e8mes de blessures subis par Ben White et Jurrien Timber ces derniers temps. Nous en sommes maintenant au 6\u00e8me mois d&#39;un probl\u00e8me \u00e0 l&#39;aine pour l&#39;international n\u00e9erlandais \u2013 \u00e0 l&#39;exception de son apparition en Ligue des Champions. Konsa est un footballeur international tr\u00e8s solide et exp\u00e9riment\u00e9 qui ressemble \u00e0 Saliba en termes de possession, et c&#39;est quelque chose que nous avons d\u00fb essayer de trouver. Encore une fois, une affaire un peu ch\u00e8re, mais importante et n\u00e9cessaire.<\/p>\n<p>Ensuite, nous arrivons \u00e0 notre ligne avant, et j&#39;essaie d&#39;\u00eatre prudent avec mes mots ici, mais je pense que c&#39;est un \u00e9chec absolu que nous n&#39;ayons pas manqu\u00e9 d&#39;ajouter \u00e0 l&#39;\u00e9quipe au-del\u00e0 de Christos Tzolis, parce que nous nous sommes activement affaiblis. Au d\u00e9but de cette fen\u00eatre, c&#39;est le seul domaine dans lequel j&#39;ai vraiment senti que nous devions faire quelque chose pour \u00e9lever le niveau de l&#39;\u00e9quipe, et malgr\u00e9 quelques efforts, nous n&#39;y sommes pas parvenus.<\/p>\n<p>Leandro Trossard a \u00e9t\u00e9 vendu et remplac\u00e9 par l&#39;international grec. J&#39;aime son look, mais comme nous l&#39;avons vu \u00e0 Villa Park lundi soir, il a encore beaucoup de choses \u00e0 accepter \u00e0 ce nouveau niveau pour lui. Je suis optimiste quant \u00e0 ce qu&#39;il peut apporter, mais je ne peux pas rester ici ce matin et garantir absolument qu&#39;il pourra \u00e9galer le rendement ou la coh\u00e9rence g\u00e9n\u00e9rale de Trossard. Il y a donc l\u00e0 une petite zone grise.<\/p>\n<p>En plus de cela, nous sommes sur le point de vendre Gabriel Martinelli \u00e0 Al Hilal pour un prix record du club, Gabriel Jesus est parti \u00e0 Barcelone et Ethan Nwaneri passera probablement la saison en pr\u00eat au Borussia Dortmund (bien qu&#39;il ait \u00e9t\u00e9 rapport\u00e9 qu&#39;il existe une clause pour le rappeler en janvier si n\u00e9cessaire). Isol\u00e9ment, je n&#39;ai aucun probl\u00e8me si Arsenal d\u00e9cide de vendre Martinelli, ou surtout Jesus dont l&#39;immense talent a \u00e9t\u00e9 massivement diminu\u00e9 par de graves blessures, mais j&#39;ai un probl\u00e8me si nous les vendons et ne les rempla\u00e7ons pas.<\/p>\n<p>J&#39;ai trouv\u00e9 ce graphique sur \/r\/gunners (excuses au cr\u00e9ateur, je n&#39;ai pas pu le retrouver pour donner le cr\u00e9dit appropri\u00e9), mais il vous montre ce que les joueurs que nous avons l\u00e2ch\u00e9s cet \u00e9t\u00e9 ont fait pour nous la saison derni\u00e8re en termes de temps de jeu\u00a0:<\/p>\n<\/p>\n<p>\u00c0 eux trois (Trossard, Martinelli et Jesus), ils ont inscrit 45 buts la saison derni\u00e8re, et nous avons essentiellement remplac\u00e9 cette production par un joueur de 24 ans du championnat belge. Je ne sais pas vraiment comment quelqu&#39;un peut se d\u00e9marquer ou justifier ce que nous avons fait dans cette fen\u00eatre d&#39;un point de vue offensif.<\/p>\n<p>Oui, j\u2019entends \u2013 et je suis plus ou moins d\u2019accord avec \u2013 l\u2019id\u00e9e selon laquelle si nous pouvons garder Kai Havertz, Bukayo Saka et Martin Odegaard en forme, nous pouvons en tirer davantage. Mais une partie de la fa\u00e7on d&#39;y parvenir avec trois joueurs qui ont beaucoup souffert de blessures au cours des 18 derniers mois, est s\u00fbrement d&#39;avoir le genre de profondeur qui vous permet de g\u00e9rer correctement leurs minutes et leur implication. Vous n&#39;obtiendrez pas cela en perdant trois joueurs, que vous pensiez ou non que le moment est venu de vendre, et en rempla\u00e7ant un seul d&#39;entre eux.<\/p>\n<p>Cela ne veut pas dire que je ne pense pas que nous ne soyons pas une bonne \u00e9quipe, nous le sommes. Je pense toujours que nous allons devenir comp\u00e9titifs, et nous n&#39;avons pas n\u00e9cessairement du mal \u00e0 obtenir des chiffres dans ces positions avanc\u00e9es, mais nous n&#39;avons pas \u00e9lev\u00e9 le niveau de l&#39;\u00e9quipe dans un domaine cl\u00e9, et pour moi \u2013 et je suis s\u00fbr que beaucoup d&#39;entre vous \u2013 c&#39;est pour le moins d\u00e9cevant, voire carr\u00e9ment frustrant. Cela est \u00e9galement exacerb\u00e9 par les tentatives que nous avons faites pour recruter des joueurs qui feraient cela, mais que nous avons manqu\u00e9s. Morgan Rogers est all\u00e9 \u00e0 Chelsea, et si vous pensez que le prix \u00e9tait trop \u00e9lev\u00e9, c&#39;est assez juste, mais c&#39;est ce que dicte le march\u00e9. Nous \u00e9tions heureux de payer plus que pr\u00e9vu pour deux joueurs de 28 ans, mais nous avons h\u00e9sit\u00e9 \u00e0 atteindre un objectif cl\u00e9 et avons \u00e9t\u00e9 repouss\u00e9s par Chelsea qui a \u00e9t\u00e9 juste plus d\u00e9cisif.<\/p>\n<p>Ensuite, il y a eu Vinicius Junior, dont j&#39;aimais l&#39;ambition, mais cela ne s&#39;est pas produit, alors notre regard s&#39;est tourn\u00e9 vers Julian Alvarez, mais sa situation \u00e9tait toujours beaucoup trop compliqu\u00e9e, et au c\u0153ur de celle-ci se trouvait le probl\u00e8me important qu&#39;il ne voulait tout simplement pas nous rejoindre. Je comprends, quand vous \u00eates aussi bon que nous, que le bassin de joueurs qui peuvent vous am\u00e9liorer est petit, mais je ne suis pas convaincu qu&#39;il n&#39;y avait pas un seul joueur dans le monde du football que nous n&#39;aurions pas pu identifier comme quelqu&#39;un qui pourrait ajouter quelque chose \u00e0 cette \u00e9quipe.<\/p>\n<p>Je n&#39;aime pas le \u00ab\u00a0Dites-moi pour qui nous aurions d\u00fb choisir\u00a0!\u00a0\u00bb argument non plus. Je ne suis qu&#39;un type avec un blog, un fan de football avec des opinions comme vous tous, mais il y a des gens pay\u00e9s des millions de livres \u00e0 Arsenal et dont la responsabilit\u00e9 est de faire ce travail. Ne me faites pas porter la responsabilit\u00e9, et quand nous arrivons \u00e0 la date limite et que nous sommes en mode d\u00e9sespoir, fredonnant et haletant \u00e0 cause d&#39;un joueur qui se retrouve au milieu d&#39;un combat entre Crystal Palace et Sunderland, vous ne pouvez pas me convaincre que c&#39;est un bon processus.<\/p>\n<p>Je pense qu\u2019une partie des projecteurs se braqueront durement sur Andrea Berta apr\u00e8s cette fen\u00eatre. Les transferts ne sont pas seulement d\u00e9cid\u00e9s par lui, le manager a \u00e9videmment une contribution significative, les d\u00e9cisions sont prises au niveau ex\u00e9cutif \u00e9galement, mais en fin de compte, c&#39;est le travail de l&#39;Italien de conclure les accords, et m\u00eame si j&#39;aime le milieu de terrain et les signatures d\u00e9fensives, en attaque, il ne peut m\u00eame pas s&#39;approcher d&#39;une note de passage pour son travail cet \u00e9t\u00e9. Il aurait pu \u00ab bien \u00bb vendre (m\u00eame si je pense que la fa\u00e7on dont il a trait\u00e9 Martinelli \u00e9tait m\u00e9diocre, et qu&#39;il a plus ou moins \u00e9chapp\u00e9 \u00e0 la col\u00e8re qu&#39;il aurait d\u00fb affronter pour avoir propos\u00e9 Myles Lewis-Skelly via un personnage comme Kia Joorabchian pour se donner un d\u00e9ni plausible), mais qui cela rend-il heureux ? Les comptables et peut-\u00eatre les propri\u00e9taires, pas les supporters, et certainement pas le manager dont le r\u00f4le est de gagner des matchs de football. Je soup\u00e7onne que Mikel Arteta ne sera pas vraiment impressionn\u00e9 par cet \u00e9l\u00e9ment de nos activit\u00e9s estivales.<\/p>\n<p>Lors de sa conf\u00e9rence de presse apr\u00e8s la finale de la Ligue des Champions, il a d\u00e9clar\u00e9 : \u00ab\u00a0Nous voulons atteindre un autre niveau\u00a0\u00bb, et m\u00eame si je pense que nous avons le milieu de terrain le plus fort d&#39;Europe et une plate-forme d\u00e9fensive toujours solide, nous n&#39;y sommes pas parvenus en attaque. Encore une fois, je ne pense pas que ce soit fatal de ne pas avoir fait plus d&#39;affaires pendant cette fen\u00eatre, mais c&#39;est comme une opportunit\u00e9 manqu\u00e9e. Quand nous avons tous ces autres \u00e9l\u00e9ments \u00e0 notre disposition, poussez vraiment, soyez d\u00e9cisif, soyez impitoyable, faites valoir cet avantage et rendez la vie aussi difficile que possible \u00e0 votre adversaire dans les quatre troph\u00e9es pour lesquels nous allons concourir. Nous n&#39;avons pas fait cela, nous avons termin\u00e9 avec un tripl\u00e9 d&#39;\u00e9checs de transfert tr\u00e8s m\u00e9diatis\u00e9s, et nous misons d\u00e9sormais sur ce dont nous avons besoin pour \u00eatre suffisants non seulement pour rattraper les buts et les passes d\u00e9cisives que nous avons perdues des joueurs qui sont partis, mais pour am\u00e9liorer cela.<\/p>\n<p>Cela semble beaucoup demander, et nous avons fait un \u00e9l\u00e9ment cl\u00e9 de cette fen\u00eatre. Je mangerai toute la tarte du monde si le c\u00f4t\u00e9 gauche de Tzoliz\/Eze prend vie, si Saka, Noni Madueke et Max Dowman peuvent le d\u00e9chirer \u00e0 droite, si Kai Havertz et Viktor Gyokeres marquent les buts dont nous avons besoin avec la coh\u00e9rence requise, et si Bruno ajoute plus de menace depuis le milieu de terrain, mais pour le moment, je crains que nous nous soyons rendus la vie plus difficile que nous n&#39;aurions d\u00fb et c&#39;est d\u00e9cevant.<\/p>\n<p>\u2014<\/p>\n<p>Je voulais ajouter un peu sur Ethan. Je suis heureux que nous ayons d\u00e9cid\u00e9 de ne pas le vendre cet \u00e9t\u00e9, car j&#39;aime le talent et le potentiel de ce joueur, et nous devons voir comment il \u00e9volue avec le football r\u00e9gulier avant de prendre une telle d\u00e9cision. Je comprends que ses chances auraient \u00e9t\u00e9 limit\u00e9es avec nous, donc un pr\u00eat \u00e9tait logique. J&#39;aurais probablement pr\u00e9f\u00e9r\u00e9 un club de Premier League, mais le Borussia Dortmund est une excellente option avec une bonne histoire en termes de jeunes talents, j&#39;ai donc pens\u00e9 qu&#39;il serait int\u00e9ressant d&#39;avoir l&#39;avis de Lewis Ambrose \u00e0 ce sujet.<\/p>\n<p>Il conna\u00eet bien le club, alors le voici avec une petite analyse sur la fa\u00e7on dont cette d\u00e9cision pourrait fonctionner pour eux et pour le joueur.<\/p>\n<h4>Lewis Ambrose sur le pr\u00eat d&#39;Ethan Nwaneri au Borussia Dortmund<\/h4>\n<p><img loading=\"lazy\" decoding=\"async\" class=\"alignnone size-full wp-image-49598\" src=\"https:\/\/footdavant.fr\/actualites\/wp-content\/uploads\/2026\/09\/1788331708_650_Analyse-du-mercato-bonne-bonne-et-meme-assez-mauvaise.webp\" alt=\"Ethan Nwaneri Borussia Dortmund\" width=\"750\" height=\"671\"  \/><\/p>\n<p>Ainsi, Ethan Nwaneri jouera son football au Borussia Dortmund cette saison. Nous savons tous que le club jouit d&#39;une r\u00e9putation impressionnante en mati\u00e8re de d\u00e9veloppement des joueurs et d&#39;int\u00e9gration de jeunes \u00e9trangers, notamment avec ses succ\u00e8s aupr\u00e8s des jeunes anglais ces derni\u00e8res ann\u00e9es. Jadon Sancho, Jude Bellingham, Jamie Gittens, maintenant Jobe Bellingham et (international autrichien) Carney Chukwuemeka. Gio Reyna et Erling Haaland sont \u00e9galement n\u00e9s en Angleterre, si vous voulez vraiment aller plus loin.<\/p>\n<p>Tous ces joueurs (et bien d&#39;autres) ont \u00e9t\u00e9 tent\u00e9s par Dortmund avec la promesse d&#39;un temps de jeu r\u00e9gulier et, bien que son cas soit diff\u00e9rent puisqu&#39;il ne rejoint qu&#39;en pr\u00eat, Nwaneri ne devrait pas trop s&#39;inqui\u00e9ter des opportunit\u00e9s qui se pr\u00e9sentent \u00e0 lui avec le BVB.<\/p>\n<p>Sous Niko Kovac, Dortmund joue avec une formation 3-4-2-1 et a commenc\u00e9 cet \u00e9t\u00e9 \u00e0 chercher de nouveaux titulaires pour les deux postes de num\u00e9ro 10, avec Julian Brandt et Karim Adeyemi tous deux partant, Marcel Sabitzer \u00e9tant \u00e9limin\u00e9 \u00e0 32 ans et Maximilian Beier rempla\u00e7ant souvent l&#39;ailier. Finalement, ils ont recrut\u00e9 deux Grecs : Konstantinos Karetsas et Giannis Konstantelias.<\/p>\n<p>Les deux hommes ressemblent \u00e0 d&#39;\u00e9normes talents et le Westfalenstadion a fait le Sirtaki \u00e0 la mi-temps de leur premier match de Bundesliga samedi, avec Karetsas assistant le premier match et Konstantelias portant le score \u00e0 2-0. Cependant, peu de temps apr\u00e8s la seconde mi-temps, Konstantelias tombait. Le club a depuis confirm\u00e9 une d\u00e9chirure du LCA et il manquera le reste de la campagne.<\/p>\n<p>C\u2019est pourquoi ils ont remplac\u00e9 Nwaneri \u00e0 l\u2019approche de la date limite de transfert. Et pourquoi il devrait jouer beaucoup au football. Avec Karetsas plut\u00f4t un cr\u00e9ateur et Konstantelias la plus grande menace de but, Nwaneri devrait s&#39;int\u00e9grer confortablement dans le r\u00f4le de ce dernier \u2013 nous avons tous vu sa capacit\u00e9 \u00e0 affronter un d\u00e9fenseur et \u00e0 r\u00e9ussir des tirs. Ce qui est int\u00e9ressant, c&#39;est la fa\u00e7on dont ils sont dispos\u00e9s : Karetsas, comme Nwaneri, est gaucher et aime jouer (et est mieux utilis\u00e9) sur le c\u00f4t\u00e9 droit de cette paire derri\u00e8re l&#39;attaquant. Nwaneri devra peut-\u00eatre faire des compromis sur cette coupe-int\u00e9rieur et tir de style Arjen Robben sur sa gauche. Ou peut-\u00eatre qu\u2019ils tournent tout au long des jeux. Mais ils devraient bien s\u2019accorder et il y aura beaucoup de minutes pour Nwaneri depuis la droite lorsque Karetsas sera au repos ou en rotation.<\/p>\n<p>Le principal concurrent de Nwaneri pour une place r\u00e9guli\u00e8re est probablement Beier, mais il sera \u00e9galement utilis\u00e9 \u00e0 la fois aux postes d&#39;ailier et d&#39;avant cette saison. Au-del\u00e0 de lui, il y a Samuele Inacio, 18 ans, qui a fait sa perc\u00e9e \u00e0 la fin de la saison derni\u00e8re, a un but en Bundesliga \u00e0 son actif, et a \u00e9t\u00e9 expuls\u00e9 samedi et manquera les deux prochains matches de championnat de Dortmund en raison d&#39;une suspension. En v\u00e9rit\u00e9, Arsenal ne devrait pas craindre que le dipl\u00f4m\u00e9 de Hale End soit en avance sur l&#39;Italien, ainsi que sur Sabitzer, dans l&#39;ordre hi\u00e9rarchique.<\/p>\n<p>Le succ\u00e8s de Dortmund la saison derni\u00e8re reposait sur l&#39;organisation et les draps propres (cela vous semble familier ?) et ils cherchent \u00e0 injecter plus de buts dans l&#39;\u00e9quipe (cela vous semble familier ?) avec un style plus offensif (allez maintenant) cette saison. Ils sont susceptibles de dominer la possession dans les matchs et Nwaneri devrait profiter de l&#39;espace suppl\u00e9mentaire accord\u00e9 aux \u00e9quipes, notamment \u00e0 la pause, en Bundesliga.<\/p>\n<p>\u2014<\/p>\n<p>Ok, c&#39;est votre sort pour ce matin. Nous allons laisser la poussi\u00e8re retomber, mais je soup\u00e7onne que The Asses sera occup\u00e9 aujourd&#39;hui.<\/p>\n<p>Bonne journ\u00e9e les amis, \u00e0 demain.<\/p>\n<\/div>\n","protected":false},"excerpt":{"rendered":"<p>Bonjour \u00e0 tous. Ainsi, la date limite de transfert est pass\u00e9e et pass\u00e9e, et malgr\u00e9 quelques discussions hier \u00e0 propos de Malick Fofana, il semble<\/p>\n","protected":false},"author":1,"featured_media":41112,"comment_status":"closed","ping_status":"","sticky":false,"template":"","format":"standard","meta":{"footnotes":""},"categories":[3],"tags":[2366,961,1646,1235,1816,603],"yoast_head":"<!-- This site is optimized with the Yoast SEO plugin v21.0 - https:\/\/yoast.com\/wordpress\/plugins\/seo\/ -->\n<title>Analyse du mercato : bonne, bonne et m\u00eame assez mauvaise<\/title>\n<meta name=\"robots\" content=\"index, follow, max-snippet:-1, max-image-preview:large, max-video-preview:-1\" \/>\n<link rel=\"canonical\" href=\"https:\/\/footdavant.fr\/actualites\/analyse-du-mercato-bonne-bonne-et-meme-assez-mauvaise\/\" \/>\n<meta property=\"og:locale\" content=\"fr_FR\" \/>\n<meta property=\"og:type\" content=\"article\" \/>\n<meta property=\"og:title\" content=\"Analyse du mercato : bonne, bonne et m\u00eame assez mauvaise\" \/>\n<meta property=\"og:description\" content=\"Bonjour \u00e0 tous. Ainsi, la date limite de transfert est pass\u00e9e et pass\u00e9e, et malgr\u00e9 quelques discussions hier \u00e0 propos de Malick Fofana, il semble\" \/>\n<meta property=\"og:url\" content=\"https:\/\/footdavant.fr\/actualites\/analyse-du-mercato-bonne-bonne-et-meme-assez-mauvaise\/\" \/>\n<meta property=\"og:site_name\" content=\"Foot d&#039;avant\" \/>\n<meta property=\"article:publisher\" content=\"https:\/\/www.facebook.com\/Footdavant\/\" \/>\n<meta property=\"article:published_time\" content=\"2026-09-02T06:48:28+00:00\" \/>\n<meta property=\"article:modified_time\" content=\"2026-09-02T06:48:31+00:00\" \/>\n<meta property=\"og:image\" content=\"https:\/\/footdavant.fr\/actualites\/wp-content\/uploads\/2026\/09\/1788331710_Analyse-du-mercato-bonne-bonne-et-meme-assez-mauvaise.webp\" \/>\n\t<meta property=\"og:image:width\" content=\"1472\" \/>\n\t<meta property=\"og:image:height\" content=\"830\" \/>\n\t<meta property=\"og:image:type\" content=\"image\/webp\" \/>\n<meta name=\"author\" content=\"Cl\u00e9ment\" \/>\n<meta name=\"twitter:card\" content=\"summary_large_image\" \/>\n<meta name=\"twitter:creator\" content=\"@FootdavantFr\" \/>\n<meta name=\"twitter:site\" content=\"@FootdavantFr\" \/>\n<meta name=\"twitter:label1\" content=\"\u00c9crit par\" \/>\n\t<meta name=\"twitter:data1\" content=\"Cl\u00e9ment\" \/>\n\t<meta name=\"twitter:label2\" content=\"Dur\u00e9e de lecture estim\u00e9e\" \/>\n\t<meta name=\"twitter:data2\" content=\"13 minutes\" \/>\n<script type=\"application\/ld+json\" class=\"yoast-schema-graph\">{\"@context\":\"https:\/\/schema.org\",\"@graph\":[{\"@type\":\"Article\",\"@id\":\"https:\/\/footdavant.fr\/actualites\/analyse-du-mercato-bonne-bonne-et-meme-assez-mauvaise\/#article\",\"isPartOf\":{\"@id\":\"https:\/\/footdavant.fr\/actualites\/analyse-du-mercato-bonne-bonne-et-meme-assez-mauvaise\/\"},\"author\":{\"name\":\"Cl\u00e9ment\",\"@id\":\"https:\/\/footdavant.fr\/actualites\/#\/schema\/person\/bc222566d95871b37e597b3ed3ba5e1d\"},\"headline\":\"Analyse du mercato : bonne, bonne et m\u00eame assez mauvaise\",\"datePublished\":\"2026-09-02T06:48:28+00:00\",\"dateModified\":\"2026-09-02T06:48:31+00:00\",\"mainEntityOfPage\":{\"@id\":\"https:\/\/footdavant.fr\/actualites\/analyse-du-mercato-bonne-bonne-et-meme-assez-mauvaise\/\"},\"wordCount\":2550,\"publisher\":{\"@id\":\"https:\/\/footdavant.fr\/actualites\/#organization\"},\"keywords\":[\"analyse\",\"Assez\",\"bonne\",\"mauvaise\",\"m\u00eame\",\"mercato\"],\"articleSection\":[\"Football\"],\"inLanguage\":\"fr-FR\"},{\"@type\":\"WebPage\",\"@id\":\"https:\/\/footdavant.fr\/actualites\/analyse-du-mercato-bonne-bonne-et-meme-assez-mauvaise\/\",\"url\":\"https:\/\/footdavant.fr\/actualites\/analyse-du-mercato-bonne-bonne-et-meme-assez-mauvaise\/\",\"name\":\"Analyse du mercato : bonne, bonne et m\u00eame assez mauvaise\",\"isPartOf\":{\"@id\":\"https:\/\/footdavant.fr\/actualites\/#website\"},\"datePublished\":\"2026-09-02T06:48:28+00:00\",\"dateModified\":\"2026-09-02T06:48:31+00:00\",\"breadcrumb\":{\"@id\":\"https:\/\/footdavant.fr\/actualites\/analyse-du-mercato-bonne-bonne-et-meme-assez-mauvaise\/#breadcrumb\"},\"inLanguage\":\"fr-FR\",\"potentialAction\":[{\"@type\":\"ReadAction\",\"target\":[\"https:\/\/footdavant.fr\/actualites\/analyse-du-mercato-bonne-bonne-et-meme-assez-mauvaise\/\"]}]},{\"@type\":\"BreadcrumbList\",\"@id\":\"https:\/\/footdavant.fr\/actualites\/analyse-du-mercato-bonne-bonne-et-meme-assez-mauvaise\/#breadcrumb\",\"itemListElement\":[{\"@type\":\"ListItem\",\"position\":1,\"name\":\"Accueil\",\"item\":\"https:\/\/footdavant.fr\/actualites\/\"},{\"@type\":\"ListItem\",\"position\":2,\"name\":\"Analyse du mercato : bonne, bonne et m\u00eame assez mauvaise\"}]},{\"@type\":\"WebSite\",\"@id\":\"https:\/\/footdavant.fr\/actualites\/#website\",\"url\":\"https:\/\/footdavant.fr\/actualites\/\",\"name\":\"Foot d'avant\",\"description\":\"\",\"publisher\":{\"@id\":\"https:\/\/footdavant.fr\/actualites\/#organization\"},\"potentialAction\":[{\"@type\":\"SearchAction\",\"target\":{\"@type\":\"EntryPoint\",\"urlTemplate\":\"https:\/\/footdavant.fr\/actualites\/?s={search_term_string}\"},\"query-input\":\"required name=search_term_string\"}],\"inLanguage\":\"fr-FR\"},{\"@type\":\"Organization\",\"@id\":\"https:\/\/footdavant.fr\/actualites\/#organization\",\"name\":\"Foot d'avant\",\"url\":\"https:\/\/footdavant.fr\/actualites\/\",\"logo\":{\"@type\":\"ImageObject\",\"inLanguage\":\"fr-FR\",\"@id\":\"https:\/\/footdavant.fr\/actualites\/#\/schema\/logo\/image\/\",\"url\":\"https:\/\/footdavant.fr\/actualites\/wp-content\/uploads\/2023\/09\/Copy-of-FootDavant-Logo.png\",\"contentUrl\":\"https:\/\/footdavant.fr\/actualites\/wp-content\/uploads\/2023\/09\/Copy-of-FootDavant-Logo.png\",\"width\":936,\"height\":549,\"caption\":\"Foot d'avant\"},\"image\":{\"@id\":\"https:\/\/footdavant.fr\/actualites\/#\/schema\/logo\/image\/\"},\"sameAs\":[\"https:\/\/www.facebook.com\/Footdavant\/\",\"https:\/\/twitter.com\/FootdavantFr\",\"https:\/\/www.instagram.com\/footdavant.fr\/\"]},{\"@type\":\"Person\",\"@id\":\"https:\/\/footdavant.fr\/actualites\/#\/schema\/person\/bc222566d95871b37e597b3ed3ba5e1d\",\"name\":\"Cl\u00e9ment\",\"image\":{\"@type\":\"ImageObject\",\"inLanguage\":\"fr-FR\",\"@id\":\"https:\/\/footdavant.fr\/actualites\/#\/schema\/person\/image\/\",\"url\":\"https:\/\/secure.gravatar.com\/avatar\/7728b29aac2719421e1a9159b2254c44?s=96&d=mm&r=g\",\"contentUrl\":\"https:\/\/secure.gravatar.com\/avatar\/7728b29aac2719421e1a9159b2254c44?s=96&d=mm&r=g\",\"caption\":\"Cl\u00e9ment\"},\"sameAs\":[\"https:\/\/footdavant.fr\/\"]}]}<\/script>\n<!-- \/ Yoast SEO plugin. -->","yoast_head_json":{"title":"Analyse du mercato : bonne, bonne et m\u00eame assez mauvaise","robots":{"index":"index","follow":"follow","max-snippet":"max-snippet:-1","max-image-preview":"max-image-preview:large","max-video-preview":"max-video-preview:-1"},"canonical":"https:\/\/footdavant.fr\/actualites\/analyse-du-mercato-bonne-bonne-et-meme-assez-mauvaise\/","og_locale":"fr_FR","og_type":"article","og_title":"Analyse du mercato : bonne, bonne et m\u00eame assez mauvaise","og_description":"Bonjour \u00e0 tous. Ainsi, la date limite de transfert est pass\u00e9e et pass\u00e9e, et malgr\u00e9 quelques discussions hier \u00e0 propos de Malick Fofana, il semble","og_url":"https:\/\/footdavant.fr\/actualites\/analyse-du-mercato-bonne-bonne-et-meme-assez-mauvaise\/","og_site_name":"Foot d&#039;avant","article_publisher":"https:\/\/www.facebook.com\/Footdavant\/","article_published_time":"2026-09-02T06:48:28+00:00","article_modified_time":"2026-09-02T06:48:31+00:00","og_image":[{"width":1472,"height":830,"url":"https:\/\/footdavant.fr\/actualites\/wp-content\/uploads\/2026\/09\/1788331710_Analyse-du-mercato-bonne-bonne-et-meme-assez-mauvaise.webp","type":"image\/webp"}],"author":"Cl\u00e9ment","twitter_card":"summary_large_image","twitter_creator":"@FootdavantFr","twitter_site":"@FootdavantFr","twitter_misc":{"\u00c9crit par":"Cl\u00e9ment","Dur\u00e9e de lecture estim\u00e9e":"13 minutes"},"schema":{"@context":"https:\/\/schema.org","@graph":[{"@type":"Article","@id":"https:\/\/footdavant.fr\/actualites\/analyse-du-mercato-bonne-bonne-et-meme-assez-mauvaise\/#article","isPartOf":{"@id":"https:\/\/footdavant.fr\/actualites\/analyse-du-mercato-bonne-bonne-et-meme-assez-mauvaise\/"},"author":{"name":"Cl\u00e9ment","@id":"https:\/\/footdavant.fr\/actualites\/#\/schema\/person\/bc222566d95871b37e597b3ed3ba5e1d"},"headline":"Analyse du mercato : bonne, bonne et m\u00eame assez mauvaise","datePublished":"2026-09-02T06:48:28+00:00","dateModified":"2026-09-02T06:48:31+00:00","mainEntityOfPage":{"@id":"https:\/\/footdavant.fr\/actualites\/analyse-du-mercato-bonne-bonne-et-meme-assez-mauvaise\/"},"wordCount":2550,"publisher":{"@id":"https:\/\/footdavant.fr\/actualites\/#organization"},"keywords":["analyse","Assez","bonne","mauvaise","m\u00eame","mercato"],"articleSection":["Football"],"inLanguage":"fr-FR"},{"@type":"WebPage","@id":"https:\/\/footdavant.fr\/actualites\/analyse-du-mercato-bonne-bonne-et-meme-assez-mauvaise\/","url":"https:\/\/footdavant.fr\/actualites\/analyse-du-mercato-bonne-bonne-et-meme-assez-mauvaise\/","name":"Analyse du mercato : bonne, bonne et m\u00eame assez mauvaise","isPartOf":{"@id":"https:\/\/footdavant.fr\/actualites\/#website"},"datePublished":"2026-09-02T06:48:28+00:00","dateModified":"2026-09-02T06:48:31+00:00","breadcrumb":{"@id":"https:\/\/footdavant.fr\/actualites\/analyse-du-mercato-bonne-bonne-et-meme-assez-mauvaise\/#breadcrumb"},"inLanguage":"fr-FR","potentialAction":[{"@type":"ReadAction","target":["https:\/\/footdavant.fr\/actualites\/analyse-du-mercato-bonne-bonne-et-meme-assez-mauvaise\/"]}]},{"@type":"BreadcrumbList","@id":"https:\/\/footdavant.fr\/actualites\/analyse-du-mercato-bonne-bonne-et-meme-assez-mauvaise\/#breadcrumb","itemListElement":[{"@type":"ListItem","position":1,"name":"Accueil","item":"https:\/\/footdavant.fr\/actualites\/"},{"@type":"ListItem","position":2,"name":"Analyse du mercato : bonne, bonne et m\u00eame assez mauvaise"}]},{"@type":"WebSite","@id":"https:\/\/footdavant.fr\/actualites\/#website","url":"https:\/\/footdavant.fr\/actualites\/","name":"Foot d'avant","description":"","publisher":{"@id":"https:\/\/footdavant.fr\/actualites\/#organization"},"potentialAction":[{"@type":"SearchAction","target":{"@type":"EntryPoint","urlTemplate":"https:\/\/footdavant.fr\/actualites\/?s={search_term_string}"},"query-input":"required name=search_term_string"}],"inLanguage":"fr-FR"},{"@type":"Organization","@id":"https:\/\/footdavant.fr\/actualites\/#organization","name":"Foot d'avant","url":"https:\/\/footdavant.fr\/actualites\/","logo":{"@type":"ImageObject","inLanguage":"fr-FR","@id":"https:\/\/footdavant.fr\/actualites\/#\/schema\/logo\/image\/","url":"https:\/\/footdavant.fr\/actualites\/wp-content\/uploads\/2023\/09\/Copy-of-FootDavant-Logo.png","contentUrl":"https:\/\/footdavant.fr\/actualites\/wp-content\/uploads\/2023\/09\/Copy-of-FootDavant-Logo.png","width":936,"height":549,"caption":"Foot d'avant"},"image":{"@id":"https:\/\/footdavant.fr\/actualites\/#\/schema\/logo\/image\/"},"sameAs":["https:\/\/www.facebook.com\/Footdavant\/","https:\/\/twitter.com\/FootdavantFr","https:\/\/www.instagram.com\/footdavant.fr\/"]},{"@type":"Person","@id":"https:\/\/footdavant.fr\/actualites\/#\/schema\/person\/bc222566d95871b37e597b3ed3ba5e1d","name":"Cl\u00e9ment","image":{"@type":"ImageObject","inLanguage":"fr-FR","@id":"https:\/\/footdavant.fr\/actualites\/#\/schema\/person\/image\/","url":"https:\/\/secure.gravatar.com\/avatar\/7728b29aac2719421e1a9159b2254c44?s=96&d=mm&r=g","contentUrl":"https:\/\/secure.gravatar.com\/avatar\/7728b29aac2719421e1a9159b2254c44?s=96&d=mm&r=g","caption":"Cl\u00e9ment"},"sameAs":["https:\/\/footdavant.fr\/"]}]}},"_links":{"self":[{"href":"https:\/\/footdavant.fr\/actualites\/wp-json\/wp\/v2\/posts\/41111"}],"collection":[{"href":"https:\/\/footdavant.fr\/actualites\/wp-json\/wp\/v2\/posts"}],"about":[{"href":"https:\/\/footdavant.fr\/actualites\/wp-json\/wp\/v2\/types\/post"}],"author":[{"embeddable":true,"href":"https:\/\/footdavant.fr\/actualites\/wp-json\/wp\/v2\/users\/1"}],"replies":[{"embeddable":true,"href":"https:\/\/footdavant.fr\/actualites\/wp-json\/wp\/v2\/comments?post=41111"}],"version-history":[{"count":1,"href":"https:\/\/footdavant.fr\/actualites\/wp-json\/wp\/v2\/posts\/41111\/revisions"}],"predecessor-version":[{"id":41113,"href":"https:\/\/footdavant.fr\/actualites\/wp-json\/wp\/v2\/posts\/41111\/revisions\/41113"}],"wp:featuredmedia":[{"embeddable":true,"href":"https:\/\/footdavant.fr\/actualites\/wp-json\/wp\/v2\/media\/41112"}],"wp:attachment":[{"href":"https:\/\/footdavant.fr\/actualites\/wp-json\/wp\/v2\/media?parent=41111"}],"wp:term":[{"taxonomy":"category","embeddable":true,"href":"https:\/\/footdavant.fr\/actualites\/wp-json\/wp\/v2\/categories?post=41111"},{"taxonomy":"post_tag","embeddable":true,"href":"https:\/\/footdavant.fr\/actualites\/wp-json\/wp\/v2\/tags?post=41111"}],"curies":[{"name":"wp","href":"https:\/\/api.w.org\/{rel}","templated":true}]}}