{"id":41114,"date":"2026-09-02T12:48:08","date_gmt":"2026-09-02T10:48:08","guid":{"rendered":"https:\/\/footdavant.fr\/actualites\/conor-coady-sentraine-avec-les-u21-de-liverpool-apres-avoir-quitte-wrexham\/"},"modified":"2026-09-02T12:48:11","modified_gmt":"2026-09-02T10:48:11","slug":"conor-coady-sentraine-avec-les-u21-de-liverpool-apres-avoir-quitte-wrexham","status":"publish","type":"post","link":"https:\/\/footdavant.fr\/actualites\/conor-coady-sentraine-avec-les-u21-de-liverpool-apres-avoir-quitte-wrexham\/","title":{"rendered":"Conor Coady s&#39;entra\u00eene avec les U21 de Liverpool apr\u00e8s avoir quitt\u00e9 Wrexham"},"content":{"rendered":"<div id=\"article-body\">\n<!-- Article Start --><\/p>\n<p>Un ancien d\u00e9fenseur de Liverpool, r\u00e9cemment devenu agent libre, a r\u00e9v\u00e9l\u00e9 qu&#39;il \u00e9tait d\u00e9sormais de retour dans le Merseyside avec l&#39;\u00e9quipe des moins de 21 ans des Reds.<\/p>\n<p>Conor Coady a gravi les \u00e9chelons de l&#39;acad\u00e9mie du LFC pour se forger une carri\u00e8re professionnelle qui l&#39;a vu disputer plus de 500 matchs en club senior et obtenir 10 s\u00e9lections pour l&#39;Angleterre, m\u00eame s&#39;il n&#39;a fait que deux apparitions comp\u00e9titives en \u00e9quipe premi\u00e8re pour nous (les deux lors de la saison 2012\/13).<\/p>\n<p>Le joueur de 33 ans \u00e9tait r\u00e9cemment \u00e0 Wrexham mais, lundi, il a mis fin \u00e0 son contrat avec l&#39;\u00e9quipe de championnat un an plus t\u00f4t.<\/p>\n<h2>Coady confirme le retour de Liverpool<\/h2>\n<p>Le natif de St Helens a r\u00e9v\u00e9l\u00e9 \u00e0 la radio en direct qu&#39;il \u00e9tait maintenant de retour \u00e0 Liverpool avec la formation des moins de 21 ans pour participer \u00e0 un entra\u00eenement et \u00e9galement maintenir sa propre forme physique pendant qu&#39;il r\u00e9fl\u00e9chissait \u00e0 son prochain changement de carri\u00e8re.<\/p>\n<p>Coady a d\u00e9clar\u00e9 \u00e0 BBC Radio 5 Live Sport : <\/p>\n<p class=\"ssrcss-1q0x1qg-Paragraph e1jhz7w10\">Il a ajout\u00e9 : <\/p>\n<p class=\"ssrcss-1q0x1qg-Paragraph e1jhz7w10\">\n<p><figure id=\"attachment_290054\" aria-describedby=\"caption-attachment-290054\" style=\"width: 713px\" class=\"wp-caption alignnone\"><picture><source type=\"image\/webp\" data- data-><\/source><\/picture><\/figure>\n<\/p>\n<h2>Coady ne s&#39;est pas apitoy\u00e9 sur son sort apr\u00e8s avoir quitt\u00e9 Liverpool en 2014<\/h2>\n<p>On imagine que, n&#39;ayant jamais vraiment atteint son niveau \u00e0 Liverpool, Coady doit \u00eatre ravi de revenir au club avec les moins de 21 ans et de travailler avec Page et Spearing, ce dernier combinant son r\u00f4le d&#39;entra\u00eeneur avec des fonctions de jeu sporadiques.<\/p>\n<p>L&#39;ancien international anglais est de retour dans le Merseyside depuis ses d\u00e9buts avec les Reds, apr\u00e8s avoir pass\u00e9 la saison 2022\/23 en pr\u00eat \u00e0 Everton. Il y a quatre ans demain, il a marqu\u00e9 un but dans le derby contre nous en raison d&#39;un hors-jeu, le match se terminant par 0-0.<\/p>\n<p>Le joueur de 33 ans est un excellent exemple de la fa\u00e7on dont un joueur qui ne parvient pas \u00e0 percer pleinement dans un club d&#39;\u00e9lite peut revenir au sommet avec la bonne combinaison de capacit\u00e9s, de d\u00e9termination, d&#39;efforts et de chance.<\/p>\n<p>Coady a rejoint Huddersfield apr\u00e8s avoir quitt\u00e9 Liverpool en 2014 et est ensuite devenu capitaine des Wolves \u00e0 leur retour en Premier League quatre ans plus tard, aidant l&#39;\u00e9quipe de Molineux \u00e0 se qualifier pour l&#39;Europe lors de sa premi\u00e8re saison de retour dans l&#39;\u00e9lite.<\/p>\n<p>Nous lui souhaitons bonne chance pour son retour dans le Merseyside et esp\u00e9rons que son passage avec les moins de 21 ans des Reds lui sera b\u00e9n\u00e9fique, ainsi qu&#39;\u00e0 l&#39;\u00e9quipe d&#39;entra\u00eeneurs et \u00e0 l&#39;\u00e9quipe dans son ensemble.<\/p>\n<p><!-- Article End -->\t\t\t\t<\/div>\n","protected":false},"excerpt":{"rendered":"<p>Un ancien d\u00e9fenseur de Liverpool, r\u00e9cemment devenu agent libre, a r\u00e9v\u00e9l\u00e9 qu&#39;il \u00e9tait d\u00e9sormais de retour dans le Merseyside avec l&#39;\u00e9quipe des moins de 21<\/p>\n","protected":false},"author":1,"featured_media":41115,"comment_status":"closed","ping_status":"","sticky":false,"template":"","format":"standard","meta":{"footnotes":""},"categories":[3],"tags":[25,91,156,9663,3306,93,53,3137,10910,4014,5570],"yoast_head":"<!-- This site is optimized with the Yoast SEO plugin v21.0 - https:\/\/yoast.com\/wordpress\/plugins\/seo\/ -->\n<title>Conor Coady s&#039;entra\u00eene avec les U21 de Liverpool apr\u00e8s avoir quitt\u00e9 Wrexham<\/title>\n<meta name=\"robots\" content=\"index, follow, max-snippet:-1, max-image-preview:large, max-video-preview:-1\" \/>\n<link rel=\"canonical\" href=\"https:\/\/footdavant.fr\/actualites\/conor-coady-sentraine-avec-les-u21-de-liverpool-apres-avoir-quitte-wrexham\/\" \/>\n<meta property=\"og:locale\" content=\"fr_FR\" \/>\n<meta property=\"og:type\" content=\"article\" \/>\n<meta property=\"og:title\" content=\"Conor Coady s&#039;entra\u00eene avec les U21 de Liverpool apr\u00e8s avoir quitt\u00e9 Wrexham\" \/>\n<meta property=\"og:description\" content=\"Un ancien d\u00e9fenseur de Liverpool, r\u00e9cemment devenu agent libre, a r\u00e9v\u00e9l\u00e9 qu&#039;il \u00e9tait d\u00e9sormais de retour dans le Merseyside avec l&#039;\u00e9quipe des moins de 21\" \/>\n<meta property=\"og:url\" content=\"https:\/\/footdavant.fr\/actualites\/conor-coady-sentraine-avec-les-u21-de-liverpool-apres-avoir-quitte-wrexham\/\" \/>\n<meta property=\"og:site_name\" content=\"Foot d&#039;avant\" \/>\n<meta property=\"article:publisher\" content=\"https:\/\/www.facebook.com\/Footdavant\/\" \/>\n<meta property=\"article:published_time\" content=\"2026-09-02T10:48:08+00:00\" \/>\n<meta property=\"article:modified_time\" content=\"2026-09-02T10:48:11+00:00\" \/>\n<meta property=\"og:image\" content=\"https:\/\/footdavant.fr\/actualites\/wp-content\/uploads\/2026\/09\/1788346090_Conor-Coady-s39entraine-avec-les-U21-de-Liverpool-apres-avoir.jpg\" \/>\n\t<meta property=\"og:image:width\" content=\"1532\" \/>\n\t<meta property=\"og:image:height\" content=\"860\" \/>\n\t<meta property=\"og:image:type\" content=\"image\/jpeg\" \/>\n<meta name=\"author\" content=\"Cl\u00e9ment\" \/>\n<meta name=\"twitter:card\" content=\"summary_large_image\" \/>\n<meta name=\"twitter:creator\" content=\"@FootdavantFr\" \/>\n<meta name=\"twitter:site\" content=\"@FootdavantFr\" \/>\n<meta name=\"twitter:label1\" content=\"\u00c9crit par\" \/>\n\t<meta name=\"twitter:data1\" content=\"Cl\u00e9ment\" \/>\n\t<meta name=\"twitter:label2\" content=\"Dur\u00e9e de lecture estim\u00e9e\" \/>\n\t<meta name=\"twitter:data2\" content=\"2 minutes\" \/>\n<script type=\"application\/ld+json\" class=\"yoast-schema-graph\">{\"@context\":\"https:\/\/schema.org\",\"@graph\":[{\"@type\":\"Article\",\"@id\":\"https:\/\/footdavant.fr\/actualites\/conor-coady-sentraine-avec-les-u21-de-liverpool-apres-avoir-quitte-wrexham\/#article\",\"isPartOf\":{\"@id\":\"https:\/\/footdavant.fr\/actualites\/conor-coady-sentraine-avec-les-u21-de-liverpool-apres-avoir-quitte-wrexham\/\"},\"author\":{\"name\":\"Cl\u00e9ment\",\"@id\":\"https:\/\/footdavant.fr\/actualites\/#\/schema\/person\/bc222566d95871b37e597b3ed3ba5e1d\"},\"headline\":\"Conor Coady s&#39;entra\u00eene avec les U21 de Liverpool apr\u00e8s avoir quitt\u00e9 Wrexham\",\"datePublished\":\"2026-09-02T10:48:08+00:00\",\"dateModified\":\"2026-09-02T10:48:11+00:00\",\"mainEntityOfPage\":{\"@id\":\"https:\/\/footdavant.fr\/actualites\/conor-coady-sentraine-avec-les-u21-de-liverpool-apres-avoir-quitte-wrexham\/\"},\"wordCount\":453,\"publisher\":{\"@id\":\"https:\/\/footdavant.fr\/actualites\/#organization\"},\"keywords\":[\"apr\u00e8s\",\"avec\",\"avoir\",\"Coady\",\"Conor\",\"les\",\"Liverpool\",\"quitte\",\"s39entra\u00eene\",\"U21\",\"Wrexham\"],\"articleSection\":[\"Football\"],\"inLanguage\":\"fr-FR\"},{\"@type\":\"WebPage\",\"@id\":\"https:\/\/footdavant.fr\/actualites\/conor-coady-sentraine-avec-les-u21-de-liverpool-apres-avoir-quitte-wrexham\/\",\"url\":\"https:\/\/footdavant.fr\/actualites\/conor-coady-sentraine-avec-les-u21-de-liverpool-apres-avoir-quitte-wrexham\/\",\"name\":\"Conor Coady s&#39;entra\u00eene avec les U21 de Liverpool apr\u00e8s avoir quitt\u00e9 Wrexham\",\"isPartOf\":{\"@id\":\"https:\/\/footdavant.fr\/actualites\/#website\"},\"datePublished\":\"2026-09-02T10:48:08+00:00\",\"dateModified\":\"2026-09-02T10:48:11+00:00\",\"breadcrumb\":{\"@id\":\"https:\/\/footdavant.fr\/actualites\/conor-coady-sentraine-avec-les-u21-de-liverpool-apres-avoir-quitte-wrexham\/#breadcrumb\"},\"inLanguage\":\"fr-FR\",\"potentialAction\":[{\"@type\":\"ReadAction\",\"target\":[\"https:\/\/footdavant.fr\/actualites\/conor-coady-sentraine-avec-les-u21-de-liverpool-apres-avoir-quitte-wrexham\/\"]}]},{\"@type\":\"BreadcrumbList\",\"@id\":\"https:\/\/footdavant.fr\/actualites\/conor-coady-sentraine-avec-les-u21-de-liverpool-apres-avoir-quitte-wrexham\/#breadcrumb\",\"itemListElement\":[{\"@type\":\"ListItem\",\"position\":1,\"name\":\"Accueil\",\"item\":\"https:\/\/footdavant.fr\/actualites\/\"},{\"@type\":\"ListItem\",\"position\":2,\"name\":\"Conor Coady s&#39;entra\u00eene avec les U21 de Liverpool apr\u00e8s avoir quitt\u00e9 Wrexham\"}]},{\"@type\":\"WebSite\",\"@id\":\"https:\/\/footdavant.fr\/actualites\/#website\",\"url\":\"https:\/\/footdavant.fr\/actualites\/\",\"name\":\"Foot d'avant\",\"description\":\"\",\"publisher\":{\"@id\":\"https:\/\/footdavant.fr\/actualites\/#organization\"},\"potentialAction\":[{\"@type\":\"SearchAction\",\"target\":{\"@type\":\"EntryPoint\",\"urlTemplate\":\"https:\/\/footdavant.fr\/actualites\/?s={search_term_string}\"},\"query-input\":\"required name=search_term_string\"}],\"inLanguage\":\"fr-FR\"},{\"@type\":\"Organization\",\"@id\":\"https:\/\/footdavant.fr\/actualites\/#organization\",\"name\":\"Foot d'avant\",\"url\":\"https:\/\/footdavant.fr\/actualites\/\",\"logo\":{\"@type\":\"ImageObject\",\"inLanguage\":\"fr-FR\",\"@id\":\"https:\/\/footdavant.fr\/actualites\/#\/schema\/logo\/image\/\",\"url\":\"https:\/\/footdavant.fr\/actualites\/wp-content\/uploads\/2023\/09\/Copy-of-FootDavant-Logo.png\",\"contentUrl\":\"https:\/\/footdavant.fr\/actualites\/wp-content\/uploads\/2023\/09\/Copy-of-FootDavant-Logo.png\",\"width\":936,\"height\":549,\"caption\":\"Foot d'avant\"},\"image\":{\"@id\":\"https:\/\/footdavant.fr\/actualites\/#\/schema\/logo\/image\/\"},\"sameAs\":[\"https:\/\/www.facebook.com\/Footdavant\/\",\"https:\/\/twitter.com\/FootdavantFr\",\"https:\/\/www.instagram.com\/footdavant.fr\/\"]},{\"@type\":\"Person\",\"@id\":\"https:\/\/footdavant.fr\/actualites\/#\/schema\/person\/bc222566d95871b37e597b3ed3ba5e1d\",\"name\":\"Cl\u00e9ment\",\"image\":{\"@type\":\"ImageObject\",\"inLanguage\":\"fr-FR\",\"@id\":\"https:\/\/footdavant.fr\/actualites\/#\/schema\/person\/image\/\",\"url\":\"https:\/\/secure.gravatar.com\/avatar\/7728b29aac2719421e1a9159b2254c44?s=96&d=mm&r=g\",\"contentUrl\":\"https:\/\/secure.gravatar.com\/avatar\/7728b29aac2719421e1a9159b2254c44?s=96&d=mm&r=g\",\"caption\":\"Cl\u00e9ment\"},\"sameAs\":[\"https:\/\/footdavant.fr\/\"]}]}<\/script>\n<!-- \/ Yoast SEO plugin. -->","yoast_head_json":{"title":"Conor Coady s&#39;entra\u00eene avec les U21 de Liverpool apr\u00e8s avoir quitt\u00e9 Wrexham","robots":{"index":"index","follow":"follow","max-snippet":"max-snippet:-1","max-image-preview":"max-image-preview:large","max-video-preview":"max-video-preview:-1"},"canonical":"https:\/\/footdavant.fr\/actualites\/conor-coady-sentraine-avec-les-u21-de-liverpool-apres-avoir-quitte-wrexham\/","og_locale":"fr_FR","og_type":"article","og_title":"Conor Coady s&#39;entra\u00eene avec les U21 de Liverpool apr\u00e8s avoir quitt\u00e9 Wrexham","og_description":"Un ancien d\u00e9fenseur de Liverpool, r\u00e9cemment devenu agent libre, a r\u00e9v\u00e9l\u00e9 qu&#39;il \u00e9tait d\u00e9sormais de retour dans le Merseyside avec l&#39;\u00e9quipe des moins de 21","og_url":"https:\/\/footdavant.fr\/actualites\/conor-coady-sentraine-avec-les-u21-de-liverpool-apres-avoir-quitte-wrexham\/","og_site_name":"Foot d&#039;avant","article_publisher":"https:\/\/www.facebook.com\/Footdavant\/","article_published_time":"2026-09-02T10:48:08+00:00","article_modified_time":"2026-09-02T10:48:11+00:00","og_image":[{"width":1532,"height":860,"url":"https:\/\/footdavant.fr\/actualites\/wp-content\/uploads\/2026\/09\/1788346090_Conor-Coady-s39entraine-avec-les-U21-de-Liverpool-apres-avoir.jpg","type":"image\/jpeg"}],"author":"Cl\u00e9ment","twitter_card":"summary_large_image","twitter_creator":"@FootdavantFr","twitter_site":"@FootdavantFr","twitter_misc":{"\u00c9crit par":"Cl\u00e9ment","Dur\u00e9e de lecture estim\u00e9e":"2 minutes"},"schema":{"@context":"https:\/\/schema.org","@graph":[{"@type":"Article","@id":"https:\/\/footdavant.fr\/actualites\/conor-coady-sentraine-avec-les-u21-de-liverpool-apres-avoir-quitte-wrexham\/#article","isPartOf":{"@id":"https:\/\/footdavant.fr\/actualites\/conor-coady-sentraine-avec-les-u21-de-liverpool-apres-avoir-quitte-wrexham\/"},"author":{"name":"Cl\u00e9ment","@id":"https:\/\/footdavant.fr\/actualites\/#\/schema\/person\/bc222566d95871b37e597b3ed3ba5e1d"},"headline":"Conor Coady s&#39;entra\u00eene avec les U21 de Liverpool apr\u00e8s avoir quitt\u00e9 Wrexham","datePublished":"2026-09-02T10:48:08+00:00","dateModified":"2026-09-02T10:48:11+00:00","mainEntityOfPage":{"@id":"https:\/\/footdavant.fr\/actualites\/conor-coady-sentraine-avec-les-u21-de-liverpool-apres-avoir-quitte-wrexham\/"},"wordCount":453,"publisher":{"@id":"https:\/\/footdavant.fr\/actualites\/#organization"},"keywords":["apr\u00e8s","avec","avoir","Coady","Conor","les","Liverpool","quitte","s39entra\u00eene","U21","Wrexham"],"articleSection":["Football"],"inLanguage":"fr-FR"},{"@type":"WebPage","@id":"https:\/\/footdavant.fr\/actualites\/conor-coady-sentraine-avec-les-u21-de-liverpool-apres-avoir-quitte-wrexham\/","url":"https:\/\/footdavant.fr\/actualites\/conor-coady-sentraine-avec-les-u21-de-liverpool-apres-avoir-quitte-wrexham\/","name":"Conor Coady s&#39;entra\u00eene avec les U21 de Liverpool apr\u00e8s avoir quitt\u00e9 Wrexham","isPartOf":{"@id":"https:\/\/footdavant.fr\/actualites\/#website"},"datePublished":"2026-09-02T10:48:08+00:00","dateModified":"2026-09-02T10:48:11+00:00","breadcrumb":{"@id":"https:\/\/footdavant.fr\/actualites\/conor-coady-sentraine-avec-les-u21-de-liverpool-apres-avoir-quitte-wrexham\/#breadcrumb"},"inLanguage":"fr-FR","potentialAction":[{"@type":"ReadAction","target":["https:\/\/footdavant.fr\/actualites\/conor-coady-sentraine-avec-les-u21-de-liverpool-apres-avoir-quitte-wrexham\/"]}]},{"@type":"BreadcrumbList","@id":"https:\/\/footdavant.fr\/actualites\/conor-coady-sentraine-avec-les-u21-de-liverpool-apres-avoir-quitte-wrexham\/#breadcrumb","itemListElement":[{"@type":"ListItem","position":1,"name":"Accueil","item":"https:\/\/footdavant.fr\/actualites\/"},{"@type":"ListItem","position":2,"name":"Conor Coady s&#39;entra\u00eene avec les U21 de Liverpool apr\u00e8s avoir quitt\u00e9 Wrexham"}]},{"@type":"WebSite","@id":"https:\/\/footdavant.fr\/actualites\/#website","url":"https:\/\/footdavant.fr\/actualites\/","name":"Foot d'avant","description":"","publisher":{"@id":"https:\/\/footdavant.fr\/actualites\/#organization"},"potentialAction":[{"@type":"SearchAction","target":{"@type":"EntryPoint","urlTemplate":"https:\/\/footdavant.fr\/actualites\/?s={search_term_string}"},"query-input":"required name=search_term_string"}],"inLanguage":"fr-FR"},{"@type":"Organization","@id":"https:\/\/footdavant.fr\/actualites\/#organization","name":"Foot d'avant","url":"https:\/\/footdavant.fr\/actualites\/","logo":{"@type":"ImageObject","inLanguage":"fr-FR","@id":"https:\/\/footdavant.fr\/actualites\/#\/schema\/logo\/image\/","url":"https:\/\/footdavant.fr\/actualites\/wp-content\/uploads\/2023\/09\/Copy-of-FootDavant-Logo.png","contentUrl":"https:\/\/footdavant.fr\/actualites\/wp-content\/uploads\/2023\/09\/Copy-of-FootDavant-Logo.png","width":936,"height":549,"caption":"Foot d'avant"},"image":{"@id":"https:\/\/footdavant.fr\/actualites\/#\/schema\/logo\/image\/"},"sameAs":["https:\/\/www.facebook.com\/Footdavant\/","https:\/\/twitter.com\/FootdavantFr","https:\/\/www.instagram.com\/footdavant.fr\/"]},{"@type":"Person","@id":"https:\/\/footdavant.fr\/actualites\/#\/schema\/person\/bc222566d95871b37e597b3ed3ba5e1d","name":"Cl\u00e9ment","image":{"@type":"ImageObject","inLanguage":"fr-FR","@id":"https:\/\/footdavant.fr\/actualites\/#\/schema\/person\/image\/","url":"https:\/\/secure.gravatar.com\/avatar\/7728b29aac2719421e1a9159b2254c44?s=96&d=mm&r=g","contentUrl":"https:\/\/secure.gravatar.com\/avatar\/7728b29aac2719421e1a9159b2254c44?s=96&d=mm&r=g","caption":"Cl\u00e9ment"},"sameAs":["https:\/\/footdavant.fr\/"]}]}},"_links":{"self":[{"href":"https:\/\/footdavant.fr\/actualites\/wp-json\/wp\/v2\/posts\/41114"}],"collection":[{"href":"https:\/\/footdavant.fr\/actualites\/wp-json\/wp\/v2\/posts"}],"about":[{"href":"https:\/\/footdavant.fr\/actualites\/wp-json\/wp\/v2\/types\/post"}],"author":[{"embeddable":true,"href":"https:\/\/footdavant.fr\/actualites\/wp-json\/wp\/v2\/users\/1"}],"replies":[{"embeddable":true,"href":"https:\/\/footdavant.fr\/actualites\/wp-json\/wp\/v2\/comments?post=41114"}],"version-history":[{"count":1,"href":"https:\/\/footdavant.fr\/actualites\/wp-json\/wp\/v2\/posts\/41114\/revisions"}],"predecessor-version":[{"id":41116,"href":"https:\/\/footdavant.fr\/actualites\/wp-json\/wp\/v2\/posts\/41114\/revisions\/41116"}],"wp:featuredmedia":[{"embeddable":true,"href":"https:\/\/footdavant.fr\/actualites\/wp-json\/wp\/v2\/media\/41115"}],"wp:attachment":[{"href":"https:\/\/footdavant.fr\/actualites\/wp-json\/wp\/v2\/media?parent=41114"}],"wp:term":[{"taxonomy":"category","embeddable":true,"href":"https:\/\/footdavant.fr\/actualites\/wp-json\/wp\/v2\/categories?post=41114"},{"taxonomy":"post_tag","embeddable":true,"href":"https:\/\/footdavant.fr\/actualites\/wp-json\/wp\/v2\/tags?post=41114"}],"curies":[{"name":"wp","href":"https:\/\/api.w.org\/{rel}","templated":true}]}}