{"id":41117,"date":"2026-09-02T16:48:35","date_gmt":"2026-09-02T14:48:35","guid":{"rendered":"https:\/\/footdavant.fr\/actualites\/tiger-woods-se-voit-imposer-une-interdiction-de-conduire-de-cinq-ans-apres-un-changement-de-plaidoyer-pour-conduite-en-etat-debriete-suite-a-laccident-et-a-larrestation-dune-icone\/"},"modified":"2026-09-02T16:48:37","modified_gmt":"2026-09-02T14:48:37","slug":"tiger-woods-se-voit-imposer-une-interdiction-de-conduire-de-cinq-ans-apres-un-changement-de-plaidoyer-pour-conduite-en-etat-debriete-suite-a-laccident-et-a-larrestation-dune-icone","status":"publish","type":"post","link":"https:\/\/footdavant.fr\/actualites\/tiger-woods-se-voit-imposer-une-interdiction-de-conduire-de-cinq-ans-apres-un-changement-de-plaidoyer-pour-conduite-en-etat-debriete-suite-a-laccident-et-a-larrestation-dune-icone\/","title":{"rendered":"Tiger Woods se voit imposer une interdiction de conduire de cinq ans apr\u00e8s un changement de plaidoyer pour conduite en \u00e9tat d&#39;\u00e9bri\u00e9t\u00e9 suite \u00e0 l&#39;accident et \u00e0 l&#39;arrestation d&#39;une ic\u00f4ne du golf en Floride"},"content":{"rendered":"<div>\n<p>Tiger Woods a \u00e9t\u00e9 interdit de conduire pendant cinq ans et condamn\u00e9 \u00e0 une amende apr\u00e8s que la l\u00e9gende du golf ait chang\u00e9 son plaidoyer suite \u00e0 un accident survenu en Floride le 27 mars.<\/p>\n<p>Woods, 50 ans, est parvenu \u00e0 un accord pour ne pas contester une accusation r\u00e9duite de conduite imprudente et de refus de se soumettre \u00e0 un test l\u00e9gal, a rapport\u00e9 ESPN.<\/p>\n<p>Le m\u00e9dia a d\u00e9clar\u00e9 que Woods \u00e9tait arriv\u00e9 au tribunal avec sa petite amie, Vanessa Trump \u2013 l\u2019ex-\u00e9pouse du pr\u00e9sident am\u00e9ricain Donald Trump \u2013 et l\u2019avocat Doug Duncan. Il a \u00e9t\u00e9 condamn\u00e9 \u00e0 une amende de 1 000 $ (742 \u00a3).<\/p>\n<figure class=\"wp-block-embed is-type-video is-provider-youtube wp-block-embed-youtube wp-embed-aspect-16-9 wp-has-aspect-ratio\">\n<p>\n<noscript><iframe loading=\"lazy\" title=\"Tiger Woods DUI Case LIVE: Woods Plea Deal After DUI Arrest | License Suspended for 5 Years | N18G\" width=\"1200\" height=\"675\" src=\"https:\/\/www.youtube.com\/embed\/FCKJeOX8SSk?feature=oembed\" frameborder=\"0\" allow=\"accelerometer; autoplay; clipboard-write; encrypted-media; gyroscope; picture-in-picture; web-share\" referrerpolicy=\"strict-origin-when-cross-origin\" allowfullscreen><\/iframe><\/noscript>\n<\/p>\n<\/figure>\n<h2 class=\"wp-block-heading\"><span id=\"Tiger_Woods_crash_What_happened_in_DUI_incident\">Crash de Tiger Woods : que s&#39;est-il pass\u00e9 lors de l&#39;incident avec conduite en \u00e9tat d&#39;\u00e9bri\u00e9t\u00e9 ?<\/span><\/h2>\n<p>Des images de cam\u00e9ras corporelles de la police ont montr\u00e9 le 15 fois vainqueur majeur demandant s&#39;il \u00e9tait arr\u00eat\u00e9 et menott\u00e9 par la police apr\u00e8s avoir heurt\u00e9 un camion et \u00e9cras\u00e9 sa voiture en Floride.<\/p>\n<p>L&#39;ic\u00f4ne sportive Woods a \u00e9t\u00e9 accus\u00e9 de conduite sous influence, de dommages mat\u00e9riels et de refus de se soumettre \u00e0 un test l\u00e9gal le mois dernier et a plaid\u00e9 non coupable par \u00e9crit par l&#39;interm\u00e9diaire de ses avocats quelques jours plus tard.<\/p>\n<p>\u00ab\u00a0Je crois que vos facult\u00e9s normales sont alt\u00e9r\u00e9es et que vous \u00eates sous l&#39;effet d&#39;une substance inconnue\u00a0\u00bb, a d\u00e9clar\u00e9 Tatiana Levenar, adjointe du sh\u00e9rif du comt\u00e9 de Martin, \u00e0 Woods sur les lieux.<\/p>\n<figure class=\"wp-block-embed is-type-video is-provider-youtube wp-block-embed-youtube wp-embed-aspect-16-9 wp-has-aspect-ratio\">\n<p>\n<noscript><iframe loading=\"lazy\" title=\"RAW: Tiger Woods found with pills in pocket in bodycam video\" width=\"1200\" height=\"675\" src=\"https:\/\/www.youtube.com\/embed\/BSw09N-nbqA?feature=oembed\" frameborder=\"0\" allow=\"accelerometer; autoplay; clipboard-write; encrypted-media; gyroscope; picture-in-picture; web-share\" referrerpolicy=\"strict-origin-when-cross-origin\" allowfullscreen><\/iframe><\/noscript>\n<\/p>\n<\/figure>\n<h2 class=\"wp-block-heading\"><span id=\"Tiger_Woods_bodycam_footage_What_happened_in_arrest\">Images de la cam\u00e9ra corporelle de Tiger Woods : que s&#39;est-il pass\u00e9 lors de son arrestation ?<\/span><\/h2>\n<p>Woods a coop\u00e9r\u00e9 avec la police, s&#39;agenouillant pour leur dire qu&#39;il avait \u00ab regard\u00e9 mon t\u00e9l\u00e9phone \u00bb et \u00ab tout d&#39;un coup, boum \u00bb.<\/p>\n<p>Lorsque les policiers ont trouv\u00e9 des pilules dans sa poche, Woods \u2013 qui a subi plusieurs interventions chirurgicales au dos \u2013 leur a dit qu&#39;il s&#39;agissait d&#39;analg\u00e9siques.<\/p>\n<p>Les pilules \u00e9taient de l\u2019hydrocodone, un opio\u00efde sur ordonnance utilis\u00e9 pour traiter la douleur. Il a ni\u00e9 avoir bu de l&#39;alcool le jour de l&#39;accident, mais a admis qu&#39;il avait pris \u00ab quelques \u00bb m\u00e9dicaments et a d\u00e9clar\u00e9 qu&#39;il n&#39;avait rien d&#39;autre sur lui avant d&#39;\u00eatre chass\u00e9.<\/p>\n<p>Un t\u00e9moin a d\u00e9clar\u00e9 \u00e0 un policier que Woods avait \u00ab continu\u00e9 \u00e0 venir \u00bb alors qu&#39;il approchait dans son v\u00e9hicule avant l&#39;accident. <\/p>\n<p>\u00abJe m&#39;appr\u00eatais \u00e0 me rendre\u00bb, ont-ils d\u00e9clar\u00e9. \u00ab\u00a0Il arrivait vite. Je ne pense pas qu&#39;il regardait, c&#39;est \u00e7a.\u00a0\u00bb<\/p>\n<figure class=\"wp-block-image size-large\"><picture decoding=\"async\" class=\"wp-image-179461\"><source type=\"image\/webp\" data-lazy- \/><img loading=\"lazy\" decoding=\"async\" width=\"1024\" height=\"683\" src=\"https:\/\/footdavant.fr\/actualites\/wp-content\/uploads\/2026\/04\/La-video-montre-des-images-de-la-camera-corporelle-de.jpg\" alt=\"Une photo du golfeur Tiger Woods prenant une photo sur un parcours de golf tout en portant une chemise rouge clair et une casquette de baseball bleu fonc\u00e9. Les arbres sont visibles flous en arri\u00e8re-plan\"  \/>\n<\/picture>\n<\/figure>\n<h2 class=\"wp-block-heading\"><span id=\"Tiger_Woods_crash_How_golf_icon_crashed\">Crash de Tiger Woods\u00a0: comment l&#39;ic\u00f4ne du golf s&#39;est \u00e9cras\u00e9e<\/span><\/h2>\n<p>Woods a pu quitter sa Land Rover en rampant hors du c\u00f4t\u00e9 passager. Le sh\u00e9rif du comt\u00e9 de Martin, John Budensiek, a confirm\u00e9 que ni Woods ni le conducteur de l&#39;autre v\u00e9hicule impliqu\u00e9 n&#39;avaient \u00e9t\u00e9 bless\u00e9s. <\/p>\n<p>L&#39;homme de 50 ans tentait de d\u00e9passer un camion de nettoyage sous pression sur une route \u00e0 deux voies pr\u00e8s de chez lui, mais il a heurt\u00e9 la remorque.<\/p>\n<p>Les agents ont signal\u00e9 que Woods semblait avoir les facult\u00e9s affaiblies. Il a pass\u00e9 un alcootest mais a refus\u00e9 de fournir un \u00e9chantillon d&#39;urine.<\/p>\n<p>Apr\u00e8s l&#39;accident, un officier a \u00e9crit dans l&#39;affidavit d&#39;arrestation que Woods transpirait abondamment, avait les pupilles \u00ab extr\u00eamement dilat\u00e9es \u00bb et se d\u00e9pla\u00e7ait de mani\u00e8re \u00ab l\u00e9thargique et lente \u00bb.<\/p>\n<h2 class=\"wp-block-heading\"><span id=\"Tiger_Woods_net_worth\">Tiger Woods revenus<\/span><\/h2>\n<p>Depuis qu&#39;il a remport\u00e9 son premier tournoi majeur de golf en 1997, Woods a toujours \u00e9t\u00e9 nomm\u00e9 parmi les athl\u00e8tes ayant la plus grande valeur nette de l&#39;histoire du sport.<\/p>\n<p>Les experts financiers Forbes estiment actuellement sa valeur nette \u00e0 1,5 milliard de dollars (environ 1,29 milliard de livres sterling).<\/p>\n<\/p><\/div>\n","protected":false},"excerpt":{"rendered":"<p>Tiger Woods a \u00e9t\u00e9 interdit de conduire pendant cinq ans et condamn\u00e9 \u00e0 une amende apr\u00e8s que la l\u00e9gende du golf ait chang\u00e9 son plaidoyer<\/p>\n","protected":false},"author":1,"featured_media":36069,"comment_status":"closed","ping_status":"","sticky":false,"template":"","format":"standard","meta":{"footnotes":""},"categories":[3],"tags":[209,25,710,1322,4846,1236,12603,4222,3537,3565,9260,6020,12602,6082,12604,12605,11475,51,936,12600,92,2099,12601],"yoast_head":"<!-- This site is optimized with the Yoast SEO plugin v21.0 - https:\/\/yoast.com\/wordpress\/plugins\/seo\/ -->\n<title>Tiger Woods se voit imposer une interdiction de conduire de cinq ans apr\u00e8s un changement de plaidoyer pour conduite en \u00e9tat d&#039;\u00e9bri\u00e9t\u00e9 suite \u00e0 l&#039;accident et \u00e0 l&#039;arrestation d&#039;une ic\u00f4ne du golf en Floride<\/title>\n<meta name=\"robots\" content=\"index, follow, max-snippet:-1, max-image-preview:large, max-video-preview:-1\" \/>\n<link rel=\"canonical\" href=\"https:\/\/footdavant.fr\/actualites\/tiger-woods-se-voit-imposer-une-interdiction-de-conduire-de-cinq-ans-apres-un-changement-de-plaidoyer-pour-conduite-en-etat-debriete-suite-a-laccident-et-a-larrestation-dune-icone\/\" \/>\n<meta property=\"og:locale\" content=\"fr_FR\" \/>\n<meta property=\"og:type\" content=\"article\" \/>\n<meta property=\"og:title\" content=\"Tiger Woods se voit imposer une interdiction de conduire de cinq ans apr\u00e8s un changement de plaidoyer pour conduite en \u00e9tat d&#039;\u00e9bri\u00e9t\u00e9 suite \u00e0 l&#039;accident et \u00e0 l&#039;arrestation d&#039;une ic\u00f4ne du golf en Floride\" \/>\n<meta property=\"og:description\" content=\"Tiger Woods a \u00e9t\u00e9 interdit de conduire pendant cinq ans et condamn\u00e9 \u00e0 une amende apr\u00e8s que la l\u00e9gende du golf ait chang\u00e9 son plaidoyer\" \/>\n<meta property=\"og:url\" content=\"https:\/\/footdavant.fr\/actualites\/tiger-woods-se-voit-imposer-une-interdiction-de-conduire-de-cinq-ans-apres-un-changement-de-plaidoyer-pour-conduite-en-etat-debriete-suite-a-laccident-et-a-larrestation-dune-icone\/\" \/>\n<meta property=\"og:site_name\" content=\"Foot d&#039;avant\" \/>\n<meta property=\"article:publisher\" content=\"https:\/\/www.facebook.com\/Footdavant\/\" \/>\n<meta property=\"article:published_time\" content=\"2026-09-02T14:48:35+00:00\" \/>\n<meta property=\"article:modified_time\" content=\"2026-09-02T14:48:37+00:00\" \/>\n<meta property=\"og:image\" content=\"https:\/\/footdavant.fr\/actualites\/wp-content\/uploads\/2026\/04\/1775184498_La-video-montre-des-images-de-la-camera-corporelle-de.jpg\" \/>\n\t<meta property=\"og:image:width\" content=\"1200\" \/>\n\t<meta property=\"og:image:height\" content=\"859\" \/>\n\t<meta property=\"og:image:type\" content=\"image\/jpeg\" \/>\n<meta name=\"author\" content=\"Cl\u00e9ment\" \/>\n<meta name=\"twitter:card\" content=\"summary_large_image\" \/>\n<meta name=\"twitter:creator\" content=\"@FootdavantFr\" \/>\n<meta name=\"twitter:site\" content=\"@FootdavantFr\" \/>\n<meta name=\"twitter:label1\" content=\"\u00c9crit par\" \/>\n\t<meta name=\"twitter:data1\" content=\"Cl\u00e9ment\" \/>\n\t<meta name=\"twitter:label2\" content=\"Dur\u00e9e de lecture estim\u00e9e\" \/>\n\t<meta name=\"twitter:data2\" content=\"3 minutes\" \/>\n<script type=\"application\/ld+json\" class=\"yoast-schema-graph\">{\"@context\":\"https:\/\/schema.org\",\"@graph\":[{\"@type\":\"Article\",\"@id\":\"https:\/\/footdavant.fr\/actualites\/tiger-woods-se-voit-imposer-une-interdiction-de-conduire-de-cinq-ans-apres-un-changement-de-plaidoyer-pour-conduite-en-etat-debriete-suite-a-laccident-et-a-larrestation-dune-icone\/#article\",\"isPartOf\":{\"@id\":\"https:\/\/footdavant.fr\/actualites\/tiger-woods-se-voit-imposer-une-interdiction-de-conduire-de-cinq-ans-apres-un-changement-de-plaidoyer-pour-conduite-en-etat-debriete-suite-a-laccident-et-a-larrestation-dune-icone\/\"},\"author\":{\"name\":\"Cl\u00e9ment\",\"@id\":\"https:\/\/footdavant.fr\/actualites\/#\/schema\/person\/bc222566d95871b37e597b3ed3ba5e1d\"},\"headline\":\"Tiger Woods se voit imposer une interdiction de conduire de cinq ans apr\u00e8s un changement de plaidoyer pour conduite en \u00e9tat d&#39;\u00e9bri\u00e9t\u00e9 suite \u00e0 l&#39;accident et \u00e0 l&#39;arrestation d&#39;une ic\u00f4ne du golf en Floride\",\"datePublished\":\"2026-09-02T14:48:35+00:00\",\"dateModified\":\"2026-09-02T14:48:37+00:00\",\"mainEntityOfPage\":{\"@id\":\"https:\/\/footdavant.fr\/actualites\/tiger-woods-se-voit-imposer-une-interdiction-de-conduire-de-cinq-ans-apres-un-changement-de-plaidoyer-pour-conduite-en-etat-debriete-suite-a-laccident-et-a-larrestation-dune-icone\/\"},\"wordCount\":680,\"publisher\":{\"@id\":\"https:\/\/footdavant.fr\/actualites\/#organization\"},\"keywords\":[\"ans\",\"apr\u00e8s\",\"changement\",\"Cinq\",\"conduire\",\"conduite\",\"d39\u00e9bri\u00e9t\u00e9\",\"d39une\",\"\u00e9tat\",\"Floride\",\"golf\",\"ic\u00f4ne\",\"imposer\",\"interdiction\",\"l39accident\",\"l39arrestation\",\"plaidoyer\",\"pour\",\"suite\",\"Tiger\",\"une\",\"voit\",\"Woods\"],\"articleSection\":[\"Football\"],\"inLanguage\":\"fr-FR\"},{\"@type\":\"WebPage\",\"@id\":\"https:\/\/footdavant.fr\/actualites\/tiger-woods-se-voit-imposer-une-interdiction-de-conduire-de-cinq-ans-apres-un-changement-de-plaidoyer-pour-conduite-en-etat-debriete-suite-a-laccident-et-a-larrestation-dune-icone\/\",\"url\":\"https:\/\/footdavant.fr\/actualites\/tiger-woods-se-voit-imposer-une-interdiction-de-conduire-de-cinq-ans-apres-un-changement-de-plaidoyer-pour-conduite-en-etat-debriete-suite-a-laccident-et-a-larrestation-dune-icone\/\",\"name\":\"Tiger Woods se voit imposer une interdiction de conduire de cinq ans apr\u00e8s un changement de plaidoyer pour conduite en \u00e9tat d&#39;\u00e9bri\u00e9t\u00e9 suite \u00e0 l&#39;accident et \u00e0 l&#39;arrestation d&#39;une ic\u00f4ne du golf en Floride\",\"isPartOf\":{\"@id\":\"https:\/\/footdavant.fr\/actualites\/#website\"},\"datePublished\":\"2026-09-02T14:48:35+00:00\",\"dateModified\":\"2026-09-02T14:48:37+00:00\",\"breadcrumb\":{\"@id\":\"https:\/\/footdavant.fr\/actualites\/tiger-woods-se-voit-imposer-une-interdiction-de-conduire-de-cinq-ans-apres-un-changement-de-plaidoyer-pour-conduite-en-etat-debriete-suite-a-laccident-et-a-larrestation-dune-icone\/#breadcrumb\"},\"inLanguage\":\"fr-FR\",\"potentialAction\":[{\"@type\":\"ReadAction\",\"target\":[\"https:\/\/footdavant.fr\/actualites\/tiger-woods-se-voit-imposer-une-interdiction-de-conduire-de-cinq-ans-apres-un-changement-de-plaidoyer-pour-conduite-en-etat-debriete-suite-a-laccident-et-a-larrestation-dune-icone\/\"]}]},{\"@type\":\"BreadcrumbList\",\"@id\":\"https:\/\/footdavant.fr\/actualites\/tiger-woods-se-voit-imposer-une-interdiction-de-conduire-de-cinq-ans-apres-un-changement-de-plaidoyer-pour-conduite-en-etat-debriete-suite-a-laccident-et-a-larrestation-dune-icone\/#breadcrumb\",\"itemListElement\":[{\"@type\":\"ListItem\",\"position\":1,\"name\":\"Accueil\",\"item\":\"https:\/\/footdavant.fr\/actualites\/\"},{\"@type\":\"ListItem\",\"position\":2,\"name\":\"Tiger Woods se voit imposer une interdiction de conduire de cinq ans apr\u00e8s un changement de plaidoyer pour conduite en \u00e9tat d&#39;\u00e9bri\u00e9t\u00e9 suite \u00e0 l&#39;accident et \u00e0 l&#39;arrestation d&#39;une ic\u00f4ne du golf en Floride\"}]},{\"@type\":\"WebSite\",\"@id\":\"https:\/\/footdavant.fr\/actualites\/#website\",\"url\":\"https:\/\/footdavant.fr\/actualites\/\",\"name\":\"Foot d'avant\",\"description\":\"\",\"publisher\":{\"@id\":\"https:\/\/footdavant.fr\/actualites\/#organization\"},\"potentialAction\":[{\"@type\":\"SearchAction\",\"target\":{\"@type\":\"EntryPoint\",\"urlTemplate\":\"https:\/\/footdavant.fr\/actualites\/?s={search_term_string}\"},\"query-input\":\"required name=search_term_string\"}],\"inLanguage\":\"fr-FR\"},{\"@type\":\"Organization\",\"@id\":\"https:\/\/footdavant.fr\/actualites\/#organization\",\"name\":\"Foot d'avant\",\"url\":\"https:\/\/footdavant.fr\/actualites\/\",\"logo\":{\"@type\":\"ImageObject\",\"inLanguage\":\"fr-FR\",\"@id\":\"https:\/\/footdavant.fr\/actualites\/#\/schema\/logo\/image\/\",\"url\":\"https:\/\/footdavant.fr\/actualites\/wp-content\/uploads\/2023\/09\/Copy-of-FootDavant-Logo.png\",\"contentUrl\":\"https:\/\/footdavant.fr\/actualites\/wp-content\/uploads\/2023\/09\/Copy-of-FootDavant-Logo.png\",\"width\":936,\"height\":549,\"caption\":\"Foot d'avant\"},\"image\":{\"@id\":\"https:\/\/footdavant.fr\/actualites\/#\/schema\/logo\/image\/\"},\"sameAs\":[\"https:\/\/www.facebook.com\/Footdavant\/\",\"https:\/\/twitter.com\/FootdavantFr\",\"https:\/\/www.instagram.com\/footdavant.fr\/\"]},{\"@type\":\"Person\",\"@id\":\"https:\/\/footdavant.fr\/actualites\/#\/schema\/person\/bc222566d95871b37e597b3ed3ba5e1d\",\"name\":\"Cl\u00e9ment\",\"image\":{\"@type\":\"ImageObject\",\"inLanguage\":\"fr-FR\",\"@id\":\"https:\/\/footdavant.fr\/actualites\/#\/schema\/person\/image\/\",\"url\":\"https:\/\/secure.gravatar.com\/avatar\/7728b29aac2719421e1a9159b2254c44?s=96&d=mm&r=g\",\"contentUrl\":\"https:\/\/secure.gravatar.com\/avatar\/7728b29aac2719421e1a9159b2254c44?s=96&d=mm&r=g\",\"caption\":\"Cl\u00e9ment\"},\"sameAs\":[\"https:\/\/footdavant.fr\/\"]}]}<\/script>\n<!-- \/ Yoast SEO plugin. -->","yoast_head_json":{"title":"Tiger Woods se voit imposer une interdiction de conduire de cinq ans apr\u00e8s un changement de plaidoyer pour conduite en \u00e9tat d&#39;\u00e9bri\u00e9t\u00e9 suite \u00e0 l&#39;accident et \u00e0 l&#39;arrestation d&#39;une ic\u00f4ne du golf en Floride","robots":{"index":"index","follow":"follow","max-snippet":"max-snippet:-1","max-image-preview":"max-image-preview:large","max-video-preview":"max-video-preview:-1"},"canonical":"https:\/\/footdavant.fr\/actualites\/tiger-woods-se-voit-imposer-une-interdiction-de-conduire-de-cinq-ans-apres-un-changement-de-plaidoyer-pour-conduite-en-etat-debriete-suite-a-laccident-et-a-larrestation-dune-icone\/","og_locale":"fr_FR","og_type":"article","og_title":"Tiger Woods se voit imposer une interdiction de conduire de cinq ans apr\u00e8s un changement de plaidoyer pour conduite en \u00e9tat d&#39;\u00e9bri\u00e9t\u00e9 suite \u00e0 l&#39;accident et \u00e0 l&#39;arrestation d&#39;une ic\u00f4ne du golf en Floride","og_description":"Tiger Woods a \u00e9t\u00e9 interdit de conduire pendant cinq ans et condamn\u00e9 \u00e0 une amende apr\u00e8s que la l\u00e9gende du golf ait chang\u00e9 son plaidoyer","og_url":"https:\/\/footdavant.fr\/actualites\/tiger-woods-se-voit-imposer-une-interdiction-de-conduire-de-cinq-ans-apres-un-changement-de-plaidoyer-pour-conduite-en-etat-debriete-suite-a-laccident-et-a-larrestation-dune-icone\/","og_site_name":"Foot d&#039;avant","article_publisher":"https:\/\/www.facebook.com\/Footdavant\/","article_published_time":"2026-09-02T14:48:35+00:00","article_modified_time":"2026-09-02T14:48:37+00:00","og_image":[{"width":1200,"height":859,"url":"https:\/\/footdavant.fr\/actualites\/wp-content\/uploads\/2026\/04\/1775184498_La-video-montre-des-images-de-la-camera-corporelle-de.jpg","type":"image\/jpeg"}],"author":"Cl\u00e9ment","twitter_card":"summary_large_image","twitter_creator":"@FootdavantFr","twitter_site":"@FootdavantFr","twitter_misc":{"\u00c9crit par":"Cl\u00e9ment","Dur\u00e9e de lecture estim\u00e9e":"3 minutes"},"schema":{"@context":"https:\/\/schema.org","@graph":[{"@type":"Article","@id":"https:\/\/footdavant.fr\/actualites\/tiger-woods-se-voit-imposer-une-interdiction-de-conduire-de-cinq-ans-apres-un-changement-de-plaidoyer-pour-conduite-en-etat-debriete-suite-a-laccident-et-a-larrestation-dune-icone\/#article","isPartOf":{"@id":"https:\/\/footdavant.fr\/actualites\/tiger-woods-se-voit-imposer-une-interdiction-de-conduire-de-cinq-ans-apres-un-changement-de-plaidoyer-pour-conduite-en-etat-debriete-suite-a-laccident-et-a-larrestation-dune-icone\/"},"author":{"name":"Cl\u00e9ment","@id":"https:\/\/footdavant.fr\/actualites\/#\/schema\/person\/bc222566d95871b37e597b3ed3ba5e1d"},"headline":"Tiger Woods se voit imposer une interdiction de conduire de cinq ans apr\u00e8s un changement de plaidoyer pour conduite en \u00e9tat d&#39;\u00e9bri\u00e9t\u00e9 suite \u00e0 l&#39;accident et \u00e0 l&#39;arrestation d&#39;une ic\u00f4ne du golf en Floride","datePublished":"2026-09-02T14:48:35+00:00","dateModified":"2026-09-02T14:48:37+00:00","mainEntityOfPage":{"@id":"https:\/\/footdavant.fr\/actualites\/tiger-woods-se-voit-imposer-une-interdiction-de-conduire-de-cinq-ans-apres-un-changement-de-plaidoyer-pour-conduite-en-etat-debriete-suite-a-laccident-et-a-larrestation-dune-icone\/"},"wordCount":680,"publisher":{"@id":"https:\/\/footdavant.fr\/actualites\/#organization"},"keywords":["ans","apr\u00e8s","changement","Cinq","conduire","conduite","d39\u00e9bri\u00e9t\u00e9","d39une","\u00e9tat","Floride","golf","ic\u00f4ne","imposer","interdiction","l39accident","l39arrestation","plaidoyer","pour","suite","Tiger","une","voit","Woods"],"articleSection":["Football"],"inLanguage":"fr-FR"},{"@type":"WebPage","@id":"https:\/\/footdavant.fr\/actualites\/tiger-woods-se-voit-imposer-une-interdiction-de-conduire-de-cinq-ans-apres-un-changement-de-plaidoyer-pour-conduite-en-etat-debriete-suite-a-laccident-et-a-larrestation-dune-icone\/","url":"https:\/\/footdavant.fr\/actualites\/tiger-woods-se-voit-imposer-une-interdiction-de-conduire-de-cinq-ans-apres-un-changement-de-plaidoyer-pour-conduite-en-etat-debriete-suite-a-laccident-et-a-larrestation-dune-icone\/","name":"Tiger Woods se voit imposer une interdiction de conduire de cinq ans apr\u00e8s un changement de plaidoyer pour conduite en \u00e9tat d&#39;\u00e9bri\u00e9t\u00e9 suite \u00e0 l&#39;accident et \u00e0 l&#39;arrestation d&#39;une ic\u00f4ne du golf en Floride","isPartOf":{"@id":"https:\/\/footdavant.fr\/actualites\/#website"},"datePublished":"2026-09-02T14:48:35+00:00","dateModified":"2026-09-02T14:48:37+00:00","breadcrumb":{"@id":"https:\/\/footdavant.fr\/actualites\/tiger-woods-se-voit-imposer-une-interdiction-de-conduire-de-cinq-ans-apres-un-changement-de-plaidoyer-pour-conduite-en-etat-debriete-suite-a-laccident-et-a-larrestation-dune-icone\/#breadcrumb"},"inLanguage":"fr-FR","potentialAction":[{"@type":"ReadAction","target":["https:\/\/footdavant.fr\/actualites\/tiger-woods-se-voit-imposer-une-interdiction-de-conduire-de-cinq-ans-apres-un-changement-de-plaidoyer-pour-conduite-en-etat-debriete-suite-a-laccident-et-a-larrestation-dune-icone\/"]}]},{"@type":"BreadcrumbList","@id":"https:\/\/footdavant.fr\/actualites\/tiger-woods-se-voit-imposer-une-interdiction-de-conduire-de-cinq-ans-apres-un-changement-de-plaidoyer-pour-conduite-en-etat-debriete-suite-a-laccident-et-a-larrestation-dune-icone\/#breadcrumb","itemListElement":[{"@type":"ListItem","position":1,"name":"Accueil","item":"https:\/\/footdavant.fr\/actualites\/"},{"@type":"ListItem","position":2,"name":"Tiger Woods se voit imposer une interdiction de conduire de cinq ans apr\u00e8s un changement de plaidoyer pour conduite en \u00e9tat d&#39;\u00e9bri\u00e9t\u00e9 suite \u00e0 l&#39;accident et \u00e0 l&#39;arrestation d&#39;une ic\u00f4ne du golf en Floride"}]},{"@type":"WebSite","@id":"https:\/\/footdavant.fr\/actualites\/#website","url":"https:\/\/footdavant.fr\/actualites\/","name":"Foot d'avant","description":"","publisher":{"@id":"https:\/\/footdavant.fr\/actualites\/#organization"},"potentialAction":[{"@type":"SearchAction","target":{"@type":"EntryPoint","urlTemplate":"https:\/\/footdavant.fr\/actualites\/?s={search_term_string}"},"query-input":"required name=search_term_string"}],"inLanguage":"fr-FR"},{"@type":"Organization","@id":"https:\/\/footdavant.fr\/actualites\/#organization","name":"Foot d'avant","url":"https:\/\/footdavant.fr\/actualites\/","logo":{"@type":"ImageObject","inLanguage":"fr-FR","@id":"https:\/\/footdavant.fr\/actualites\/#\/schema\/logo\/image\/","url":"https:\/\/footdavant.fr\/actualites\/wp-content\/uploads\/2023\/09\/Copy-of-FootDavant-Logo.png","contentUrl":"https:\/\/footdavant.fr\/actualites\/wp-content\/uploads\/2023\/09\/Copy-of-FootDavant-Logo.png","width":936,"height":549,"caption":"Foot d'avant"},"image":{"@id":"https:\/\/footdavant.fr\/actualites\/#\/schema\/logo\/image\/"},"sameAs":["https:\/\/www.facebook.com\/Footdavant\/","https:\/\/twitter.com\/FootdavantFr","https:\/\/www.instagram.com\/footdavant.fr\/"]},{"@type":"Person","@id":"https:\/\/footdavant.fr\/actualites\/#\/schema\/person\/bc222566d95871b37e597b3ed3ba5e1d","name":"Cl\u00e9ment","image":{"@type":"ImageObject","inLanguage":"fr-FR","@id":"https:\/\/footdavant.fr\/actualites\/#\/schema\/person\/image\/","url":"https:\/\/secure.gravatar.com\/avatar\/7728b29aac2719421e1a9159b2254c44?s=96&d=mm&r=g","contentUrl":"https:\/\/secure.gravatar.com\/avatar\/7728b29aac2719421e1a9159b2254c44?s=96&d=mm&r=g","caption":"Cl\u00e9ment"},"sameAs":["https:\/\/footdavant.fr\/"]}]}},"_links":{"self":[{"href":"https:\/\/footdavant.fr\/actualites\/wp-json\/wp\/v2\/posts\/41117"}],"collection":[{"href":"https:\/\/footdavant.fr\/actualites\/wp-json\/wp\/v2\/posts"}],"about":[{"href":"https:\/\/footdavant.fr\/actualites\/wp-json\/wp\/v2\/types\/post"}],"author":[{"embeddable":true,"href":"https:\/\/footdavant.fr\/actualites\/wp-json\/wp\/v2\/users\/1"}],"replies":[{"embeddable":true,"href":"https:\/\/footdavant.fr\/actualites\/wp-json\/wp\/v2\/comments?post=41117"}],"version-history":[{"count":1,"href":"https:\/\/footdavant.fr\/actualites\/wp-json\/wp\/v2\/posts\/41117\/revisions"}],"predecessor-version":[{"id":41118,"href":"https:\/\/footdavant.fr\/actualites\/wp-json\/wp\/v2\/posts\/41117\/revisions\/41118"}],"wp:featuredmedia":[{"embeddable":true,"href":"https:\/\/footdavant.fr\/actualites\/wp-json\/wp\/v2\/media\/36069"}],"wp:attachment":[{"href":"https:\/\/footdavant.fr\/actualites\/wp-json\/wp\/v2\/media?parent=41117"}],"wp:term":[{"taxonomy":"category","embeddable":true,"href":"https:\/\/footdavant.fr\/actualites\/wp-json\/wp\/v2\/categories?post=41117"},{"taxonomy":"post_tag","embeddable":true,"href":"https:\/\/footdavant.fr\/actualites\/wp-json\/wp\/v2\/tags?post=41117"}],"curies":[{"name":"wp","href":"https:\/\/api.w.org\/{rel}","templated":true}]}}