{"id":41119,"date":"2026-09-02T20:48:48","date_gmt":"2026-09-02T18:48:48","guid":{"rendered":"https:\/\/footdavant.fr\/actualites\/ce-que-les-joueurs-de-man-united-ont-pense-du-manque-dactivite-dineos-le-jour-de-la-date-limite\/"},"modified":"2026-09-02T20:48:50","modified_gmt":"2026-09-02T18:48:50","slug":"ce-que-les-joueurs-de-man-united-ont-pense-du-manque-dactivite-dineos-le-jour-de-la-date-limite","status":"publish","type":"post","link":"https:\/\/footdavant.fr\/actualites\/ce-que-les-joueurs-de-man-united-ont-pense-du-manque-dactivite-dineos-le-jour-de-la-date-limite\/","title":{"rendered":"Ce que les joueurs de Man United ont pens\u00e9 du manque d&#39;activit\u00e9 d&#39;INEOS le jour de la date limite &#8211;"},"content":{"rendered":"<div id=\"penci-post-entry-inner\">\n<p>\t\t\t<i class=\"penci-post-countview-number-check\" style=\"display:none\">1<\/i><\/p>\n<p><!--Article Start--><br \/>Les supporters de Manchester United s&#39;attendaient \u00e0 ce que le club passe \u00e0 la vitesse sup\u00e9rieure le jour de la date limite, compte tenu du besoin de renforts de Michael Carrick \u00e0 plusieurs postes.<\/p>\n<p>L\u2019arri\u00e8re gauche \u00e9tait un domaine \u00e9vident qui avait besoin de profondeur, Luke Shaw \u00e9tant le seul sp\u00e9cialiste senior \u00e0 ce poste.<\/p>\n<p>L\u2019attaque en \u00e9tait une autre, surtout au milieu des discussions sur le d\u00e9part de Joshua Zirkzee. Le N\u00e9erlandais a fini par rester, mais son bilan de buts n&#39;inspire pas beaucoup de confiance.<\/p>\n<p>Alors que les Diables Rouges devraient disputer quatre comp\u00e9titions cette saison, Benjamin Sesko aura besoin de toute l&#39;aide possible.<\/p>\n<h5>United avait besoin d&#39;un autre attaquant reconnu<\/h5>\n<p>Le Slov\u00e8ne ne s&#39;est remis que r\u00e9cemment d&#39;une blessure, et apr\u00e8s avoir rat\u00e9 toute la pr\u00e9-saison, Carrick le ram\u00e8ne dans l&#39;action.<\/p>\n<p>Matheus Cunha a pris la t\u00eate des deux matchs et a eu du mal \u00e0 avoir un impact sur les matchs comme le peut l&#39;ancien as du RB Leipzig.<\/p>\n<p>Bryan Mbeumo a excell\u00e9 en pr\u00e9-saison, mais la blessure d&#39;Amad signifie qu&#39;il joue actuellement \u00e0 l&#39;\u00e9cart.<\/p>\n<p>Les deux attaquants peuvent suppl\u00e9er au sommet, mais sont beaucoup plus habiles \u00e0 l&#39;ext\u00e9rieur ou en tant qu&#39;attaquants de soutien plut\u00f4t que de jouer en tant que seul cible.<\/p>\n<h5>R\u00e9action des joueurs \u00e0 l&#39;appel d&#39;INEOS<\/h5>\n<p>Selon The Athletic, certains membres de l&#39;\u00e9quipe esp\u00e9raient qu&#39;INEOS fasse venir un autre num\u00e9ro 9. Cependant, comme les fans l\u2019ont vu, les copropri\u00e9taires ont refus\u00e9 d\u2019agir.<\/p>\n<p>\u00ab\u00a0Certains joueurs ont estim\u00e9 qu&#39;un nouvel avant-centre pour partager la charge avec Benjamin Sesko \u00e9tait n\u00e9cessaire, permettant \u00e0 Matheus Cunha et Bryan Mbeumo de jouer davantage dans leurs meilleures positions.<\/p>\n<p>\u00ab\u00a0United a donc mis fin \u00e0 la fen\u00eatre avec trois nouveaux milieux de terrain et un gardien adjoint, ce qui soul\u00e8ve la question de savoir si, pour reprendre les mots de Carrick, ils ont &#39;repouss\u00e9 les limites&#39;.\u00a0\u00bb<\/p>\n<p>Il sera int\u00e9ressant de voir si Zirkzee peut prouver sa valeur cette saison pour aider son entra\u00eeneur-chef. Ou bien, l\u2019inactivit\u00e9 d\u2019INEOS pourrait finir par co\u00fbter son poste \u00e0 Carrick.<\/p>\n<\/p>\n<hr\/>\n<div style=\"position:relative; width:100%; max-width:1760px;\">\n<p>    &#13;<\/p>\n<p>    &#13;<\/p>\n<\/div>\n<p><img fetchpriority=\"high\" decoding=\"async\" src=\"https:\/\/footdavant.fr\/actualites\/wp-content\/uploads\/2026\/07\/Le-role-de-United-dans-le-transfert-propose-par-Mason.png\" alt=\"\" width=\"1160\" height=\"65\" class=\"aligncenter size-full wp-image-299864\"\/><br \/>\n<!--Article End--><\/p>\n<p><!-- CONTENT END 2 --><\/p><\/div>\n","protected":false},"excerpt":{"rendered":"<p>1 Les supporters de Manchester United s&#39;attendaient \u00e0 ce que le club passe \u00e0 la vitesse sup\u00e9rieure le jour de la date limite, compte tenu<\/p>\n","protected":false},"author":1,"featured_media":41120,"comment_status":"closed","ping_status":"","sticky":false,"template":"","format":"standard","meta":{"footnotes":""},"categories":[3],"tags":[5504,10019,391,220,328,93,923,24,476,244,2424,13],"yoast_head":"<!-- This site is optimized with the Yoast SEO plugin v21.0 - https:\/\/yoast.com\/wordpress\/plugins\/seo\/ -->\n<title>Ce que les joueurs de Man United ont pens\u00e9 du manque d&#039;activit\u00e9 d&#039;INEOS le jour de la date limite -<\/title>\n<meta name=\"robots\" content=\"index, follow, max-snippet:-1, max-image-preview:large, max-video-preview:-1\" \/>\n<link rel=\"canonical\" href=\"https:\/\/footdavant.fr\/actualites\/ce-que-les-joueurs-de-man-united-ont-pense-du-manque-dactivite-dineos-le-jour-de-la-date-limite\/\" \/>\n<meta property=\"og:locale\" content=\"fr_FR\" \/>\n<meta property=\"og:type\" content=\"article\" \/>\n<meta property=\"og:title\" content=\"Ce que les joueurs de Man United ont pens\u00e9 du manque d&#039;activit\u00e9 d&#039;INEOS le jour de la date limite -\" \/>\n<meta property=\"og:description\" content=\"1 Les supporters de Manchester United s&#039;attendaient \u00e0 ce que le club passe \u00e0 la vitesse sup\u00e9rieure le jour de la date limite, compte tenu\" \/>\n<meta property=\"og:url\" content=\"https:\/\/footdavant.fr\/actualites\/ce-que-les-joueurs-de-man-united-ont-pense-du-manque-dactivite-dineos-le-jour-de-la-date-limite\/\" \/>\n<meta property=\"og:site_name\" content=\"Foot d&#039;avant\" \/>\n<meta property=\"article:publisher\" content=\"https:\/\/www.facebook.com\/Footdavant\/\" \/>\n<meta property=\"article:published_time\" content=\"2026-09-02T18:48:48+00:00\" \/>\n<meta property=\"article:modified_time\" content=\"2026-09-02T18:48:50+00:00\" \/>\n<meta property=\"og:image\" content=\"https:\/\/footdavant.fr\/actualites\/wp-content\/uploads\/2026\/09\/Ce-que-les-joueurs-de-Man-United-ont-pense-du.jpg\" \/>\n\t<meta property=\"og:image:width\" content=\"1600\" \/>\n\t<meta property=\"og:image:height\" content=\"707\" \/>\n\t<meta property=\"og:image:type\" content=\"image\/jpeg\" \/>\n<meta name=\"author\" content=\"Cl\u00e9ment\" \/>\n<meta name=\"twitter:card\" content=\"summary_large_image\" \/>\n<meta name=\"twitter:creator\" content=\"@FootdavantFr\" \/>\n<meta name=\"twitter:site\" content=\"@FootdavantFr\" \/>\n<meta name=\"twitter:label1\" content=\"\u00c9crit par\" \/>\n\t<meta name=\"twitter:data1\" content=\"Cl\u00e9ment\" \/>\n\t<meta name=\"twitter:label2\" content=\"Dur\u00e9e de lecture estim\u00e9e\" \/>\n\t<meta name=\"twitter:data2\" content=\"2 minutes\" \/>\n<script type=\"application\/ld+json\" class=\"yoast-schema-graph\">{\"@context\":\"https:\/\/schema.org\",\"@graph\":[{\"@type\":\"Article\",\"@id\":\"https:\/\/footdavant.fr\/actualites\/ce-que-les-joueurs-de-man-united-ont-pense-du-manque-dactivite-dineos-le-jour-de-la-date-limite\/#article\",\"isPartOf\":{\"@id\":\"https:\/\/footdavant.fr\/actualites\/ce-que-les-joueurs-de-man-united-ont-pense-du-manque-dactivite-dineos-le-jour-de-la-date-limite\/\"},\"author\":{\"name\":\"Cl\u00e9ment\",\"@id\":\"https:\/\/footdavant.fr\/actualites\/#\/schema\/person\/bc222566d95871b37e597b3ed3ba5e1d\"},\"headline\":\"Ce que les joueurs de Man United ont pens\u00e9 du manque d&#39;activit\u00e9 d&#39;INEOS le jour de la date limite &#8211;\",\"datePublished\":\"2026-09-02T18:48:48+00:00\",\"dateModified\":\"2026-09-02T18:48:50+00:00\",\"mainEntityOfPage\":{\"@id\":\"https:\/\/footdavant.fr\/actualites\/ce-que-les-joueurs-de-man-united-ont-pense-du-manque-dactivite-dineos-le-jour-de-la-date-limite\/\"},\"wordCount\":396,\"publisher\":{\"@id\":\"https:\/\/footdavant.fr\/actualites\/#organization\"},\"keywords\":[\"d39activit\u00e9\",\"d39Ineos\",\"date\",\"joueurs\",\"jour\",\"les\",\"limit\u00e9\",\"Man\",\"manque\",\"ont\",\"pense\",\"United\"],\"articleSection\":[\"Football\"],\"inLanguage\":\"fr-FR\"},{\"@type\":\"WebPage\",\"@id\":\"https:\/\/footdavant.fr\/actualites\/ce-que-les-joueurs-de-man-united-ont-pense-du-manque-dactivite-dineos-le-jour-de-la-date-limite\/\",\"url\":\"https:\/\/footdavant.fr\/actualites\/ce-que-les-joueurs-de-man-united-ont-pense-du-manque-dactivite-dineos-le-jour-de-la-date-limite\/\",\"name\":\"Ce que les joueurs de Man United ont pens\u00e9 du manque d&#39;activit\u00e9 d&#39;INEOS le jour de la date limite -\",\"isPartOf\":{\"@id\":\"https:\/\/footdavant.fr\/actualites\/#website\"},\"datePublished\":\"2026-09-02T18:48:48+00:00\",\"dateModified\":\"2026-09-02T18:48:50+00:00\",\"breadcrumb\":{\"@id\":\"https:\/\/footdavant.fr\/actualites\/ce-que-les-joueurs-de-man-united-ont-pense-du-manque-dactivite-dineos-le-jour-de-la-date-limite\/#breadcrumb\"},\"inLanguage\":\"fr-FR\",\"potentialAction\":[{\"@type\":\"ReadAction\",\"target\":[\"https:\/\/footdavant.fr\/actualites\/ce-que-les-joueurs-de-man-united-ont-pense-du-manque-dactivite-dineos-le-jour-de-la-date-limite\/\"]}]},{\"@type\":\"BreadcrumbList\",\"@id\":\"https:\/\/footdavant.fr\/actualites\/ce-que-les-joueurs-de-man-united-ont-pense-du-manque-dactivite-dineos-le-jour-de-la-date-limite\/#breadcrumb\",\"itemListElement\":[{\"@type\":\"ListItem\",\"position\":1,\"name\":\"Accueil\",\"item\":\"https:\/\/footdavant.fr\/actualites\/\"},{\"@type\":\"ListItem\",\"position\":2,\"name\":\"Ce que les joueurs de Man United ont pens\u00e9 du manque d&#39;activit\u00e9 d&#39;INEOS le jour de la date limite &#8211;\"}]},{\"@type\":\"WebSite\",\"@id\":\"https:\/\/footdavant.fr\/actualites\/#website\",\"url\":\"https:\/\/footdavant.fr\/actualites\/\",\"name\":\"Foot d'avant\",\"description\":\"\",\"publisher\":{\"@id\":\"https:\/\/footdavant.fr\/actualites\/#organization\"},\"potentialAction\":[{\"@type\":\"SearchAction\",\"target\":{\"@type\":\"EntryPoint\",\"urlTemplate\":\"https:\/\/footdavant.fr\/actualites\/?s={search_term_string}\"},\"query-input\":\"required name=search_term_string\"}],\"inLanguage\":\"fr-FR\"},{\"@type\":\"Organization\",\"@id\":\"https:\/\/footdavant.fr\/actualites\/#organization\",\"name\":\"Foot d'avant\",\"url\":\"https:\/\/footdavant.fr\/actualites\/\",\"logo\":{\"@type\":\"ImageObject\",\"inLanguage\":\"fr-FR\",\"@id\":\"https:\/\/footdavant.fr\/actualites\/#\/schema\/logo\/image\/\",\"url\":\"https:\/\/footdavant.fr\/actualites\/wp-content\/uploads\/2023\/09\/Copy-of-FootDavant-Logo.png\",\"contentUrl\":\"https:\/\/footdavant.fr\/actualites\/wp-content\/uploads\/2023\/09\/Copy-of-FootDavant-Logo.png\",\"width\":936,\"height\":549,\"caption\":\"Foot d'avant\"},\"image\":{\"@id\":\"https:\/\/footdavant.fr\/actualites\/#\/schema\/logo\/image\/\"},\"sameAs\":[\"https:\/\/www.facebook.com\/Footdavant\/\",\"https:\/\/twitter.com\/FootdavantFr\",\"https:\/\/www.instagram.com\/footdavant.fr\/\"]},{\"@type\":\"Person\",\"@id\":\"https:\/\/footdavant.fr\/actualites\/#\/schema\/person\/bc222566d95871b37e597b3ed3ba5e1d\",\"name\":\"Cl\u00e9ment\",\"image\":{\"@type\":\"ImageObject\",\"inLanguage\":\"fr-FR\",\"@id\":\"https:\/\/footdavant.fr\/actualites\/#\/schema\/person\/image\/\",\"url\":\"https:\/\/secure.gravatar.com\/avatar\/7728b29aac2719421e1a9159b2254c44?s=96&d=mm&r=g\",\"contentUrl\":\"https:\/\/secure.gravatar.com\/avatar\/7728b29aac2719421e1a9159b2254c44?s=96&d=mm&r=g\",\"caption\":\"Cl\u00e9ment\"},\"sameAs\":[\"https:\/\/footdavant.fr\/\"]}]}<\/script>\n<!-- \/ Yoast SEO plugin. -->","yoast_head_json":{"title":"Ce que les joueurs de Man United ont pens\u00e9 du manque d&#39;activit\u00e9 d&#39;INEOS le jour de la date limite -","robots":{"index":"index","follow":"follow","max-snippet":"max-snippet:-1","max-image-preview":"max-image-preview:large","max-video-preview":"max-video-preview:-1"},"canonical":"https:\/\/footdavant.fr\/actualites\/ce-que-les-joueurs-de-man-united-ont-pense-du-manque-dactivite-dineos-le-jour-de-la-date-limite\/","og_locale":"fr_FR","og_type":"article","og_title":"Ce que les joueurs de Man United ont pens\u00e9 du manque d&#39;activit\u00e9 d&#39;INEOS le jour de la date limite -","og_description":"1 Les supporters de Manchester United s&#39;attendaient \u00e0 ce que le club passe \u00e0 la vitesse sup\u00e9rieure le jour de la date limite, compte tenu","og_url":"https:\/\/footdavant.fr\/actualites\/ce-que-les-joueurs-de-man-united-ont-pense-du-manque-dactivite-dineos-le-jour-de-la-date-limite\/","og_site_name":"Foot d&#039;avant","article_publisher":"https:\/\/www.facebook.com\/Footdavant\/","article_published_time":"2026-09-02T18:48:48+00:00","article_modified_time":"2026-09-02T18:48:50+00:00","og_image":[{"width":1600,"height":707,"url":"https:\/\/footdavant.fr\/actualites\/wp-content\/uploads\/2026\/09\/Ce-que-les-joueurs-de-Man-United-ont-pense-du.jpg","type":"image\/jpeg"}],"author":"Cl\u00e9ment","twitter_card":"summary_large_image","twitter_creator":"@FootdavantFr","twitter_site":"@FootdavantFr","twitter_misc":{"\u00c9crit par":"Cl\u00e9ment","Dur\u00e9e de lecture estim\u00e9e":"2 minutes"},"schema":{"@context":"https:\/\/schema.org","@graph":[{"@type":"Article","@id":"https:\/\/footdavant.fr\/actualites\/ce-que-les-joueurs-de-man-united-ont-pense-du-manque-dactivite-dineos-le-jour-de-la-date-limite\/#article","isPartOf":{"@id":"https:\/\/footdavant.fr\/actualites\/ce-que-les-joueurs-de-man-united-ont-pense-du-manque-dactivite-dineos-le-jour-de-la-date-limite\/"},"author":{"name":"Cl\u00e9ment","@id":"https:\/\/footdavant.fr\/actualites\/#\/schema\/person\/bc222566d95871b37e597b3ed3ba5e1d"},"headline":"Ce que les joueurs de Man United ont pens\u00e9 du manque d&#39;activit\u00e9 d&#39;INEOS le jour de la date limite &#8211;","datePublished":"2026-09-02T18:48:48+00:00","dateModified":"2026-09-02T18:48:50+00:00","mainEntityOfPage":{"@id":"https:\/\/footdavant.fr\/actualites\/ce-que-les-joueurs-de-man-united-ont-pense-du-manque-dactivite-dineos-le-jour-de-la-date-limite\/"},"wordCount":396,"publisher":{"@id":"https:\/\/footdavant.fr\/actualites\/#organization"},"keywords":["d39activit\u00e9","d39Ineos","date","joueurs","jour","les","limit\u00e9","Man","manque","ont","pense","United"],"articleSection":["Football"],"inLanguage":"fr-FR"},{"@type":"WebPage","@id":"https:\/\/footdavant.fr\/actualites\/ce-que-les-joueurs-de-man-united-ont-pense-du-manque-dactivite-dineos-le-jour-de-la-date-limite\/","url":"https:\/\/footdavant.fr\/actualites\/ce-que-les-joueurs-de-man-united-ont-pense-du-manque-dactivite-dineos-le-jour-de-la-date-limite\/","name":"Ce que les joueurs de Man United ont pens\u00e9 du manque d&#39;activit\u00e9 d&#39;INEOS le jour de la date limite -","isPartOf":{"@id":"https:\/\/footdavant.fr\/actualites\/#website"},"datePublished":"2026-09-02T18:48:48+00:00","dateModified":"2026-09-02T18:48:50+00:00","breadcrumb":{"@id":"https:\/\/footdavant.fr\/actualites\/ce-que-les-joueurs-de-man-united-ont-pense-du-manque-dactivite-dineos-le-jour-de-la-date-limite\/#breadcrumb"},"inLanguage":"fr-FR","potentialAction":[{"@type":"ReadAction","target":["https:\/\/footdavant.fr\/actualites\/ce-que-les-joueurs-de-man-united-ont-pense-du-manque-dactivite-dineos-le-jour-de-la-date-limite\/"]}]},{"@type":"BreadcrumbList","@id":"https:\/\/footdavant.fr\/actualites\/ce-que-les-joueurs-de-man-united-ont-pense-du-manque-dactivite-dineos-le-jour-de-la-date-limite\/#breadcrumb","itemListElement":[{"@type":"ListItem","position":1,"name":"Accueil","item":"https:\/\/footdavant.fr\/actualites\/"},{"@type":"ListItem","position":2,"name":"Ce que les joueurs de Man United ont pens\u00e9 du manque d&#39;activit\u00e9 d&#39;INEOS le jour de la date limite &#8211;"}]},{"@type":"WebSite","@id":"https:\/\/footdavant.fr\/actualites\/#website","url":"https:\/\/footdavant.fr\/actualites\/","name":"Foot d'avant","description":"","publisher":{"@id":"https:\/\/footdavant.fr\/actualites\/#organization"},"potentialAction":[{"@type":"SearchAction","target":{"@type":"EntryPoint","urlTemplate":"https:\/\/footdavant.fr\/actualites\/?s={search_term_string}"},"query-input":"required name=search_term_string"}],"inLanguage":"fr-FR"},{"@type":"Organization","@id":"https:\/\/footdavant.fr\/actualites\/#organization","name":"Foot d'avant","url":"https:\/\/footdavant.fr\/actualites\/","logo":{"@type":"ImageObject","inLanguage":"fr-FR","@id":"https:\/\/footdavant.fr\/actualites\/#\/schema\/logo\/image\/","url":"https:\/\/footdavant.fr\/actualites\/wp-content\/uploads\/2023\/09\/Copy-of-FootDavant-Logo.png","contentUrl":"https:\/\/footdavant.fr\/actualites\/wp-content\/uploads\/2023\/09\/Copy-of-FootDavant-Logo.png","width":936,"height":549,"caption":"Foot d'avant"},"image":{"@id":"https:\/\/footdavant.fr\/actualites\/#\/schema\/logo\/image\/"},"sameAs":["https:\/\/www.facebook.com\/Footdavant\/","https:\/\/twitter.com\/FootdavantFr","https:\/\/www.instagram.com\/footdavant.fr\/"]},{"@type":"Person","@id":"https:\/\/footdavant.fr\/actualites\/#\/schema\/person\/bc222566d95871b37e597b3ed3ba5e1d","name":"Cl\u00e9ment","image":{"@type":"ImageObject","inLanguage":"fr-FR","@id":"https:\/\/footdavant.fr\/actualites\/#\/schema\/person\/image\/","url":"https:\/\/secure.gravatar.com\/avatar\/7728b29aac2719421e1a9159b2254c44?s=96&d=mm&r=g","contentUrl":"https:\/\/secure.gravatar.com\/avatar\/7728b29aac2719421e1a9159b2254c44?s=96&d=mm&r=g","caption":"Cl\u00e9ment"},"sameAs":["https:\/\/footdavant.fr\/"]}]}},"_links":{"self":[{"href":"https:\/\/footdavant.fr\/actualites\/wp-json\/wp\/v2\/posts\/41119"}],"collection":[{"href":"https:\/\/footdavant.fr\/actualites\/wp-json\/wp\/v2\/posts"}],"about":[{"href":"https:\/\/footdavant.fr\/actualites\/wp-json\/wp\/v2\/types\/post"}],"author":[{"embeddable":true,"href":"https:\/\/footdavant.fr\/actualites\/wp-json\/wp\/v2\/users\/1"}],"replies":[{"embeddable":true,"href":"https:\/\/footdavant.fr\/actualites\/wp-json\/wp\/v2\/comments?post=41119"}],"version-history":[{"count":1,"href":"https:\/\/footdavant.fr\/actualites\/wp-json\/wp\/v2\/posts\/41119\/revisions"}],"predecessor-version":[{"id":41121,"href":"https:\/\/footdavant.fr\/actualites\/wp-json\/wp\/v2\/posts\/41119\/revisions\/41121"}],"wp:featuredmedia":[{"embeddable":true,"href":"https:\/\/footdavant.fr\/actualites\/wp-json\/wp\/v2\/media\/41120"}],"wp:attachment":[{"href":"https:\/\/footdavant.fr\/actualites\/wp-json\/wp\/v2\/media?parent=41119"}],"wp:term":[{"taxonomy":"category","embeddable":true,"href":"https:\/\/footdavant.fr\/actualites\/wp-json\/wp\/v2\/categories?post=41119"},{"taxonomy":"post_tag","embeddable":true,"href":"https:\/\/footdavant.fr\/actualites\/wp-json\/wp\/v2\/tags?post=41119"}],"curies":[{"name":"wp","href":"https:\/\/api.w.org\/{rel}","templated":true}]}}