{"id":41125,"date":"2026-09-03T04:48:28","date_gmt":"2026-09-03T02:48:28","guid":{"rendered":"https:\/\/footdavant.fr\/actualites\/chronique-tactique-le-triple-de-calafiori-en-debut-de-saison\/"},"modified":"2026-09-03T04:48:31","modified_gmt":"2026-09-03T02:48:31","slug":"chronique-tactique-le-triple-de-calafiori-en-debut-de-saison","status":"publish","type":"post","link":"https:\/\/footdavant.fr\/actualites\/chronique-tactique-le-triple-de-calafiori-en-debut-de-saison\/","title":{"rendered":"Chronique tactique : le tripl\u00e9 de Calafiori en d\u00e9but de saison"},"content":{"rendered":"<div>\n<p>Ne vous laissez pas tromper par la d\u00e9faite 4-0 contre Brighton lors de la premi\u00e8re journ\u00e9e, Aston Villa est un dur \u00e0 cuire. Et ils allaient toujours chercher \u00e0 se rattraper \u00e0 domicile contre Arsenal lundi soir. Villa a un excellent bilan contre Arsenal ces derni\u00e8res saisons sous Unai Emery et dans ce type de match en g\u00e9n\u00e9ral : les trois derni\u00e8res saisons ont chacune vu les champions en titre de Premier League battus \u00e0 Villa Park.<\/p>\n<p>Comme nous le savons maintenant, l&#39;\u00e9quipe d&#39;Unai Emery mise sur l&#39;utilisation d&#39;une ligne haute pour faire monter le terrain et garder les \u00e9quipes \u00e0 distance, et Arsenal n&#39;a pas \u00e9t\u00e9 particuli\u00e8rement dou\u00e9 pour trouver des moyens d&#39;exploiter cela au fil des ans. En 2023-24, les Gunners ont menac\u00e9 pendant un certain temps gr\u00e2ce \u00e0 Gabriel Martinelli, pour ensuite \u00e9mousser l&#39;attaque en le retirant, et ont pris du retard de mani\u00e8re mena\u00e7ante gr\u00e2ce \u00e0 quelques courses tardives de Kai Havertz depuis le milieu de terrain \u00e0 domicile, mais n&#39;ont pas pu trouver de finition. Ils ont fini par perdre les deux matchs.<\/p>\n<p>Cette fois-ci, il y a eu une tentative de d\u00e9passement de la ligne de Villa, mais les passes n&#39;ont pas \u00e9t\u00e9 jou\u00e9es. La frustration de Riccardo Calafiori \u00e9tait \u00e9vidente lorsqu&#39;Arsenal refusait la passe dans les premi\u00e8res minutes.<\/p>\n<p><img loading=\"lazy\" decoding=\"async\" class=\"aligncenter size-large wp-image-49613\" src=\"https:\/\/footdavant.fr\/actualites\/wp-content\/uploads\/2026\/09\/1788403707_226_Chronique-tactique-le-triple-de-Calafiori-en-debut-de.webp\" alt=\"\" width=\"696\" height=\"435\"  \/>Et il y avait plus avec la ligne de Villa plus haute de Kai Havertz en particulier. Ici, lui et Christos Tzolis cherchaient \u00e0 offrir du mouvement derri\u00e8re.<\/p>\n<p><img loading=\"lazy\" decoding=\"async\" class=\"aligncenter size-large wp-image-49614\" src=\"https:\/\/footdavant.fr\/actualites\/wp-content\/uploads\/2026\/09\/1788403707_643_Chronique-tactique-le-triple-de-Calafiori-en-debut-de.webp\" alt=\"\" width=\"696\" height=\"435\"  \/>Havertz a recommenc\u00e9 avec Gabriel sur le ballon\u2026<br \/><img loading=\"lazy\" decoding=\"async\" class=\"aligncenter size-large wp-image-49615\" src=\"https:\/\/footdavant.fr\/actualites\/wp-content\/uploads\/2026\/09\/1788403707_215_Chronique-tactique-le-triple-de-Calafiori-en-debut-de.webp\" alt=\"\" width=\"696\" height=\"435\"  \/>\u2026 et a \u00e9t\u00e9 rejoint par Ben White \u00e0 cette occasion, avec Bukayo Saka en possession sur la ligne de touche.<\/p>\n<p><img loading=\"lazy\" decoding=\"async\" class=\"aligncenter size-large wp-image-49616\" src=\"https:\/\/footdavant.fr\/actualites\/wp-content\/uploads\/2026\/09\/1788403707_180_Chronique-tactique-le-triple-de-Calafiori-en-debut-de.webp\" alt=\"\" width=\"696\" height=\"435\"  \/>Calafiori s&#39;aventurait parfois aussi vers l&#39;avant avec Tzolis sur la gauche\u2026<\/p>\n<p><img loading=\"lazy\" decoding=\"async\" class=\"aligncenter size-large wp-image-49617\" src=\"https:\/\/footdavant.fr\/actualites\/wp-content\/uploads\/2026\/09\/1788403707_899_Chronique-tactique-le-triple-de-Calafiori-en-debut-de.webp\" alt=\"\" width=\"696\" height=\"435\"  \/>\u2026 mais le ballon n&#39;a pas \u00e9t\u00e9 jou\u00e9, peu importe si Martin Odegaard, Myles Lewis-Skelly, Declan Rice ou Gabriel \u00e9taient en possession.<\/p>\n<p>Peut-\u00eatre qu&#39;Arsenal recherchait plus de s\u00e9curit\u00e9 apr\u00e8s que ce match de la saison derni\u00e8re se soit transform\u00e9 en un match de type basket-ball de bout en bout, qui convenait \u00e0 Villa, qui a ensuite gagn\u00e9. Ou peut-\u00eatre que ces courses n\u2019\u00e9taient jamais faites pour \u00eatre trouv\u00e9es, mais \u00e9taient plut\u00f4t une tentative de repousser la d\u00e9fense de Villa, cr\u00e9ant plus d\u2019espace entre les lignes. Mais cela ne s\u2019est pas produit non plus.<\/p>\n<p>Au lieu de cela, comme Arsenal ne regardait pas par-dessus, la majeure partie de l\u2019espace avait tendance \u00e0 \u00eatre large. Lorsque le ballon est arriv\u00e9 l\u00e0-bas avec Saka ou Tzolis, ils ont \u00e9t\u00e9 agressivement ferm\u00e9s respectivement par Ian Maatsen et Matty Cash. Apr\u00e8s des d\u00e9buts impressionnants en championnat contre Coventry, o\u00f9 il r\u00e9cup\u00e9rait souvent le ballon dans l&#39;espace et pouvait avancer, Tzolis en particulier a eu du mal et a \u00e9t\u00e9 accroch\u00e9 \u00e0 la mi-temps.<\/p>\n<p>Il est ironique que ce changement ait vu Eberechi Eze introduit sur l&#39;aile de Villa Park, environ neuf mois apr\u00e8s avoir lui-m\u00eame \u00e9t\u00e9 expuls\u00e9 \u00e0 la mi-temps dans le m\u00eame match et n&#39;a plus fait confiance \u00e0 ce poste pendant environ cinq mois. Cette fois-ci, il a contribu\u00e9 au but vainqueur.<\/p>\n<p>Mais le v\u00e9ritable contributeur fut encore une fois Calafiori. Pour le troisi\u00e8me match cons\u00e9cutif, c&#39;est son mouvement qui a aid\u00e9 Arsenal \u00e0 sortir de l&#39;impasse. Et tout est dans les d\u00e9tails. Cristhian Mosquera est superbement patient avec le ballon, attendant qu&#39;une voie de passe s&#39;ouvre, et c&#39;est le moment habile de Calafiori qui offre exactement cela : il d\u00e9rive derri\u00e8re Boubacar Kamara, le milieu de terrain de Villa jetant bri\u00e8vement un coup d&#39;\u0153il par-dessus son \u00e9paule gauche pour chercher l&#39;Italien. Ce faisant, il fait un demi-pas sur sa gauche et Mosquera n&#39;h\u00e9site pas, utilisant l&#39;espace suppl\u00e9mentaire qui s&#39;est ouvert pour envoyer le ballon \u00e0 travers les lignes et dans Eze.<\/p>\n<\/p>\n<p>Calafiori continue sa course, Eze d\u00e9place rapidement le ballon et l&#39;arri\u00e8re gauche d&#39;Arsenal atteint la passe pour faire passer le ballon \u00e0 travers le but et donner un tap-in \u00e0 Bukayo Saka.<\/p>\n<p><img loading=\"lazy\" decoding=\"async\" class=\"aligncenter size-large wp-image-49618\" src=\"https:\/\/footdavant.fr\/actualites\/wp-content\/uploads\/2026\/09\/1788403707_246_Chronique-tactique-le-triple-de-Calafiori-en-debut-de.webp\" alt=\"\" width=\"696\" height=\"435\"  \/>C&#39;\u00e9tait formidable de voir Saka, \u00e0 la mani\u00e8re de Robert Pires, franchir son marqueur et marquer un but facile au deuxi\u00e8me poteau. C\u2019est deux sur deux comme \u00e7a et il devrait y en avoir bien d\u2019autres \u00e0 venir s\u2019il est constamment sur ses gardes.<\/p>\n<p>Ce but a \u00e9galement permis \u00e0 Calafiori d&#39;\u00e9galer son total de passes d\u00e9cisives (deux) de la saison derni\u00e8re et c&#39;\u00e9tait le troisi\u00e8me match cons\u00e9cutif o\u00f9 il \u00e9tait d\u00e9cisif pour sortir de l&#39;impasse. \u00c0 chaque fois, il a \u00e9t\u00e9 plac\u00e9 avec l&#39;ailier devant lui plus \u00e0 l&#39;ext\u00e9rieur.<\/p>\n<p>Le mouvement de Calafiori, venant d&#39;une position de hors-jeu derri\u00e8re Abdukodir Khusanov et pliant sa course, a \u00e9t\u00e9 brillant pour son but dans le Community Shield contre Manchester City.<\/p>\n<p><img loading=\"lazy\" decoding=\"async\" class=\"aligncenter size-large wp-image-49610\" src=\"https:\/\/footdavant.fr\/actualites\/wp-content\/uploads\/2026\/09\/1788403707_906_Chronique-tactique-le-triple-de-Calafiori-en-debut-de.webp\" alt=\"\" width=\"696\" height=\"435\"  \/>Une course similaire a vu Ruben Dias faire un pas vers lui, ouvrant l&#39;espace \u00e0 Martin Odegaard pour danser pour porter le score \u00e0 3-0 \u00e0 Cardiff.<img loading=\"lazy\" decoding=\"async\" class=\"aligncenter size-large wp-image-49611\" src=\"https:\/\/footdavant.fr\/actualites\/wp-content\/uploads\/2026\/09\/1788403707_786_Chronique-tactique-le-triple-de-Calafiori-en-debut-de.webp\" alt=\"\" width=\"696\" height=\"435\"  \/>Et c&#39;est Calafiori qui a soutenu Tzolis pour cr\u00e9er le but de Kai Havertz contre Coventry City.<\/p>\n<p>Arsenal doit garder l&#39;Italien en forme.<\/p>\n<p>Une autre chose \u00e0 mentionner lors de la victoire \u00e0 Villa est la performance du milieu de terrain. Non, pas le milieu de terrain qui a commenc\u00e9, mais celui qui a cl\u00f4tur\u00e9 le match. La profondeur dans cette zone du terrain est franchement impolie.<\/p>\n<p>Bruno Guimaraes a montr\u00e9 ses passes incisives, Martin Zubimendi a sembl\u00e9 vif et s&#39;est lanc\u00e9 dans une intervention particuli\u00e8rement impressionnante, et Mikel Merino a \u00e9t\u00e9 le meilleur joueur sur le terrain apr\u00e8s son introduction.<\/p>\n<p>S\u00e9rieusement. Merino est entr\u00e9 en jeu \u00e0 la 71e minute. \u00c0 la fin du match, seul Bukayo Saka avait remport\u00e9 plus de duels, seuls cinq joueurs de champ avaient effectu\u00e9 plus de r\u00e9cup\u00e9rations et aucun joueur n&#39;avait effectu\u00e9 plus de dribbles.<\/p>\n<p><img loading=\"lazy\" decoding=\"async\" class=\"aligncenter size-full wp-image-49619\" src=\"https:\/\/footdavant.fr\/actualites\/wp-content\/uploads\/2026\/09\/1788403708_542_Chronique-tactique-le-triple-de-Calafiori-en-debut-de.webp\" alt=\"\" width=\"1910\" height=\"642\"  \/>Le trio a fait preuve d&#39;un calme fantastique entre eux, il n&#39;\u00e9tait pas n\u00e9cessaire de se d\u00e9fendre dos au mur et Arsenal a vu les choses en contr\u00f4le. Villa n&#39;a pas r\u00e9ussi de tir apr\u00e8s la 70e minute et le milieu de terrain remplac\u00e9 a termin\u00e9 le match avec 35 des 38 passes compl\u00e9t\u00e9es entre eux.<\/p>\n<p><img loading=\"lazy\" decoding=\"async\" class=\"aligncenter size-full wp-image-49620\" src=\"https:\/\/footdavant.fr\/actualites\/wp-content\/uploads\/2026\/09\/1788403708_419_Chronique-tactique-le-triple-de-Calafiori-en-debut-de.webp\" alt=\"\" width=\"1966\" height=\"1116\"  \/>Si Arsenal peut utiliser sa profondeur pour voir plus de matchs avec ce niveau de lucidit\u00e9, la saison sera tr\u00e8s longue pour ses rivaux.<\/p>\n<h4>\ud83d\udcfa ANALYSE VID\u00c9O<\/h4>\n<p><iframe loading=\"lazy\" title=\"How Calafiori Keeps Picking Locks | Between the Lines\" width=\"1200\" height=\"675\" src=\"https:\/\/www.youtube.com\/embed\/Jnz4UESdXI4?feature=oembed\" frameborder=\"0\" allow=\"accelerometer; autoplay; clipboard-write; encrypted-media; gyroscope; picture-in-picture; web-share\" referrerpolicy=\"strict-origin-when-cross-origin\" allowfullscreen><\/iframe><\/p>\n<\/div>\n","protected":false},"excerpt":{"rendered":"<p>Ne vous laissez pas tromper par la d\u00e9faite 4-0 contre Brighton lors de la premi\u00e8re journ\u00e9e, Aston Villa est un dur \u00e0 cuire. Et ils<\/p>\n","protected":false},"author":1,"featured_media":16636,"comment_status":"closed","ping_status":"","sticky":false,"template":"","format":"standard","meta":{"footnotes":""},"categories":[3],"tags":[5578,78,481,482,3359,439],"yoast_head":"<!-- This site is optimized with the Yoast SEO plugin v21.0 - https:\/\/yoast.com\/wordpress\/plugins\/seo\/ -->\n<title>Chronique tactique : le tripl\u00e9 de Calafiori en d\u00e9but de saison<\/title>\n<meta name=\"robots\" content=\"index, follow, max-snippet:-1, max-image-preview:large, max-video-preview:-1\" \/>\n<link rel=\"canonical\" href=\"https:\/\/footdavant.fr\/actualites\/chronique-tactique-le-triple-de-calafiori-en-debut-de-saison\/\" \/>\n<meta property=\"og:locale\" content=\"fr_FR\" \/>\n<meta property=\"og:type\" content=\"article\" \/>\n<meta property=\"og:title\" content=\"Chronique tactique : le tripl\u00e9 de Calafiori en d\u00e9but de saison\" \/>\n<meta property=\"og:description\" content=\"Ne vous laissez pas tromper par la d\u00e9faite 4-0 contre Brighton lors de la premi\u00e8re journ\u00e9e, Aston Villa est un dur \u00e0 cuire. Et ils\" \/>\n<meta property=\"og:url\" content=\"https:\/\/footdavant.fr\/actualites\/chronique-tactique-le-triple-de-calafiori-en-debut-de-saison\/\" \/>\n<meta property=\"og:site_name\" content=\"Foot d&#039;avant\" \/>\n<meta property=\"article:publisher\" content=\"https:\/\/www.facebook.com\/Footdavant\/\" \/>\n<meta property=\"article:published_time\" content=\"2026-09-03T02:48:28+00:00\" \/>\n<meta property=\"article:modified_time\" content=\"2026-09-03T02:48:31+00:00\" \/>\n<meta property=\"og:image\" content=\"https:\/\/footdavant.fr\/actualites\/wp-content\/uploads\/2024\/11\/1732592897_Chronique-Tactique-Viens-ici-pars.jpg\" \/>\n\t<meta property=\"og:image:width\" content=\"1500\" \/>\n\t<meta property=\"og:image:height\" content=\"750\" \/>\n\t<meta property=\"og:image:type\" content=\"image\/jpeg\" \/>\n<meta name=\"author\" content=\"Cl\u00e9ment\" \/>\n<meta name=\"twitter:card\" content=\"summary_large_image\" \/>\n<meta name=\"twitter:creator\" content=\"@FootdavantFr\" \/>\n<meta name=\"twitter:site\" content=\"@FootdavantFr\" \/>\n<meta name=\"twitter:label1\" content=\"\u00c9crit par\" \/>\n\t<meta name=\"twitter:data1\" content=\"Cl\u00e9ment\" \/>\n\t<meta name=\"twitter:label2\" content=\"Dur\u00e9e de lecture estim\u00e9e\" \/>\n\t<meta name=\"twitter:data2\" content=\"6 minutes\" \/>\n<script type=\"application\/ld+json\" class=\"yoast-schema-graph\">{\"@context\":\"https:\/\/schema.org\",\"@graph\":[{\"@type\":\"Article\",\"@id\":\"https:\/\/footdavant.fr\/actualites\/chronique-tactique-le-triple-de-calafiori-en-debut-de-saison\/#article\",\"isPartOf\":{\"@id\":\"https:\/\/footdavant.fr\/actualites\/chronique-tactique-le-triple-de-calafiori-en-debut-de-saison\/\"},\"author\":{\"name\":\"Cl\u00e9ment\",\"@id\":\"https:\/\/footdavant.fr\/actualites\/#\/schema\/person\/bc222566d95871b37e597b3ed3ba5e1d\"},\"headline\":\"Chronique tactique : le tripl\u00e9 de Calafiori en d\u00e9but de saison\",\"datePublished\":\"2026-09-03T02:48:28+00:00\",\"dateModified\":\"2026-09-03T02:48:31+00:00\",\"mainEntityOfPage\":{\"@id\":\"https:\/\/footdavant.fr\/actualites\/chronique-tactique-le-triple-de-calafiori-en-debut-de-saison\/\"},\"wordCount\":1119,\"publisher\":{\"@id\":\"https:\/\/footdavant.fr\/actualites\/#organization\"},\"keywords\":[\"Calafiori\",\"Chronique\",\"d\u00e9but\",\"saison\",\"tactique\",\"tripl\u00e9\"],\"articleSection\":[\"Football\"],\"inLanguage\":\"fr-FR\"},{\"@type\":\"WebPage\",\"@id\":\"https:\/\/footdavant.fr\/actualites\/chronique-tactique-le-triple-de-calafiori-en-debut-de-saison\/\",\"url\":\"https:\/\/footdavant.fr\/actualites\/chronique-tactique-le-triple-de-calafiori-en-debut-de-saison\/\",\"name\":\"Chronique tactique : le tripl\u00e9 de Calafiori en d\u00e9but de saison\",\"isPartOf\":{\"@id\":\"https:\/\/footdavant.fr\/actualites\/#website\"},\"datePublished\":\"2026-09-03T02:48:28+00:00\",\"dateModified\":\"2026-09-03T02:48:31+00:00\",\"breadcrumb\":{\"@id\":\"https:\/\/footdavant.fr\/actualites\/chronique-tactique-le-triple-de-calafiori-en-debut-de-saison\/#breadcrumb\"},\"inLanguage\":\"fr-FR\",\"potentialAction\":[{\"@type\":\"ReadAction\",\"target\":[\"https:\/\/footdavant.fr\/actualites\/chronique-tactique-le-triple-de-calafiori-en-debut-de-saison\/\"]}]},{\"@type\":\"BreadcrumbList\",\"@id\":\"https:\/\/footdavant.fr\/actualites\/chronique-tactique-le-triple-de-calafiori-en-debut-de-saison\/#breadcrumb\",\"itemListElement\":[{\"@type\":\"ListItem\",\"position\":1,\"name\":\"Accueil\",\"item\":\"https:\/\/footdavant.fr\/actualites\/\"},{\"@type\":\"ListItem\",\"position\":2,\"name\":\"Chronique tactique : le tripl\u00e9 de Calafiori en d\u00e9but de saison\"}]},{\"@type\":\"WebSite\",\"@id\":\"https:\/\/footdavant.fr\/actualites\/#website\",\"url\":\"https:\/\/footdavant.fr\/actualites\/\",\"name\":\"Foot d'avant\",\"description\":\"\",\"publisher\":{\"@id\":\"https:\/\/footdavant.fr\/actualites\/#organization\"},\"potentialAction\":[{\"@type\":\"SearchAction\",\"target\":{\"@type\":\"EntryPoint\",\"urlTemplate\":\"https:\/\/footdavant.fr\/actualites\/?s={search_term_string}\"},\"query-input\":\"required name=search_term_string\"}],\"inLanguage\":\"fr-FR\"},{\"@type\":\"Organization\",\"@id\":\"https:\/\/footdavant.fr\/actualites\/#organization\",\"name\":\"Foot d'avant\",\"url\":\"https:\/\/footdavant.fr\/actualites\/\",\"logo\":{\"@type\":\"ImageObject\",\"inLanguage\":\"fr-FR\",\"@id\":\"https:\/\/footdavant.fr\/actualites\/#\/schema\/logo\/image\/\",\"url\":\"https:\/\/footdavant.fr\/actualites\/wp-content\/uploads\/2023\/09\/Copy-of-FootDavant-Logo.png\",\"contentUrl\":\"https:\/\/footdavant.fr\/actualites\/wp-content\/uploads\/2023\/09\/Copy-of-FootDavant-Logo.png\",\"width\":936,\"height\":549,\"caption\":\"Foot d'avant\"},\"image\":{\"@id\":\"https:\/\/footdavant.fr\/actualites\/#\/schema\/logo\/image\/\"},\"sameAs\":[\"https:\/\/www.facebook.com\/Footdavant\/\",\"https:\/\/twitter.com\/FootdavantFr\",\"https:\/\/www.instagram.com\/footdavant.fr\/\"]},{\"@type\":\"Person\",\"@id\":\"https:\/\/footdavant.fr\/actualites\/#\/schema\/person\/bc222566d95871b37e597b3ed3ba5e1d\",\"name\":\"Cl\u00e9ment\",\"image\":{\"@type\":\"ImageObject\",\"inLanguage\":\"fr-FR\",\"@id\":\"https:\/\/footdavant.fr\/actualites\/#\/schema\/person\/image\/\",\"url\":\"https:\/\/secure.gravatar.com\/avatar\/7728b29aac2719421e1a9159b2254c44?s=96&d=mm&r=g\",\"contentUrl\":\"https:\/\/secure.gravatar.com\/avatar\/7728b29aac2719421e1a9159b2254c44?s=96&d=mm&r=g\",\"caption\":\"Cl\u00e9ment\"},\"sameAs\":[\"https:\/\/footdavant.fr\/\"]}]}<\/script>\n<!-- \/ Yoast SEO plugin. -->","yoast_head_json":{"title":"Chronique tactique : le tripl\u00e9 de Calafiori en d\u00e9but de saison","robots":{"index":"index","follow":"follow","max-snippet":"max-snippet:-1","max-image-preview":"max-image-preview:large","max-video-preview":"max-video-preview:-1"},"canonical":"https:\/\/footdavant.fr\/actualites\/chronique-tactique-le-triple-de-calafiori-en-debut-de-saison\/","og_locale":"fr_FR","og_type":"article","og_title":"Chronique tactique : le tripl\u00e9 de Calafiori en d\u00e9but de saison","og_description":"Ne vous laissez pas tromper par la d\u00e9faite 4-0 contre Brighton lors de la premi\u00e8re journ\u00e9e, Aston Villa est un dur \u00e0 cuire. Et ils","og_url":"https:\/\/footdavant.fr\/actualites\/chronique-tactique-le-triple-de-calafiori-en-debut-de-saison\/","og_site_name":"Foot d&#039;avant","article_publisher":"https:\/\/www.facebook.com\/Footdavant\/","article_published_time":"2026-09-03T02:48:28+00:00","article_modified_time":"2026-09-03T02:48:31+00:00","og_image":[{"width":1500,"height":750,"url":"https:\/\/footdavant.fr\/actualites\/wp-content\/uploads\/2024\/11\/1732592897_Chronique-Tactique-Viens-ici-pars.jpg","type":"image\/jpeg"}],"author":"Cl\u00e9ment","twitter_card":"summary_large_image","twitter_creator":"@FootdavantFr","twitter_site":"@FootdavantFr","twitter_misc":{"\u00c9crit par":"Cl\u00e9ment","Dur\u00e9e de lecture estim\u00e9e":"6 minutes"},"schema":{"@context":"https:\/\/schema.org","@graph":[{"@type":"Article","@id":"https:\/\/footdavant.fr\/actualites\/chronique-tactique-le-triple-de-calafiori-en-debut-de-saison\/#article","isPartOf":{"@id":"https:\/\/footdavant.fr\/actualites\/chronique-tactique-le-triple-de-calafiori-en-debut-de-saison\/"},"author":{"name":"Cl\u00e9ment","@id":"https:\/\/footdavant.fr\/actualites\/#\/schema\/person\/bc222566d95871b37e597b3ed3ba5e1d"},"headline":"Chronique tactique : le tripl\u00e9 de Calafiori en d\u00e9but de saison","datePublished":"2026-09-03T02:48:28+00:00","dateModified":"2026-09-03T02:48:31+00:00","mainEntityOfPage":{"@id":"https:\/\/footdavant.fr\/actualites\/chronique-tactique-le-triple-de-calafiori-en-debut-de-saison\/"},"wordCount":1119,"publisher":{"@id":"https:\/\/footdavant.fr\/actualites\/#organization"},"keywords":["Calafiori","Chronique","d\u00e9but","saison","tactique","tripl\u00e9"],"articleSection":["Football"],"inLanguage":"fr-FR"},{"@type":"WebPage","@id":"https:\/\/footdavant.fr\/actualites\/chronique-tactique-le-triple-de-calafiori-en-debut-de-saison\/","url":"https:\/\/footdavant.fr\/actualites\/chronique-tactique-le-triple-de-calafiori-en-debut-de-saison\/","name":"Chronique tactique : le tripl\u00e9 de Calafiori en d\u00e9but de saison","isPartOf":{"@id":"https:\/\/footdavant.fr\/actualites\/#website"},"datePublished":"2026-09-03T02:48:28+00:00","dateModified":"2026-09-03T02:48:31+00:00","breadcrumb":{"@id":"https:\/\/footdavant.fr\/actualites\/chronique-tactique-le-triple-de-calafiori-en-debut-de-saison\/#breadcrumb"},"inLanguage":"fr-FR","potentialAction":[{"@type":"ReadAction","target":["https:\/\/footdavant.fr\/actualites\/chronique-tactique-le-triple-de-calafiori-en-debut-de-saison\/"]}]},{"@type":"BreadcrumbList","@id":"https:\/\/footdavant.fr\/actualites\/chronique-tactique-le-triple-de-calafiori-en-debut-de-saison\/#breadcrumb","itemListElement":[{"@type":"ListItem","position":1,"name":"Accueil","item":"https:\/\/footdavant.fr\/actualites\/"},{"@type":"ListItem","position":2,"name":"Chronique tactique : le tripl\u00e9 de Calafiori en d\u00e9but de saison"}]},{"@type":"WebSite","@id":"https:\/\/footdavant.fr\/actualites\/#website","url":"https:\/\/footdavant.fr\/actualites\/","name":"Foot d'avant","description":"","publisher":{"@id":"https:\/\/footdavant.fr\/actualites\/#organization"},"potentialAction":[{"@type":"SearchAction","target":{"@type":"EntryPoint","urlTemplate":"https:\/\/footdavant.fr\/actualites\/?s={search_term_string}"},"query-input":"required name=search_term_string"}],"inLanguage":"fr-FR"},{"@type":"Organization","@id":"https:\/\/footdavant.fr\/actualites\/#organization","name":"Foot d'avant","url":"https:\/\/footdavant.fr\/actualites\/","logo":{"@type":"ImageObject","inLanguage":"fr-FR","@id":"https:\/\/footdavant.fr\/actualites\/#\/schema\/logo\/image\/","url":"https:\/\/footdavant.fr\/actualites\/wp-content\/uploads\/2023\/09\/Copy-of-FootDavant-Logo.png","contentUrl":"https:\/\/footdavant.fr\/actualites\/wp-content\/uploads\/2023\/09\/Copy-of-FootDavant-Logo.png","width":936,"height":549,"caption":"Foot d'avant"},"image":{"@id":"https:\/\/footdavant.fr\/actualites\/#\/schema\/logo\/image\/"},"sameAs":["https:\/\/www.facebook.com\/Footdavant\/","https:\/\/twitter.com\/FootdavantFr","https:\/\/www.instagram.com\/footdavant.fr\/"]},{"@type":"Person","@id":"https:\/\/footdavant.fr\/actualites\/#\/schema\/person\/bc222566d95871b37e597b3ed3ba5e1d","name":"Cl\u00e9ment","image":{"@type":"ImageObject","inLanguage":"fr-FR","@id":"https:\/\/footdavant.fr\/actualites\/#\/schema\/person\/image\/","url":"https:\/\/secure.gravatar.com\/avatar\/7728b29aac2719421e1a9159b2254c44?s=96&d=mm&r=g","contentUrl":"https:\/\/secure.gravatar.com\/avatar\/7728b29aac2719421e1a9159b2254c44?s=96&d=mm&r=g","caption":"Cl\u00e9ment"},"sameAs":["https:\/\/footdavant.fr\/"]}]}},"_links":{"self":[{"href":"https:\/\/footdavant.fr\/actualites\/wp-json\/wp\/v2\/posts\/41125"}],"collection":[{"href":"https:\/\/footdavant.fr\/actualites\/wp-json\/wp\/v2\/posts"}],"about":[{"href":"https:\/\/footdavant.fr\/actualites\/wp-json\/wp\/v2\/types\/post"}],"author":[{"embeddable":true,"href":"https:\/\/footdavant.fr\/actualites\/wp-json\/wp\/v2\/users\/1"}],"replies":[{"embeddable":true,"href":"https:\/\/footdavant.fr\/actualites\/wp-json\/wp\/v2\/comments?post=41125"}],"version-history":[{"count":1,"href":"https:\/\/footdavant.fr\/actualites\/wp-json\/wp\/v2\/posts\/41125\/revisions"}],"predecessor-version":[{"id":41126,"href":"https:\/\/footdavant.fr\/actualites\/wp-json\/wp\/v2\/posts\/41125\/revisions\/41126"}],"wp:featuredmedia":[{"embeddable":true,"href":"https:\/\/footdavant.fr\/actualites\/wp-json\/wp\/v2\/media\/16636"}],"wp:attachment":[{"href":"https:\/\/footdavant.fr\/actualites\/wp-json\/wp\/v2\/media?parent=41125"}],"wp:term":[{"taxonomy":"category","embeddable":true,"href":"https:\/\/footdavant.fr\/actualites\/wp-json\/wp\/v2\/categories?post=41125"},{"taxonomy":"post_tag","embeddable":true,"href":"https:\/\/footdavant.fr\/actualites\/wp-json\/wp\/v2\/tags?post=41125"}],"curies":[{"name":"wp","href":"https:\/\/api.w.org\/{rel}","templated":true}]}}