{"id":41127,"date":"2026-09-03T08:48:40","date_gmt":"2026-09-03T06:48:40","guid":{"rendered":"https:\/\/footdavant.fr\/actualites\/liverpool-pourrait-remplacer-alexis-mac-allister-par-lamine-camara\/"},"modified":"2026-09-03T08:48:44","modified_gmt":"2026-09-03T06:48:44","slug":"liverpool-pourrait-remplacer-alexis-mac-allister-par-lamine-camara","status":"publish","type":"post","link":"https:\/\/footdavant.fr\/actualites\/liverpool-pourrait-remplacer-alexis-mac-allister-par-lamine-camara\/","title":{"rendered":"Liverpool pourrait remplacer Alexis Mac Allister par Lamine Camara"},"content":{"rendered":"<div id=\"article-body\">\n<!-- Article Start --><\/p>\n<p>Cependant, James Pearce, initi\u00e9 \u00e0 Anfield, rapporte pour The Athletic qu&#39;un \u00e9ventuel transfert n&#39;est en aucun cas garanti.<\/p>\n<p>L&#39;international s\u00e9n\u00e9galais \u00e9tait n\u00e9anmoins consid\u00e9r\u00e9 comme l&#39;option la plus appropri\u00e9e pour remplacer Alexis Mac Allister si l&#39;international argentin avait \u00e9t\u00e9 transf\u00e9r\u00e9 dans la fen\u00eatre.<\/p>\n<h2>Alexis Mac Allister pourrait encore \u00eatre vendu en 2027<\/h2>\n<figure class=\"wp-caption alignnone\"><picture><source type=\"image\/webp\" data- data-><\/source><\/picture><\/figure>\n<p>Notre international argentin se retrouve dans une position des plus \u00e9tranges. Apr\u00e8s une terrible campagne 2025\/26, att\u00e9nu\u00e9e dans une large mesure par l&#39;incapacit\u00e9 d&#39;Arne Slot \u00e0 r\u00e9soudre les difficult\u00e9s du milieu de terrain de Liverpool, sa valeur a chut\u00e9 avant le mercato estival.<\/p>\n<p>Une impressionnante campagne de Coupe du Monde plus tard aux c\u00f4t\u00e9s d&#39;Enzo Fernandez et de Lionel Messi au milieu du parc a cependant rapidement revitalis\u00e9 le stock de Mac Allister.<\/p>\n<\/p>\n<p>Pourtant, aucune offre n\u2019a \u00e9t\u00e9 pr\u00e9sent\u00e9e pour un footballeur qui avait autrefois \u00e9t\u00e9 fortement li\u00e9 \u00e0 un transfert au Real Madrid cet \u00e9t\u00e9.<\/p>\n<p>Le joueur de 27 ans a d\u00e9sormais l&#39;opportunit\u00e9 de d\u00e9buter ce mandat sous la direction d&#39;un nouvel entra\u00eeneur-chef, Andoni Iraola. Cependant, s&#39;il n&#39;y a aucune garantie que l&#39;int\u00e9r\u00eat pour Camara puisse \u00eatre raviv\u00e9 en 2027, rien ne garantit non plus que notre n\u00b010 sera toujours au club au-del\u00e0 de 2026\/27.<\/p>\n<p>Certes, avec un contrat qui doit expirer \u00e0 l&#39;\u00e9t\u00e9 2028, l&#39;\u00e9t\u00e9 prochain repr\u00e9sente notre derni\u00e8re opportunit\u00e9 d&#39;extraire toute sorte de valeur d&#39;Alexis Mac Allister \u2013 en supposant qu&#39;on ne lui propose pas de renouvellement de contrat. Et Liverpool sera s\u00fbrement soumis \u00e0 une certaine pression pour ne pas permettre \u00e0 un autre actif viable de devenir la proie de l\u2019attrait apparemment irr\u00e9sistible d\u2019une sortie de transfert gratuite.<\/p>\n<h2>Liverpool pourrait alors remplacer l&#39;Argentin par Lamine Camara<\/h2>\n<figure class=\"wp-caption alignnone\"><picture><source type=\"image\/webp\" data- data-><img loading=\"lazy\" decoding=\"async\" width=\"3430\" height=\"2263\" src=\"https:\/\/footdavant.fr\/actualites\/wp-content\/uploads\/2026\/09\/1788418120_893_Liverpool-pourrait-remplacer-Alexis-Mac-Allister-par-Lamine-Camara.jpg\" class=\"lazyload wp-image-290077 has-webp\" alt=\"Lamine Camara s&#39;attaque \u00e0 Youri Tielemans lors du match de Coupe du monde.\"  data- style=\"aspect-ratio:3430\/2263;max-width:2048px\"\/><\/source><\/picture><\/figure>\n<p>Pour \u00eatre clair, nous ne sommes pas press\u00e9s de faire \u00e9voluer notre milieu de terrain vainqueur de la Premier League.<\/p>\n<p>Cependant, nous nous empressons d&#39;ajouter qu&#39;il y a un manque \u00e9vident de milieux de terrain au Liverpool Football Club qui penchent naturellement vers le c\u00f4t\u00e9 d\u00e9fensif du jeu.<\/p>\n<\/p>\n<p>Et si nous cherchons \u00e0 op\u00e9rer un syst\u00e8me de un reste et un va dans le pivot du milieu de terrain, nous ne sommes pas s\u00fbrs que Mac Allister soit l&#39;homme en qui il faut avoir une confiance totale en tant que derni\u00e8re ligne de d\u00e9fense avant la ligne arri\u00e8re.<\/p>\n<p>Nous aurons malheureusement tort sur ce front. Mais nous nous attendons \u00e0 ce que Liverpool garde un \u0153il sur un profil comme Lamine Camara lors du prochain mercato estival.<\/p>\n<p>Nous ne voyons pas le club \u00e9voluer vers Ryan Gravenberch ou Dominik Szoboszlai \u2013 qui ont tous deux sign\u00e9 des contrats \u00e0 long terme \u2013 donc la conclusion naturelle qui nous reste est qu&#39;Alexis Mac Allister sera sacrifi\u00e9. Et c&#39;est une sortie qui garantit plus ou moins l&#39;arriv\u00e9e de Camara en 2027.<\/p>\n<section class=\"more-stories std-mgn-b\">&#13;<\/p>\n<div class=\"row\">\n<header class=\"col-s-12 std-mgn-t\">Plus d&#39;histoires \/ <span class=\"topic\">Derni\u00e8res nouvelles<\/span><\/header>\n<div class=\"post-container col-s-4\">\n<p>\t\t\t&#13;<\/p>\n<div class=\"img-cntr\"><picture><source type=\"image\/webp\" data- data-><img decoding=\"async\" loading=\"lazy\" width=\"1466\" height=\"822\" src=\"https:\/\/footdavant.fr\/actualites\/wp-content\/uploads\/2026\/09\/1788418120_814_Liverpool-pourrait-remplacer-Alexis-Mac-Allister-par-Lamine-Camara.jpg\" class=\"lazyload wp-image-290073 has-webp lazyload\" alt=\"Jamie Redknapp en mission m\u00e9diatique pour Sky Sports\"  data-\/><\/source><\/picture><\/div>\n<\/p><\/div>\n<div class=\"post-container col-s-4\">\n<p>\t\t\t&#13;<\/p>\n<div class=\"img-cntr\"><picture><source type=\"image\/webp\" data- data-><img decoding=\"async\" loading=\"lazy\" width=\"1436\" height=\"811\" src=\"https:\/\/footdavant.fr\/actualites\/wp-content\/uploads\/2026\/09\/1788418120_74_Liverpool-pourrait-remplacer-Alexis-Mac-Allister-par-Lamine-Camara.jpg\" class=\"lazyload wp-image-290070 has-webp lazyload\" alt=\"Le tir de Lamine Camara est contr\u00e9 par Adrien Rabiot\"  data-\/><\/source><\/picture><\/div>\n<\/p><\/div>\n<div class=\"post-container col-s-4\">\n<p>\t\t\t&#13;<\/p>\n<div class=\"img-cntr\"><picture><source type=\"image\/webp\" data- data-><img decoding=\"async\" loading=\"lazy\" width=\"1440\" height=\"810\" src=\"https:\/\/footdavant.fr\/actualites\/wp-content\/uploads\/2026\/09\/1788418120_93_Liverpool-pourrait-remplacer-Alexis-Mac-Allister-par-Lamine-Camara.jpg\" class=\"lazyload wp-image-290067 has-webp lazyload\" alt=\"Les d\u00e9fenseurs du Liverpool FC Mikos Kerkez et Virgil van Dijk tentent de s&#39;attaquer \u00e0 Morgan Gibbs-White.\"  data-\/><\/source><\/picture><\/div>\n<\/p><\/div>\n<\/p><\/div>\n<p>&#13;<br \/>\n<\/section>\n<p><!-- Article End -->\t\t\t\t<\/div>\n","protected":false},"excerpt":{"rendered":"<p>Cependant, James Pearce, initi\u00e9 \u00e0 Anfield, rapporte pour The Athletic qu&#39;un \u00e9ventuel transfert n&#39;est en aucun cas garanti. L&#39;international s\u00e9n\u00e9galais \u00e9tait n\u00e9anmoins consid\u00e9r\u00e9 comme l&#39;option<\/p>\n","protected":false},"author":1,"featured_media":41128,"comment_status":"closed","ping_status":"","sticky":false,"template":"","format":"standard","meta":{"footnotes":""},"categories":[3],"tags":[2478,84,12512,4088,53,83,75,269,1162],"yoast_head":"<!-- This site is optimized with the Yoast SEO plugin v21.0 - https:\/\/yoast.com\/wordpress\/plugins\/seo\/ -->\n<title>Liverpool pourrait remplacer Alexis Mac Allister par Lamine Camara<\/title>\n<meta name=\"robots\" content=\"index, follow, max-snippet:-1, max-image-preview:large, max-video-preview:-1\" \/>\n<link rel=\"canonical\" href=\"https:\/\/footdavant.fr\/actualites\/liverpool-pourrait-remplacer-alexis-mac-allister-par-lamine-camara\/\" \/>\n<meta property=\"og:locale\" content=\"fr_FR\" \/>\n<meta property=\"og:type\" content=\"article\" \/>\n<meta property=\"og:title\" content=\"Liverpool pourrait remplacer Alexis Mac Allister par Lamine Camara\" \/>\n<meta property=\"og:description\" content=\"Cependant, James Pearce, initi\u00e9 \u00e0 Anfield, rapporte pour The Athletic qu&#039;un \u00e9ventuel transfert n&#039;est en aucun cas garanti. L&#039;international s\u00e9n\u00e9galais \u00e9tait n\u00e9anmoins consid\u00e9r\u00e9 comme l&#039;option\" \/>\n<meta property=\"og:url\" content=\"https:\/\/footdavant.fr\/actualites\/liverpool-pourrait-remplacer-alexis-mac-allister-par-lamine-camara\/\" \/>\n<meta property=\"og:site_name\" content=\"Foot d&#039;avant\" \/>\n<meta property=\"article:publisher\" content=\"https:\/\/www.facebook.com\/Footdavant\/\" \/>\n<meta property=\"article:published_time\" content=\"2026-09-03T06:48:40+00:00\" \/>\n<meta property=\"article:modified_time\" content=\"2026-09-03T06:48:44+00:00\" \/>\n<meta property=\"og:image\" content=\"https:\/\/footdavant.fr\/actualites\/wp-content\/uploads\/2026\/09\/1788418122_Liverpool-pourrait-remplacer-Alexis-Mac-Allister-par-Lamine-Camara.jpg\" \/>\n\t<meta property=\"og:image:width\" content=\"1680\" \/>\n\t<meta property=\"og:image:height\" content=\"945\" \/>\n\t<meta property=\"og:image:type\" content=\"image\/jpeg\" \/>\n<meta name=\"author\" content=\"Cl\u00e9ment\" \/>\n<meta name=\"twitter:card\" content=\"summary_large_image\" \/>\n<meta name=\"twitter:creator\" content=\"@FootdavantFr\" \/>\n<meta name=\"twitter:site\" content=\"@FootdavantFr\" \/>\n<meta name=\"twitter:label1\" content=\"\u00c9crit par\" \/>\n\t<meta name=\"twitter:data1\" content=\"Cl\u00e9ment\" \/>\n\t<meta name=\"twitter:label2\" content=\"Dur\u00e9e de lecture estim\u00e9e\" \/>\n\t<meta name=\"twitter:data2\" content=\"3 minutes\" \/>\n<script type=\"application\/ld+json\" class=\"yoast-schema-graph\">{\"@context\":\"https:\/\/schema.org\",\"@graph\":[{\"@type\":\"Article\",\"@id\":\"https:\/\/footdavant.fr\/actualites\/liverpool-pourrait-remplacer-alexis-mac-allister-par-lamine-camara\/#article\",\"isPartOf\":{\"@id\":\"https:\/\/footdavant.fr\/actualites\/liverpool-pourrait-remplacer-alexis-mac-allister-par-lamine-camara\/\"},\"author\":{\"name\":\"Cl\u00e9ment\",\"@id\":\"https:\/\/footdavant.fr\/actualites\/#\/schema\/person\/bc222566d95871b37e597b3ed3ba5e1d\"},\"headline\":\"Liverpool pourrait remplacer Alexis Mac Allister par Lamine Camara\",\"datePublished\":\"2026-09-03T06:48:40+00:00\",\"dateModified\":\"2026-09-03T06:48:44+00:00\",\"mainEntityOfPage\":{\"@id\":\"https:\/\/footdavant.fr\/actualites\/liverpool-pourrait-remplacer-alexis-mac-allister-par-lamine-camara\/\"},\"wordCount\":510,\"publisher\":{\"@id\":\"https:\/\/footdavant.fr\/actualites\/#organization\"},\"keywords\":[\"Alexis\",\"Allister\",\"Camara\",\"Lamine\",\"Liverpool\",\"Mac\",\"par\",\"pourrait\",\"remplacer\"],\"articleSection\":[\"Football\"],\"inLanguage\":\"fr-FR\"},{\"@type\":\"WebPage\",\"@id\":\"https:\/\/footdavant.fr\/actualites\/liverpool-pourrait-remplacer-alexis-mac-allister-par-lamine-camara\/\",\"url\":\"https:\/\/footdavant.fr\/actualites\/liverpool-pourrait-remplacer-alexis-mac-allister-par-lamine-camara\/\",\"name\":\"Liverpool pourrait remplacer Alexis Mac Allister par Lamine Camara\",\"isPartOf\":{\"@id\":\"https:\/\/footdavant.fr\/actualites\/#website\"},\"datePublished\":\"2026-09-03T06:48:40+00:00\",\"dateModified\":\"2026-09-03T06:48:44+00:00\",\"breadcrumb\":{\"@id\":\"https:\/\/footdavant.fr\/actualites\/liverpool-pourrait-remplacer-alexis-mac-allister-par-lamine-camara\/#breadcrumb\"},\"inLanguage\":\"fr-FR\",\"potentialAction\":[{\"@type\":\"ReadAction\",\"target\":[\"https:\/\/footdavant.fr\/actualites\/liverpool-pourrait-remplacer-alexis-mac-allister-par-lamine-camara\/\"]}]},{\"@type\":\"BreadcrumbList\",\"@id\":\"https:\/\/footdavant.fr\/actualites\/liverpool-pourrait-remplacer-alexis-mac-allister-par-lamine-camara\/#breadcrumb\",\"itemListElement\":[{\"@type\":\"ListItem\",\"position\":1,\"name\":\"Accueil\",\"item\":\"https:\/\/footdavant.fr\/actualites\/\"},{\"@type\":\"ListItem\",\"position\":2,\"name\":\"Liverpool pourrait remplacer Alexis Mac Allister par Lamine Camara\"}]},{\"@type\":\"WebSite\",\"@id\":\"https:\/\/footdavant.fr\/actualites\/#website\",\"url\":\"https:\/\/footdavant.fr\/actualites\/\",\"name\":\"Foot d'avant\",\"description\":\"\",\"publisher\":{\"@id\":\"https:\/\/footdavant.fr\/actualites\/#organization\"},\"potentialAction\":[{\"@type\":\"SearchAction\",\"target\":{\"@type\":\"EntryPoint\",\"urlTemplate\":\"https:\/\/footdavant.fr\/actualites\/?s={search_term_string}\"},\"query-input\":\"required name=search_term_string\"}],\"inLanguage\":\"fr-FR\"},{\"@type\":\"Organization\",\"@id\":\"https:\/\/footdavant.fr\/actualites\/#organization\",\"name\":\"Foot d'avant\",\"url\":\"https:\/\/footdavant.fr\/actualites\/\",\"logo\":{\"@type\":\"ImageObject\",\"inLanguage\":\"fr-FR\",\"@id\":\"https:\/\/footdavant.fr\/actualites\/#\/schema\/logo\/image\/\",\"url\":\"https:\/\/footdavant.fr\/actualites\/wp-content\/uploads\/2023\/09\/Copy-of-FootDavant-Logo.png\",\"contentUrl\":\"https:\/\/footdavant.fr\/actualites\/wp-content\/uploads\/2023\/09\/Copy-of-FootDavant-Logo.png\",\"width\":936,\"height\":549,\"caption\":\"Foot d'avant\"},\"image\":{\"@id\":\"https:\/\/footdavant.fr\/actualites\/#\/schema\/logo\/image\/\"},\"sameAs\":[\"https:\/\/www.facebook.com\/Footdavant\/\",\"https:\/\/twitter.com\/FootdavantFr\",\"https:\/\/www.instagram.com\/footdavant.fr\/\"]},{\"@type\":\"Person\",\"@id\":\"https:\/\/footdavant.fr\/actualites\/#\/schema\/person\/bc222566d95871b37e597b3ed3ba5e1d\",\"name\":\"Cl\u00e9ment\",\"image\":{\"@type\":\"ImageObject\",\"inLanguage\":\"fr-FR\",\"@id\":\"https:\/\/footdavant.fr\/actualites\/#\/schema\/person\/image\/\",\"url\":\"https:\/\/secure.gravatar.com\/avatar\/7728b29aac2719421e1a9159b2254c44?s=96&d=mm&r=g\",\"contentUrl\":\"https:\/\/secure.gravatar.com\/avatar\/7728b29aac2719421e1a9159b2254c44?s=96&d=mm&r=g\",\"caption\":\"Cl\u00e9ment\"},\"sameAs\":[\"https:\/\/footdavant.fr\/\"]}]}<\/script>\n<!-- \/ Yoast SEO plugin. -->","yoast_head_json":{"title":"Liverpool pourrait remplacer Alexis Mac Allister par Lamine Camara","robots":{"index":"index","follow":"follow","max-snippet":"max-snippet:-1","max-image-preview":"max-image-preview:large","max-video-preview":"max-video-preview:-1"},"canonical":"https:\/\/footdavant.fr\/actualites\/liverpool-pourrait-remplacer-alexis-mac-allister-par-lamine-camara\/","og_locale":"fr_FR","og_type":"article","og_title":"Liverpool pourrait remplacer Alexis Mac Allister par Lamine Camara","og_description":"Cependant, James Pearce, initi\u00e9 \u00e0 Anfield, rapporte pour The Athletic qu&#39;un \u00e9ventuel transfert n&#39;est en aucun cas garanti. L&#39;international s\u00e9n\u00e9galais \u00e9tait n\u00e9anmoins consid\u00e9r\u00e9 comme l&#39;option","og_url":"https:\/\/footdavant.fr\/actualites\/liverpool-pourrait-remplacer-alexis-mac-allister-par-lamine-camara\/","og_site_name":"Foot d&#039;avant","article_publisher":"https:\/\/www.facebook.com\/Footdavant\/","article_published_time":"2026-09-03T06:48:40+00:00","article_modified_time":"2026-09-03T06:48:44+00:00","og_image":[{"width":1680,"height":945,"url":"https:\/\/footdavant.fr\/actualites\/wp-content\/uploads\/2026\/09\/1788418122_Liverpool-pourrait-remplacer-Alexis-Mac-Allister-par-Lamine-Camara.jpg","type":"image\/jpeg"}],"author":"Cl\u00e9ment","twitter_card":"summary_large_image","twitter_creator":"@FootdavantFr","twitter_site":"@FootdavantFr","twitter_misc":{"\u00c9crit par":"Cl\u00e9ment","Dur\u00e9e de lecture estim\u00e9e":"3 minutes"},"schema":{"@context":"https:\/\/schema.org","@graph":[{"@type":"Article","@id":"https:\/\/footdavant.fr\/actualites\/liverpool-pourrait-remplacer-alexis-mac-allister-par-lamine-camara\/#article","isPartOf":{"@id":"https:\/\/footdavant.fr\/actualites\/liverpool-pourrait-remplacer-alexis-mac-allister-par-lamine-camara\/"},"author":{"name":"Cl\u00e9ment","@id":"https:\/\/footdavant.fr\/actualites\/#\/schema\/person\/bc222566d95871b37e597b3ed3ba5e1d"},"headline":"Liverpool pourrait remplacer Alexis Mac Allister par Lamine Camara","datePublished":"2026-09-03T06:48:40+00:00","dateModified":"2026-09-03T06:48:44+00:00","mainEntityOfPage":{"@id":"https:\/\/footdavant.fr\/actualites\/liverpool-pourrait-remplacer-alexis-mac-allister-par-lamine-camara\/"},"wordCount":510,"publisher":{"@id":"https:\/\/footdavant.fr\/actualites\/#organization"},"keywords":["Alexis","Allister","Camara","Lamine","Liverpool","Mac","par","pourrait","remplacer"],"articleSection":["Football"],"inLanguage":"fr-FR"},{"@type":"WebPage","@id":"https:\/\/footdavant.fr\/actualites\/liverpool-pourrait-remplacer-alexis-mac-allister-par-lamine-camara\/","url":"https:\/\/footdavant.fr\/actualites\/liverpool-pourrait-remplacer-alexis-mac-allister-par-lamine-camara\/","name":"Liverpool pourrait remplacer Alexis Mac Allister par Lamine Camara","isPartOf":{"@id":"https:\/\/footdavant.fr\/actualites\/#website"},"datePublished":"2026-09-03T06:48:40+00:00","dateModified":"2026-09-03T06:48:44+00:00","breadcrumb":{"@id":"https:\/\/footdavant.fr\/actualites\/liverpool-pourrait-remplacer-alexis-mac-allister-par-lamine-camara\/#breadcrumb"},"inLanguage":"fr-FR","potentialAction":[{"@type":"ReadAction","target":["https:\/\/footdavant.fr\/actualites\/liverpool-pourrait-remplacer-alexis-mac-allister-par-lamine-camara\/"]}]},{"@type":"BreadcrumbList","@id":"https:\/\/footdavant.fr\/actualites\/liverpool-pourrait-remplacer-alexis-mac-allister-par-lamine-camara\/#breadcrumb","itemListElement":[{"@type":"ListItem","position":1,"name":"Accueil","item":"https:\/\/footdavant.fr\/actualites\/"},{"@type":"ListItem","position":2,"name":"Liverpool pourrait remplacer Alexis Mac Allister par Lamine Camara"}]},{"@type":"WebSite","@id":"https:\/\/footdavant.fr\/actualites\/#website","url":"https:\/\/footdavant.fr\/actualites\/","name":"Foot d'avant","description":"","publisher":{"@id":"https:\/\/footdavant.fr\/actualites\/#organization"},"potentialAction":[{"@type":"SearchAction","target":{"@type":"EntryPoint","urlTemplate":"https:\/\/footdavant.fr\/actualites\/?s={search_term_string}"},"query-input":"required name=search_term_string"}],"inLanguage":"fr-FR"},{"@type":"Organization","@id":"https:\/\/footdavant.fr\/actualites\/#organization","name":"Foot d'avant","url":"https:\/\/footdavant.fr\/actualites\/","logo":{"@type":"ImageObject","inLanguage":"fr-FR","@id":"https:\/\/footdavant.fr\/actualites\/#\/schema\/logo\/image\/","url":"https:\/\/footdavant.fr\/actualites\/wp-content\/uploads\/2023\/09\/Copy-of-FootDavant-Logo.png","contentUrl":"https:\/\/footdavant.fr\/actualites\/wp-content\/uploads\/2023\/09\/Copy-of-FootDavant-Logo.png","width":936,"height":549,"caption":"Foot d'avant"},"image":{"@id":"https:\/\/footdavant.fr\/actualites\/#\/schema\/logo\/image\/"},"sameAs":["https:\/\/www.facebook.com\/Footdavant\/","https:\/\/twitter.com\/FootdavantFr","https:\/\/www.instagram.com\/footdavant.fr\/"]},{"@type":"Person","@id":"https:\/\/footdavant.fr\/actualites\/#\/schema\/person\/bc222566d95871b37e597b3ed3ba5e1d","name":"Cl\u00e9ment","image":{"@type":"ImageObject","inLanguage":"fr-FR","@id":"https:\/\/footdavant.fr\/actualites\/#\/schema\/person\/image\/","url":"https:\/\/secure.gravatar.com\/avatar\/7728b29aac2719421e1a9159b2254c44?s=96&d=mm&r=g","contentUrl":"https:\/\/secure.gravatar.com\/avatar\/7728b29aac2719421e1a9159b2254c44?s=96&d=mm&r=g","caption":"Cl\u00e9ment"},"sameAs":["https:\/\/footdavant.fr\/"]}]}},"_links":{"self":[{"href":"https:\/\/footdavant.fr\/actualites\/wp-json\/wp\/v2\/posts\/41127"}],"collection":[{"href":"https:\/\/footdavant.fr\/actualites\/wp-json\/wp\/v2\/posts"}],"about":[{"href":"https:\/\/footdavant.fr\/actualites\/wp-json\/wp\/v2\/types\/post"}],"author":[{"embeddable":true,"href":"https:\/\/footdavant.fr\/actualites\/wp-json\/wp\/v2\/users\/1"}],"replies":[{"embeddable":true,"href":"https:\/\/footdavant.fr\/actualites\/wp-json\/wp\/v2\/comments?post=41127"}],"version-history":[{"count":1,"href":"https:\/\/footdavant.fr\/actualites\/wp-json\/wp\/v2\/posts\/41127\/revisions"}],"predecessor-version":[{"id":41129,"href":"https:\/\/footdavant.fr\/actualites\/wp-json\/wp\/v2\/posts\/41127\/revisions\/41129"}],"wp:featuredmedia":[{"embeddable":true,"href":"https:\/\/footdavant.fr\/actualites\/wp-json\/wp\/v2\/media\/41128"}],"wp:attachment":[{"href":"https:\/\/footdavant.fr\/actualites\/wp-json\/wp\/v2\/media?parent=41127"}],"wp:term":[{"taxonomy":"category","embeddable":true,"href":"https:\/\/footdavant.fr\/actualites\/wp-json\/wp\/v2\/categories?post=41127"},{"taxonomy":"post_tag","embeddable":true,"href":"https:\/\/footdavant.fr\/actualites\/wp-json\/wp\/v2\/tags?post=41127"}],"curies":[{"name":"wp","href":"https:\/\/api.w.org\/{rel}","templated":true}]}}