{"id":41133,"date":"2026-09-03T16:48:20","date_gmt":"2026-09-03T14:48:20","guid":{"rendered":"https:\/\/footdavant.fr\/actualites\/pourquoi-man-united-sest-retire-des-negociations-pour-signer-aurelien-tchouameni-cet-ete\/"},"modified":"2026-09-03T16:48:21","modified_gmt":"2026-09-03T14:48:21","slug":"pourquoi-man-united-sest-retire-des-negociations-pour-signer-aurelien-tchouameni-cet-ete","status":"publish","type":"post","link":"https:\/\/footdavant.fr\/actualites\/pourquoi-man-united-sest-retire-des-negociations-pour-signer-aurelien-tchouameni-cet-ete\/","title":{"rendered":"Pourquoi Man United s&#39;est retir\u00e9 des n\u00e9gociations pour signer Aur\u00e9lien Tchouameni cet \u00e9t\u00e9 &#8211;"},"content":{"rendered":"<div id=\"penci-post-entry-inner\">\n<p>\t\t\t<i class=\"penci-post-countview-number-check\" style=\"display:none\">1<\/i><\/p>\n<p>Manchester United \u00e9tait li\u00e9 \u00e0 une pl\u00e9thore de milieux de terrain de Premier League et de l\u2019\u00e9tranger cet \u00e9t\u00e9 alors qu\u2019ils cherchaient \u00e0 aborder un domaine cl\u00e9 de leur \u00e9quipe. Les Diables Rouges se sont s\u00e9par\u00e9s de Casemiro \u00e0 la fin de la saison derni\u00e8re, tandis que Manuel Ugarte s&#39;est bless\u00e9 au ligament crois\u00e9 ant\u00e9rieur lors de la Coupe du Monde de la FIFA 2026.<\/p>\n<p>L&#39;Uruguayen \u00e9tait d\u00e9j\u00e0 exc\u00e9dentaire par rapport aux besoins et devrait quitter Old Trafford cet \u00e9t\u00e9, mais sa blessure a encore compliqu\u00e9 les choses pour United. Plusieurs candidats \u00e9taient pressentis comme options possibles pour renforcer le milieu de parc, dont Aur\u00e9lien Tchouameni.<\/p>\n<p>Les g\u00e9ants anglais avaient les yeux riv\u00e9s sur le milieu de terrain du Real Madrid depuis un certain temps, et on pensait qu&#39;une d\u00e9cision \u00e9tait possible cet \u00e9t\u00e9. Cependant, les Red Devils ont choisi d&#39;investir enti\u00e8rement dans des talents \u00e9prouv\u00e9s en Premier League, en recrutant Andrey Santos, Youri Tielemans et Carlos Baleba pour ce poste.<\/p>\n<p>Tchouameni, quant \u00e0 lui, a fini par rester au Santiago Bernabeu, et un nouveau rapport explique pourquoi un transfert \u00e0 Old Trafford n&#39;a pas pu se concr\u00e9tiser. <\/p>\n<h3>United s&#39;inqui\u00e8te des finances de l&#39;accord avec Tchouameni<\/h3>\n<p>Selon The Sun, Tchouameni \u00e9tait la cible prioritaire de United, mais le club craignait que son arriv\u00e9e ne nuise \u00e0 sa structure salariale. Le rapport indique : \u00ab\u00a0Aur\u00e9lien Tchouameni \u00e9tait la cible id\u00e9ale de United, mais on craignait que les chiffres ne s&#39;envolent et que l&#39;arriv\u00e9e d&#39;un talent du Real Madrid ne bouleverse la structure salariale de United.\u00a0\u00bb<\/p>\n<p>Le milieu de terrain fran\u00e7ais est sans doute l&#39;un des meilleurs milieux de terrain d\u00e9fensifs au monde et a \u00e9t\u00e9 sign\u00e9 en remplacement de Casemiro apr\u00e8s son d\u00e9m\u00e9nagement \u00e0 United. Tchouameni a connu un \u00e9norme succ\u00e8s lors de son passage avec les g\u00e9ants de la Liga, remportant entre autres la Ligue des champions. <\/p>\n<p>Le joueur de 26 ans a inscrit deux buts et deux passes d\u00e9cisives en 49 apparitions toutes comp\u00e9titions confondues avec le Real Madrid la saison derni\u00e8re. <\/p>\n<h2 id=\"tablepress-1564-name\" class=\"tablepress-table-name tablepress-table-name-id-1564\">Aur\u00e9lien Tchouameni Stats: saison 2025\/26<\/h2>\n<table id=\"tablepress-1564\" class=\"tablepress tablepress-id-1564\" aria-labelledby=\"tablepress-1564-name\">\n<thead>\n<tr class=\"row-1\">\n<th class=\"column-1\">Concours<\/th>\n<th class=\"column-2\">Apparitions<\/th>\n<th class=\"column-3\">Commence<\/th>\n<th class=\"column-4\">Objectifs<\/th>\n<th class=\"column-5\">Aides<\/th>\n<th class=\"column-6\">Cartons jaunes<\/th>\n<th class=\"column-7\">Cartons rouges<\/th>\n<th class=\"column-8\">Minutes jou\u00e9es<\/th>\n<\/tr>\n<\/thead>\n<tbody class=\"row-striping row-hover\">\n<tr class=\"row-2\">\n<td class=\"column-1\">La Liga<\/td>\n<td class=\"column-2\">33<\/td>\n<td class=\"column-3\">31<\/td>\n<td class=\"column-4\">1<\/td>\n<td class=\"column-5\">&#8211;<\/td>\n<td class=\"column-6\">8<\/td>\n<td class=\"column-7\">&#8211;<\/td>\n<td class=\"column-8\">2 623&#39;<\/td>\n<\/tr>\n<tr class=\"row-3\">\n<td class=\"column-1\">Ligue des champions de l&#39;UEFA<\/td>\n<td class=\"column-2\">13<\/td>\n<td class=\"column-3\">13<\/td>\n<td class=\"column-4\">1<\/td>\n<td class=\"column-5\">1<\/td>\n<td class=\"column-6\">3<\/td>\n<td class=\"column-7\">&#8211;<\/td>\n<td class=\"column-8\">1 125&#39;<\/td>\n<\/tr>\n<tr class=\"row-4\">\n<td class=\"column-1\">Supercoupe<\/td>\n<td class=\"column-2\">2<\/td>\n<td class=\"column-3\">2<\/td>\n<td class=\"column-4\">&#8211;<\/td>\n<td class=\"column-5\">&#8211;<\/td>\n<td class=\"column-6\">&#8211;<\/td>\n<td class=\"column-7\">&#8211;<\/td>\n<td class=\"column-8\">180&#39;<\/td>\n<\/tr>\n<tr class=\"row-5\">\n<td class=\"column-1\">Coupe du Roi<\/td>\n<td class=\"column-2\">1<\/td>\n<td class=\"column-3\">0<\/td>\n<td class=\"column-4\">&#8211;<\/td>\n<td class=\"column-5\">1<\/td>\n<td class=\"column-6\">&#8211;<\/td>\n<td class=\"column-7\">&#8211;<\/td>\n<td class=\"column-8\">13&#39;<\/td>\n<\/tr>\n<\/tbody>\n<tfoot>\n<tr class=\"row-6\">\n<th class=\"column-1\">Total<\/th>\n<th class=\"column-2\">49<\/th>\n<th class=\"column-3\">46<\/th>\n<th class=\"column-4\">2<\/th>\n<th class=\"column-5\">2<\/th>\n<th class=\"column-6\">11<\/th>\n<th class=\"column-7\">&#8211;<\/th>\n<th class=\"column-8\">3 941&#39;<\/th>\n<\/tr>\n<\/tfoot>\n<\/table>\n<p><!-- #tablepress-1564 from cache --><\/p>\n<p>Tchouameni a \u00e9t\u00e9 l\u2019une des rares lumi\u00e8res brillantes des g\u00e9ants espagnols au cours d\u2019une saison lamentable et a naturellement fait tourner les t\u00eates \u00e0 Old Trafford. Cependant, le Fran\u00e7ais dispose d&#39;un salaire brut de plus de 300 000 \u20ac, selon Capology, et aurait pu exiger une augmentation importante pour d\u00e9m\u00e9nager \u00e0 Old Trafford.<\/p>\n<h3>Baleba est apparu comme une alternative plus viable<\/h3>\n<p>Alors que Tchouameni regardait de plus en plus hors des limites, United a tourn\u00e9 son attention vers Baleba pour ajouter plus d&#39;acier \u00e0 son milieu de terrain. Le Camerounais n&#39;\u00e9tait pas \u00e0 son meilleur niveau la saison derni\u00e8re et les Diables Rouges ont finalement r\u00e9ussi \u00e0 obtenir sa signature pour environ 70 millions de livres sterling. <\/p>\n<p>Le Sun ajoute que Baleba est apparu comme une alternative plus viable au Fran\u00e7ais, d\u00e9clarant : \u00ab\u00a0Baleba \u00e9tait toujours facile \u00e0 vendre car il avait de l&#39;influence en Premier League et a quatre ans de moins que Tchouameni. Des sources proches des n\u00e9gociations avec Baleba affirment que la communication de United \u00e9tait centrale dans la volont\u00e9 de Baleba de rejoindre le club.\u00a0\u00bb<\/p>\n<p>Une source au courant des n\u00e9gociations a d\u00e9clar\u00e9 au Sun : \u00ab\u00a0Il se sentait vraiment d\u00e9sir\u00e9. Et il sentait qu&#39;ils comprenaient le joueur qu&#39;il est et celui qu&#39;il veut devenir. Les conversations portaient sur le football et sur la croissance, pas sur le statut.\u00a0\u00bb<\/p>\n<p>Le rapport affirmait \u00e9galement que United h\u00e9sitait \u00e0 signer des rebuts du Real Madrid, concluant : \u00ab\u00a0Un gros titre que United a r\u00e9cemment sign\u00e9 a en partie accept\u00e9 de rejoindre le club car il a reconnu que cela augmenterait son cachet commercial. United a \u00e9galement \u00e9t\u00e9 br\u00fbl\u00e9 par la signature de rebuts du Real Madrid.\u00a0\u00bb<\/p>\n<h3>Pens\u00e9es finales<\/h3>\n<p>La l\u00e9gende de United, Rio Ferdinand, a r\u00e9cemment sugg\u00e9r\u00e9 que United signait un joueur de 100 millions de livres sterling \u00e0 Baleba pour beaucoup moins. Les fans esp\u00e9reront \u00e9galement que le Camerounais puisse se r\u00e9v\u00e9ler \u00eatre une bonne affaire et justifier la d\u00e9cision de ne pas investir dans Tchouameni. <\/p>\n<\/p>\n<hr\/>\n<div style=\"position:relative; width:100%; max-width:1760px;\">\n<p>    &#13;<\/p>\n<p>    &#13;<\/p>\n<\/div>\n<p><img fetchpriority=\"high\" decoding=\"async\" src=\"https:\/\/footdavant.fr\/actualites\/wp-content\/uploads\/2026\/07\/Le-role-de-United-dans-le-transfert-propose-par-Mason.png\" alt=\"\" width=\"1160\" height=\"65\" class=\"aligncenter size-full wp-image-299864\"\/><br \/>\n<!--Article End--><\/p>\n<p><!-- CONTENT END 2 --><\/p><\/div>\n","protected":false},"excerpt":{"rendered":"<p>1 Manchester United \u00e9tait li\u00e9 \u00e0 une pl\u00e9thore de milieux de terrain de Premier League et de l\u2019\u00e9tranger cet \u00e9t\u00e9 alors qu\u2019ils cherchaient \u00e0 aborder<\/p>\n","protected":false},"author":1,"featured_media":39361,"comment_status":"closed","ping_status":"","sticky":false,"template":"","format":"standard","meta":{"footnotes":""},"categories":[3],"tags":[4970,775,12,776,24,649,51,610,1051,4381,774,417,13],"yoast_head":"<!-- This site is optimized with the Yoast SEO plugin v21.0 - https:\/\/yoast.com\/wordpress\/plugins\/seo\/ -->\n<title>Pourquoi Man United s&#039;est retir\u00e9 des n\u00e9gociations pour signer Aur\u00e9lien Tchouameni cet \u00e9t\u00e9 -<\/title>\n<meta name=\"robots\" content=\"index, follow, max-snippet:-1, max-image-preview:large, max-video-preview:-1\" \/>\n<link rel=\"canonical\" href=\"https:\/\/footdavant.fr\/actualites\/pourquoi-man-united-sest-retire-des-negociations-pour-signer-aurelien-tchouameni-cet-ete\/\" \/>\n<meta property=\"og:locale\" content=\"fr_FR\" \/>\n<meta property=\"og:type\" content=\"article\" \/>\n<meta property=\"og:title\" content=\"Pourquoi Man United s&#039;est retir\u00e9 des n\u00e9gociations pour signer Aur\u00e9lien Tchouameni cet \u00e9t\u00e9 -\" \/>\n<meta property=\"og:description\" content=\"1 Manchester United \u00e9tait li\u00e9 \u00e0 une pl\u00e9thore de milieux de terrain de Premier League et de l\u2019\u00e9tranger cet \u00e9t\u00e9 alors qu\u2019ils cherchaient \u00e0 aborder\" \/>\n<meta property=\"og:url\" content=\"https:\/\/footdavant.fr\/actualites\/pourquoi-man-united-sest-retire-des-negociations-pour-signer-aurelien-tchouameni-cet-ete\/\" \/>\n<meta property=\"og:site_name\" content=\"Foot d&#039;avant\" \/>\n<meta property=\"article:publisher\" content=\"https:\/\/www.facebook.com\/Footdavant\/\" \/>\n<meta property=\"article:published_time\" content=\"2026-09-03T14:48:20+00:00\" \/>\n<meta property=\"article:modified_time\" content=\"2026-09-03T14:48:21+00:00\" \/>\n<meta property=\"og:image\" content=\"https:\/\/footdavant.fr\/actualites\/wp-content\/uploads\/2026\/07\/United-a-soumis-une-offre-massive-pour-Aurelien-Tchouameni-cette.jpg\" \/>\n\t<meta property=\"og:image:width\" content=\"1200\" \/>\n\t<meta property=\"og:image:height\" content=\"675\" \/>\n\t<meta property=\"og:image:type\" content=\"image\/jpeg\" \/>\n<meta name=\"author\" content=\"Cl\u00e9ment\" \/>\n<meta name=\"twitter:card\" content=\"summary_large_image\" \/>\n<meta name=\"twitter:creator\" content=\"@FootdavantFr\" \/>\n<meta name=\"twitter:site\" content=\"@FootdavantFr\" \/>\n<meta name=\"twitter:label1\" content=\"\u00c9crit par\" \/>\n\t<meta name=\"twitter:data1\" content=\"Cl\u00e9ment\" \/>\n\t<meta name=\"twitter:label2\" content=\"Dur\u00e9e de lecture estim\u00e9e\" \/>\n\t<meta name=\"twitter:data2\" content=\"4 minutes\" \/>\n<script type=\"application\/ld+json\" class=\"yoast-schema-graph\">{\"@context\":\"https:\/\/schema.org\",\"@graph\":[{\"@type\":\"Article\",\"@id\":\"https:\/\/footdavant.fr\/actualites\/pourquoi-man-united-sest-retire-des-negociations-pour-signer-aurelien-tchouameni-cet-ete\/#article\",\"isPartOf\":{\"@id\":\"https:\/\/footdavant.fr\/actualites\/pourquoi-man-united-sest-retire-des-negociations-pour-signer-aurelien-tchouameni-cet-ete\/\"},\"author\":{\"name\":\"Cl\u00e9ment\",\"@id\":\"https:\/\/footdavant.fr\/actualites\/#\/schema\/person\/bc222566d95871b37e597b3ed3ba5e1d\"},\"headline\":\"Pourquoi Man United s&#39;est retir\u00e9 des n\u00e9gociations pour signer Aur\u00e9lien Tchouameni cet \u00e9t\u00e9 &#8211;\",\"datePublished\":\"2026-09-03T14:48:20+00:00\",\"dateModified\":\"2026-09-03T14:48:21+00:00\",\"mainEntityOfPage\":{\"@id\":\"https:\/\/footdavant.fr\/actualites\/pourquoi-man-united-sest-retire-des-negociations-pour-signer-aurelien-tchouameni-cet-ete\/\"},\"wordCount\":769,\"publisher\":{\"@id\":\"https:\/\/footdavant.fr\/actualites\/#organization\"},\"keywords\":[\"Aur\u00e9lien\",\"cet\",\"des\",\"\u00e9t\u00e9\",\"Man\",\"n\u00e9gociations\",\"pour\",\"Pourquoi\",\"retire\",\"s39est\",\"signer\",\"Tchouameni\",\"United\"],\"articleSection\":[\"Football\"],\"inLanguage\":\"fr-FR\"},{\"@type\":\"WebPage\",\"@id\":\"https:\/\/footdavant.fr\/actualites\/pourquoi-man-united-sest-retire-des-negociations-pour-signer-aurelien-tchouameni-cet-ete\/\",\"url\":\"https:\/\/footdavant.fr\/actualites\/pourquoi-man-united-sest-retire-des-negociations-pour-signer-aurelien-tchouameni-cet-ete\/\",\"name\":\"Pourquoi Man United s&#39;est retir\u00e9 des n\u00e9gociations pour signer Aur\u00e9lien Tchouameni cet \u00e9t\u00e9 -\",\"isPartOf\":{\"@id\":\"https:\/\/footdavant.fr\/actualites\/#website\"},\"datePublished\":\"2026-09-03T14:48:20+00:00\",\"dateModified\":\"2026-09-03T14:48:21+00:00\",\"breadcrumb\":{\"@id\":\"https:\/\/footdavant.fr\/actualites\/pourquoi-man-united-sest-retire-des-negociations-pour-signer-aurelien-tchouameni-cet-ete\/#breadcrumb\"},\"inLanguage\":\"fr-FR\",\"potentialAction\":[{\"@type\":\"ReadAction\",\"target\":[\"https:\/\/footdavant.fr\/actualites\/pourquoi-man-united-sest-retire-des-negociations-pour-signer-aurelien-tchouameni-cet-ete\/\"]}]},{\"@type\":\"BreadcrumbList\",\"@id\":\"https:\/\/footdavant.fr\/actualites\/pourquoi-man-united-sest-retire-des-negociations-pour-signer-aurelien-tchouameni-cet-ete\/#breadcrumb\",\"itemListElement\":[{\"@type\":\"ListItem\",\"position\":1,\"name\":\"Accueil\",\"item\":\"https:\/\/footdavant.fr\/actualites\/\"},{\"@type\":\"ListItem\",\"position\":2,\"name\":\"Pourquoi Man United s&#39;est retir\u00e9 des n\u00e9gociations pour signer Aur\u00e9lien Tchouameni cet \u00e9t\u00e9 &#8211;\"}]},{\"@type\":\"WebSite\",\"@id\":\"https:\/\/footdavant.fr\/actualites\/#website\",\"url\":\"https:\/\/footdavant.fr\/actualites\/\",\"name\":\"Foot d'avant\",\"description\":\"\",\"publisher\":{\"@id\":\"https:\/\/footdavant.fr\/actualites\/#organization\"},\"potentialAction\":[{\"@type\":\"SearchAction\",\"target\":{\"@type\":\"EntryPoint\",\"urlTemplate\":\"https:\/\/footdavant.fr\/actualites\/?s={search_term_string}\"},\"query-input\":\"required name=search_term_string\"}],\"inLanguage\":\"fr-FR\"},{\"@type\":\"Organization\",\"@id\":\"https:\/\/footdavant.fr\/actualites\/#organization\",\"name\":\"Foot d'avant\",\"url\":\"https:\/\/footdavant.fr\/actualites\/\",\"logo\":{\"@type\":\"ImageObject\",\"inLanguage\":\"fr-FR\",\"@id\":\"https:\/\/footdavant.fr\/actualites\/#\/schema\/logo\/image\/\",\"url\":\"https:\/\/footdavant.fr\/actualites\/wp-content\/uploads\/2023\/09\/Copy-of-FootDavant-Logo.png\",\"contentUrl\":\"https:\/\/footdavant.fr\/actualites\/wp-content\/uploads\/2023\/09\/Copy-of-FootDavant-Logo.png\",\"width\":936,\"height\":549,\"caption\":\"Foot d'avant\"},\"image\":{\"@id\":\"https:\/\/footdavant.fr\/actualites\/#\/schema\/logo\/image\/\"},\"sameAs\":[\"https:\/\/www.facebook.com\/Footdavant\/\",\"https:\/\/twitter.com\/FootdavantFr\",\"https:\/\/www.instagram.com\/footdavant.fr\/\"]},{\"@type\":\"Person\",\"@id\":\"https:\/\/footdavant.fr\/actualites\/#\/schema\/person\/bc222566d95871b37e597b3ed3ba5e1d\",\"name\":\"Cl\u00e9ment\",\"image\":{\"@type\":\"ImageObject\",\"inLanguage\":\"fr-FR\",\"@id\":\"https:\/\/footdavant.fr\/actualites\/#\/schema\/person\/image\/\",\"url\":\"https:\/\/secure.gravatar.com\/avatar\/7728b29aac2719421e1a9159b2254c44?s=96&d=mm&r=g\",\"contentUrl\":\"https:\/\/secure.gravatar.com\/avatar\/7728b29aac2719421e1a9159b2254c44?s=96&d=mm&r=g\",\"caption\":\"Cl\u00e9ment\"},\"sameAs\":[\"https:\/\/footdavant.fr\/\"]}]}<\/script>\n<!-- \/ Yoast SEO plugin. -->","yoast_head_json":{"title":"Pourquoi Man United s&#39;est retir\u00e9 des n\u00e9gociations pour signer Aur\u00e9lien Tchouameni cet \u00e9t\u00e9 -","robots":{"index":"index","follow":"follow","max-snippet":"max-snippet:-1","max-image-preview":"max-image-preview:large","max-video-preview":"max-video-preview:-1"},"canonical":"https:\/\/footdavant.fr\/actualites\/pourquoi-man-united-sest-retire-des-negociations-pour-signer-aurelien-tchouameni-cet-ete\/","og_locale":"fr_FR","og_type":"article","og_title":"Pourquoi Man United s&#39;est retir\u00e9 des n\u00e9gociations pour signer Aur\u00e9lien Tchouameni cet \u00e9t\u00e9 -","og_description":"1 Manchester United \u00e9tait li\u00e9 \u00e0 une pl\u00e9thore de milieux de terrain de Premier League et de l\u2019\u00e9tranger cet \u00e9t\u00e9 alors qu\u2019ils cherchaient \u00e0 aborder","og_url":"https:\/\/footdavant.fr\/actualites\/pourquoi-man-united-sest-retire-des-negociations-pour-signer-aurelien-tchouameni-cet-ete\/","og_site_name":"Foot d&#039;avant","article_publisher":"https:\/\/www.facebook.com\/Footdavant\/","article_published_time":"2026-09-03T14:48:20+00:00","article_modified_time":"2026-09-03T14:48:21+00:00","og_image":[{"width":1200,"height":675,"url":"https:\/\/footdavant.fr\/actualites\/wp-content\/uploads\/2026\/07\/United-a-soumis-une-offre-massive-pour-Aurelien-Tchouameni-cette.jpg","type":"image\/jpeg"}],"author":"Cl\u00e9ment","twitter_card":"summary_large_image","twitter_creator":"@FootdavantFr","twitter_site":"@FootdavantFr","twitter_misc":{"\u00c9crit par":"Cl\u00e9ment","Dur\u00e9e de lecture estim\u00e9e":"4 minutes"},"schema":{"@context":"https:\/\/schema.org","@graph":[{"@type":"Article","@id":"https:\/\/footdavant.fr\/actualites\/pourquoi-man-united-sest-retire-des-negociations-pour-signer-aurelien-tchouameni-cet-ete\/#article","isPartOf":{"@id":"https:\/\/footdavant.fr\/actualites\/pourquoi-man-united-sest-retire-des-negociations-pour-signer-aurelien-tchouameni-cet-ete\/"},"author":{"name":"Cl\u00e9ment","@id":"https:\/\/footdavant.fr\/actualites\/#\/schema\/person\/bc222566d95871b37e597b3ed3ba5e1d"},"headline":"Pourquoi Man United s&#39;est retir\u00e9 des n\u00e9gociations pour signer Aur\u00e9lien Tchouameni cet \u00e9t\u00e9 &#8211;","datePublished":"2026-09-03T14:48:20+00:00","dateModified":"2026-09-03T14:48:21+00:00","mainEntityOfPage":{"@id":"https:\/\/footdavant.fr\/actualites\/pourquoi-man-united-sest-retire-des-negociations-pour-signer-aurelien-tchouameni-cet-ete\/"},"wordCount":769,"publisher":{"@id":"https:\/\/footdavant.fr\/actualites\/#organization"},"keywords":["Aur\u00e9lien","cet","des","\u00e9t\u00e9","Man","n\u00e9gociations","pour","Pourquoi","retire","s39est","signer","Tchouameni","United"],"articleSection":["Football"],"inLanguage":"fr-FR"},{"@type":"WebPage","@id":"https:\/\/footdavant.fr\/actualites\/pourquoi-man-united-sest-retire-des-negociations-pour-signer-aurelien-tchouameni-cet-ete\/","url":"https:\/\/footdavant.fr\/actualites\/pourquoi-man-united-sest-retire-des-negociations-pour-signer-aurelien-tchouameni-cet-ete\/","name":"Pourquoi Man United s&#39;est retir\u00e9 des n\u00e9gociations pour signer Aur\u00e9lien Tchouameni cet \u00e9t\u00e9 -","isPartOf":{"@id":"https:\/\/footdavant.fr\/actualites\/#website"},"datePublished":"2026-09-03T14:48:20+00:00","dateModified":"2026-09-03T14:48:21+00:00","breadcrumb":{"@id":"https:\/\/footdavant.fr\/actualites\/pourquoi-man-united-sest-retire-des-negociations-pour-signer-aurelien-tchouameni-cet-ete\/#breadcrumb"},"inLanguage":"fr-FR","potentialAction":[{"@type":"ReadAction","target":["https:\/\/footdavant.fr\/actualites\/pourquoi-man-united-sest-retire-des-negociations-pour-signer-aurelien-tchouameni-cet-ete\/"]}]},{"@type":"BreadcrumbList","@id":"https:\/\/footdavant.fr\/actualites\/pourquoi-man-united-sest-retire-des-negociations-pour-signer-aurelien-tchouameni-cet-ete\/#breadcrumb","itemListElement":[{"@type":"ListItem","position":1,"name":"Accueil","item":"https:\/\/footdavant.fr\/actualites\/"},{"@type":"ListItem","position":2,"name":"Pourquoi Man United s&#39;est retir\u00e9 des n\u00e9gociations pour signer Aur\u00e9lien Tchouameni cet \u00e9t\u00e9 &#8211;"}]},{"@type":"WebSite","@id":"https:\/\/footdavant.fr\/actualites\/#website","url":"https:\/\/footdavant.fr\/actualites\/","name":"Foot d'avant","description":"","publisher":{"@id":"https:\/\/footdavant.fr\/actualites\/#organization"},"potentialAction":[{"@type":"SearchAction","target":{"@type":"EntryPoint","urlTemplate":"https:\/\/footdavant.fr\/actualites\/?s={search_term_string}"},"query-input":"required name=search_term_string"}],"inLanguage":"fr-FR"},{"@type":"Organization","@id":"https:\/\/footdavant.fr\/actualites\/#organization","name":"Foot d'avant","url":"https:\/\/footdavant.fr\/actualites\/","logo":{"@type":"ImageObject","inLanguage":"fr-FR","@id":"https:\/\/footdavant.fr\/actualites\/#\/schema\/logo\/image\/","url":"https:\/\/footdavant.fr\/actualites\/wp-content\/uploads\/2023\/09\/Copy-of-FootDavant-Logo.png","contentUrl":"https:\/\/footdavant.fr\/actualites\/wp-content\/uploads\/2023\/09\/Copy-of-FootDavant-Logo.png","width":936,"height":549,"caption":"Foot d'avant"},"image":{"@id":"https:\/\/footdavant.fr\/actualites\/#\/schema\/logo\/image\/"},"sameAs":["https:\/\/www.facebook.com\/Footdavant\/","https:\/\/twitter.com\/FootdavantFr","https:\/\/www.instagram.com\/footdavant.fr\/"]},{"@type":"Person","@id":"https:\/\/footdavant.fr\/actualites\/#\/schema\/person\/bc222566d95871b37e597b3ed3ba5e1d","name":"Cl\u00e9ment","image":{"@type":"ImageObject","inLanguage":"fr-FR","@id":"https:\/\/footdavant.fr\/actualites\/#\/schema\/person\/image\/","url":"https:\/\/secure.gravatar.com\/avatar\/7728b29aac2719421e1a9159b2254c44?s=96&d=mm&r=g","contentUrl":"https:\/\/secure.gravatar.com\/avatar\/7728b29aac2719421e1a9159b2254c44?s=96&d=mm&r=g","caption":"Cl\u00e9ment"},"sameAs":["https:\/\/footdavant.fr\/"]}]}},"_links":{"self":[{"href":"https:\/\/footdavant.fr\/actualites\/wp-json\/wp\/v2\/posts\/41133"}],"collection":[{"href":"https:\/\/footdavant.fr\/actualites\/wp-json\/wp\/v2\/posts"}],"about":[{"href":"https:\/\/footdavant.fr\/actualites\/wp-json\/wp\/v2\/types\/post"}],"author":[{"embeddable":true,"href":"https:\/\/footdavant.fr\/actualites\/wp-json\/wp\/v2\/users\/1"}],"replies":[{"embeddable":true,"href":"https:\/\/footdavant.fr\/actualites\/wp-json\/wp\/v2\/comments?post=41133"}],"version-history":[{"count":1,"href":"https:\/\/footdavant.fr\/actualites\/wp-json\/wp\/v2\/posts\/41133\/revisions"}],"predecessor-version":[{"id":41134,"href":"https:\/\/footdavant.fr\/actualites\/wp-json\/wp\/v2\/posts\/41133\/revisions\/41134"}],"wp:featuredmedia":[{"embeddable":true,"href":"https:\/\/footdavant.fr\/actualites\/wp-json\/wp\/v2\/media\/39361"}],"wp:attachment":[{"href":"https:\/\/footdavant.fr\/actualites\/wp-json\/wp\/v2\/media?parent=41133"}],"wp:term":[{"taxonomy":"category","embeddable":true,"href":"https:\/\/footdavant.fr\/actualites\/wp-json\/wp\/v2\/categories?post=41133"},{"taxonomy":"post_tag","embeddable":true,"href":"https:\/\/footdavant.fr\/actualites\/wp-json\/wp\/v2\/tags?post=41133"}],"curies":[{"name":"wp","href":"https:\/\/api.w.org\/{rel}","templated":true}]}}