{"id":41138,"date":"2026-09-04T00:48:08","date_gmt":"2026-09-03T22:48:08","guid":{"rendered":"https:\/\/footdavant.fr\/actualites\/comment-arsenal-ameliore-t-il-son-attaque-maintenant\/"},"modified":"2026-09-04T00:48:09","modified_gmt":"2026-09-03T22:48:09","slug":"comment-arsenal-ameliore-t-il-son-attaque-maintenant","status":"publish","type":"post","link":"https:\/\/footdavant.fr\/actualites\/comment-arsenal-ameliore-t-il-son-attaque-maintenant\/","title":{"rendered":"Comment Arsenal am\u00e9liore-t-il son attaque maintenant ?"},"content":{"rendered":"<div>\n<p>Quel que soit le contexte ou l&#39;explication, si en mai je vous avais propos\u00e9 l&#39;affaire de transfert d&#39;Arsenal suivante en attaque :<\/p>\n<p>Absents : Martinelli, Trossard, Jesus, Nwaneri (pr\u00eat)<br \/>Dans : Tzolis<\/p>\n<p>Je ne pense pas que beaucoup d&#39;entre nous se seraient serr\u00e9 la main \u00e0 ce sujet, et certainement pas en ce qui concerne la colonne \u00ab\u00a0in\u00a0\u00bb. (Sans vouloir manquer de respect \u00e0 Christos Tzolis, le probl\u00e8me n&#39;est pas son inclusion dans la colonne \u00ab\u00a0in\u00a0\u00bb, mais simplement qu&#39;il est le seul \u00e0 \u00eatre inclus). Cependant, pour le meilleur ou pour le pire, c\u2019est ce qui s\u2019est produit.<\/p>\n<p>L&#39;incapacit\u00e9 \u00e0 verrouiller le transfert de Morgan Rogers avant que Chelsea ne s&#39;implique et que le joueur lui-m\u00eame se retrouve \u00e0 remettre en question l&#39;engagement d&#39;Arsenal envers sa signature est la ride du march\u00e9 qui n\u00e9cessite un examen et un examen minutieux. Mais ce n\u2019est pas ce que je vais faire dans cet article car, franchement, le contenu est d\u00e9sormais satur\u00e9.<\/p>\n<p>La question est maintenant de savoir comment Arsenal am\u00e9liore son attaque \u00e0 partir de l\u00e0 ? Cet article est n\u00e9cessairement hypoth\u00e9tique et ne vise pas \u00e0 sugg\u00e9rer que tous ces meilleurs sc\u00e9narios se r\u00e9aliseront. Il se pourrait qu\u2019aucun d\u2019entre eux ne le fasse ! Alors s&#39;il vous pla\u00eet, ne consid\u00e9rez pas cela comme une v\u00e9n\u00e9ration ou une justification, mais comme une concentration sur les domaines sur lesquels Arsenal doit se concentrer pour presser les p\u00e9pins dans le dernier tiers.<\/p>\n<\/p>\n<p>S&#39;il est vrai qu&#39;Arsenal n&#39;a marqu\u00e9 que 71 buts en Premier League la saison derni\u00e8re, il est \u00e9galement vrai qu&#39;ils ont d\u00e9pens\u00e9 de grandes portions sans au moins un de Bukayo Saka, Martin Odegaard et Kai Havertz. Cela a priv\u00e9 Arsenal de chimie et de qualit\u00e9. Illustrons avec quelques touches l\u00e9g\u00e8res, des donn\u00e9es l\u00e9g\u00e8rement non scientifiques.<\/p>\n<table id=\"tablepress-88\" class=\"tablepress tablepress-id-88\">\n<thead>\n<tr class=\"row-1\">\n<th class=\"column-1\">Saison<\/th>\n<th class=\"column-2\">Pl minutes jou\u00e9es par Saka, Havertz et Odegaard (combin\u00e9s)<\/th>\n<th class=\"column-3\">Buts marqu\u00e9s par Arsenal PL<\/th>\n<\/tr>\n<\/thead>\n<tbody class=\"row-striping row-hover\">\n<tr class=\"row-2\">\n<td class=\"column-1\">2023-24<\/td>\n<td class=\"column-2\">8 644<\/td>\n<td class=\"column-3\">91<\/td>\n<\/tr>\n<tr class=\"row-3\">\n<td class=\"column-1\">2024-25<\/td>\n<td class=\"column-2\">5 929<\/td>\n<td class=\"column-3\">74<\/td>\n<\/tr>\n<tr class=\"row-4\">\n<td class=\"column-1\">2025-26<\/td>\n<td class=\"column-2\">4\u00a0172<\/td>\n<td class=\"column-3\">71<\/td>\n<\/tr>\n<\/tbody>\n<\/table>\n<p><!-- #tablepress-88 from cache --><\/p>\n<p>La corr\u00e9lation n\u2019est pas toujours \u00e9gale \u00e0 la causalit\u00e9, mais, vous savez quoi, parfois c\u2019est aussi le cas. Moins ces trois-l\u00e0 jouent, moins Arsenal marque de buts et moins ils se cr\u00e9ent d\u2019occasions. Ce trio, en plus d&#39;\u00eatre les meilleurs attaquants d&#39;Arsenal, constitue \u00e9galement le noyau de l&#39;\u00e9quipe depuis un petit moment d\u00e9j\u00e0. Ils ont beaucoup de qualit\u00e9s individuelles mais ils ont aussi un bon m\u00e9lange de qualit\u00e9s.<\/p>\n<p>Je pense que Havertz est aussi un pilier tr\u00e8s important en tant qu\u2019attaquant. Je ne pense pas avoir jamais vu un attaquant qui aurait pu jouer aussi bien pour le Bar\u00e7a de Pep Guardiola que pour le Crazy Gang de Wimbledon des ann\u00e9es 1980. L&#39;autre probl\u00e8me que les absences respectives de ces joueurs ont pos\u00e9 \u00e0 Arsenal la saison derni\u00e8re est que les gars qui \u00e9taient vraiment cens\u00e9s \u00eatre des joueurs de l&#39;\u00e9quipe ou des rempla\u00e7ants, sont devenus plus cibl\u00e9s en tant que titulaires.<\/p>\n<p>Noni Madueke n&#39;est pas aussi bonne que Saka. Viktor Gyokeres n&#39;est pas aussi bon que Kai Havertz. Eberechi Eze n&#39;est pas aussi clairement derri\u00e8re Odegaard que les deux susmentionn\u00e9s, mais il a le profil inverse d&#39;Odegaard. Cela ne veut pas dire qu\u2019aucun de ces joueurs n\u2019est mauvais. Ce n\u2019est pas le cas. (je le promets). Mais ils ne sont pas aussi bons que les principaux et, en plus, ils n\u2019ont pas jou\u00e9 ensemble depuis tr\u00e8s longtemps. Je pense aussi que nous les consid\u00e9rerons beaucoup plus g\u00e9n\u00e9reusement s\u2019ils jouent des r\u00f4les de soutien, ce qui n\u2019est pas ce qu\u2019on leur a demand\u00e9 de faire la saison derni\u00e8re.<\/p>\n<p>Une meilleure forme physique pour Odegaard, Saka et Havertz ne peut \u00eatre tenue pour acquise. C\u2019est un risque qu\u2019Arsenal doit assumer au moins jusqu\u2019en janvier. Mais la qualit\u00e9 et l\u2019alchimie que leur disponibilit\u00e9 apporterait \u00e0 l\u2019\u00e9quipe am\u00e9lioreraient l\u2019attaque par rapport \u00e0 ce que nous avons vu la saison derni\u00e8re. Madueke, Eze et Gyokeres ont \u00e9galement eu une saison pour s&#39;int\u00e9grer et, esp\u00e9rons-le, seront plus forts gr\u00e2ce \u00e0 cette exp\u00e9rience.<\/p>\n<\/p>\n<p><img loading=\"lazy\" decoding=\"async\" class=\"alignnone size-full wp-image-48662\" src=\"https:\/\/footdavant.fr\/actualites\/wp-content\/uploads\/2026\/04\/1777229294_Arsenal-1-0-Newcastle-le-but-d39Eze-l39emporte-alors-que.jpg\" alt=\"Arsenal 1-0 Newcastle : le but d&#39;Eze l&#39;emporte alors que nous l&#39;endurons\" width=\"1500\" height=\"750\"  \/><br \/>Les d\u00e9parts de Martinelli et Trossard et l&#39;incapacit\u00e9 d&#39;ajouter une autre option sur l&#39;aile gauche signifient que nous devrions voir beaucoup d&#39;Eberechi Eze \u00e0 ce poste cette saison. D&#39;autant que Christos Tzolis va devoir subir un apprentissage dans son acclimatation \u00e0 la Premier League.<\/p>\n<p>En termes d\u2019\u00e9quilibre de l\u2019\u00e9quipe, je pense que cela fonctionne un peu mieux. Je n&#39;aime pas vraiment Eze au centre, je ne pense pas qu&#39;il soit suffisamment impliqu\u00e9 pour jouer l\u00e0-bas, m\u00eame si avoir un passeur plus progressiste au milieu de terrain comme Bruno Guimaraes pourrait changer cela. Je pr\u00e9f\u00e8re Mikel Merino (plus d&#39;informations sur qui prochainement) comme alternative dans ce r\u00f4le de milieu de terrain avanc\u00e9.<\/p>\n<p>Dans un monde o\u00f9 Arsenal n&#39;avait pas sign\u00e9 Eze l&#39;\u00e9t\u00e9 dernier mais l&#39;avait recrut\u00e9 cet \u00e9t\u00e9 en remplacement de Martinelli\/Trossard, je pense que la plupart des fans auraient \u00e9t\u00e9 tr\u00e8s heureux de ce r\u00e9sultat. Bien s\u00fbr, il est naturel que les fans soient prudents \u00e0 propos de cette d\u00e9cision \u00e9tant donn\u00e9 qu&#39;Arteta l&#39;a si rarement jou\u00e9 sur l&#39;aile gauche la saison derni\u00e8re et a sembl\u00e9 abandonner compl\u00e8tement l&#39;id\u00e9e pendant environ quatre mois apr\u00e8s la d\u00e9faite \u00e0 Villa Park.<\/p>\n<p>Arteta a lanc\u00e9 Eze sur la gauche pour le match crucial \u00e0 Manchester City en avril et il a \u00e9mis une note conciliante apr\u00e8s la victoire de lundi soir \u00e0 Villa Park. \u00ab\u00a0Je devais lui faire confiance, surtout quand ils effectuaient ces rotations sur le c\u00f4t\u00e9 droit\u2026 Je pense qu&#39;il a appris sa le\u00e7on car chaque fois que quelque chose se passait, il y \u00e9tait et il a aid\u00e9 l&#39;\u00e9quipe d&#39;une mani\u00e8re formidable.\u00a0\u00bb<\/p>\n<p>Dans une interview avec le m\u00e9dia espagnol Universo Valdano en janvier, Arteta a d\u00e9clar\u00e9 : \u00ab Le plan de jeu, la macrostructure, la fa\u00e7on dont nous passons le ballon ou nous positionnons n&#39;a plus d&#39;importance. Aujourd\u2019hui, vous d\u00e9pendez d\u2019un joueur capable de r\u00e9aliser une action d\u00e9terminante\u2026 l\u2019inspiration ; oser pour le joueur d&#39;arr\u00eater d&#39;essayer de ne pas faire d&#39;erreurs ou de r\u00e9p\u00e9ter une structure. Pour que tout soit plus fluide, pour g\u00e9n\u00e9rer le chaos.<\/p>\n<p>Cela ressemble \u00e0 une autre \u00e9tape vers Eze en tant qu\u2019ailier gauche plus libre de la part du manager. Nous pourrions nous retrouver avec un \u00ab\u00a0appariement\u00a0\u00bb entre l\u2019ailier gauche et l\u2019arri\u00e8re gauche. Peut-\u00eatre Tzolis + Calafiori et Eze + Hincapie par exemple. Tout cela reste \u00e0 voir. Mais on va voir davantage Eze sur la gauche. Il faut que \u00e7a marche.<\/p>\n<\/p>\n<p><img loading=\"lazy\" decoding=\"async\" class=\"alignnone size-full wp-image-48067\" src=\"https:\/\/footdavant.fr\/actualites\/wp-content\/uploads\/2026\/02\/Coup-dur-pour-Merino-Madueke-marque-un-but-City-perd.jpg\" alt=\"Coup dur pour Merino\u00a0: Madueke marque un but\u00a0: City perd des points\" width=\"1500\" height=\"750\"  \/><br \/>En plus de manquer Saka, Havertz et Odegaard la saison derni\u00e8re, les Gunners ont rat\u00e9 \u2013 dans tous les sens du terme \u2013 Mikel Merino pendant les trois derniers mois et demi de la saison. Le pr\u00eat de Nwaneri au Borussia Dortmund signifie que Merino servira certainement de rempla\u00e7ant\/soutien \u00e0 Martin Odegaard au poste de milieu de terrain avanc\u00e9.<\/p>\n<p>Avec le d\u00e9part de J\u00e9sus, il progresse \u00e9galement dans la rotation des avant-centres. En fait, je pense qu\u2019il y a un argument pour qu\u2019il soit \u00e9galement au-dessus du troisi\u00e8me choix dans ce r\u00f4le, mais c\u2019est une conversation pour un autre jour. Le m\u00e9rinos est \u00e9galement un excellent sous-marin \u00e0 impact. \u00c0 la fois quand vous avez besoin d\u2019un but (il a marqu\u00e9 des buts tardifs contre Chelsea et Manchester United avec sa t\u00eate la saison derni\u00e8re) et quand vous avez besoin de soulager un match avec possession contr\u00f4l\u00e9e (ce que nous avons vu lundi).<\/p>\n<p>Merino est un joueur incroyablement pr\u00e9cieux car il poss\u00e8de de nombreuses qualit\u00e9s. Je pense que ses propri\u00e9t\u00e9s cr\u00e9atives sont sous-estim\u00e9es (j&#39;en ai parl\u00e9 un peu plus en d\u00e9tail l&#39;hiver dernier). \u00c0 l\u2019instar de Havertz, le m\u00e9rinos poss\u00e8de un tr\u00e8s bon m\u00e9lange de qualit\u00e9s techniques et physiques utiles dans de nombreux sc\u00e9narios. Sa disponibilit\u00e9 augmenterait les capacit\u00e9s offensives d\u2019Arsenal.<\/p>\n<\/div>\n","protected":false},"excerpt":{"rendered":"<p>Quel que soit le contexte ou l&#39;explication, si en mai je vous avais propos\u00e9 l&#39;affaire de transfert d&#39;Arsenal suivante en attaque : Absents : Martinelli,<\/p>\n","protected":false},"author":1,"featured_media":36192,"comment_status":"closed","ping_status":"","sticky":false,"template":"","format":"standard","meta":{"footnotes":""},"categories":[3],"tags":[12609,67,1501,1497,579,86],"yoast_head":"<!-- This site is optimized with the Yoast SEO plugin v21.0 - https:\/\/yoast.com\/wordpress\/plugins\/seo\/ -->\n<title>Comment Arsenal am\u00e9liore-t-il son attaque maintenant ?<\/title>\n<meta name=\"robots\" content=\"index, follow, max-snippet:-1, max-image-preview:large, max-video-preview:-1\" \/>\n<link rel=\"canonical\" href=\"https:\/\/footdavant.fr\/actualites\/comment-arsenal-ameliore-t-il-son-attaque-maintenant\/\" \/>\n<meta property=\"og:locale\" content=\"fr_FR\" \/>\n<meta property=\"og:type\" content=\"article\" \/>\n<meta property=\"og:title\" content=\"Comment Arsenal am\u00e9liore-t-il son attaque maintenant ?\" \/>\n<meta property=\"og:description\" content=\"Quel que soit le contexte ou l&#039;explication, si en mai je vous avais propos\u00e9 l&#039;affaire de transfert d&#039;Arsenal suivante en attaque : Absents : Martinelli,\" \/>\n<meta property=\"og:url\" content=\"https:\/\/footdavant.fr\/actualites\/comment-arsenal-ameliore-t-il-son-attaque-maintenant\/\" \/>\n<meta property=\"og:site_name\" content=\"Foot d&#039;avant\" \/>\n<meta property=\"article:publisher\" content=\"https:\/\/www.facebook.com\/Footdavant\/\" \/>\n<meta property=\"article:published_time\" content=\"2026-09-03T22:48:08+00:00\" \/>\n<meta property=\"article:modified_time\" content=\"2026-09-03T22:48:09+00:00\" \/>\n<meta property=\"og:image\" content=\"https:\/\/footdavant.fr\/actualites\/wp-content\/uploads\/2026\/04\/Il-est-temps-de-redecouvrir-la-confiance-d39Arsenal-en-tant.jpg\" \/>\n\t<meta property=\"og:image:width\" content=\"1500\" \/>\n\t<meta property=\"og:image:height\" content=\"750\" \/>\n\t<meta property=\"og:image:type\" content=\"image\/jpeg\" \/>\n<meta name=\"author\" content=\"Cl\u00e9ment\" \/>\n<meta name=\"twitter:card\" content=\"summary_large_image\" \/>\n<meta name=\"twitter:creator\" content=\"@FootdavantFr\" \/>\n<meta name=\"twitter:site\" content=\"@FootdavantFr\" \/>\n<meta name=\"twitter:label1\" content=\"\u00c9crit par\" \/>\n\t<meta name=\"twitter:data1\" content=\"Cl\u00e9ment\" \/>\n\t<meta name=\"twitter:label2\" content=\"Dur\u00e9e de lecture estim\u00e9e\" \/>\n\t<meta name=\"twitter:data2\" content=\"7 minutes\" \/>\n<script type=\"application\/ld+json\" class=\"yoast-schema-graph\">{\"@context\":\"https:\/\/schema.org\",\"@graph\":[{\"@type\":\"Article\",\"@id\":\"https:\/\/footdavant.fr\/actualites\/comment-arsenal-ameliore-t-il-son-attaque-maintenant\/#article\",\"isPartOf\":{\"@id\":\"https:\/\/footdavant.fr\/actualites\/comment-arsenal-ameliore-t-il-son-attaque-maintenant\/\"},\"author\":{\"name\":\"Cl\u00e9ment\",\"@id\":\"https:\/\/footdavant.fr\/actualites\/#\/schema\/person\/bc222566d95871b37e597b3ed3ba5e1d\"},\"headline\":\"Comment Arsenal am\u00e9liore-t-il son attaque maintenant ?\",\"datePublished\":\"2026-09-03T22:48:08+00:00\",\"dateModified\":\"2026-09-03T22:48:09+00:00\",\"mainEntityOfPage\":{\"@id\":\"https:\/\/footdavant.fr\/actualites\/comment-arsenal-ameliore-t-il-son-attaque-maintenant\/\"},\"wordCount\":1417,\"publisher\":{\"@id\":\"https:\/\/footdavant.fr\/actualites\/#organization\"},\"keywords\":[\"am\u00e9lioretil\",\"Arsenal\",\"attaque\",\"Comment\",\"maintenant\",\"son\"],\"articleSection\":[\"Football\"],\"inLanguage\":\"fr-FR\"},{\"@type\":\"WebPage\",\"@id\":\"https:\/\/footdavant.fr\/actualites\/comment-arsenal-ameliore-t-il-son-attaque-maintenant\/\",\"url\":\"https:\/\/footdavant.fr\/actualites\/comment-arsenal-ameliore-t-il-son-attaque-maintenant\/\",\"name\":\"Comment Arsenal am\u00e9liore-t-il son attaque maintenant ?\",\"isPartOf\":{\"@id\":\"https:\/\/footdavant.fr\/actualites\/#website\"},\"datePublished\":\"2026-09-03T22:48:08+00:00\",\"dateModified\":\"2026-09-03T22:48:09+00:00\",\"breadcrumb\":{\"@id\":\"https:\/\/footdavant.fr\/actualites\/comment-arsenal-ameliore-t-il-son-attaque-maintenant\/#breadcrumb\"},\"inLanguage\":\"fr-FR\",\"potentialAction\":[{\"@type\":\"ReadAction\",\"target\":[\"https:\/\/footdavant.fr\/actualites\/comment-arsenal-ameliore-t-il-son-attaque-maintenant\/\"]}]},{\"@type\":\"BreadcrumbList\",\"@id\":\"https:\/\/footdavant.fr\/actualites\/comment-arsenal-ameliore-t-il-son-attaque-maintenant\/#breadcrumb\",\"itemListElement\":[{\"@type\":\"ListItem\",\"position\":1,\"name\":\"Accueil\",\"item\":\"https:\/\/footdavant.fr\/actualites\/\"},{\"@type\":\"ListItem\",\"position\":2,\"name\":\"Comment Arsenal am\u00e9liore-t-il son attaque maintenant ?\"}]},{\"@type\":\"WebSite\",\"@id\":\"https:\/\/footdavant.fr\/actualites\/#website\",\"url\":\"https:\/\/footdavant.fr\/actualites\/\",\"name\":\"Foot d'avant\",\"description\":\"\",\"publisher\":{\"@id\":\"https:\/\/footdavant.fr\/actualites\/#organization\"},\"potentialAction\":[{\"@type\":\"SearchAction\",\"target\":{\"@type\":\"EntryPoint\",\"urlTemplate\":\"https:\/\/footdavant.fr\/actualites\/?s={search_term_string}\"},\"query-input\":\"required name=search_term_string\"}],\"inLanguage\":\"fr-FR\"},{\"@type\":\"Organization\",\"@id\":\"https:\/\/footdavant.fr\/actualites\/#organization\",\"name\":\"Foot d'avant\",\"url\":\"https:\/\/footdavant.fr\/actualites\/\",\"logo\":{\"@type\":\"ImageObject\",\"inLanguage\":\"fr-FR\",\"@id\":\"https:\/\/footdavant.fr\/actualites\/#\/schema\/logo\/image\/\",\"url\":\"https:\/\/footdavant.fr\/actualites\/wp-content\/uploads\/2023\/09\/Copy-of-FootDavant-Logo.png\",\"contentUrl\":\"https:\/\/footdavant.fr\/actualites\/wp-content\/uploads\/2023\/09\/Copy-of-FootDavant-Logo.png\",\"width\":936,\"height\":549,\"caption\":\"Foot d'avant\"},\"image\":{\"@id\":\"https:\/\/footdavant.fr\/actualites\/#\/schema\/logo\/image\/\"},\"sameAs\":[\"https:\/\/www.facebook.com\/Footdavant\/\",\"https:\/\/twitter.com\/FootdavantFr\",\"https:\/\/www.instagram.com\/footdavant.fr\/\"]},{\"@type\":\"Person\",\"@id\":\"https:\/\/footdavant.fr\/actualites\/#\/schema\/person\/bc222566d95871b37e597b3ed3ba5e1d\",\"name\":\"Cl\u00e9ment\",\"image\":{\"@type\":\"ImageObject\",\"inLanguage\":\"fr-FR\",\"@id\":\"https:\/\/footdavant.fr\/actualites\/#\/schema\/person\/image\/\",\"url\":\"https:\/\/secure.gravatar.com\/avatar\/7728b29aac2719421e1a9159b2254c44?s=96&d=mm&r=g\",\"contentUrl\":\"https:\/\/secure.gravatar.com\/avatar\/7728b29aac2719421e1a9159b2254c44?s=96&d=mm&r=g\",\"caption\":\"Cl\u00e9ment\"},\"sameAs\":[\"https:\/\/footdavant.fr\/\"]}]}<\/script>\n<!-- \/ Yoast SEO plugin. -->","yoast_head_json":{"title":"Comment Arsenal am\u00e9liore-t-il son attaque maintenant ?","robots":{"index":"index","follow":"follow","max-snippet":"max-snippet:-1","max-image-preview":"max-image-preview:large","max-video-preview":"max-video-preview:-1"},"canonical":"https:\/\/footdavant.fr\/actualites\/comment-arsenal-ameliore-t-il-son-attaque-maintenant\/","og_locale":"fr_FR","og_type":"article","og_title":"Comment Arsenal am\u00e9liore-t-il son attaque maintenant ?","og_description":"Quel que soit le contexte ou l&#39;explication, si en mai je vous avais propos\u00e9 l&#39;affaire de transfert d&#39;Arsenal suivante en attaque : Absents : Martinelli,","og_url":"https:\/\/footdavant.fr\/actualites\/comment-arsenal-ameliore-t-il-son-attaque-maintenant\/","og_site_name":"Foot d&#039;avant","article_publisher":"https:\/\/www.facebook.com\/Footdavant\/","article_published_time":"2026-09-03T22:48:08+00:00","article_modified_time":"2026-09-03T22:48:09+00:00","og_image":[{"width":1500,"height":750,"url":"https:\/\/footdavant.fr\/actualites\/wp-content\/uploads\/2026\/04\/Il-est-temps-de-redecouvrir-la-confiance-d39Arsenal-en-tant.jpg","type":"image\/jpeg"}],"author":"Cl\u00e9ment","twitter_card":"summary_large_image","twitter_creator":"@FootdavantFr","twitter_site":"@FootdavantFr","twitter_misc":{"\u00c9crit par":"Cl\u00e9ment","Dur\u00e9e de lecture estim\u00e9e":"7 minutes"},"schema":{"@context":"https:\/\/schema.org","@graph":[{"@type":"Article","@id":"https:\/\/footdavant.fr\/actualites\/comment-arsenal-ameliore-t-il-son-attaque-maintenant\/#article","isPartOf":{"@id":"https:\/\/footdavant.fr\/actualites\/comment-arsenal-ameliore-t-il-son-attaque-maintenant\/"},"author":{"name":"Cl\u00e9ment","@id":"https:\/\/footdavant.fr\/actualites\/#\/schema\/person\/bc222566d95871b37e597b3ed3ba5e1d"},"headline":"Comment Arsenal am\u00e9liore-t-il son attaque maintenant ?","datePublished":"2026-09-03T22:48:08+00:00","dateModified":"2026-09-03T22:48:09+00:00","mainEntityOfPage":{"@id":"https:\/\/footdavant.fr\/actualites\/comment-arsenal-ameliore-t-il-son-attaque-maintenant\/"},"wordCount":1417,"publisher":{"@id":"https:\/\/footdavant.fr\/actualites\/#organization"},"keywords":["am\u00e9lioretil","Arsenal","attaque","Comment","maintenant","son"],"articleSection":["Football"],"inLanguage":"fr-FR"},{"@type":"WebPage","@id":"https:\/\/footdavant.fr\/actualites\/comment-arsenal-ameliore-t-il-son-attaque-maintenant\/","url":"https:\/\/footdavant.fr\/actualites\/comment-arsenal-ameliore-t-il-son-attaque-maintenant\/","name":"Comment Arsenal am\u00e9liore-t-il son attaque maintenant ?","isPartOf":{"@id":"https:\/\/footdavant.fr\/actualites\/#website"},"datePublished":"2026-09-03T22:48:08+00:00","dateModified":"2026-09-03T22:48:09+00:00","breadcrumb":{"@id":"https:\/\/footdavant.fr\/actualites\/comment-arsenal-ameliore-t-il-son-attaque-maintenant\/#breadcrumb"},"inLanguage":"fr-FR","potentialAction":[{"@type":"ReadAction","target":["https:\/\/footdavant.fr\/actualites\/comment-arsenal-ameliore-t-il-son-attaque-maintenant\/"]}]},{"@type":"BreadcrumbList","@id":"https:\/\/footdavant.fr\/actualites\/comment-arsenal-ameliore-t-il-son-attaque-maintenant\/#breadcrumb","itemListElement":[{"@type":"ListItem","position":1,"name":"Accueil","item":"https:\/\/footdavant.fr\/actualites\/"},{"@type":"ListItem","position":2,"name":"Comment Arsenal am\u00e9liore-t-il son attaque maintenant ?"}]},{"@type":"WebSite","@id":"https:\/\/footdavant.fr\/actualites\/#website","url":"https:\/\/footdavant.fr\/actualites\/","name":"Foot d'avant","description":"","publisher":{"@id":"https:\/\/footdavant.fr\/actualites\/#organization"},"potentialAction":[{"@type":"SearchAction","target":{"@type":"EntryPoint","urlTemplate":"https:\/\/footdavant.fr\/actualites\/?s={search_term_string}"},"query-input":"required name=search_term_string"}],"inLanguage":"fr-FR"},{"@type":"Organization","@id":"https:\/\/footdavant.fr\/actualites\/#organization","name":"Foot d'avant","url":"https:\/\/footdavant.fr\/actualites\/","logo":{"@type":"ImageObject","inLanguage":"fr-FR","@id":"https:\/\/footdavant.fr\/actualites\/#\/schema\/logo\/image\/","url":"https:\/\/footdavant.fr\/actualites\/wp-content\/uploads\/2023\/09\/Copy-of-FootDavant-Logo.png","contentUrl":"https:\/\/footdavant.fr\/actualites\/wp-content\/uploads\/2023\/09\/Copy-of-FootDavant-Logo.png","width":936,"height":549,"caption":"Foot d'avant"},"image":{"@id":"https:\/\/footdavant.fr\/actualites\/#\/schema\/logo\/image\/"},"sameAs":["https:\/\/www.facebook.com\/Footdavant\/","https:\/\/twitter.com\/FootdavantFr","https:\/\/www.instagram.com\/footdavant.fr\/"]},{"@type":"Person","@id":"https:\/\/footdavant.fr\/actualites\/#\/schema\/person\/bc222566d95871b37e597b3ed3ba5e1d","name":"Cl\u00e9ment","image":{"@type":"ImageObject","inLanguage":"fr-FR","@id":"https:\/\/footdavant.fr\/actualites\/#\/schema\/person\/image\/","url":"https:\/\/secure.gravatar.com\/avatar\/7728b29aac2719421e1a9159b2254c44?s=96&d=mm&r=g","contentUrl":"https:\/\/secure.gravatar.com\/avatar\/7728b29aac2719421e1a9159b2254c44?s=96&d=mm&r=g","caption":"Cl\u00e9ment"},"sameAs":["https:\/\/footdavant.fr\/"]}]}},"_links":{"self":[{"href":"https:\/\/footdavant.fr\/actualites\/wp-json\/wp\/v2\/posts\/41138"}],"collection":[{"href":"https:\/\/footdavant.fr\/actualites\/wp-json\/wp\/v2\/posts"}],"about":[{"href":"https:\/\/footdavant.fr\/actualites\/wp-json\/wp\/v2\/types\/post"}],"author":[{"embeddable":true,"href":"https:\/\/footdavant.fr\/actualites\/wp-json\/wp\/v2\/users\/1"}],"replies":[{"embeddable":true,"href":"https:\/\/footdavant.fr\/actualites\/wp-json\/wp\/v2\/comments?post=41138"}],"version-history":[{"count":1,"href":"https:\/\/footdavant.fr\/actualites\/wp-json\/wp\/v2\/posts\/41138\/revisions"}],"predecessor-version":[{"id":41139,"href":"https:\/\/footdavant.fr\/actualites\/wp-json\/wp\/v2\/posts\/41138\/revisions\/41139"}],"wp:featuredmedia":[{"embeddable":true,"href":"https:\/\/footdavant.fr\/actualites\/wp-json\/wp\/v2\/media\/36192"}],"wp:attachment":[{"href":"https:\/\/footdavant.fr\/actualites\/wp-json\/wp\/v2\/media?parent=41138"}],"wp:term":[{"taxonomy":"category","embeddable":true,"href":"https:\/\/footdavant.fr\/actualites\/wp-json\/wp\/v2\/categories?post=41138"},{"taxonomy":"post_tag","embeddable":true,"href":"https:\/\/footdavant.fr\/actualites\/wp-json\/wp\/v2\/tags?post=41138"}],"curies":[{"name":"wp","href":"https:\/\/api.w.org\/{rel}","templated":true}]}}