{"id":41140,"date":"2026-09-04T04:48:40","date_gmt":"2026-09-04T02:48:40","guid":{"rendered":"https:\/\/footdavant.fr\/actualites\/gary-oneil-sattend-pleinement-a-ce-quipswich-obtienne-un-resultat-contre-liverpool\/"},"modified":"2026-09-04T04:48:43","modified_gmt":"2026-09-04T02:48:43","slug":"gary-oneil-sattend-pleinement-a-ce-quipswich-obtienne-un-resultat-contre-liverpool","status":"publish","type":"post","link":"https:\/\/footdavant.fr\/actualites\/gary-oneil-sattend-pleinement-a-ce-quipswich-obtienne-un-resultat-contre-liverpool\/","title":{"rendered":"Gary O&#39;Neil \u00ab\u00a0s&#39;attend pleinement\u00a0\u00bb \u00e0 ce qu&#39;Ipswich obtienne un r\u00e9sultat contre Liverpool"},"content":{"rendered":"<div id=\"article-body\">\n<!-- Article Start --><\/p>\n<p>Le manager d&#39;Ipswich, Gary O&#39;Neil, a d\u00e9clar\u00e9 qu&#39;il \u00ab\u00a0s&#39;attend pleinement\u00a0\u00bb \u00e0 ce que son \u00e9quipe remporte un r\u00e9sultat lorsqu&#39;elle accueillera Liverpool \u00e0 Portman Road vendredi soir.<\/p>\n<p>Les Tractor Boys ont remport\u00e9 leur premier match \u00e0 domicile de la saison contre Sunderland avant de s&#39;incliner 5-2 \u00e0 Manchester United le week-end dernier, mais ils ont encore un point de plus que les Reds, qui ont fait match nul lors de leurs deux premiers matches contre Newcastle et Nottingham Forest.<\/p>\n<p>Les Merseysiders ont gagn\u00e9 2-0 lors de leur derni\u00e8re visite dans le stade du Suffolk il y a deux ans dans le cadre de ce qui \u00e9tait le premier match officiel d&#39;Arne Slot \u00e0 la t\u00eate du LFC et la premi\u00e8re \u00e9tape sur la route vers une \u00e9ventuelle gloire en Premier League.<\/p>\n<p>Cependant, alors que Liverpool conna\u00eet un d\u00e9but de campagne fragile, O&#39;Neil soutient son \u00e9quipe pour prolonger le tourment des Reds demain soir.<\/p>\n<h2>O&#39;Neil : Ipswich sortira pour gagner contre Liverpool<\/h2>\n<p>S&#39;exprimant lors de sa conf\u00e9rence de presse d&#39;avant-match aujourd&#39;hui, le joueur de 43 ans a d\u00e9clar\u00e9 (via East Anglian Daily Times : <\/p>\n<p><figure id=\"attachment_290111\" aria-describedby=\"caption-attachment-290111\" style=\"width: 713px\" class=\"wp-caption alignnone\"><picture><source type=\"image\/webp\" data- data-><\/source><\/picture><\/figure>\n<\/p>\n<p>O&#39;Neil a ajout\u00e9 : <\/p>\n<\/p>\n<h2>Liverpool peut s\u2019attendre \u00e0 un test difficile \u00e0 Portman Road<\/h2>\n<p>\u00c9videmment, le patron d&#39;Ipswich ne va pas dire que son \u00e9quipe n&#39;a aucune chance de gagner demain soir, mais il a \u00e9t\u00e9 assez franc en d\u00e9clarant qu&#39;ils viseront trois points et ne s&#39;inclineront pas devant Liverpool ni ne gareront le bus avec une formation \u00e0 bloc bas dans l&#39;espoir de faire match nul.<\/p>\n<p>En regardant \u00e0 quel point les Reds ont \u00e9t\u00e9 fragiles d\u00e9fensivement au cours des premi\u00e8res semaines de cette saison (et tout au long de la saison derni\u00e8re), O&#39;Neil aurait raison d&#39;imaginer de tout c\u0153ur les chances de son \u00e9quipe de remporter une deuxi\u00e8me victoire \u00e0 domicile de la campagne.<\/p>\n<figure id=\"attachment_290112\" aria-describedby=\"caption-attachment-290112\" style=\"width: 713px\" class=\"wp-caption alignnone\"><picture><source type=\"image\/webp\" data- data-><img decoding=\"async\" src=\"https:\/\/footdavant.fr\/actualites\/wp-content\/uploads\/2026\/09\/1788490120_925_Gary-O39Neil-s39attend-pleinement-a-ce-qu39Ipswich-obtienne-un-resultat.jpg\" class=\"lazyload wp-image-290112 has-webp\" alt=\"L&#39;attaquant d&#39;Ipswich Emersonn fait la f\u00eate avec son co\u00e9quipier Julio Enciso\"  data- style=\"aspect-ratio:1546\/1030;max-width:1546px\"\/><\/source><\/picture><\/figure>\n<p>Du point de vue du LFC, cela ressemble \u00e0 une embuscade classique \u2013 un match \u00e9clair\u00e9 dans un stade compact contre une \u00e9quipe promue qui surfe toujours sur la cr\u00eate d&#39;une vague apr\u00e8s sa promotion plus t\u00f4t cette ann\u00e9e, avec toutes les attentes ext\u00e9rieures et la pression exerc\u00e9e sur les visiteurs pour qu&#39;ils sortent victorieux.<\/p>\n<p>Liverpool a la qualit\u00e9 en attaque pour battre n&#39;importe quel adversaire en Premier League, et Andoni Iraola a indiqu\u00e9 que la nouvelle recrue Bradley Barcola pourrait potentiellement figurer demain soir.<\/p>\n<p>Cependant, si les Reds veulent remporter leur premi\u00e8re victoire de la campagne, ils devront \u00eatre beaucoup plus s\u00fbrs d\u00e9fensivement que lors de leurs deux matches pr\u00e9c\u00e9dents, et ils devront jouer avec intensit\u00e9 pendant tout le match contre une \u00e9quipe d&#39;Ipswich qui sera bel et bien pr\u00eate \u00e0 prendre un scalp de haut niveau.<\/p>\n<p>Compte tenu de notre classement actuel, c&#39;est l&#39;un de ces matches o\u00f9 nous serions tr\u00e8s heureux de repartir avec une victoire d\u00e9cousue 1-0, mais j&#39;esp\u00e8re que le LFC pourra remporter les trois points et offrir une performance convaincante attendue depuis longtemps.<\/p>\n<p><!-- Article End -->\t\t\t\t<\/div>\n","protected":false},"excerpt":{"rendered":"<p>Le manager d&#39;Ipswich, Gary O&#39;Neil, a d\u00e9clar\u00e9 qu&#39;il \u00ab\u00a0s&#39;attend pleinement\u00a0\u00bb \u00e0 ce que son \u00e9quipe remporte un r\u00e9sultat lorsqu&#39;elle accueillera Liverpool \u00e0 Portman Road vendredi<\/p>\n","protected":false},"author":1,"featured_media":41141,"comment_status":"closed","ping_status":"","sticky":false,"template":"","format":"standard","meta":{"footnotes":""},"categories":[3],"tags":[20,743,53,4486,12611,5679,12610,3669,4864],"yoast_head":"<!-- This site is optimized with the Yoast SEO plugin v21.0 - https:\/\/yoast.com\/wordpress\/plugins\/seo\/ -->\n<title>Gary O&#039;Neil &quot;s&#039;attend pleinement&quot; \u00e0 ce qu&#039;Ipswich obtienne un r\u00e9sultat contre Liverpool<\/title>\n<meta name=\"robots\" content=\"index, follow, max-snippet:-1, max-image-preview:large, max-video-preview:-1\" \/>\n<link rel=\"canonical\" href=\"https:\/\/footdavant.fr\/actualites\/gary-oneil-sattend-pleinement-a-ce-quipswich-obtienne-un-resultat-contre-liverpool\/\" \/>\n<meta property=\"og:locale\" content=\"fr_FR\" \/>\n<meta property=\"og:type\" content=\"article\" \/>\n<meta property=\"og:title\" content=\"Gary O&#039;Neil &quot;s&#039;attend pleinement&quot; \u00e0 ce qu&#039;Ipswich obtienne un r\u00e9sultat contre Liverpool\" \/>\n<meta property=\"og:description\" content=\"Le manager d&#039;Ipswich, Gary O&#039;Neil, a d\u00e9clar\u00e9 qu&#039;il \u00ab\u00a0s&#039;attend pleinement\u00a0\u00bb \u00e0 ce que son \u00e9quipe remporte un r\u00e9sultat lorsqu&#039;elle accueillera Liverpool \u00e0 Portman Road vendredi\" \/>\n<meta property=\"og:url\" content=\"https:\/\/footdavant.fr\/actualites\/gary-oneil-sattend-pleinement-a-ce-quipswich-obtienne-un-resultat-contre-liverpool\/\" \/>\n<meta property=\"og:site_name\" content=\"Foot d&#039;avant\" \/>\n<meta property=\"article:publisher\" content=\"https:\/\/www.facebook.com\/Footdavant\/\" \/>\n<meta property=\"article:published_time\" content=\"2026-09-04T02:48:40+00:00\" \/>\n<meta property=\"article:modified_time\" content=\"2026-09-04T02:48:43+00:00\" \/>\n<meta property=\"og:image\" content=\"https:\/\/footdavant.fr\/actualites\/wp-content\/uploads\/2026\/09\/1788490121_Gary-O39Neil-s39attend-pleinement-a-ce-qu39Ipswich-obtienne-un-resultat.jpg\" \/>\n\t<meta property=\"og:image:width\" content=\"1467\" \/>\n\t<meta property=\"og:image:height\" content=\"822\" \/>\n\t<meta property=\"og:image:type\" content=\"image\/jpeg\" \/>\n<meta name=\"author\" content=\"Cl\u00e9ment\" \/>\n<meta name=\"twitter:card\" content=\"summary_large_image\" \/>\n<meta name=\"twitter:creator\" content=\"@FootdavantFr\" \/>\n<meta name=\"twitter:site\" content=\"@FootdavantFr\" \/>\n<meta name=\"twitter:label1\" content=\"\u00c9crit par\" \/>\n\t<meta name=\"twitter:data1\" content=\"Cl\u00e9ment\" \/>\n\t<meta name=\"twitter:label2\" content=\"Dur\u00e9e de lecture estim\u00e9e\" \/>\n\t<meta name=\"twitter:data2\" content=\"3 minutes\" \/>\n<script type=\"application\/ld+json\" class=\"yoast-schema-graph\">{\"@context\":\"https:\/\/schema.org\",\"@graph\":[{\"@type\":\"Article\",\"@id\":\"https:\/\/footdavant.fr\/actualites\/gary-oneil-sattend-pleinement-a-ce-quipswich-obtienne-un-resultat-contre-liverpool\/#article\",\"isPartOf\":{\"@id\":\"https:\/\/footdavant.fr\/actualites\/gary-oneil-sattend-pleinement-a-ce-quipswich-obtienne-un-resultat-contre-liverpool\/\"},\"author\":{\"name\":\"Cl\u00e9ment\",\"@id\":\"https:\/\/footdavant.fr\/actualites\/#\/schema\/person\/bc222566d95871b37e597b3ed3ba5e1d\"},\"headline\":\"Gary O&#39;Neil \u00ab\u00a0s&#39;attend pleinement\u00a0\u00bb \u00e0 ce qu&#39;Ipswich obtienne un r\u00e9sultat contre Liverpool\",\"datePublished\":\"2026-09-04T02:48:40+00:00\",\"dateModified\":\"2026-09-04T02:48:43+00:00\",\"mainEntityOfPage\":{\"@id\":\"https:\/\/footdavant.fr\/actualites\/gary-oneil-sattend-pleinement-a-ce-quipswich-obtienne-un-resultat-contre-liverpool\/\"},\"wordCount\":533,\"publisher\":{\"@id\":\"https:\/\/footdavant.fr\/actualites\/#organization\"},\"keywords\":[\"contre\",\"Gary\",\"Liverpool\",\"O39Neil\",\"obtienne\",\"pleinement\",\"qu39Ipswich\",\"r\u00e9sultat\",\"s39attend\"],\"articleSection\":[\"Football\"],\"inLanguage\":\"fr-FR\"},{\"@type\":\"WebPage\",\"@id\":\"https:\/\/footdavant.fr\/actualites\/gary-oneil-sattend-pleinement-a-ce-quipswich-obtienne-un-resultat-contre-liverpool\/\",\"url\":\"https:\/\/footdavant.fr\/actualites\/gary-oneil-sattend-pleinement-a-ce-quipswich-obtienne-un-resultat-contre-liverpool\/\",\"name\":\"Gary O&#39;Neil \\\"s&#39;attend pleinement\\\" \u00e0 ce qu&#39;Ipswich obtienne un r\u00e9sultat contre Liverpool\",\"isPartOf\":{\"@id\":\"https:\/\/footdavant.fr\/actualites\/#website\"},\"datePublished\":\"2026-09-04T02:48:40+00:00\",\"dateModified\":\"2026-09-04T02:48:43+00:00\",\"breadcrumb\":{\"@id\":\"https:\/\/footdavant.fr\/actualites\/gary-oneil-sattend-pleinement-a-ce-quipswich-obtienne-un-resultat-contre-liverpool\/#breadcrumb\"},\"inLanguage\":\"fr-FR\",\"potentialAction\":[{\"@type\":\"ReadAction\",\"target\":[\"https:\/\/footdavant.fr\/actualites\/gary-oneil-sattend-pleinement-a-ce-quipswich-obtienne-un-resultat-contre-liverpool\/\"]}]},{\"@type\":\"BreadcrumbList\",\"@id\":\"https:\/\/footdavant.fr\/actualites\/gary-oneil-sattend-pleinement-a-ce-quipswich-obtienne-un-resultat-contre-liverpool\/#breadcrumb\",\"itemListElement\":[{\"@type\":\"ListItem\",\"position\":1,\"name\":\"Accueil\",\"item\":\"https:\/\/footdavant.fr\/actualites\/\"},{\"@type\":\"ListItem\",\"position\":2,\"name\":\"Gary O&#39;Neil \u00ab\u00a0s&#39;attend pleinement\u00a0\u00bb \u00e0 ce qu&#39;Ipswich obtienne un r\u00e9sultat contre Liverpool\"}]},{\"@type\":\"WebSite\",\"@id\":\"https:\/\/footdavant.fr\/actualites\/#website\",\"url\":\"https:\/\/footdavant.fr\/actualites\/\",\"name\":\"Foot d'avant\",\"description\":\"\",\"publisher\":{\"@id\":\"https:\/\/footdavant.fr\/actualites\/#organization\"},\"potentialAction\":[{\"@type\":\"SearchAction\",\"target\":{\"@type\":\"EntryPoint\",\"urlTemplate\":\"https:\/\/footdavant.fr\/actualites\/?s={search_term_string}\"},\"query-input\":\"required name=search_term_string\"}],\"inLanguage\":\"fr-FR\"},{\"@type\":\"Organization\",\"@id\":\"https:\/\/footdavant.fr\/actualites\/#organization\",\"name\":\"Foot d'avant\",\"url\":\"https:\/\/footdavant.fr\/actualites\/\",\"logo\":{\"@type\":\"ImageObject\",\"inLanguage\":\"fr-FR\",\"@id\":\"https:\/\/footdavant.fr\/actualites\/#\/schema\/logo\/image\/\",\"url\":\"https:\/\/footdavant.fr\/actualites\/wp-content\/uploads\/2023\/09\/Copy-of-FootDavant-Logo.png\",\"contentUrl\":\"https:\/\/footdavant.fr\/actualites\/wp-content\/uploads\/2023\/09\/Copy-of-FootDavant-Logo.png\",\"width\":936,\"height\":549,\"caption\":\"Foot d'avant\"},\"image\":{\"@id\":\"https:\/\/footdavant.fr\/actualites\/#\/schema\/logo\/image\/\"},\"sameAs\":[\"https:\/\/www.facebook.com\/Footdavant\/\",\"https:\/\/twitter.com\/FootdavantFr\",\"https:\/\/www.instagram.com\/footdavant.fr\/\"]},{\"@type\":\"Person\",\"@id\":\"https:\/\/footdavant.fr\/actualites\/#\/schema\/person\/bc222566d95871b37e597b3ed3ba5e1d\",\"name\":\"Cl\u00e9ment\",\"image\":{\"@type\":\"ImageObject\",\"inLanguage\":\"fr-FR\",\"@id\":\"https:\/\/footdavant.fr\/actualites\/#\/schema\/person\/image\/\",\"url\":\"https:\/\/secure.gravatar.com\/avatar\/7728b29aac2719421e1a9159b2254c44?s=96&d=mm&r=g\",\"contentUrl\":\"https:\/\/secure.gravatar.com\/avatar\/7728b29aac2719421e1a9159b2254c44?s=96&d=mm&r=g\",\"caption\":\"Cl\u00e9ment\"},\"sameAs\":[\"https:\/\/footdavant.fr\/\"]}]}<\/script>\n<!-- \/ Yoast SEO plugin. -->","yoast_head_json":{"title":"Gary O&#39;Neil \"s&#39;attend pleinement\" \u00e0 ce qu&#39;Ipswich obtienne un r\u00e9sultat contre Liverpool","robots":{"index":"index","follow":"follow","max-snippet":"max-snippet:-1","max-image-preview":"max-image-preview:large","max-video-preview":"max-video-preview:-1"},"canonical":"https:\/\/footdavant.fr\/actualites\/gary-oneil-sattend-pleinement-a-ce-quipswich-obtienne-un-resultat-contre-liverpool\/","og_locale":"fr_FR","og_type":"article","og_title":"Gary O&#39;Neil \"s&#39;attend pleinement\" \u00e0 ce qu&#39;Ipswich obtienne un r\u00e9sultat contre Liverpool","og_description":"Le manager d&#39;Ipswich, Gary O&#39;Neil, a d\u00e9clar\u00e9 qu&#39;il \u00ab\u00a0s&#39;attend pleinement\u00a0\u00bb \u00e0 ce que son \u00e9quipe remporte un r\u00e9sultat lorsqu&#39;elle accueillera Liverpool \u00e0 Portman Road vendredi","og_url":"https:\/\/footdavant.fr\/actualites\/gary-oneil-sattend-pleinement-a-ce-quipswich-obtienne-un-resultat-contre-liverpool\/","og_site_name":"Foot d&#039;avant","article_publisher":"https:\/\/www.facebook.com\/Footdavant\/","article_published_time":"2026-09-04T02:48:40+00:00","article_modified_time":"2026-09-04T02:48:43+00:00","og_image":[{"width":1467,"height":822,"url":"https:\/\/footdavant.fr\/actualites\/wp-content\/uploads\/2026\/09\/1788490121_Gary-O39Neil-s39attend-pleinement-a-ce-qu39Ipswich-obtienne-un-resultat.jpg","type":"image\/jpeg"}],"author":"Cl\u00e9ment","twitter_card":"summary_large_image","twitter_creator":"@FootdavantFr","twitter_site":"@FootdavantFr","twitter_misc":{"\u00c9crit par":"Cl\u00e9ment","Dur\u00e9e de lecture estim\u00e9e":"3 minutes"},"schema":{"@context":"https:\/\/schema.org","@graph":[{"@type":"Article","@id":"https:\/\/footdavant.fr\/actualites\/gary-oneil-sattend-pleinement-a-ce-quipswich-obtienne-un-resultat-contre-liverpool\/#article","isPartOf":{"@id":"https:\/\/footdavant.fr\/actualites\/gary-oneil-sattend-pleinement-a-ce-quipswich-obtienne-un-resultat-contre-liverpool\/"},"author":{"name":"Cl\u00e9ment","@id":"https:\/\/footdavant.fr\/actualites\/#\/schema\/person\/bc222566d95871b37e597b3ed3ba5e1d"},"headline":"Gary O&#39;Neil \u00ab\u00a0s&#39;attend pleinement\u00a0\u00bb \u00e0 ce qu&#39;Ipswich obtienne un r\u00e9sultat contre Liverpool","datePublished":"2026-09-04T02:48:40+00:00","dateModified":"2026-09-04T02:48:43+00:00","mainEntityOfPage":{"@id":"https:\/\/footdavant.fr\/actualites\/gary-oneil-sattend-pleinement-a-ce-quipswich-obtienne-un-resultat-contre-liverpool\/"},"wordCount":533,"publisher":{"@id":"https:\/\/footdavant.fr\/actualites\/#organization"},"keywords":["contre","Gary","Liverpool","O39Neil","obtienne","pleinement","qu39Ipswich","r\u00e9sultat","s39attend"],"articleSection":["Football"],"inLanguage":"fr-FR"},{"@type":"WebPage","@id":"https:\/\/footdavant.fr\/actualites\/gary-oneil-sattend-pleinement-a-ce-quipswich-obtienne-un-resultat-contre-liverpool\/","url":"https:\/\/footdavant.fr\/actualites\/gary-oneil-sattend-pleinement-a-ce-quipswich-obtienne-un-resultat-contre-liverpool\/","name":"Gary O&#39;Neil \"s&#39;attend pleinement\" \u00e0 ce qu&#39;Ipswich obtienne un r\u00e9sultat contre Liverpool","isPartOf":{"@id":"https:\/\/footdavant.fr\/actualites\/#website"},"datePublished":"2026-09-04T02:48:40+00:00","dateModified":"2026-09-04T02:48:43+00:00","breadcrumb":{"@id":"https:\/\/footdavant.fr\/actualites\/gary-oneil-sattend-pleinement-a-ce-quipswich-obtienne-un-resultat-contre-liverpool\/#breadcrumb"},"inLanguage":"fr-FR","potentialAction":[{"@type":"ReadAction","target":["https:\/\/footdavant.fr\/actualites\/gary-oneil-sattend-pleinement-a-ce-quipswich-obtienne-un-resultat-contre-liverpool\/"]}]},{"@type":"BreadcrumbList","@id":"https:\/\/footdavant.fr\/actualites\/gary-oneil-sattend-pleinement-a-ce-quipswich-obtienne-un-resultat-contre-liverpool\/#breadcrumb","itemListElement":[{"@type":"ListItem","position":1,"name":"Accueil","item":"https:\/\/footdavant.fr\/actualites\/"},{"@type":"ListItem","position":2,"name":"Gary O&#39;Neil \u00ab\u00a0s&#39;attend pleinement\u00a0\u00bb \u00e0 ce qu&#39;Ipswich obtienne un r\u00e9sultat contre Liverpool"}]},{"@type":"WebSite","@id":"https:\/\/footdavant.fr\/actualites\/#website","url":"https:\/\/footdavant.fr\/actualites\/","name":"Foot d'avant","description":"","publisher":{"@id":"https:\/\/footdavant.fr\/actualites\/#organization"},"potentialAction":[{"@type":"SearchAction","target":{"@type":"EntryPoint","urlTemplate":"https:\/\/footdavant.fr\/actualites\/?s={search_term_string}"},"query-input":"required name=search_term_string"}],"inLanguage":"fr-FR"},{"@type":"Organization","@id":"https:\/\/footdavant.fr\/actualites\/#organization","name":"Foot d'avant","url":"https:\/\/footdavant.fr\/actualites\/","logo":{"@type":"ImageObject","inLanguage":"fr-FR","@id":"https:\/\/footdavant.fr\/actualites\/#\/schema\/logo\/image\/","url":"https:\/\/footdavant.fr\/actualites\/wp-content\/uploads\/2023\/09\/Copy-of-FootDavant-Logo.png","contentUrl":"https:\/\/footdavant.fr\/actualites\/wp-content\/uploads\/2023\/09\/Copy-of-FootDavant-Logo.png","width":936,"height":549,"caption":"Foot d'avant"},"image":{"@id":"https:\/\/footdavant.fr\/actualites\/#\/schema\/logo\/image\/"},"sameAs":["https:\/\/www.facebook.com\/Footdavant\/","https:\/\/twitter.com\/FootdavantFr","https:\/\/www.instagram.com\/footdavant.fr\/"]},{"@type":"Person","@id":"https:\/\/footdavant.fr\/actualites\/#\/schema\/person\/bc222566d95871b37e597b3ed3ba5e1d","name":"Cl\u00e9ment","image":{"@type":"ImageObject","inLanguage":"fr-FR","@id":"https:\/\/footdavant.fr\/actualites\/#\/schema\/person\/image\/","url":"https:\/\/secure.gravatar.com\/avatar\/7728b29aac2719421e1a9159b2254c44?s=96&d=mm&r=g","contentUrl":"https:\/\/secure.gravatar.com\/avatar\/7728b29aac2719421e1a9159b2254c44?s=96&d=mm&r=g","caption":"Cl\u00e9ment"},"sameAs":["https:\/\/footdavant.fr\/"]}]}},"_links":{"self":[{"href":"https:\/\/footdavant.fr\/actualites\/wp-json\/wp\/v2\/posts\/41140"}],"collection":[{"href":"https:\/\/footdavant.fr\/actualites\/wp-json\/wp\/v2\/posts"}],"about":[{"href":"https:\/\/footdavant.fr\/actualites\/wp-json\/wp\/v2\/types\/post"}],"author":[{"embeddable":true,"href":"https:\/\/footdavant.fr\/actualites\/wp-json\/wp\/v2\/users\/1"}],"replies":[{"embeddable":true,"href":"https:\/\/footdavant.fr\/actualites\/wp-json\/wp\/v2\/comments?post=41140"}],"version-history":[{"count":1,"href":"https:\/\/footdavant.fr\/actualites\/wp-json\/wp\/v2\/posts\/41140\/revisions"}],"predecessor-version":[{"id":41142,"href":"https:\/\/footdavant.fr\/actualites\/wp-json\/wp\/v2\/posts\/41140\/revisions\/41142"}],"wp:featuredmedia":[{"embeddable":true,"href":"https:\/\/footdavant.fr\/actualites\/wp-json\/wp\/v2\/media\/41141"}],"wp:attachment":[{"href":"https:\/\/footdavant.fr\/actualites\/wp-json\/wp\/v2\/media?parent=41140"}],"wp:term":[{"taxonomy":"category","embeddable":true,"href":"https:\/\/footdavant.fr\/actualites\/wp-json\/wp\/v2\/categories?post=41140"},{"taxonomy":"post_tag","embeddable":true,"href":"https:\/\/footdavant.fr\/actualites\/wp-json\/wp\/v2\/tags?post=41140"}],"curies":[{"name":"wp","href":"https:\/\/api.w.org\/{rel}","templated":true}]}}