{"id":41143,"date":"2026-09-04T08:48:36","date_gmt":"2026-09-04T06:48:36","guid":{"rendered":"https:\/\/footdavant.fr\/actualites\/effectifs-de-la-ligue-des-champions-les-clubs-de-premier-league-confirment-la-liste-de-25-joueurs-pour-la-phase-de-championnat\/"},"modified":"2026-09-04T08:48:39","modified_gmt":"2026-09-04T06:48:39","slug":"effectifs-de-la-ligue-des-champions-les-clubs-de-premier-league-confirment-la-liste-de-25-joueurs-pour-la-phase-de-championnat","status":"publish","type":"post","link":"https:\/\/footdavant.fr\/actualites\/effectifs-de-la-ligue-des-champions-les-clubs-de-premier-league-confirment-la-liste-de-25-joueurs-pour-la-phase-de-championnat\/","title":{"rendered":"Effectifs de la Ligue des champions : les clubs de Premier League confirment la liste de 25 joueurs pour la phase de championnat"},"content":{"rendered":"<div>\n<p>Les 36 clubs participant \u00e0 la Ligue des champions cette saison ont confirm\u00e9 leurs effectifs de 25 joueurs pour la phase de championnat.<\/p>\n<p>Les \u00e9quipes devaient soumettre leurs joueurs de la \u00ab Liste A \u00bb \u2013 compos\u00e9e de leurs stars seniors \u2013 avant 23 heures mercredi, les s\u00e9lections des clubs \u00e9tant d\u00e9sormais r\u00e9v\u00e9l\u00e9es par l&#39;UEFA.<\/p>\n<p>Poursuivez votre lecture pour d\u00e9couvrir les \u00e9quipes confirm\u00e9es des clubs de Premier League Arsenal, Aston Villa, Liverpool, Manchester City et Manchester United.<\/p>\n<h2 class=\"wp-block-heading\"><span id=\"Arsenal\">Arsenal<\/span><\/h2>\n<p>  David Raya, Kepa Arrizabalaga, Illan Meslier<\/p>\n<p>  William Saliba, Cristhian Mosquera, Ben White, Piero Hincapie, Gabriel, Jurrien Timber, Ezri Konsa, Riccardo Calafiori<\/p>\n<p>  Martin Odegaard, Eberechi Eze, Noni Madueke, Mikel Merino, Kai Havertz, Martin Zubimendi, Bruno Guimaraes, Declan Rice<\/p>\n<p>  Bukayo Saka, Viktor Gyokeres, Christos Tzolis<\/p>\n<h2 class=\"wp-block-heading\"><span id=\"Aston_Villa\">Villa Aston<\/span><\/h2>\n<figure class=\"wp-block-image size-large\"><picture decoding=\"async\" class=\"wp-image-195381\"><source type=\"image\/webp\" data-lazy- \/><img loading=\"lazy\" decoding=\"async\" width=\"1024\" height=\"536\" src=\"https:\/\/footdavant.fr\/actualites\/wp-content\/uploads\/2026\/09\/Effectifs-de-la-Ligue-des-champions-les-clubs-de.jpg\" alt=\"Johan Manzambi de Suisse\"  \/>\n<\/picture>\n<\/figure>\n<p>  Zion Suzuki, Marco Bizot, James Wright<\/p>\n<p>  Matty Cash, Victor Lindelof, Tyrone Mings, Matteo Ruggeri, Pau Torres, Ian Maatsen, Lamare Bogarde, Aaron Wan-Bissaka<\/p>\n<p>  Ross Barkley, John McGinn, Boubacar Kamara, Leon Goretzka, Joao Gomes, Johan Manzambi<\/p>\n<p>  Emiliano Buendia, Nicolas Jackson, Alejandro Garnacho, Tammy Abraham, Ibrahim Mbaye, Alysson<\/p>\n<h2 class=\"wp-block-heading\"><span id=\"Manchester_City\">Manchester City<\/span><\/h2>\n<figure class=\"wp-block-image size-large\"><picture decoding=\"async\" class=\"wp-image-208147\"><source type=\"image\/webp\" data-lazy- \/><img loading=\"lazy\" decoding=\"async\" width=\"1024\" height=\"536\" http:=\"\" alt=\"Iliman Ndiaye a rejoint Manchester City en provenance d&#39;Everton.\"  data-lazy- src=\"https:\/\/footdavant.fr\/actualites\/wp-content\/uploads\/2026\/09\/1788504516_827_Effectifs-de-la-Ligue-des-champions-les-clubs-de.jpg\"\/><img loading=\"lazy\" decoding=\"async\" width=\"1024\" height=\"536\" src=\"https:\/\/footdavant.fr\/actualites\/wp-content\/uploads\/2026\/09\/1788504516_827_Effectifs-de-la-Ligue-des-champions-les-clubs-de.jpg\" alt=\"Iliman Ndiaye a rejoint Manchester City en provenance d&#39;Everton.\"  \/>\n<\/picture>\n<\/figure>\n<p>  Gianluigi Donnarumma, Marcus Bettinelli, Geronimo Rulli, Max-Edgar Chabot<\/p>\n<p>  Ruben Dias, Marc Guehi, Rayan Ait-Nouri, Vitor Reis, Josko Gvardiol, Abdukodir Khusanov, Rico Lewis<\/p>\n<p>  Elliot Anderson, Mateo Kovacic, Rayan Cherki, Jeremy Doku, Enzo Fernandez, Matheus Nunes, Ayyoub Bouaddi, Phil Foden<\/p>\n<p>  Iliman Ndiaye, Erling Haaland, Allan Elias, Antoine Semenyo<\/p>\n<h2 class=\"wp-block-heading\"><span id=\"Manchester_United\">Manchester United<\/span><\/h2>\n<figure class=\"wp-block-image size-large\"><picture decoding=\"async\" class=\"wp-image-206176\"><source type=\"image\/webp\" data-lazy- \/><img loading=\"lazy\" decoding=\"async\" width=\"1024\" height=\"536\" http:=\"\" alt=\"Le footballeur portugais Bruno Fernandes l\u00e8ve les deux bras et regarde vers sa gauche tout en c\u00e9l\u00e9brant un but pour l&#39;\u00e9quipe de Premier League du Manchester United Football Club dans une chemise rouge avec une bordure blanche et noire.\"  data-lazy- src=\"https:\/\/footdavant.fr\/actualites\/wp-content\/uploads\/2026\/09\/1788504516_649_Effectifs-de-la-Ligue-des-champions-les-clubs-de.jpg\"\/><img loading=\"lazy\" decoding=\"async\" width=\"1024\" height=\"536\" src=\"https:\/\/footdavant.fr\/actualites\/wp-content\/uploads\/2026\/09\/1788504516_649_Effectifs-de-la-Ligue-des-champions-les-clubs-de.jpg\" alt=\"Le footballeur portugais Bruno Fernandes l\u00e8ve les deux bras et regarde vers sa gauche tout en c\u00e9l\u00e9brant un but pour l&#39;\u00e9quipe de Premier League du Manchester United Football Club dans une chemise rouge avec une bordure blanche et noire.\"  \/>\n<\/picture>\n<\/figure>\n<p>  Senne Lammens, Karl Darlow, Tom Heaton, Dermot Mee<\/p>\n<p>  Diogo Dalot, Noussair Mazraoui, Matthijs de Ligt, Harry Maguire, Lisandro Martinez, Patrick Dorgu, Luke Shaw<\/p>\n<p>  Mason Mount, Bruno Fernandes, Andrey Santos, Youri Tielemans, Carlos Baleba, Manuel Ugarte, Ayden Heaven<\/p>\n<p>  Marcus Rashford, Matheus Cunha, Joshua Zirkzee, Amad Diallo, Bryan Mbeumo, Tynan Thompson, Benjamin Sesko<\/p>\n<h2 class=\"wp-block-heading\"><span id=\"Liverpool\">Liverpool<\/span><\/h2>\n<figure class=\"wp-block-image size-large\"><picture decoding=\"async\" class=\"wp-image-201801\"><source type=\"image\/webp\" data-lazy- \/><img loading=\"lazy\" decoding=\"async\" width=\"1024\" height=\"572\" http:=\"\" alt=\"Bradley Barcola de France et PSG\"  data-lazy- src=\"https:\/\/footdavant.fr\/actualites\/wp-content\/uploads\/2026\/09\/1788504516_564_Effectifs-de-la-Ligue-des-champions-les-clubs-de.jpg\"\/><img loading=\"lazy\" decoding=\"async\" width=\"1024\" height=\"572\" src=\"https:\/\/footdavant.fr\/actualites\/wp-content\/uploads\/2026\/09\/1788504516_564_Effectifs-de-la-Ligue-des-champions-les-clubs-de.jpg\" alt=\"Bradley Barcola de France et PSG\"  \/>\n<\/picture>\n<\/figure>\n<p>  Alisson Becker, Giorgi Mamardashvili, Freddie Woodman, Vitezslav Jaros<\/p>\n<p>  Joe Gomez, Virgil van Dijk, Jeremy Jacquet, Milos Kerkez, Conor Bradley, Giovanni Leoni, Kostas Tsimikas, Jeremie Frimpong, Ronald Araujo, Luke Chambers, Isaac Mabaya<\/p>\n<p>  Florian Wirtz, Dominik Szoboszlai, Alexis Mac Allister, Victor Munoz, Ryan Gravenberch, James McConnell<\/p>\n<p>  Alexander Isak, Cody Gakpo, Hugo Ekitike, Bradley Barcola<\/p>\n<h2 class=\"wp-block-heading\"><span id=\"What_are_Champions_League_squad_rules\">Quelles sont les r\u00e8gles des effectifs de la Ligue des Champions ?<\/span><\/h2>\n<p>Les r\u00e8gles de l&#39;UEFA concernant les effectifs de la Ligue des champions peuvent \u00eatre divis\u00e9es en deux listes : la liste A et la liste B, la premi\u00e8re \u00e9tant soumise \u00e0 un d\u00e9lai strict avant le d\u00e9but de la phase de championnat.<\/p>\n<h3 class=\"wp-block-heading\">Liste A<\/h3>\n<p>La liste A constitue l&#39;\u00e9quipe principale de la Ligue des champions et \u00e9tait soumise \u00e0 la date limite de mercredi soir. Les clubs peuvent inscrire un maximum de 25 joueurs.<\/p>\n<p>Au moins huit doivent \u00eatre \u00ab form\u00e9s localement \u00bb, et pas plus de quatre doivent \u00eatre class\u00e9s comme \u00ab form\u00e9s par une association \u00bb plut\u00f4t que \u00ab form\u00e9s par un club \u00bb. Si un club ne dispose pas de huit joueurs form\u00e9s localement, la limite de son effectif est r\u00e9duite proportionnellement \u2013 \u200b\u200bsix joueurs form\u00e9s localement, par exemple, signifie un maximum de 23 joueurs.<\/p>\n<p>Les clubs doivent \u00e9galement avoir au moins deux gardiens de but sur la liste A, avec un minimum de trois gardiens sur les listes A et B combin\u00e9es.<\/p>\n<h3 class=\"wp-block-heading\">Liste B<\/h3>\n<p>La liste B est con\u00e7ue pour les jeunes joueurs et n\u2019a aucune limite quant au nombre de joueurs pouvant \u00eatre inscrits. Il n&#39;y a pas non plus de date limite fixe pour l&#39;effectif, les joueurs pouvant \u00eatre ajout\u00e9s jusqu&#39;\u00e0 23h59 CET la veille d&#39;un match.<\/p>\n<p>Un joueur peut se qualifier pour la liste B s\u2019il\u00a0:<\/p>\n<ul class=\"wp-block-list\">\n<li>\u00eates n\u00e9s le 1er janvier 2005 ou apr\u00e8s cette date<\/li>\n<li>\u00catre \u00e9ligible au club pendant deux ann\u00e9es cons\u00e9cutives depuis l&#39;\u00e2ge de 15 ans<\/li>\n<li>Ou avoir \u00e9t\u00e9 \u00e9ligible au club pendant trois ann\u00e9es cons\u00e9cutives, y compris un pr\u00eat au sein de la m\u00eame association, depuis l&#39;\u00e2ge de 15 ans.<\/li>\n<\/ul>\n<p>Les joueurs \u00e2g\u00e9s de 16 ans peuvent \u00e9galement se qualifier s&#39;ils ont \u00e9t\u00e9 inscrits au club de mani\u00e8re continue au cours des deux ann\u00e9es pr\u00e9c\u00e9dentes. Les joueurs qui changent de club apr\u00e8s avoir particip\u00e9 aux tours de qualification ou aux barrages de l&#39;UEFA peuvent repr\u00e9senter leur nouveau club d\u00e8s la phase de championnat.<\/p>\n<h2 class=\"wp-block-heading\"><span id=\"When_does_the_league_phase_start\">Quand commence la phase de championnat ?<\/span><\/h2>\n<p>La phase de championnat de la Ligue des Champions d\u00e9bute le 8 septembre 2026 et se termine le 27 janvier 2027.<\/p>\n<h3 class=\"wp-block-heading\">Dates des phases de la Ligue des Champions<\/h3>\n<ul class=\"wp-block-list\">\n<li>  8-10 septembre 2026<\/li>\n<li>  13-14 octobre 2026<\/li>\n<li>  20-21 octobre 2026<\/li>\n<li>  3 et 4 novembre 2026<\/li>\n<li>  24-25 novembre 2026<\/li>\n<li>  8 et 9 d\u00e9cembre 2026<\/li>\n<li>  19-20 janvier 2027<\/li>\n<li>  27 janvier 2027<\/li>\n<\/ul><\/div>\n","protected":false},"excerpt":{"rendered":"<p>Les 36 clubs participant \u00e0 la Ligue des champions cette saison ont confirm\u00e9 leurs effectifs de 25 joueurs pour la phase de championnat. Les \u00e9quipes<\/p>\n","protected":false},"author":1,"featured_media":41144,"comment_status":"closed","ping_status":"","sticky":false,"template":"","format":"standard","meta":{"footnotes":""},"categories":[3],"tags":[2086,31,533,5163,12,12612,220,202,93,30,17,2217,51,201],"yoast_head":"<!-- This site is optimized with the Yoast SEO plugin v21.0 - https:\/\/yoast.com\/wordpress\/plugins\/seo\/ -->\n<title>Effectifs de la Ligue des champions : les clubs de Premier League confirment la liste de 25 joueurs pour la phase de championnat<\/title>\n<meta name=\"robots\" content=\"index, follow, max-snippet:-1, max-image-preview:large, max-video-preview:-1\" \/>\n<link rel=\"canonical\" href=\"https:\/\/footdavant.fr\/actualites\/effectifs-de-la-ligue-des-champions-les-clubs-de-premier-league-confirment-la-liste-de-25-joueurs-pour-la-phase-de-championnat\/\" \/>\n<meta property=\"og:locale\" content=\"fr_FR\" \/>\n<meta property=\"og:type\" content=\"article\" \/>\n<meta property=\"og:title\" content=\"Effectifs de la Ligue des champions : les clubs de Premier League confirment la liste de 25 joueurs pour la phase de championnat\" \/>\n<meta property=\"og:description\" content=\"Les 36 clubs participant \u00e0 la Ligue des champions cette saison ont confirm\u00e9 leurs effectifs de 25 joueurs pour la phase de championnat. Les \u00e9quipes\" \/>\n<meta property=\"og:url\" content=\"https:\/\/footdavant.fr\/actualites\/effectifs-de-la-ligue-des-champions-les-clubs-de-premier-league-confirment-la-liste-de-25-joueurs-pour-la-phase-de-championnat\/\" \/>\n<meta property=\"og:site_name\" content=\"Foot d&#039;avant\" \/>\n<meta property=\"article:publisher\" content=\"https:\/\/www.facebook.com\/Footdavant\/\" \/>\n<meta property=\"article:published_time\" content=\"2026-09-04T06:48:36+00:00\" \/>\n<meta property=\"article:modified_time\" content=\"2026-09-04T06:48:39+00:00\" \/>\n<meta property=\"og:image\" content=\"https:\/\/footdavant.fr\/actualites\/wp-content\/uploads\/2026\/09\/1788504518_Effectifs-de-la-Ligue-des-champions-les-clubs-de.jpg\" \/>\n\t<meta property=\"og:image:width\" content=\"1280\" \/>\n\t<meta property=\"og:image:height\" content=\"670\" \/>\n\t<meta property=\"og:image:type\" content=\"image\/jpeg\" \/>\n<meta name=\"author\" content=\"Cl\u00e9ment\" \/>\n<meta name=\"twitter:card\" content=\"summary_large_image\" \/>\n<meta name=\"twitter:creator\" content=\"@FootdavantFr\" \/>\n<meta name=\"twitter:site\" content=\"@FootdavantFr\" \/>\n<meta name=\"twitter:label1\" content=\"\u00c9crit par\" \/>\n\t<meta name=\"twitter:data1\" content=\"Cl\u00e9ment\" \/>\n\t<meta name=\"twitter:label2\" content=\"Dur\u00e9e de lecture estim\u00e9e\" \/>\n\t<meta name=\"twitter:data2\" content=\"4 minutes\" \/>\n<script type=\"application\/ld+json\" class=\"yoast-schema-graph\">{\"@context\":\"https:\/\/schema.org\",\"@graph\":[{\"@type\":\"Article\",\"@id\":\"https:\/\/footdavant.fr\/actualites\/effectifs-de-la-ligue-des-champions-les-clubs-de-premier-league-confirment-la-liste-de-25-joueurs-pour-la-phase-de-championnat\/#article\",\"isPartOf\":{\"@id\":\"https:\/\/footdavant.fr\/actualites\/effectifs-de-la-ligue-des-champions-les-clubs-de-premier-league-confirment-la-liste-de-25-joueurs-pour-la-phase-de-championnat\/\"},\"author\":{\"name\":\"Cl\u00e9ment\",\"@id\":\"https:\/\/footdavant.fr\/actualites\/#\/schema\/person\/bc222566d95871b37e597b3ed3ba5e1d\"},\"headline\":\"Effectifs de la Ligue des champions : les clubs de Premier League confirment la liste de 25 joueurs pour la phase de championnat\",\"datePublished\":\"2026-09-04T06:48:36+00:00\",\"dateModified\":\"2026-09-04T06:48:39+00:00\",\"mainEntityOfPage\":{\"@id\":\"https:\/\/footdavant.fr\/actualites\/effectifs-de-la-ligue-des-champions-les-clubs-de-premier-league-confirment-la-liste-de-25-joueurs-pour-la-phase-de-championnat\/\"},\"wordCount\":755,\"publisher\":{\"@id\":\"https:\/\/footdavant.fr\/actualites\/#organization\"},\"keywords\":[\"championnat\",\"champions\",\"clubs\",\"confirment\",\"des\",\"Effectifs\",\"joueurs\",\"League\",\"les\",\"Ligue\",\"liste\",\"phase\",\"pour\",\"Premier\"],\"articleSection\":[\"Football\"],\"inLanguage\":\"fr-FR\"},{\"@type\":\"WebPage\",\"@id\":\"https:\/\/footdavant.fr\/actualites\/effectifs-de-la-ligue-des-champions-les-clubs-de-premier-league-confirment-la-liste-de-25-joueurs-pour-la-phase-de-championnat\/\",\"url\":\"https:\/\/footdavant.fr\/actualites\/effectifs-de-la-ligue-des-champions-les-clubs-de-premier-league-confirment-la-liste-de-25-joueurs-pour-la-phase-de-championnat\/\",\"name\":\"Effectifs de la Ligue des champions : les clubs de Premier League confirment la liste de 25 joueurs pour la phase de championnat\",\"isPartOf\":{\"@id\":\"https:\/\/footdavant.fr\/actualites\/#website\"},\"datePublished\":\"2026-09-04T06:48:36+00:00\",\"dateModified\":\"2026-09-04T06:48:39+00:00\",\"breadcrumb\":{\"@id\":\"https:\/\/footdavant.fr\/actualites\/effectifs-de-la-ligue-des-champions-les-clubs-de-premier-league-confirment-la-liste-de-25-joueurs-pour-la-phase-de-championnat\/#breadcrumb\"},\"inLanguage\":\"fr-FR\",\"potentialAction\":[{\"@type\":\"ReadAction\",\"target\":[\"https:\/\/footdavant.fr\/actualites\/effectifs-de-la-ligue-des-champions-les-clubs-de-premier-league-confirment-la-liste-de-25-joueurs-pour-la-phase-de-championnat\/\"]}]},{\"@type\":\"BreadcrumbList\",\"@id\":\"https:\/\/footdavant.fr\/actualites\/effectifs-de-la-ligue-des-champions-les-clubs-de-premier-league-confirment-la-liste-de-25-joueurs-pour-la-phase-de-championnat\/#breadcrumb\",\"itemListElement\":[{\"@type\":\"ListItem\",\"position\":1,\"name\":\"Accueil\",\"item\":\"https:\/\/footdavant.fr\/actualites\/\"},{\"@type\":\"ListItem\",\"position\":2,\"name\":\"Effectifs de la Ligue des champions : les clubs de Premier League confirment la liste de 25 joueurs pour la phase de championnat\"}]},{\"@type\":\"WebSite\",\"@id\":\"https:\/\/footdavant.fr\/actualites\/#website\",\"url\":\"https:\/\/footdavant.fr\/actualites\/\",\"name\":\"Foot d'avant\",\"description\":\"\",\"publisher\":{\"@id\":\"https:\/\/footdavant.fr\/actualites\/#organization\"},\"potentialAction\":[{\"@type\":\"SearchAction\",\"target\":{\"@type\":\"EntryPoint\",\"urlTemplate\":\"https:\/\/footdavant.fr\/actualites\/?s={search_term_string}\"},\"query-input\":\"required name=search_term_string\"}],\"inLanguage\":\"fr-FR\"},{\"@type\":\"Organization\",\"@id\":\"https:\/\/footdavant.fr\/actualites\/#organization\",\"name\":\"Foot d'avant\",\"url\":\"https:\/\/footdavant.fr\/actualites\/\",\"logo\":{\"@type\":\"ImageObject\",\"inLanguage\":\"fr-FR\",\"@id\":\"https:\/\/footdavant.fr\/actualites\/#\/schema\/logo\/image\/\",\"url\":\"https:\/\/footdavant.fr\/actualites\/wp-content\/uploads\/2023\/09\/Copy-of-FootDavant-Logo.png\",\"contentUrl\":\"https:\/\/footdavant.fr\/actualites\/wp-content\/uploads\/2023\/09\/Copy-of-FootDavant-Logo.png\",\"width\":936,\"height\":549,\"caption\":\"Foot d'avant\"},\"image\":{\"@id\":\"https:\/\/footdavant.fr\/actualites\/#\/schema\/logo\/image\/\"},\"sameAs\":[\"https:\/\/www.facebook.com\/Footdavant\/\",\"https:\/\/twitter.com\/FootdavantFr\",\"https:\/\/www.instagram.com\/footdavant.fr\/\"]},{\"@type\":\"Person\",\"@id\":\"https:\/\/footdavant.fr\/actualites\/#\/schema\/person\/bc222566d95871b37e597b3ed3ba5e1d\",\"name\":\"Cl\u00e9ment\",\"image\":{\"@type\":\"ImageObject\",\"inLanguage\":\"fr-FR\",\"@id\":\"https:\/\/footdavant.fr\/actualites\/#\/schema\/person\/image\/\",\"url\":\"https:\/\/secure.gravatar.com\/avatar\/7728b29aac2719421e1a9159b2254c44?s=96&d=mm&r=g\",\"contentUrl\":\"https:\/\/secure.gravatar.com\/avatar\/7728b29aac2719421e1a9159b2254c44?s=96&d=mm&r=g\",\"caption\":\"Cl\u00e9ment\"},\"sameAs\":[\"https:\/\/footdavant.fr\/\"]}]}<\/script>\n<!-- \/ Yoast SEO plugin. -->","yoast_head_json":{"title":"Effectifs de la Ligue des champions : les clubs de Premier League confirment la liste de 25 joueurs pour la phase de championnat","robots":{"index":"index","follow":"follow","max-snippet":"max-snippet:-1","max-image-preview":"max-image-preview:large","max-video-preview":"max-video-preview:-1"},"canonical":"https:\/\/footdavant.fr\/actualites\/effectifs-de-la-ligue-des-champions-les-clubs-de-premier-league-confirment-la-liste-de-25-joueurs-pour-la-phase-de-championnat\/","og_locale":"fr_FR","og_type":"article","og_title":"Effectifs de la Ligue des champions : les clubs de Premier League confirment la liste de 25 joueurs pour la phase de championnat","og_description":"Les 36 clubs participant \u00e0 la Ligue des champions cette saison ont confirm\u00e9 leurs effectifs de 25 joueurs pour la phase de championnat. Les \u00e9quipes","og_url":"https:\/\/footdavant.fr\/actualites\/effectifs-de-la-ligue-des-champions-les-clubs-de-premier-league-confirment-la-liste-de-25-joueurs-pour-la-phase-de-championnat\/","og_site_name":"Foot d&#039;avant","article_publisher":"https:\/\/www.facebook.com\/Footdavant\/","article_published_time":"2026-09-04T06:48:36+00:00","article_modified_time":"2026-09-04T06:48:39+00:00","og_image":[{"width":1280,"height":670,"url":"https:\/\/footdavant.fr\/actualites\/wp-content\/uploads\/2026\/09\/1788504518_Effectifs-de-la-Ligue-des-champions-les-clubs-de.jpg","type":"image\/jpeg"}],"author":"Cl\u00e9ment","twitter_card":"summary_large_image","twitter_creator":"@FootdavantFr","twitter_site":"@FootdavantFr","twitter_misc":{"\u00c9crit par":"Cl\u00e9ment","Dur\u00e9e de lecture estim\u00e9e":"4 minutes"},"schema":{"@context":"https:\/\/schema.org","@graph":[{"@type":"Article","@id":"https:\/\/footdavant.fr\/actualites\/effectifs-de-la-ligue-des-champions-les-clubs-de-premier-league-confirment-la-liste-de-25-joueurs-pour-la-phase-de-championnat\/#article","isPartOf":{"@id":"https:\/\/footdavant.fr\/actualites\/effectifs-de-la-ligue-des-champions-les-clubs-de-premier-league-confirment-la-liste-de-25-joueurs-pour-la-phase-de-championnat\/"},"author":{"name":"Cl\u00e9ment","@id":"https:\/\/footdavant.fr\/actualites\/#\/schema\/person\/bc222566d95871b37e597b3ed3ba5e1d"},"headline":"Effectifs de la Ligue des champions : les clubs de Premier League confirment la liste de 25 joueurs pour la phase de championnat","datePublished":"2026-09-04T06:48:36+00:00","dateModified":"2026-09-04T06:48:39+00:00","mainEntityOfPage":{"@id":"https:\/\/footdavant.fr\/actualites\/effectifs-de-la-ligue-des-champions-les-clubs-de-premier-league-confirment-la-liste-de-25-joueurs-pour-la-phase-de-championnat\/"},"wordCount":755,"publisher":{"@id":"https:\/\/footdavant.fr\/actualites\/#organization"},"keywords":["championnat","champions","clubs","confirment","des","Effectifs","joueurs","League","les","Ligue","liste","phase","pour","Premier"],"articleSection":["Football"],"inLanguage":"fr-FR"},{"@type":"WebPage","@id":"https:\/\/footdavant.fr\/actualites\/effectifs-de-la-ligue-des-champions-les-clubs-de-premier-league-confirment-la-liste-de-25-joueurs-pour-la-phase-de-championnat\/","url":"https:\/\/footdavant.fr\/actualites\/effectifs-de-la-ligue-des-champions-les-clubs-de-premier-league-confirment-la-liste-de-25-joueurs-pour-la-phase-de-championnat\/","name":"Effectifs de la Ligue des champions : les clubs de Premier League confirment la liste de 25 joueurs pour la phase de championnat","isPartOf":{"@id":"https:\/\/footdavant.fr\/actualites\/#website"},"datePublished":"2026-09-04T06:48:36+00:00","dateModified":"2026-09-04T06:48:39+00:00","breadcrumb":{"@id":"https:\/\/footdavant.fr\/actualites\/effectifs-de-la-ligue-des-champions-les-clubs-de-premier-league-confirment-la-liste-de-25-joueurs-pour-la-phase-de-championnat\/#breadcrumb"},"inLanguage":"fr-FR","potentialAction":[{"@type":"ReadAction","target":["https:\/\/footdavant.fr\/actualites\/effectifs-de-la-ligue-des-champions-les-clubs-de-premier-league-confirment-la-liste-de-25-joueurs-pour-la-phase-de-championnat\/"]}]},{"@type":"BreadcrumbList","@id":"https:\/\/footdavant.fr\/actualites\/effectifs-de-la-ligue-des-champions-les-clubs-de-premier-league-confirment-la-liste-de-25-joueurs-pour-la-phase-de-championnat\/#breadcrumb","itemListElement":[{"@type":"ListItem","position":1,"name":"Accueil","item":"https:\/\/footdavant.fr\/actualites\/"},{"@type":"ListItem","position":2,"name":"Effectifs de la Ligue des champions : les clubs de Premier League confirment la liste de 25 joueurs pour la phase de championnat"}]},{"@type":"WebSite","@id":"https:\/\/footdavant.fr\/actualites\/#website","url":"https:\/\/footdavant.fr\/actualites\/","name":"Foot d'avant","description":"","publisher":{"@id":"https:\/\/footdavant.fr\/actualites\/#organization"},"potentialAction":[{"@type":"SearchAction","target":{"@type":"EntryPoint","urlTemplate":"https:\/\/footdavant.fr\/actualites\/?s={search_term_string}"},"query-input":"required name=search_term_string"}],"inLanguage":"fr-FR"},{"@type":"Organization","@id":"https:\/\/footdavant.fr\/actualites\/#organization","name":"Foot d'avant","url":"https:\/\/footdavant.fr\/actualites\/","logo":{"@type":"ImageObject","inLanguage":"fr-FR","@id":"https:\/\/footdavant.fr\/actualites\/#\/schema\/logo\/image\/","url":"https:\/\/footdavant.fr\/actualites\/wp-content\/uploads\/2023\/09\/Copy-of-FootDavant-Logo.png","contentUrl":"https:\/\/footdavant.fr\/actualites\/wp-content\/uploads\/2023\/09\/Copy-of-FootDavant-Logo.png","width":936,"height":549,"caption":"Foot d'avant"},"image":{"@id":"https:\/\/footdavant.fr\/actualites\/#\/schema\/logo\/image\/"},"sameAs":["https:\/\/www.facebook.com\/Footdavant\/","https:\/\/twitter.com\/FootdavantFr","https:\/\/www.instagram.com\/footdavant.fr\/"]},{"@type":"Person","@id":"https:\/\/footdavant.fr\/actualites\/#\/schema\/person\/bc222566d95871b37e597b3ed3ba5e1d","name":"Cl\u00e9ment","image":{"@type":"ImageObject","inLanguage":"fr-FR","@id":"https:\/\/footdavant.fr\/actualites\/#\/schema\/person\/image\/","url":"https:\/\/secure.gravatar.com\/avatar\/7728b29aac2719421e1a9159b2254c44?s=96&d=mm&r=g","contentUrl":"https:\/\/secure.gravatar.com\/avatar\/7728b29aac2719421e1a9159b2254c44?s=96&d=mm&r=g","caption":"Cl\u00e9ment"},"sameAs":["https:\/\/footdavant.fr\/"]}]}},"_links":{"self":[{"href":"https:\/\/footdavant.fr\/actualites\/wp-json\/wp\/v2\/posts\/41143"}],"collection":[{"href":"https:\/\/footdavant.fr\/actualites\/wp-json\/wp\/v2\/posts"}],"about":[{"href":"https:\/\/footdavant.fr\/actualites\/wp-json\/wp\/v2\/types\/post"}],"author":[{"embeddable":true,"href":"https:\/\/footdavant.fr\/actualites\/wp-json\/wp\/v2\/users\/1"}],"replies":[{"embeddable":true,"href":"https:\/\/footdavant.fr\/actualites\/wp-json\/wp\/v2\/comments?post=41143"}],"version-history":[{"count":1,"href":"https:\/\/footdavant.fr\/actualites\/wp-json\/wp\/v2\/posts\/41143\/revisions"}],"predecessor-version":[{"id":41145,"href":"https:\/\/footdavant.fr\/actualites\/wp-json\/wp\/v2\/posts\/41143\/revisions\/41145"}],"wp:featuredmedia":[{"embeddable":true,"href":"https:\/\/footdavant.fr\/actualites\/wp-json\/wp\/v2\/media\/41144"}],"wp:attachment":[{"href":"https:\/\/footdavant.fr\/actualites\/wp-json\/wp\/v2\/media?parent=41143"}],"wp:term":[{"taxonomy":"category","embeddable":true,"href":"https:\/\/footdavant.fr\/actualites\/wp-json\/wp\/v2\/categories?post=41143"},{"taxonomy":"post_tag","embeddable":true,"href":"https:\/\/footdavant.fr\/actualites\/wp-json\/wp\/v2\/tags?post=41143"}],"curies":[{"name":"wp","href":"https:\/\/api.w.org\/{rel}","templated":true}]}}