{"id":41146,"date":"2026-09-04T12:48:23","date_gmt":"2026-09-04T10:48:23","guid":{"rendered":"https:\/\/footdavant.fr\/actualites\/predit-man-united-xi-vs-everton-une-star-cle-fait-face-a-un-test-de-condition-physique-tardif\/"},"modified":"2026-09-04T12:48:24","modified_gmt":"2026-09-04T10:48:24","slug":"predit-man-united-xi-vs-everton-une-star-cle-fait-face-a-un-test-de-condition-physique-tardif","status":"publish","type":"post","link":"https:\/\/footdavant.fr\/actualites\/predit-man-united-xi-vs-everton-une-star-cle-fait-face-a-un-test-de-condition-physique-tardif\/","title":{"rendered":"Pr\u00e9dit Man United XI vs Everton: une star cl\u00e9 fait face \u00e0 un test de condition physique tardif &#8211;"},"content":{"rendered":"<div id=\"penci-post-entry-inner\">\n<p>\t\t\t<i class=\"penci-post-countview-number-check\" style=\"display:none\">4<\/i><\/p>\n<p>Manchester United devrait conserver l\u2019essentiel de sa r\u00e9cente formation de d\u00e9part lorsqu\u2019il affrontera Everton dimanche. <\/p>\n<p>La principale incertitude concerne Luke Shaw, qui aurait un l\u00e9ger probl\u00e8me aux ischio-jambiers. Noussair Mazraoui pourrait le remplacer si l&#39;international anglais \u00e9choue \u00e0 un test de condition physique tardif.<\/p>\n<h3>Les pr\u00e9occupations li\u00e9es \u00e0 la forme physique limitent les choix de Carrick<\/h3>\n<p>Shaw a \u00e9t\u00e9 photographi\u00e9 en train de participer \u00e0 un entra\u00eenement sur le site officiel de United, offrant quelques encouragements quant \u00e0 sa disponibilit\u00e9 pour le voyage face \u00e0 Everton.<\/p>\n<p>Cependant, Premier Injuries indique que le d\u00e9fenseur a 25 % de chances de jouer et qu&#39;il devra faire face \u00e0 un test de condition physique tardif. Carrick devra donc peut-\u00eatre prendre une d\u00e9cision tardive : s&#39;il doit prendre des risques ou se tourner vers Mazraoui.<\/p>\n<p>Amad reste bless\u00e9, tandis que Mason Mount devrait revenir dans l&#39;\u00e9quipe de la journ\u00e9e apr\u00e8s sa r\u00e9cente absence.<\/p>\n<p>Matthijs de Ligt et Carlos Baleba sont toujours indisponibles, tandis que Manuel Ugarte est confront\u00e9 \u00e0 une absence plus longue. Ces absences limitent la capacit\u00e9 de Carrick \u00e0 \u00e9voluer en d\u00e9fense et au milieu de terrain central.<\/p>\n<h3>D\u00e9fense<\/h3>\n<p>Lammens d\u00e9butera entre les poteaux, prot\u00e9g\u00e9 par une d\u00e9fense \u00e0 quatre compos\u00e9e de Diogo Dalot, Harry Maguire et Lisandro Martinez.<\/p>\n<p>Shaw devrait commencer \u00e0 l&#39;arri\u00e8re gauche s&#39;il r\u00e9ussit son test de condition physique. En cas d&#39;absence, le polyvalent Mazraoui serait le principal candidat pour entrer en d\u00e9fense. Patrick Dorgu et Harry Amass sont \u00e9galement des options.<\/p>\n<h3>Milieu de terrain et attaque<\/h3>\n<p>Au milieu de terrain, Kobbie Mainoo et Youri Tielemans devraient conserver leur place. <\/p>\n<p>Mainoo est s\u00fbrement incontournable apr\u00e8s sa sublime performance contre Ipswich. L&#39;appel de s\u00e9lection le plus int\u00e9ressant, en dehors des pr\u00e9occupations de Shaw en mati\u00e8re de forme physique, est le choix entre Tielemans et Santos. Un match difficile \u00e0 l&#39;ext\u00e9rieur pourrait inciter Carrick \u00e0 ajouter une plus grande protection d\u00e9fensive aux c\u00f4t\u00e9s de Mainoo.<\/p>\n<p>Notre pr\u00e9diction, cependant, est que Carrick conservera sa confiance en Tielemans. Sa port\u00e9e de passe et sa capacit\u00e9 \u00e0 dicter la possession font de lui le milieu de terrain le plus proche de Carrick disponible pour ce syst\u00e8me particulier. L\u2019entra\u00eeneur-chef devrait donc voir l\u2019int\u00e9r\u00eat de l\u2019avoir dans le onze de d\u00e9part.<\/p>\n<p>Bryan Mbeumo devrait continuer \u00e0 droite, surtout en l&#39;absence d&#39;Amad, bien que Shea Lacey soit une autre option si l&#39;entra\u00eeneur choisit de jouer le Camerounais devant. Bruno Fernandes op\u00e9rera bien s\u00fbr comme num\u00e9ro 10 et Marcus Rashford repartira probablement de la gauche. Matheus Cunha conservera probablement le r\u00f4le offensif central.<\/p>\n<p>Benjamin Sesko devrait \u00e0 nouveau d\u00e9buter parmi les rempla\u00e7ants. L&#39;attaquant devrait recevoir des minutes du banc, mais Cunha semble actuellement le plus susceptible de faire confiance d\u00e8s le coup de sifflet d&#39;ouverture.<\/p>\n<p>Le contr\u00f4le de condition physique tardif de Shaw, s&#39;il est confirm\u00e9, est le principal probl\u00e8me \u00e0 surveiller avant que la feuille d&#39;\u00e9quipe ne soit confirm\u00e9e, bien que Carrick ait \u00e9galement une v\u00e9ritable d\u00e9cision \u00e0 prendre sur l&#39;\u00e9quilibre de son milieu de terrain.<\/p>\n<h3>Pens\u00e9es finales<\/h3>\n<ul>\n<li>Mazraoui pourrait remplacer Shaw \u00e0 l&#39;arri\u00e8re gauche.<\/li>\n<li>Tielemans devrait d\u00e9buter devant Santos.<\/li>\n<li>Cunha devrait mener l&#39;attaque, avec Sesko sur le banc.<\/li>\n<\/ul>\n<\/p>\n<hr\/>\n<div style=\"position:relative; width:100%; max-width:1760px;\">\n<p>    <img decoding=\"async\" src=\"https:\/\/footdavant.fr\/actualites\/wp-content\/uploads\/2026\/08\/Youri-Tielemans-Pourquoi-Marcus-Rashford-a-surpris-le-nouveau.jpg\" style=\"width:100%; height:auto; display:block;\" alt=\"Suivez la personne du peuple\"\/><\/p>\n<p>    &#13;<\/p>\n<p>    &#13;<\/p>\n<\/div>\n<p><img loading=\"lazy\" decoding=\"async\" src=\"https:\/\/footdavant.fr\/actualites\/wp-content\/uploads\/2026\/07\/Le-role-de-United-dans-le-transfert-propose-par-Mason.png\" alt=\"\" width=\"1160\" height=\"65\" class=\"aligncenter size-full wp-image-299864\"\/><\/p>\n<p><!-- CONTENT END 1 --><\/p><\/div>\n","protected":false},"excerpt":{"rendered":"<p>4 Manchester United devrait conserver l\u2019essentiel de sa r\u00e9cente formation de d\u00e9part lorsqu\u2019il affrontera Everton dimanche. La principale incertitude concerne Luke Shaw, qui aurait un<\/p>\n","protected":false},"author":1,"featured_media":41147,"comment_status":"closed","ping_status":"","sticky":false,"template":"","format":"standard","meta":{"footnotes":""},"categories":[3],"tags":[443,1001,310,1062,152,24,1002,3581,1621,2074,174,92,13],"yoast_head":"<!-- This site is optimized with the Yoast SEO plugin v21.0 - https:\/\/yoast.com\/wordpress\/plugins\/seo\/ -->\n<title>Pr\u00e9dit Man United XI vs Everton: une star cl\u00e9 fait face \u00e0 un test de condition physique tardif -<\/title>\n<meta name=\"robots\" content=\"index, follow, max-snippet:-1, max-image-preview:large, max-video-preview:-1\" \/>\n<link rel=\"canonical\" href=\"https:\/\/footdavant.fr\/actualites\/predit-man-united-xi-vs-everton-une-star-cle-fait-face-a-un-test-de-condition-physique-tardif\/\" \/>\n<meta property=\"og:locale\" content=\"fr_FR\" \/>\n<meta property=\"og:type\" content=\"article\" \/>\n<meta property=\"og:title\" content=\"Pr\u00e9dit Man United XI vs Everton: une star cl\u00e9 fait face \u00e0 un test de condition physique tardif -\" \/>\n<meta property=\"og:description\" content=\"4 Manchester United devrait conserver l\u2019essentiel de sa r\u00e9cente formation de d\u00e9part lorsqu\u2019il affrontera Everton dimanche. La principale incertitude concerne Luke Shaw, qui aurait un\" \/>\n<meta property=\"og:url\" content=\"https:\/\/footdavant.fr\/actualites\/predit-man-united-xi-vs-everton-une-star-cle-fait-face-a-un-test-de-condition-physique-tardif\/\" \/>\n<meta property=\"og:site_name\" content=\"Foot d&#039;avant\" \/>\n<meta property=\"article:publisher\" content=\"https:\/\/www.facebook.com\/Footdavant\/\" \/>\n<meta property=\"article:published_time\" content=\"2026-09-04T10:48:23+00:00\" \/>\n<meta property=\"article:modified_time\" content=\"2026-09-04T10:48:24+00:00\" \/>\n<meta property=\"og:image\" content=\"https:\/\/footdavant.fr\/actualites\/wp-content\/uploads\/2026\/09\/Predit-Man-United-XI-vs-Everton-une-star-cle-fait.jpg\" \/>\n\t<meta property=\"og:image:width\" content=\"1200\" \/>\n\t<meta property=\"og:image:height\" content=\"675\" \/>\n\t<meta property=\"og:image:type\" content=\"image\/jpeg\" \/>\n<meta name=\"author\" content=\"Cl\u00e9ment\" \/>\n<meta name=\"twitter:card\" content=\"summary_large_image\" \/>\n<meta name=\"twitter:creator\" content=\"@FootdavantFr\" \/>\n<meta name=\"twitter:site\" content=\"@FootdavantFr\" \/>\n<meta name=\"twitter:label1\" content=\"\u00c9crit par\" \/>\n\t<meta name=\"twitter:data1\" content=\"Cl\u00e9ment\" \/>\n\t<meta name=\"twitter:label2\" content=\"Dur\u00e9e de lecture estim\u00e9e\" \/>\n\t<meta name=\"twitter:data2\" content=\"3 minutes\" \/>\n<script type=\"application\/ld+json\" class=\"yoast-schema-graph\">{\"@context\":\"https:\/\/schema.org\",\"@graph\":[{\"@type\":\"Article\",\"@id\":\"https:\/\/footdavant.fr\/actualites\/predit-man-united-xi-vs-everton-une-star-cle-fait-face-a-un-test-de-condition-physique-tardif\/#article\",\"isPartOf\":{\"@id\":\"https:\/\/footdavant.fr\/actualites\/predit-man-united-xi-vs-everton-une-star-cle-fait-face-a-un-test-de-condition-physique-tardif\/\"},\"author\":{\"name\":\"Cl\u00e9ment\",\"@id\":\"https:\/\/footdavant.fr\/actualites\/#\/schema\/person\/bc222566d95871b37e597b3ed3ba5e1d\"},\"headline\":\"Pr\u00e9dit Man United XI vs Everton: une star cl\u00e9 fait face \u00e0 un test de condition physique tardif &#8211;\",\"datePublished\":\"2026-09-04T10:48:23+00:00\",\"dateModified\":\"2026-09-04T10:48:24+00:00\",\"mainEntityOfPage\":{\"@id\":\"https:\/\/footdavant.fr\/actualites\/predit-man-united-xi-vs-everton-une-star-cle-fait-face-a-un-test-de-condition-physique-tardif\/\"},\"wordCount\":588,\"publisher\":{\"@id\":\"https:\/\/footdavant.fr\/actualites\/#organization\"},\"keywords\":[\"cl\u00e9..\",\"condition\",\"Everton\",\"face\",\"fait\",\"Man\",\"physique\",\"pr\u00e9dit\",\"Star\",\"tardif\",\"test\",\"une\",\"United\"],\"articleSection\":[\"Football\"],\"inLanguage\":\"fr-FR\"},{\"@type\":\"WebPage\",\"@id\":\"https:\/\/footdavant.fr\/actualites\/predit-man-united-xi-vs-everton-une-star-cle-fait-face-a-un-test-de-condition-physique-tardif\/\",\"url\":\"https:\/\/footdavant.fr\/actualites\/predit-man-united-xi-vs-everton-une-star-cle-fait-face-a-un-test-de-condition-physique-tardif\/\",\"name\":\"Pr\u00e9dit Man United XI vs Everton: une star cl\u00e9 fait face \u00e0 un test de condition physique tardif -\",\"isPartOf\":{\"@id\":\"https:\/\/footdavant.fr\/actualites\/#website\"},\"datePublished\":\"2026-09-04T10:48:23+00:00\",\"dateModified\":\"2026-09-04T10:48:24+00:00\",\"breadcrumb\":{\"@id\":\"https:\/\/footdavant.fr\/actualites\/predit-man-united-xi-vs-everton-une-star-cle-fait-face-a-un-test-de-condition-physique-tardif\/#breadcrumb\"},\"inLanguage\":\"fr-FR\",\"potentialAction\":[{\"@type\":\"ReadAction\",\"target\":[\"https:\/\/footdavant.fr\/actualites\/predit-man-united-xi-vs-everton-une-star-cle-fait-face-a-un-test-de-condition-physique-tardif\/\"]}]},{\"@type\":\"BreadcrumbList\",\"@id\":\"https:\/\/footdavant.fr\/actualites\/predit-man-united-xi-vs-everton-une-star-cle-fait-face-a-un-test-de-condition-physique-tardif\/#breadcrumb\",\"itemListElement\":[{\"@type\":\"ListItem\",\"position\":1,\"name\":\"Accueil\",\"item\":\"https:\/\/footdavant.fr\/actualites\/\"},{\"@type\":\"ListItem\",\"position\":2,\"name\":\"Pr\u00e9dit Man United XI vs Everton: une star cl\u00e9 fait face \u00e0 un test de condition physique tardif &#8211;\"}]},{\"@type\":\"WebSite\",\"@id\":\"https:\/\/footdavant.fr\/actualites\/#website\",\"url\":\"https:\/\/footdavant.fr\/actualites\/\",\"name\":\"Foot d'avant\",\"description\":\"\",\"publisher\":{\"@id\":\"https:\/\/footdavant.fr\/actualites\/#organization\"},\"potentialAction\":[{\"@type\":\"SearchAction\",\"target\":{\"@type\":\"EntryPoint\",\"urlTemplate\":\"https:\/\/footdavant.fr\/actualites\/?s={search_term_string}\"},\"query-input\":\"required name=search_term_string\"}],\"inLanguage\":\"fr-FR\"},{\"@type\":\"Organization\",\"@id\":\"https:\/\/footdavant.fr\/actualites\/#organization\",\"name\":\"Foot d'avant\",\"url\":\"https:\/\/footdavant.fr\/actualites\/\",\"logo\":{\"@type\":\"ImageObject\",\"inLanguage\":\"fr-FR\",\"@id\":\"https:\/\/footdavant.fr\/actualites\/#\/schema\/logo\/image\/\",\"url\":\"https:\/\/footdavant.fr\/actualites\/wp-content\/uploads\/2023\/09\/Copy-of-FootDavant-Logo.png\",\"contentUrl\":\"https:\/\/footdavant.fr\/actualites\/wp-content\/uploads\/2023\/09\/Copy-of-FootDavant-Logo.png\",\"width\":936,\"height\":549,\"caption\":\"Foot d'avant\"},\"image\":{\"@id\":\"https:\/\/footdavant.fr\/actualites\/#\/schema\/logo\/image\/\"},\"sameAs\":[\"https:\/\/www.facebook.com\/Footdavant\/\",\"https:\/\/twitter.com\/FootdavantFr\",\"https:\/\/www.instagram.com\/footdavant.fr\/\"]},{\"@type\":\"Person\",\"@id\":\"https:\/\/footdavant.fr\/actualites\/#\/schema\/person\/bc222566d95871b37e597b3ed3ba5e1d\",\"name\":\"Cl\u00e9ment\",\"image\":{\"@type\":\"ImageObject\",\"inLanguage\":\"fr-FR\",\"@id\":\"https:\/\/footdavant.fr\/actualites\/#\/schema\/person\/image\/\",\"url\":\"https:\/\/secure.gravatar.com\/avatar\/7728b29aac2719421e1a9159b2254c44?s=96&d=mm&r=g\",\"contentUrl\":\"https:\/\/secure.gravatar.com\/avatar\/7728b29aac2719421e1a9159b2254c44?s=96&d=mm&r=g\",\"caption\":\"Cl\u00e9ment\"},\"sameAs\":[\"https:\/\/footdavant.fr\/\"]}]}<\/script>\n<!-- \/ Yoast SEO plugin. -->","yoast_head_json":{"title":"Pr\u00e9dit Man United XI vs Everton: une star cl\u00e9 fait face \u00e0 un test de condition physique tardif -","robots":{"index":"index","follow":"follow","max-snippet":"max-snippet:-1","max-image-preview":"max-image-preview:large","max-video-preview":"max-video-preview:-1"},"canonical":"https:\/\/footdavant.fr\/actualites\/predit-man-united-xi-vs-everton-une-star-cle-fait-face-a-un-test-de-condition-physique-tardif\/","og_locale":"fr_FR","og_type":"article","og_title":"Pr\u00e9dit Man United XI vs Everton: une star cl\u00e9 fait face \u00e0 un test de condition physique tardif -","og_description":"4 Manchester United devrait conserver l\u2019essentiel de sa r\u00e9cente formation de d\u00e9part lorsqu\u2019il affrontera Everton dimanche. La principale incertitude concerne Luke Shaw, qui aurait un","og_url":"https:\/\/footdavant.fr\/actualites\/predit-man-united-xi-vs-everton-une-star-cle-fait-face-a-un-test-de-condition-physique-tardif\/","og_site_name":"Foot d&#039;avant","article_publisher":"https:\/\/www.facebook.com\/Footdavant\/","article_published_time":"2026-09-04T10:48:23+00:00","article_modified_time":"2026-09-04T10:48:24+00:00","og_image":[{"width":1200,"height":675,"url":"https:\/\/footdavant.fr\/actualites\/wp-content\/uploads\/2026\/09\/Predit-Man-United-XI-vs-Everton-une-star-cle-fait.jpg","type":"image\/jpeg"}],"author":"Cl\u00e9ment","twitter_card":"summary_large_image","twitter_creator":"@FootdavantFr","twitter_site":"@FootdavantFr","twitter_misc":{"\u00c9crit par":"Cl\u00e9ment","Dur\u00e9e de lecture estim\u00e9e":"3 minutes"},"schema":{"@context":"https:\/\/schema.org","@graph":[{"@type":"Article","@id":"https:\/\/footdavant.fr\/actualites\/predit-man-united-xi-vs-everton-une-star-cle-fait-face-a-un-test-de-condition-physique-tardif\/#article","isPartOf":{"@id":"https:\/\/footdavant.fr\/actualites\/predit-man-united-xi-vs-everton-une-star-cle-fait-face-a-un-test-de-condition-physique-tardif\/"},"author":{"name":"Cl\u00e9ment","@id":"https:\/\/footdavant.fr\/actualites\/#\/schema\/person\/bc222566d95871b37e597b3ed3ba5e1d"},"headline":"Pr\u00e9dit Man United XI vs Everton: une star cl\u00e9 fait face \u00e0 un test de condition physique tardif &#8211;","datePublished":"2026-09-04T10:48:23+00:00","dateModified":"2026-09-04T10:48:24+00:00","mainEntityOfPage":{"@id":"https:\/\/footdavant.fr\/actualites\/predit-man-united-xi-vs-everton-une-star-cle-fait-face-a-un-test-de-condition-physique-tardif\/"},"wordCount":588,"publisher":{"@id":"https:\/\/footdavant.fr\/actualites\/#organization"},"keywords":["cl\u00e9..","condition","Everton","face","fait","Man","physique","pr\u00e9dit","Star","tardif","test","une","United"],"articleSection":["Football"],"inLanguage":"fr-FR"},{"@type":"WebPage","@id":"https:\/\/footdavant.fr\/actualites\/predit-man-united-xi-vs-everton-une-star-cle-fait-face-a-un-test-de-condition-physique-tardif\/","url":"https:\/\/footdavant.fr\/actualites\/predit-man-united-xi-vs-everton-une-star-cle-fait-face-a-un-test-de-condition-physique-tardif\/","name":"Pr\u00e9dit Man United XI vs Everton: une star cl\u00e9 fait face \u00e0 un test de condition physique tardif -","isPartOf":{"@id":"https:\/\/footdavant.fr\/actualites\/#website"},"datePublished":"2026-09-04T10:48:23+00:00","dateModified":"2026-09-04T10:48:24+00:00","breadcrumb":{"@id":"https:\/\/footdavant.fr\/actualites\/predit-man-united-xi-vs-everton-une-star-cle-fait-face-a-un-test-de-condition-physique-tardif\/#breadcrumb"},"inLanguage":"fr-FR","potentialAction":[{"@type":"ReadAction","target":["https:\/\/footdavant.fr\/actualites\/predit-man-united-xi-vs-everton-une-star-cle-fait-face-a-un-test-de-condition-physique-tardif\/"]}]},{"@type":"BreadcrumbList","@id":"https:\/\/footdavant.fr\/actualites\/predit-man-united-xi-vs-everton-une-star-cle-fait-face-a-un-test-de-condition-physique-tardif\/#breadcrumb","itemListElement":[{"@type":"ListItem","position":1,"name":"Accueil","item":"https:\/\/footdavant.fr\/actualites\/"},{"@type":"ListItem","position":2,"name":"Pr\u00e9dit Man United XI vs Everton: une star cl\u00e9 fait face \u00e0 un test de condition physique tardif &#8211;"}]},{"@type":"WebSite","@id":"https:\/\/footdavant.fr\/actualites\/#website","url":"https:\/\/footdavant.fr\/actualites\/","name":"Foot d'avant","description":"","publisher":{"@id":"https:\/\/footdavant.fr\/actualites\/#organization"},"potentialAction":[{"@type":"SearchAction","target":{"@type":"EntryPoint","urlTemplate":"https:\/\/footdavant.fr\/actualites\/?s={search_term_string}"},"query-input":"required name=search_term_string"}],"inLanguage":"fr-FR"},{"@type":"Organization","@id":"https:\/\/footdavant.fr\/actualites\/#organization","name":"Foot d'avant","url":"https:\/\/footdavant.fr\/actualites\/","logo":{"@type":"ImageObject","inLanguage":"fr-FR","@id":"https:\/\/footdavant.fr\/actualites\/#\/schema\/logo\/image\/","url":"https:\/\/footdavant.fr\/actualites\/wp-content\/uploads\/2023\/09\/Copy-of-FootDavant-Logo.png","contentUrl":"https:\/\/footdavant.fr\/actualites\/wp-content\/uploads\/2023\/09\/Copy-of-FootDavant-Logo.png","width":936,"height":549,"caption":"Foot d'avant"},"image":{"@id":"https:\/\/footdavant.fr\/actualites\/#\/schema\/logo\/image\/"},"sameAs":["https:\/\/www.facebook.com\/Footdavant\/","https:\/\/twitter.com\/FootdavantFr","https:\/\/www.instagram.com\/footdavant.fr\/"]},{"@type":"Person","@id":"https:\/\/footdavant.fr\/actualites\/#\/schema\/person\/bc222566d95871b37e597b3ed3ba5e1d","name":"Cl\u00e9ment","image":{"@type":"ImageObject","inLanguage":"fr-FR","@id":"https:\/\/footdavant.fr\/actualites\/#\/schema\/person\/image\/","url":"https:\/\/secure.gravatar.com\/avatar\/7728b29aac2719421e1a9159b2254c44?s=96&d=mm&r=g","contentUrl":"https:\/\/secure.gravatar.com\/avatar\/7728b29aac2719421e1a9159b2254c44?s=96&d=mm&r=g","caption":"Cl\u00e9ment"},"sameAs":["https:\/\/footdavant.fr\/"]}]}},"_links":{"self":[{"href":"https:\/\/footdavant.fr\/actualites\/wp-json\/wp\/v2\/posts\/41146"}],"collection":[{"href":"https:\/\/footdavant.fr\/actualites\/wp-json\/wp\/v2\/posts"}],"about":[{"href":"https:\/\/footdavant.fr\/actualites\/wp-json\/wp\/v2\/types\/post"}],"author":[{"embeddable":true,"href":"https:\/\/footdavant.fr\/actualites\/wp-json\/wp\/v2\/users\/1"}],"replies":[{"embeddable":true,"href":"https:\/\/footdavant.fr\/actualites\/wp-json\/wp\/v2\/comments?post=41146"}],"version-history":[{"count":1,"href":"https:\/\/footdavant.fr\/actualites\/wp-json\/wp\/v2\/posts\/41146\/revisions"}],"predecessor-version":[{"id":41148,"href":"https:\/\/footdavant.fr\/actualites\/wp-json\/wp\/v2\/posts\/41146\/revisions\/41148"}],"wp:featuredmedia":[{"embeddable":true,"href":"https:\/\/footdavant.fr\/actualites\/wp-json\/wp\/v2\/media\/41147"}],"wp:attachment":[{"href":"https:\/\/footdavant.fr\/actualites\/wp-json\/wp\/v2\/media?parent=41146"}],"wp:term":[{"taxonomy":"category","embeddable":true,"href":"https:\/\/footdavant.fr\/actualites\/wp-json\/wp\/v2\/categories?post=41146"},{"taxonomy":"post_tag","embeddable":true,"href":"https:\/\/footdavant.fr\/actualites\/wp-json\/wp\/v2\/tags?post=41146"}],"curies":[{"name":"wp","href":"https:\/\/api.w.org\/{rel}","templated":true}]}}