{"id":41149,"date":"2026-09-04T16:48:03","date_gmt":"2026-09-04T14:48:03","guid":{"rendered":"https:\/\/footdavant.fr\/actualites\/les-fans-de-chelsea-sont-ravis-alors-qualonso-verifie-le-nom-des-milieux-de-terrain-de-lacademie\/"},"modified":"2026-09-04T16:48:08","modified_gmt":"2026-09-04T14:48:08","slug":"les-fans-de-chelsea-sont-ravis-alors-qualonso-verifie-le-nom-des-milieux-de-terrain-de-lacademie","status":"publish","type":"post","link":"https:\/\/footdavant.fr\/actualites\/les-fans-de-chelsea-sont-ravis-alors-qualonso-verifie-le-nom-des-milieux-de-terrain-de-lacademie\/","title":{"rendered":"Les fans de Chelsea sont ravis alors qu&#39;Alonso v\u00e9rifie le nom des milieux de terrain de l&#39;acad\u00e9mie"},"content":{"rendered":"<div>\n<p><b><i>Le milieu de terrain de Chelsea est devenu le centre d&#39;attention en ce moment, apr\u00e8s le d\u00e9part d&#39;Enzo Fernandez sans rempla\u00e7ant.<\/i><\/b><\/p>\n<\/p>\n<p>La situation du milieu de terrain de Chelsea a domin\u00e9 la conf\u00e9rence de presse d&#39;aujourd&#39;hui \u00e0 Cobham.<\/p>\n<p>Enzo Fernandez est parti le jour de la date limite sans \u00eatre remplac\u00e9, et on craint que les Bleus ne soient d\u00e9sormais \u00e0 court de ces domaines. Xabi Alonso a tent\u00e9 de calmer ces inqui\u00e9tudes, en mentionnant sa confiance dans les options actuelles.<\/p>\n<p>\u00ab\u00a0[They have] diff\u00e9rentes qualit\u00e9s, personnalit\u00e9s. Valentin [Barco] est jeune mais il a une grande \u00e9nergie. [Jordan Henderson ]a le sang-froid et la mentalit\u00e9. Hendo sait ce qui se passe dans le jeu, il se rapproche de plus en plus du temps de jeu. Rece [James] aussi Malo [Gusto].\u00bb<\/p>\n<h2>Les milieux de terrain de Chelsea mentionn\u00e9s par leur nouveau manager<\/h2>\n<figure id=\"attachment_55171\" aria-describedby=\"caption-attachment-55171\" style=\"width: 2560px\" class=\"wp-caption aligncenter\"><\/figure>\n<p>Mais le grand moment pour beaucoup de fans n&#39;a pas \u00e9t\u00e9 d&#39;\u00eatre rassur\u00e9 par le fait qu&#39;Alonso estime que ses options seniors actuelles sont suffisantes, mais de l&#39;entendre nommer Reggie Watson et Mahdi Nicoll-Jazuli :<\/p>\n<p>\u00ab\u00a0Watson et Mahdi de l&#39;acad\u00e9mie [can play]. Nous avons des options, de la qualit\u00e9 et de la comp\u00e9titivit\u00e9.<\/p>\n<p>Les deux jeunes de 16 ans de l&#39;acad\u00e9mie ont impressionn\u00e9 lors de la pr\u00e9-saison, et nous esp\u00e9rions les entendre parler. Ils ne commenceront pas beaucoup \u2013 voire pas du tout \u2013 mais c&#39;est agr\u00e9able d&#39;entendre qu&#39;Alonso les a en t\u00eate en cas de crise de blessures.<\/p>\n<h2>Dans d\u2019autres actualit\u00e9s\u2026<\/h2>\n<p>Alonso a \u00e9t\u00e9 interrog\u00e9 sur l&#39;\u00e9tat de blessure de Caicedo et a refus\u00e9 de donner une r\u00e9ponse trop concr\u00e8te \u2013 nous avons nos soup\u00e7ons, dont nous avons discut\u00e9 ici.<\/p>\n<p>Alonso a eu quelques astuces sp\u00e9ciales \u00e0 l&#39;entra\u00eenement cette semaine : il a demand\u00e9 \u00e0 ses joueurs d&#39;utiliser des sacs de plaquage de rugby pour se pr\u00e9parer aux coups de pied arr\u00eat\u00e9s d&#39;Arsenal.<\/p>\n<\/p><\/div>\n","protected":false},"excerpt":{"rendered":"<p>Le milieu de terrain de Chelsea est devenu le centre d&#39;attention en ce moment, apr\u00e8s le d\u00e9part d&#39;Enzo Fernandez sans rempla\u00e7ant. La situation du milieu<\/p>\n","protected":false},"author":1,"featured_media":41150,"comment_status":"closed","ping_status":"","sticky":false,"template":"","format":"standard","meta":{"footnotes":""},"categories":[3],"tags":[318,171,12,512,4386,93,4295,5108,12613,10693,45,442,11311],"yoast_head":"<!-- This site is optimized with the Yoast SEO plugin v21.0 - https:\/\/yoast.com\/wordpress\/plugins\/seo\/ -->\n<title>Les fans de Chelsea sont ravis alors qu&#039;Alonso v\u00e9rifie le nom des milieux de terrain de l&#039;acad\u00e9mie<\/title>\n<meta name=\"robots\" content=\"index, follow, max-snippet:-1, max-image-preview:large, max-video-preview:-1\" \/>\n<link rel=\"canonical\" href=\"https:\/\/footdavant.fr\/actualites\/les-fans-de-chelsea-sont-ravis-alors-qualonso-verifie-le-nom-des-milieux-de-terrain-de-lacademie\/\" \/>\n<meta property=\"og:locale\" content=\"fr_FR\" \/>\n<meta property=\"og:type\" content=\"article\" \/>\n<meta property=\"og:title\" content=\"Les fans de Chelsea sont ravis alors qu&#039;Alonso v\u00e9rifie le nom des milieux de terrain de l&#039;acad\u00e9mie\" \/>\n<meta property=\"og:description\" content=\"Le milieu de terrain de Chelsea est devenu le centre d&#039;attention en ce moment, apr\u00e8s le d\u00e9part d&#039;Enzo Fernandez sans rempla\u00e7ant. La situation du milieu\" \/>\n<meta property=\"og:url\" content=\"https:\/\/footdavant.fr\/actualites\/les-fans-de-chelsea-sont-ravis-alors-qualonso-verifie-le-nom-des-milieux-de-terrain-de-lacademie\/\" \/>\n<meta property=\"og:site_name\" content=\"Foot d&#039;avant\" \/>\n<meta property=\"article:publisher\" content=\"https:\/\/www.facebook.com\/Footdavant\/\" \/>\n<meta property=\"article:published_time\" content=\"2026-09-04T14:48:03+00:00\" \/>\n<meta property=\"article:modified_time\" content=\"2026-09-04T14:48:08+00:00\" \/>\n<meta property=\"og:image\" content=\"https:\/\/footdavant.fr\/actualites\/wp-content\/uploads\/2026\/09\/1788533284_Les-fans-de-Chelsea-sont-ravis-alors-qu39Alonso-verifie-le.jpg\" \/>\n\t<meta property=\"og:image:width\" content=\"2560\" \/>\n\t<meta property=\"og:image:height\" content=\"1708\" \/>\n\t<meta property=\"og:image:type\" content=\"image\/jpeg\" \/>\n<meta name=\"author\" content=\"Cl\u00e9ment\" \/>\n<meta name=\"twitter:card\" content=\"summary_large_image\" \/>\n<meta name=\"twitter:creator\" content=\"@FootdavantFr\" \/>\n<meta name=\"twitter:site\" content=\"@FootdavantFr\" \/>\n<meta name=\"twitter:label1\" content=\"\u00c9crit par\" \/>\n\t<meta name=\"twitter:data1\" content=\"Cl\u00e9ment\" \/>\n\t<meta name=\"twitter:label2\" content=\"Dur\u00e9e de lecture estim\u00e9e\" \/>\n\t<meta name=\"twitter:data2\" content=\"2 minutes\" \/>\n<script type=\"application\/ld+json\" class=\"yoast-schema-graph\">{\"@context\":\"https:\/\/schema.org\",\"@graph\":[{\"@type\":\"Article\",\"@id\":\"https:\/\/footdavant.fr\/actualites\/les-fans-de-chelsea-sont-ravis-alors-qualonso-verifie-le-nom-des-milieux-de-terrain-de-lacademie\/#article\",\"isPartOf\":{\"@id\":\"https:\/\/footdavant.fr\/actualites\/les-fans-de-chelsea-sont-ravis-alors-qualonso-verifie-le-nom-des-milieux-de-terrain-de-lacademie\/\"},\"author\":{\"name\":\"Cl\u00e9ment\",\"@id\":\"https:\/\/footdavant.fr\/actualites\/#\/schema\/person\/bc222566d95871b37e597b3ed3ba5e1d\"},\"headline\":\"Les fans de Chelsea sont ravis alors qu&#39;Alonso v\u00e9rifie le nom des milieux de terrain de l&#39;acad\u00e9mie\",\"datePublished\":\"2026-09-04T14:48:03+00:00\",\"dateModified\":\"2026-09-04T14:48:08+00:00\",\"mainEntityOfPage\":{\"@id\":\"https:\/\/footdavant.fr\/actualites\/les-fans-de-chelsea-sont-ravis-alors-qualonso-verifie-le-nom-des-milieux-de-terrain-de-lacademie\/\"},\"wordCount\":359,\"publisher\":{\"@id\":\"https:\/\/footdavant.fr\/actualites\/#organization\"},\"keywords\":[\"alors\",\"Chelsea\",\"des\",\"fans\",\"l39acad\u00e9mie\",\"les\",\"milieux\",\"nom\",\"qu39Alonso\",\"ravis\",\"sont\",\"terrain\",\"v\u00e9rifi\u00e9\"],\"articleSection\":[\"Football\"],\"inLanguage\":\"fr-FR\"},{\"@type\":\"WebPage\",\"@id\":\"https:\/\/footdavant.fr\/actualites\/les-fans-de-chelsea-sont-ravis-alors-qualonso-verifie-le-nom-des-milieux-de-terrain-de-lacademie\/\",\"url\":\"https:\/\/footdavant.fr\/actualites\/les-fans-de-chelsea-sont-ravis-alors-qualonso-verifie-le-nom-des-milieux-de-terrain-de-lacademie\/\",\"name\":\"Les fans de Chelsea sont ravis alors qu&#39;Alonso v\u00e9rifie le nom des milieux de terrain de l&#39;acad\u00e9mie\",\"isPartOf\":{\"@id\":\"https:\/\/footdavant.fr\/actualites\/#website\"},\"datePublished\":\"2026-09-04T14:48:03+00:00\",\"dateModified\":\"2026-09-04T14:48:08+00:00\",\"breadcrumb\":{\"@id\":\"https:\/\/footdavant.fr\/actualites\/les-fans-de-chelsea-sont-ravis-alors-qualonso-verifie-le-nom-des-milieux-de-terrain-de-lacademie\/#breadcrumb\"},\"inLanguage\":\"fr-FR\",\"potentialAction\":[{\"@type\":\"ReadAction\",\"target\":[\"https:\/\/footdavant.fr\/actualites\/les-fans-de-chelsea-sont-ravis-alors-qualonso-verifie-le-nom-des-milieux-de-terrain-de-lacademie\/\"]}]},{\"@type\":\"BreadcrumbList\",\"@id\":\"https:\/\/footdavant.fr\/actualites\/les-fans-de-chelsea-sont-ravis-alors-qualonso-verifie-le-nom-des-milieux-de-terrain-de-lacademie\/#breadcrumb\",\"itemListElement\":[{\"@type\":\"ListItem\",\"position\":1,\"name\":\"Accueil\",\"item\":\"https:\/\/footdavant.fr\/actualites\/\"},{\"@type\":\"ListItem\",\"position\":2,\"name\":\"Les fans de Chelsea sont ravis alors qu&#39;Alonso v\u00e9rifie le nom des milieux de terrain de l&#39;acad\u00e9mie\"}]},{\"@type\":\"WebSite\",\"@id\":\"https:\/\/footdavant.fr\/actualites\/#website\",\"url\":\"https:\/\/footdavant.fr\/actualites\/\",\"name\":\"Foot d'avant\",\"description\":\"\",\"publisher\":{\"@id\":\"https:\/\/footdavant.fr\/actualites\/#organization\"},\"potentialAction\":[{\"@type\":\"SearchAction\",\"target\":{\"@type\":\"EntryPoint\",\"urlTemplate\":\"https:\/\/footdavant.fr\/actualites\/?s={search_term_string}\"},\"query-input\":\"required name=search_term_string\"}],\"inLanguage\":\"fr-FR\"},{\"@type\":\"Organization\",\"@id\":\"https:\/\/footdavant.fr\/actualites\/#organization\",\"name\":\"Foot d'avant\",\"url\":\"https:\/\/footdavant.fr\/actualites\/\",\"logo\":{\"@type\":\"ImageObject\",\"inLanguage\":\"fr-FR\",\"@id\":\"https:\/\/footdavant.fr\/actualites\/#\/schema\/logo\/image\/\",\"url\":\"https:\/\/footdavant.fr\/actualites\/wp-content\/uploads\/2023\/09\/Copy-of-FootDavant-Logo.png\",\"contentUrl\":\"https:\/\/footdavant.fr\/actualites\/wp-content\/uploads\/2023\/09\/Copy-of-FootDavant-Logo.png\",\"width\":936,\"height\":549,\"caption\":\"Foot d'avant\"},\"image\":{\"@id\":\"https:\/\/footdavant.fr\/actualites\/#\/schema\/logo\/image\/\"},\"sameAs\":[\"https:\/\/www.facebook.com\/Footdavant\/\",\"https:\/\/twitter.com\/FootdavantFr\",\"https:\/\/www.instagram.com\/footdavant.fr\/\"]},{\"@type\":\"Person\",\"@id\":\"https:\/\/footdavant.fr\/actualites\/#\/schema\/person\/bc222566d95871b37e597b3ed3ba5e1d\",\"name\":\"Cl\u00e9ment\",\"image\":{\"@type\":\"ImageObject\",\"inLanguage\":\"fr-FR\",\"@id\":\"https:\/\/footdavant.fr\/actualites\/#\/schema\/person\/image\/\",\"url\":\"https:\/\/secure.gravatar.com\/avatar\/7728b29aac2719421e1a9159b2254c44?s=96&d=mm&r=g\",\"contentUrl\":\"https:\/\/secure.gravatar.com\/avatar\/7728b29aac2719421e1a9159b2254c44?s=96&d=mm&r=g\",\"caption\":\"Cl\u00e9ment\"},\"sameAs\":[\"https:\/\/footdavant.fr\/\"]}]}<\/script>\n<!-- \/ Yoast SEO plugin. -->","yoast_head_json":{"title":"Les fans de Chelsea sont ravis alors qu&#39;Alonso v\u00e9rifie le nom des milieux de terrain de l&#39;acad\u00e9mie","robots":{"index":"index","follow":"follow","max-snippet":"max-snippet:-1","max-image-preview":"max-image-preview:large","max-video-preview":"max-video-preview:-1"},"canonical":"https:\/\/footdavant.fr\/actualites\/les-fans-de-chelsea-sont-ravis-alors-qualonso-verifie-le-nom-des-milieux-de-terrain-de-lacademie\/","og_locale":"fr_FR","og_type":"article","og_title":"Les fans de Chelsea sont ravis alors qu&#39;Alonso v\u00e9rifie le nom des milieux de terrain de l&#39;acad\u00e9mie","og_description":"Le milieu de terrain de Chelsea est devenu le centre d&#39;attention en ce moment, apr\u00e8s le d\u00e9part d&#39;Enzo Fernandez sans rempla\u00e7ant. La situation du milieu","og_url":"https:\/\/footdavant.fr\/actualites\/les-fans-de-chelsea-sont-ravis-alors-qualonso-verifie-le-nom-des-milieux-de-terrain-de-lacademie\/","og_site_name":"Foot d&#039;avant","article_publisher":"https:\/\/www.facebook.com\/Footdavant\/","article_published_time":"2026-09-04T14:48:03+00:00","article_modified_time":"2026-09-04T14:48:08+00:00","og_image":[{"width":2560,"height":1708,"url":"https:\/\/footdavant.fr\/actualites\/wp-content\/uploads\/2026\/09\/1788533284_Les-fans-de-Chelsea-sont-ravis-alors-qu39Alonso-verifie-le.jpg","type":"image\/jpeg"}],"author":"Cl\u00e9ment","twitter_card":"summary_large_image","twitter_creator":"@FootdavantFr","twitter_site":"@FootdavantFr","twitter_misc":{"\u00c9crit par":"Cl\u00e9ment","Dur\u00e9e de lecture estim\u00e9e":"2 minutes"},"schema":{"@context":"https:\/\/schema.org","@graph":[{"@type":"Article","@id":"https:\/\/footdavant.fr\/actualites\/les-fans-de-chelsea-sont-ravis-alors-qualonso-verifie-le-nom-des-milieux-de-terrain-de-lacademie\/#article","isPartOf":{"@id":"https:\/\/footdavant.fr\/actualites\/les-fans-de-chelsea-sont-ravis-alors-qualonso-verifie-le-nom-des-milieux-de-terrain-de-lacademie\/"},"author":{"name":"Cl\u00e9ment","@id":"https:\/\/footdavant.fr\/actualites\/#\/schema\/person\/bc222566d95871b37e597b3ed3ba5e1d"},"headline":"Les fans de Chelsea sont ravis alors qu&#39;Alonso v\u00e9rifie le nom des milieux de terrain de l&#39;acad\u00e9mie","datePublished":"2026-09-04T14:48:03+00:00","dateModified":"2026-09-04T14:48:08+00:00","mainEntityOfPage":{"@id":"https:\/\/footdavant.fr\/actualites\/les-fans-de-chelsea-sont-ravis-alors-qualonso-verifie-le-nom-des-milieux-de-terrain-de-lacademie\/"},"wordCount":359,"publisher":{"@id":"https:\/\/footdavant.fr\/actualites\/#organization"},"keywords":["alors","Chelsea","des","fans","l39acad\u00e9mie","les","milieux","nom","qu39Alonso","ravis","sont","terrain","v\u00e9rifi\u00e9"],"articleSection":["Football"],"inLanguage":"fr-FR"},{"@type":"WebPage","@id":"https:\/\/footdavant.fr\/actualites\/les-fans-de-chelsea-sont-ravis-alors-qualonso-verifie-le-nom-des-milieux-de-terrain-de-lacademie\/","url":"https:\/\/footdavant.fr\/actualites\/les-fans-de-chelsea-sont-ravis-alors-qualonso-verifie-le-nom-des-milieux-de-terrain-de-lacademie\/","name":"Les fans de Chelsea sont ravis alors qu&#39;Alonso v\u00e9rifie le nom des milieux de terrain de l&#39;acad\u00e9mie","isPartOf":{"@id":"https:\/\/footdavant.fr\/actualites\/#website"},"datePublished":"2026-09-04T14:48:03+00:00","dateModified":"2026-09-04T14:48:08+00:00","breadcrumb":{"@id":"https:\/\/footdavant.fr\/actualites\/les-fans-de-chelsea-sont-ravis-alors-qualonso-verifie-le-nom-des-milieux-de-terrain-de-lacademie\/#breadcrumb"},"inLanguage":"fr-FR","potentialAction":[{"@type":"ReadAction","target":["https:\/\/footdavant.fr\/actualites\/les-fans-de-chelsea-sont-ravis-alors-qualonso-verifie-le-nom-des-milieux-de-terrain-de-lacademie\/"]}]},{"@type":"BreadcrumbList","@id":"https:\/\/footdavant.fr\/actualites\/les-fans-de-chelsea-sont-ravis-alors-qualonso-verifie-le-nom-des-milieux-de-terrain-de-lacademie\/#breadcrumb","itemListElement":[{"@type":"ListItem","position":1,"name":"Accueil","item":"https:\/\/footdavant.fr\/actualites\/"},{"@type":"ListItem","position":2,"name":"Les fans de Chelsea sont ravis alors qu&#39;Alonso v\u00e9rifie le nom des milieux de terrain de l&#39;acad\u00e9mie"}]},{"@type":"WebSite","@id":"https:\/\/footdavant.fr\/actualites\/#website","url":"https:\/\/footdavant.fr\/actualites\/","name":"Foot d'avant","description":"","publisher":{"@id":"https:\/\/footdavant.fr\/actualites\/#organization"},"potentialAction":[{"@type":"SearchAction","target":{"@type":"EntryPoint","urlTemplate":"https:\/\/footdavant.fr\/actualites\/?s={search_term_string}"},"query-input":"required name=search_term_string"}],"inLanguage":"fr-FR"},{"@type":"Organization","@id":"https:\/\/footdavant.fr\/actualites\/#organization","name":"Foot d'avant","url":"https:\/\/footdavant.fr\/actualites\/","logo":{"@type":"ImageObject","inLanguage":"fr-FR","@id":"https:\/\/footdavant.fr\/actualites\/#\/schema\/logo\/image\/","url":"https:\/\/footdavant.fr\/actualites\/wp-content\/uploads\/2023\/09\/Copy-of-FootDavant-Logo.png","contentUrl":"https:\/\/footdavant.fr\/actualites\/wp-content\/uploads\/2023\/09\/Copy-of-FootDavant-Logo.png","width":936,"height":549,"caption":"Foot d'avant"},"image":{"@id":"https:\/\/footdavant.fr\/actualites\/#\/schema\/logo\/image\/"},"sameAs":["https:\/\/www.facebook.com\/Footdavant\/","https:\/\/twitter.com\/FootdavantFr","https:\/\/www.instagram.com\/footdavant.fr\/"]},{"@type":"Person","@id":"https:\/\/footdavant.fr\/actualites\/#\/schema\/person\/bc222566d95871b37e597b3ed3ba5e1d","name":"Cl\u00e9ment","image":{"@type":"ImageObject","inLanguage":"fr-FR","@id":"https:\/\/footdavant.fr\/actualites\/#\/schema\/person\/image\/","url":"https:\/\/secure.gravatar.com\/avatar\/7728b29aac2719421e1a9159b2254c44?s=96&d=mm&r=g","contentUrl":"https:\/\/secure.gravatar.com\/avatar\/7728b29aac2719421e1a9159b2254c44?s=96&d=mm&r=g","caption":"Cl\u00e9ment"},"sameAs":["https:\/\/footdavant.fr\/"]}]}},"_links":{"self":[{"href":"https:\/\/footdavant.fr\/actualites\/wp-json\/wp\/v2\/posts\/41149"}],"collection":[{"href":"https:\/\/footdavant.fr\/actualites\/wp-json\/wp\/v2\/posts"}],"about":[{"href":"https:\/\/footdavant.fr\/actualites\/wp-json\/wp\/v2\/types\/post"}],"author":[{"embeddable":true,"href":"https:\/\/footdavant.fr\/actualites\/wp-json\/wp\/v2\/users\/1"}],"replies":[{"embeddable":true,"href":"https:\/\/footdavant.fr\/actualites\/wp-json\/wp\/v2\/comments?post=41149"}],"version-history":[{"count":1,"href":"https:\/\/footdavant.fr\/actualites\/wp-json\/wp\/v2\/posts\/41149\/revisions"}],"predecessor-version":[{"id":41151,"href":"https:\/\/footdavant.fr\/actualites\/wp-json\/wp\/v2\/posts\/41149\/revisions\/41151"}],"wp:featuredmedia":[{"embeddable":true,"href":"https:\/\/footdavant.fr\/actualites\/wp-json\/wp\/v2\/media\/41150"}],"wp:attachment":[{"href":"https:\/\/footdavant.fr\/actualites\/wp-json\/wp\/v2\/media?parent=41149"}],"wp:term":[{"taxonomy":"category","embeddable":true,"href":"https:\/\/footdavant.fr\/actualites\/wp-json\/wp\/v2\/categories?post=41149"},{"taxonomy":"post_tag","embeddable":true,"href":"https:\/\/footdavant.fr\/actualites\/wp-json\/wp\/v2\/tags?post=41149"}],"curies":[{"name":"wp","href":"https:\/\/api.w.org\/{rel}","templated":true}]}}