{"id":41152,"date":"2026-09-04T20:48:30","date_gmt":"2026-09-04T18:48:30","guid":{"rendered":"https:\/\/footdavant.fr\/actualites\/au-revoir-a-la-petite-gabi-un-blog-darsenal\/"},"modified":"2026-09-04T20:48:32","modified_gmt":"2026-09-04T18:48:32","slug":"au-revoir-a-la-petite-gabi-un-blog-darsenal","status":"publish","type":"post","link":"https:\/\/footdavant.fr\/actualites\/au-revoir-a-la-petite-gabi-un-blog-darsenal\/","title":{"rendered":"Au revoir \u00e0 la petite Gabi |  &#8230;un blog d&#39;Arsenal"},"content":{"rendered":"<div>\n<p>Bonjour \u00e0 tous.<\/p>\n<p>Commen\u00e7ons aujourd&#39;hui par un au revoir, apr\u00e8s la confirmation hier du transfert de Gabriel Martinelli \u00e0 Al Hilal. Les honoraires, un montant record de 70 millions d&#39;euros, signifient qu&#39;il devient notre vente la plus ch\u00e8re de tous les temps, m\u00eame si je suis s\u00fbr que c&#39;est une vente qu&#39;il n&#39;a probablement jamais r\u00eav\u00e9 d&#39;avoir sous son nom \u2013 en particulier \u00e0 un club de la ligue saoudienne.<\/p>\n<p>Il est arriv\u00e9 de la quatri\u00e8me division br\u00e9silienne \u00e0 l&#39;\u00e2ge de 18 ans et \u00e9tait initialement destin\u00e9 \u00e0 un r\u00f4le et \u00e0 une progression \u00e0 l&#39;Acad\u00e9mie. Tr\u00e8s vite cependant, Arsenal a r\u00e9alis\u00e9 ce qu&#39;il avait et il a fait ses d\u00e9buts en Premier League en ao\u00fbt, devenant rempla\u00e7ant lors d&#39;une victoire 1-0 \u00e0 Newcastle. Cette saison-l\u00e0, il fait 26 apparitions toutes comp\u00e9titions confondues, marquant 10 buts et d\u00e9livrant 3 passes d\u00e9cisives.<\/p>\n<p>Il repart avec 278 apparitions pour le club, avec 62 buts et 36 passes d\u00e9cisives \u00e0 son actif. Des chiffres tr\u00e8s respectables, mais probablement pas tout \u00e0 fait le niveau de production dont nous avions r\u00eav\u00e9 de sa part. La saison de 15 buts en Premier League en 2022-23 a plac\u00e9 une barre qu&#39;il n&#39;a jamais vraiment atteinte, en particulier dans cette comp\u00e9tition, mais au cours des saisons suivantes, son temps de jeu a \u00e9t\u00e9 partag\u00e9 avec Leandro Trossard. Le manager disposait de deux tr\u00e8s bonnes options sur le c\u00f4t\u00e9 gauche et les a utilis\u00e9es toutes les deux.<\/p>\n<p>Je pense qu\u2019il est juste de dire que certains \u00e9l\u00e9ments de son jeu semblent avoir un peu stagn\u00e9. On pourrait se demander si cela d\u00e9pendait uniquement de lui ou, peut-\u00eatre que si nous pouvions tous le voir, vous pourriez remettre en question un peu l&#39;entra\u00eenement et le d\u00e9veloppement, mais une chose que vous avez toujours re\u00e7ue de Gabriel Martinelli \u00e9tait un engagement total dans son travail sur le terrain. La pr\u00e9f\u00e9rence de Mikel Arteta pour les ailiers bidirectionnels est \u00e9vidente. Il veut que vous attaquiez et que vous livriez le produit final dans le dernier tiers, mais par Dieu, il veut que vous soyez \u00e9galement la premi\u00e8re ligne de d\u00e9fense. Si vous devez vous casser le ventre pour couvrir tout votre dos, vous feriez mieux de le faire, et je ne pense pas que nous accordions suffisamment de cr\u00e9dit \u00e0 ces joueurs pour \u00e0 quel point cela est physiquement exigeant (et comment cela pourrait m\u00eame avoir un impact sur votre capacit\u00e9 \u00e0 atteindre l&#39;autre bout apr\u00e8s avoir effectu\u00e9 un sprint de 80 m\u00e8tres pour emp\u00eacher un arri\u00e8re lat\u00e9ral qui se chevauche dans un centre).<\/p>\n<p>Je ne pense pas avoir jamais vu Martinelli se soustraire \u00e0 cet aspect de son travail, et je pense que m\u00eame s&#39;il y avait parfois de la frustration envers lui, la grande majorit\u00e9 des fans d&#39;Arsenal respectaient pleinement son rythme de travail et ses efforts \u00e0 chaque fois qu&#39;il enfilait le maillot. Il nous a \u00e9galement offert de superbes buts et des moments magiques. \u00c0 Bilbao la saison derni\u00e8re en Ligue des Champions, il a marqu\u00e9 un but important, et Riccardo Calafiori l&#39;a soulev\u00e9 et a montr\u00e9 le nom sur son maillot tandis que les supporters d&#39;Arsenal chantaient sa chanson avec vigueur dans les tribunes pendant des si\u00e8cles. Cela aide que Bella Ciao soit un peu banger de toute fa\u00e7on, mais cela t\u00e9moigne \u00e9galement de l&#39;affection que nous avions envers le joueur.<\/p>\n<p>Quoi d&#39;autre? Le but \u00e0 l&#39;ext\u00e9rieur au Bernebeu. Le but d&#39;\u00e9chapp\u00e9e contre Chelsea (glissade, oups !) et celui \u00e0 Aston Villa o\u00f9 Emi Martinez est mont\u00e9 en corner, Unai Emery est devenu fou \u00e0 cause de cela, et Martinelli a c\u00e9l\u00e9br\u00e9 avec ses bras en l&#39;air avant m\u00eame d&#39;avoir fait rouler le ballon \u00e0 la maison. De gros buts contre Liverpool et Man City alors que nous avons fait pencher la balance des pouvoirs apr\u00e8s avoir \u00e9t\u00e9 dans leur ombre pendant si longtemps. Passer le flambeau d&#39;une certaine mani\u00e8re, sans que nous le sachions \u00e0 l&#39;\u00e9poque, un homme senior faisant office de bloqueur sur le but de Max Dowman contre Everton. Et le but contre Man City la saison derni\u00e8re. On lui a reproch\u00e9 de n&#39;avoir marqu\u00e9 qu&#39;un seul but en Premier League lors de notre campagne pour le titre, mais quel but c&#39;\u00e9tait, et quel but important c&#39;\u00e9tait aussi. Comment cet \u00e9lan de d\u00e9but de saison aurait-il pu changer sans cette passe fantastique d&#39;Eberechi Eze, ainsi que le mouvement \u00e9clair et la superbe finition de Martinelli ?<\/p>\n<p>Dans un message sur son Instagram, il a dit au revoir :<\/p>\n<blockquote>\n<p>Je pensais que je resterais pour toujours. Aux fans, merci pour tout. Depuis mon premier jour, tu m\u2019as fait me sentir chez moi. A chaque fois que je suis entr\u00e9 sur le terrain, malgr\u00e9 tout, j&#39;ai essay\u00e9 de tout donner pour ce maillot.<\/p>\n<p>\u00c0 Arsenal, merci d\u2019avoir cru en moi et de m\u2019avoir donn\u00e9 la chance de me montrer au monde. Cela a \u00e9t\u00e9 un long voyage, trop d&#39;histoire et maintenant il touche \u00e0 sa fin. J&#39;\u00e9cris ceci les larmes aux yeux, c&#39;est tellement difficile de mettre des mots sur 7 ans.<\/p>\n<p>De 35 \u00e0 11. Tireur un jour, Tireur toujours.<\/p>\n<\/blockquote>\n<p>Je sais qu&#39;il y a un danger \u00e0 trop lire dans les publications sur les r\u00e9seaux sociaux, mais j&#39;ai pens\u00e9 qu&#39;il \u00e9tait remarquable qu&#39;il n&#39;y ait pas une seule mention ou photo de Mikel Arteta, malgr\u00e9 le fait que les deux ont tant partag\u00e9 au cours de ces sept ann\u00e9es. Je sais que le football est un business impitoyable, une minute tu es la saveur du mois, la suivante tu es rempla\u00e7able. Les joueurs le savent (), mais je pense toujours que c&#39;est triste que cela se termine par des r\u00e9criminations \u00e9videntes. Je pense qu&#39;il m\u00e9ritait mieux de la part de certaines personnes du club au sujet de son d\u00e9part, et pour moi en tout cas, cela laisse un go\u00fbt un peu amer. Votre parcours peut bien s\u00fbr varier, mais quand quelqu&#39;un comme Ian Wright s&#39;exprime publiquement comme il l&#39;a fait il y a quelques semaines, cela vous dit quelque chose sur la fa\u00e7on dont tout cela s&#39;est pass\u00e9.<\/p>\n<p>Il n\u2019y a pas un joueur au monde qui ne frustre pas ses supporters, dont les standards sont toujours exigeants. Mais fondamentalement, les fans se connectent avec des joueurs qui, selon eux, aiment le club, qui enfilent ce maillot et savent ce que signifie repr\u00e9senter, et Gabriel Martinelli \u00e9tait l\u2019un de ceux-l\u00e0 d\u00e8s sa toute premi\u00e8re apparition. Vous savez, quand ce n\u2019est pas authentique, dans son cas, \u00e7a l\u2019\u00e9tait vraiment, vraiment. Il s&#39;est donn\u00e9 \u00e0 100 % \u00e0 chaque fois, a marqu\u00e9 des buts brillants pour Arsenal et a cr\u00e9\u00e9 des moments magiques. Vous saviez qu\u2019il aimait Arsenal, et c\u2019\u00e9tait r\u00e9ciproque.<\/p>\n<p>Il repart en champion, et il l\u2019a absolument m\u00e9rit\u00e9. \ud83c\udfc6 Bonne chance Gabi.<\/p>\n<p>\u2014<\/p>\n<p>Bon, c&#39;est tout pour aujourd&#39;hui. Pour une lecture suppl\u00e9mentaire, la chronique de Tim se concentre sur l&#39;am\u00e9lioration de l&#39;attaque avec ce que nous avons apr\u00e8s la fermeture de la fen\u00eatre sans autre arriv\u00e9e. Il y a un Arsecast ci-dessous si vous n&#39;avez pas encore eu l&#39;occasion de l&#39;\u00e9couter, et nous nous tournerons vers Chelsea \u2013 et plus encore \u2013 un peu plus tard dans notre podcast d&#39;aper\u00e7u Patreon.<\/p>\n<p>Pour l\u2019instant, passez un bon vendredi les amis.<\/p>\n<p><iframe loading=\"lazy\" src=\"https:\/\/embed.acast.com\/a1a58121-6fb4-43cf-8156-8d6df6fc312f\/6a9963fa054653259ad8e345\" width=\"100%\" height=\"300px\" frameborder=\"0\"><\/iframe><\/p>\n<\/div>\n","protected":false},"excerpt":{"rendered":"<p>Bonjour \u00e0 tous. Commen\u00e7ons aujourd&#39;hui par un au revoir, apr\u00e8s la confirmation hier du transfert de Gabriel Martinelli \u00e0 Al Hilal. Les honoraires, un montant<\/p>\n","protected":false},"author":1,"featured_media":41153,"comment_status":"closed","ping_status":"","sticky":false,"template":"","format":"standard","meta":{"footnotes":""},"categories":[3],"tags":[57,58,4221,9985,1933,9256],"yoast_head":"<!-- This site is optimized with the Yoast SEO plugin v21.0 - https:\/\/yoast.com\/wordpress\/plugins\/seo\/ -->\n<title>Au revoir \u00e0 la petite Gabi | ...un blog d&#039;Arsenal<\/title>\n<meta name=\"robots\" content=\"index, follow, max-snippet:-1, max-image-preview:large, max-video-preview:-1\" \/>\n<link rel=\"canonical\" href=\"https:\/\/footdavant.fr\/actualites\/au-revoir-a-la-petite-gabi-un-blog-darsenal\/\" \/>\n<meta property=\"og:locale\" content=\"fr_FR\" \/>\n<meta property=\"og:type\" content=\"article\" \/>\n<meta property=\"og:title\" content=\"Au revoir \u00e0 la petite Gabi | ...un blog d&#039;Arsenal\" \/>\n<meta property=\"og:description\" content=\"Bonjour \u00e0 tous. Commen\u00e7ons aujourd&#039;hui par un au revoir, apr\u00e8s la confirmation hier du transfert de Gabriel Martinelli \u00e0 Al Hilal. Les honoraires, un montant\" \/>\n<meta property=\"og:url\" content=\"https:\/\/footdavant.fr\/actualites\/au-revoir-a-la-petite-gabi-un-blog-darsenal\/\" \/>\n<meta property=\"og:site_name\" content=\"Foot d&#039;avant\" \/>\n<meta property=\"article:publisher\" content=\"https:\/\/www.facebook.com\/Footdavant\/\" \/>\n<meta property=\"article:published_time\" content=\"2026-09-04T18:48:30+00:00\" \/>\n<meta property=\"article:modified_time\" content=\"2026-09-04T18:48:32+00:00\" \/>\n<meta property=\"og:image\" content=\"https:\/\/footdavant.fr\/actualites\/wp-content\/uploads\/2026\/09\/Au-revoir-a-la-petite-Gabi-un-blog-d39Arsenal.webp\" \/>\n\t<meta property=\"og:image:width\" content=\"1790\" \/>\n\t<meta property=\"og:image:height\" content=\"962\" \/>\n\t<meta property=\"og:image:type\" content=\"image\/webp\" \/>\n<meta name=\"author\" content=\"Cl\u00e9ment\" \/>\n<meta name=\"twitter:card\" content=\"summary_large_image\" \/>\n<meta name=\"twitter:creator\" content=\"@FootdavantFr\" \/>\n<meta name=\"twitter:site\" content=\"@FootdavantFr\" \/>\n<meta name=\"twitter:label1\" content=\"\u00c9crit par\" \/>\n\t<meta name=\"twitter:data1\" content=\"Cl\u00e9ment\" \/>\n\t<meta name=\"twitter:label2\" content=\"Dur\u00e9e de lecture estim\u00e9e\" \/>\n\t<meta name=\"twitter:data2\" content=\"6 minutes\" \/>\n<script type=\"application\/ld+json\" class=\"yoast-schema-graph\">{\"@context\":\"https:\/\/schema.org\",\"@graph\":[{\"@type\":\"Article\",\"@id\":\"https:\/\/footdavant.fr\/actualites\/au-revoir-a-la-petite-gabi-un-blog-darsenal\/#article\",\"isPartOf\":{\"@id\":\"https:\/\/footdavant.fr\/actualites\/au-revoir-a-la-petite-gabi-un-blog-darsenal\/\"},\"author\":{\"name\":\"Cl\u00e9ment\",\"@id\":\"https:\/\/footdavant.fr\/actualites\/#\/schema\/person\/bc222566d95871b37e597b3ed3ba5e1d\"},\"headline\":\"Au revoir \u00e0 la petite Gabi | &#8230;un blog d&#39;Arsenal\",\"datePublished\":\"2026-09-04T18:48:30+00:00\",\"dateModified\":\"2026-09-04T18:48:32+00:00\",\"mainEntityOfPage\":{\"@id\":\"https:\/\/footdavant.fr\/actualites\/au-revoir-a-la-petite-gabi-un-blog-darsenal\/\"},\"wordCount\":1299,\"publisher\":{\"@id\":\"https:\/\/footdavant.fr\/actualites\/#organization\"},\"keywords\":[\"...un\",\"blog\",\"d39Arsenal\",\"Gabi\",\"petite\",\"revoir\"],\"articleSection\":[\"Football\"],\"inLanguage\":\"fr-FR\"},{\"@type\":\"WebPage\",\"@id\":\"https:\/\/footdavant.fr\/actualites\/au-revoir-a-la-petite-gabi-un-blog-darsenal\/\",\"url\":\"https:\/\/footdavant.fr\/actualites\/au-revoir-a-la-petite-gabi-un-blog-darsenal\/\",\"name\":\"Au revoir \u00e0 la petite Gabi | ...un blog d&#39;Arsenal\",\"isPartOf\":{\"@id\":\"https:\/\/footdavant.fr\/actualites\/#website\"},\"datePublished\":\"2026-09-04T18:48:30+00:00\",\"dateModified\":\"2026-09-04T18:48:32+00:00\",\"breadcrumb\":{\"@id\":\"https:\/\/footdavant.fr\/actualites\/au-revoir-a-la-petite-gabi-un-blog-darsenal\/#breadcrumb\"},\"inLanguage\":\"fr-FR\",\"potentialAction\":[{\"@type\":\"ReadAction\",\"target\":[\"https:\/\/footdavant.fr\/actualites\/au-revoir-a-la-petite-gabi-un-blog-darsenal\/\"]}]},{\"@type\":\"BreadcrumbList\",\"@id\":\"https:\/\/footdavant.fr\/actualites\/au-revoir-a-la-petite-gabi-un-blog-darsenal\/#breadcrumb\",\"itemListElement\":[{\"@type\":\"ListItem\",\"position\":1,\"name\":\"Accueil\",\"item\":\"https:\/\/footdavant.fr\/actualites\/\"},{\"@type\":\"ListItem\",\"position\":2,\"name\":\"Au revoir \u00e0 la petite Gabi | &#8230;un blog d&#39;Arsenal\"}]},{\"@type\":\"WebSite\",\"@id\":\"https:\/\/footdavant.fr\/actualites\/#website\",\"url\":\"https:\/\/footdavant.fr\/actualites\/\",\"name\":\"Foot d'avant\",\"description\":\"\",\"publisher\":{\"@id\":\"https:\/\/footdavant.fr\/actualites\/#organization\"},\"potentialAction\":[{\"@type\":\"SearchAction\",\"target\":{\"@type\":\"EntryPoint\",\"urlTemplate\":\"https:\/\/footdavant.fr\/actualites\/?s={search_term_string}\"},\"query-input\":\"required name=search_term_string\"}],\"inLanguage\":\"fr-FR\"},{\"@type\":\"Organization\",\"@id\":\"https:\/\/footdavant.fr\/actualites\/#organization\",\"name\":\"Foot d'avant\",\"url\":\"https:\/\/footdavant.fr\/actualites\/\",\"logo\":{\"@type\":\"ImageObject\",\"inLanguage\":\"fr-FR\",\"@id\":\"https:\/\/footdavant.fr\/actualites\/#\/schema\/logo\/image\/\",\"url\":\"https:\/\/footdavant.fr\/actualites\/wp-content\/uploads\/2023\/09\/Copy-of-FootDavant-Logo.png\",\"contentUrl\":\"https:\/\/footdavant.fr\/actualites\/wp-content\/uploads\/2023\/09\/Copy-of-FootDavant-Logo.png\",\"width\":936,\"height\":549,\"caption\":\"Foot d'avant\"},\"image\":{\"@id\":\"https:\/\/footdavant.fr\/actualites\/#\/schema\/logo\/image\/\"},\"sameAs\":[\"https:\/\/www.facebook.com\/Footdavant\/\",\"https:\/\/twitter.com\/FootdavantFr\",\"https:\/\/www.instagram.com\/footdavant.fr\/\"]},{\"@type\":\"Person\",\"@id\":\"https:\/\/footdavant.fr\/actualites\/#\/schema\/person\/bc222566d95871b37e597b3ed3ba5e1d\",\"name\":\"Cl\u00e9ment\",\"image\":{\"@type\":\"ImageObject\",\"inLanguage\":\"fr-FR\",\"@id\":\"https:\/\/footdavant.fr\/actualites\/#\/schema\/person\/image\/\",\"url\":\"https:\/\/secure.gravatar.com\/avatar\/7728b29aac2719421e1a9159b2254c44?s=96&d=mm&r=g\",\"contentUrl\":\"https:\/\/secure.gravatar.com\/avatar\/7728b29aac2719421e1a9159b2254c44?s=96&d=mm&r=g\",\"caption\":\"Cl\u00e9ment\"},\"sameAs\":[\"https:\/\/footdavant.fr\/\"]}]}<\/script>\n<!-- \/ Yoast SEO plugin. -->","yoast_head_json":{"title":"Au revoir \u00e0 la petite Gabi | ...un blog d&#39;Arsenal","robots":{"index":"index","follow":"follow","max-snippet":"max-snippet:-1","max-image-preview":"max-image-preview:large","max-video-preview":"max-video-preview:-1"},"canonical":"https:\/\/footdavant.fr\/actualites\/au-revoir-a-la-petite-gabi-un-blog-darsenal\/","og_locale":"fr_FR","og_type":"article","og_title":"Au revoir \u00e0 la petite Gabi | ...un blog d&#39;Arsenal","og_description":"Bonjour \u00e0 tous. Commen\u00e7ons aujourd&#39;hui par un au revoir, apr\u00e8s la confirmation hier du transfert de Gabriel Martinelli \u00e0 Al Hilal. Les honoraires, un montant","og_url":"https:\/\/footdavant.fr\/actualites\/au-revoir-a-la-petite-gabi-un-blog-darsenal\/","og_site_name":"Foot d&#039;avant","article_publisher":"https:\/\/www.facebook.com\/Footdavant\/","article_published_time":"2026-09-04T18:48:30+00:00","article_modified_time":"2026-09-04T18:48:32+00:00","og_image":[{"width":1790,"height":962,"url":"https:\/\/footdavant.fr\/actualites\/wp-content\/uploads\/2026\/09\/Au-revoir-a-la-petite-Gabi-un-blog-d39Arsenal.webp","type":"image\/webp"}],"author":"Cl\u00e9ment","twitter_card":"summary_large_image","twitter_creator":"@FootdavantFr","twitter_site":"@FootdavantFr","twitter_misc":{"\u00c9crit par":"Cl\u00e9ment","Dur\u00e9e de lecture estim\u00e9e":"6 minutes"},"schema":{"@context":"https:\/\/schema.org","@graph":[{"@type":"Article","@id":"https:\/\/footdavant.fr\/actualites\/au-revoir-a-la-petite-gabi-un-blog-darsenal\/#article","isPartOf":{"@id":"https:\/\/footdavant.fr\/actualites\/au-revoir-a-la-petite-gabi-un-blog-darsenal\/"},"author":{"name":"Cl\u00e9ment","@id":"https:\/\/footdavant.fr\/actualites\/#\/schema\/person\/bc222566d95871b37e597b3ed3ba5e1d"},"headline":"Au revoir \u00e0 la petite Gabi | &#8230;un blog d&#39;Arsenal","datePublished":"2026-09-04T18:48:30+00:00","dateModified":"2026-09-04T18:48:32+00:00","mainEntityOfPage":{"@id":"https:\/\/footdavant.fr\/actualites\/au-revoir-a-la-petite-gabi-un-blog-darsenal\/"},"wordCount":1299,"publisher":{"@id":"https:\/\/footdavant.fr\/actualites\/#organization"},"keywords":["...un","blog","d39Arsenal","Gabi","petite","revoir"],"articleSection":["Football"],"inLanguage":"fr-FR"},{"@type":"WebPage","@id":"https:\/\/footdavant.fr\/actualites\/au-revoir-a-la-petite-gabi-un-blog-darsenal\/","url":"https:\/\/footdavant.fr\/actualites\/au-revoir-a-la-petite-gabi-un-blog-darsenal\/","name":"Au revoir \u00e0 la petite Gabi | ...un blog d&#39;Arsenal","isPartOf":{"@id":"https:\/\/footdavant.fr\/actualites\/#website"},"datePublished":"2026-09-04T18:48:30+00:00","dateModified":"2026-09-04T18:48:32+00:00","breadcrumb":{"@id":"https:\/\/footdavant.fr\/actualites\/au-revoir-a-la-petite-gabi-un-blog-darsenal\/#breadcrumb"},"inLanguage":"fr-FR","potentialAction":[{"@type":"ReadAction","target":["https:\/\/footdavant.fr\/actualites\/au-revoir-a-la-petite-gabi-un-blog-darsenal\/"]}]},{"@type":"BreadcrumbList","@id":"https:\/\/footdavant.fr\/actualites\/au-revoir-a-la-petite-gabi-un-blog-darsenal\/#breadcrumb","itemListElement":[{"@type":"ListItem","position":1,"name":"Accueil","item":"https:\/\/footdavant.fr\/actualites\/"},{"@type":"ListItem","position":2,"name":"Au revoir \u00e0 la petite Gabi | &#8230;un blog d&#39;Arsenal"}]},{"@type":"WebSite","@id":"https:\/\/footdavant.fr\/actualites\/#website","url":"https:\/\/footdavant.fr\/actualites\/","name":"Foot d'avant","description":"","publisher":{"@id":"https:\/\/footdavant.fr\/actualites\/#organization"},"potentialAction":[{"@type":"SearchAction","target":{"@type":"EntryPoint","urlTemplate":"https:\/\/footdavant.fr\/actualites\/?s={search_term_string}"},"query-input":"required name=search_term_string"}],"inLanguage":"fr-FR"},{"@type":"Organization","@id":"https:\/\/footdavant.fr\/actualites\/#organization","name":"Foot d'avant","url":"https:\/\/footdavant.fr\/actualites\/","logo":{"@type":"ImageObject","inLanguage":"fr-FR","@id":"https:\/\/footdavant.fr\/actualites\/#\/schema\/logo\/image\/","url":"https:\/\/footdavant.fr\/actualites\/wp-content\/uploads\/2023\/09\/Copy-of-FootDavant-Logo.png","contentUrl":"https:\/\/footdavant.fr\/actualites\/wp-content\/uploads\/2023\/09\/Copy-of-FootDavant-Logo.png","width":936,"height":549,"caption":"Foot d'avant"},"image":{"@id":"https:\/\/footdavant.fr\/actualites\/#\/schema\/logo\/image\/"},"sameAs":["https:\/\/www.facebook.com\/Footdavant\/","https:\/\/twitter.com\/FootdavantFr","https:\/\/www.instagram.com\/footdavant.fr\/"]},{"@type":"Person","@id":"https:\/\/footdavant.fr\/actualites\/#\/schema\/person\/bc222566d95871b37e597b3ed3ba5e1d","name":"Cl\u00e9ment","image":{"@type":"ImageObject","inLanguage":"fr-FR","@id":"https:\/\/footdavant.fr\/actualites\/#\/schema\/person\/image\/","url":"https:\/\/secure.gravatar.com\/avatar\/7728b29aac2719421e1a9159b2254c44?s=96&d=mm&r=g","contentUrl":"https:\/\/secure.gravatar.com\/avatar\/7728b29aac2719421e1a9159b2254c44?s=96&d=mm&r=g","caption":"Cl\u00e9ment"},"sameAs":["https:\/\/footdavant.fr\/"]}]}},"_links":{"self":[{"href":"https:\/\/footdavant.fr\/actualites\/wp-json\/wp\/v2\/posts\/41152"}],"collection":[{"href":"https:\/\/footdavant.fr\/actualites\/wp-json\/wp\/v2\/posts"}],"about":[{"href":"https:\/\/footdavant.fr\/actualites\/wp-json\/wp\/v2\/types\/post"}],"author":[{"embeddable":true,"href":"https:\/\/footdavant.fr\/actualites\/wp-json\/wp\/v2\/users\/1"}],"replies":[{"embeddable":true,"href":"https:\/\/footdavant.fr\/actualites\/wp-json\/wp\/v2\/comments?post=41152"}],"version-history":[{"count":1,"href":"https:\/\/footdavant.fr\/actualites\/wp-json\/wp\/v2\/posts\/41152\/revisions"}],"predecessor-version":[{"id":41154,"href":"https:\/\/footdavant.fr\/actualites\/wp-json\/wp\/v2\/posts\/41152\/revisions\/41154"}],"wp:featuredmedia":[{"embeddable":true,"href":"https:\/\/footdavant.fr\/actualites\/wp-json\/wp\/v2\/media\/41153"}],"wp:attachment":[{"href":"https:\/\/footdavant.fr\/actualites\/wp-json\/wp\/v2\/media?parent=41152"}],"wp:term":[{"taxonomy":"category","embeddable":true,"href":"https:\/\/footdavant.fr\/actualites\/wp-json\/wp\/v2\/categories?post=41152"},{"taxonomy":"post_tag","embeddable":true,"href":"https:\/\/footdavant.fr\/actualites\/wp-json\/wp\/v2\/tags?post=41152"}],"curies":[{"name":"wp","href":"https:\/\/api.w.org\/{rel}","templated":true}]}}