{"id":41155,"date":"2026-09-05T00:48:16","date_gmt":"2026-09-04T22:48:16","guid":{"rendered":"https:\/\/footdavant.fr\/actualites\/ce-quiraola-a-dit-a-propos-de-bradley-barcola-apres-ses-debuts-a-liverpool\/"},"modified":"2026-09-05T00:48:20","modified_gmt":"2026-09-04T22:48:20","slug":"ce-quiraola-a-dit-a-propos-de-bradley-barcola-apres-ses-debuts-a-liverpool","status":"publish","type":"post","link":"https:\/\/footdavant.fr\/actualites\/ce-quiraola-a-dit-a-propos-de-bradley-barcola-apres-ses-debuts-a-liverpool\/","title":{"rendered":"Ce qu&#39;Iraola a dit \u00e0 propos de Bradley Barcola apr\u00e8s ses d\u00e9buts \u00e0 Liverpool"},"content":{"rendered":"<div id=\"article-body\">\n<!-- Article Start --><\/p>\n<p>Bradley Barcola a fait ses d\u00e9buts \u00e0 Liverpool en tant que rempla\u00e7ant lors de la victoire 2-0 des Reds \u00e0 Ipswich vendredi soir.<\/p>\n<p>L&#39;ailier fran\u00e7ais a rejoint le Paris Saint-Germain dans le cadre d&#39;un accord potentiellement d&#39;une valeur allant jusqu&#39;\u00e0 123 millions de livres sterling (The Athletic) plus t\u00f4t cette semaine, mettant ainsi fin \u00e0 une saga de transferts qui avait dur\u00e9 tout l&#39;\u00e9t\u00e9.<\/p>\n<p>Le joueur de 24 ans a d\u00fb se contenter d&#39;une place parmi les rempla\u00e7ants \u00e0 Portman Road, mais l&#39;entra\u00eeneur-chef a tenu sa promesse d&#39;avant-match de donner quelques minutes \u00e0 l&#39;attaquant dans le Suffolk alors qu&#39;il \u00e9tait pr\u00e9sent\u00e9 juste apr\u00e8s l&#39;heure de jeu.<\/p>\n<h2>Iraola satisfait des d\u00e9buts du Barcola \u00e0 Liverpool<\/h2>\n<p>En parlant \u00e0 Sky Sports apr\u00e8s la victoire contre Ipswich, on a demand\u00e9 \u00e0 Iraola son \u00e9valuation de la performance de Barcola lors de ses d\u00e9buts \u00e0 Liverpool.<\/p>\n<p>Le Basque r\u00e9pondit : <\/p>\n<\/p>\n<figure id=\"attachment_290134\" aria-describedby=\"caption-attachment-290134\" style=\"width: 713px\" class=\"wp-caption alignnone\"><picture><source type=\"image\/webp\" data- data-><\/source><\/picture><\/figure>\n<\/p>\n<h2>Barcola a eu de pr\u00e9cieuses minutes dans les jambes<\/h2>\n<p>Il est important qu&#39;Iraola ait soulign\u00e9 le manque de temps de jeu de Barcola depuis la fin de la Coupe du monde \u00e0 la mi-juillet, ce qui a probablement \u00e9t\u00e9 le facteur d\u00e9cisif pour qu&#39;il soit rempla\u00e7ant plut\u00f4t que titulaire ce soir.<\/p>\n<p>Le joueur de 24 ans n&#39;avait pas jou\u00e9 pour le PSG lors de ses premiers matchs de la saison avant son transfert \u00e0 Liverpool, donc pour lui, avoir 26 minutes en dehors du banc est une premi\u00e8re \u00e9tape constructive vers la reconstruction de sa pleine forme physique.<\/p>\n<p>Theo Squires a \u00e9crit pour le Liverpool Echo que le Fran\u00e7ais a fait \u00ab\u00a0des d\u00e9buts tranquilles\u00a0\u00bb pour les Reds et \u00ab\u00a0n&#39;a pas assez vu le ballon\u00a0\u00bb pendant son s\u00e9jour sur le terrain, ce qui est probablement une \u00e9valuation juste de la performance de l&#39;ailier.<\/p>\n<p>Selon Sofascore, il n&#39;a compl\u00e9t\u00e9 que cinq passes en pr\u00e8s d&#39;une demi-heure et n&#39;a r\u00e9ussi aucun tir contre Ipswich, bien qu&#39;il ait enregistr\u00e9 une passe cl\u00e9 et effectu\u00e9 quelques courses anim\u00e9es peu de temps apr\u00e8s son introduction.<\/p>\n<p>Il y a beaucoup plus \u00e0 venir de Barcola, nous en sommes s\u00fbrs, mais au moins il a maintenant ses d\u00e9buts derri\u00e8re lui et quelques minutes pr\u00e9cieuses sur le terrain alors qu&#39;il s&#39;efforce de commencer \u00e0 rembourser les frais que Liverpool a pay\u00e9s pour lui.<\/p>\n<p><!-- Article End -->\t\t\t\t<\/div>\n","protected":false},"excerpt":{"rendered":"<p>Bradley Barcola a fait ses d\u00e9buts \u00e0 Liverpool en tant que rempla\u00e7ant lors de la victoire 2-0 des Reds \u00e0 Ipswich vendredi soir. L&#39;ailier fran\u00e7ais<\/p>\n","protected":false},"author":1,"featured_media":41156,"comment_status":"closed","ping_status":"","sticky":false,"template":"","format":"standard","meta":{"footnotes":""},"categories":[3],"tags":[25,10152,4857,721,125,53,3148,12614,154],"yoast_head":"<!-- This site is optimized with the Yoast SEO plugin v21.0 - https:\/\/yoast.com\/wordpress\/plugins\/seo\/ -->\n<title>Ce qu&#039;Iraola a dit \u00e0 propos de Bradley Barcola apr\u00e8s ses d\u00e9buts \u00e0 Liverpool<\/title>\n<meta name=\"robots\" content=\"index, follow, max-snippet:-1, max-image-preview:large, max-video-preview:-1\" \/>\n<link rel=\"canonical\" href=\"https:\/\/footdavant.fr\/actualites\/ce-quiraola-a-dit-a-propos-de-bradley-barcola-apres-ses-debuts-a-liverpool\/\" \/>\n<meta property=\"og:locale\" content=\"fr_FR\" \/>\n<meta property=\"og:type\" content=\"article\" \/>\n<meta property=\"og:title\" content=\"Ce qu&#039;Iraola a dit \u00e0 propos de Bradley Barcola apr\u00e8s ses d\u00e9buts \u00e0 Liverpool\" \/>\n<meta property=\"og:description\" content=\"Bradley Barcola a fait ses d\u00e9buts \u00e0 Liverpool en tant que rempla\u00e7ant lors de la victoire 2-0 des Reds \u00e0 Ipswich vendredi soir. L&#039;ailier fran\u00e7ais\" \/>\n<meta property=\"og:url\" content=\"https:\/\/footdavant.fr\/actualites\/ce-quiraola-a-dit-a-propos-de-bradley-barcola-apres-ses-debuts-a-liverpool\/\" \/>\n<meta property=\"og:site_name\" content=\"Foot d&#039;avant\" \/>\n<meta property=\"article:publisher\" content=\"https:\/\/www.facebook.com\/Footdavant\/\" \/>\n<meta property=\"article:published_time\" content=\"2026-09-04T22:48:16+00:00\" \/>\n<meta property=\"article:modified_time\" content=\"2026-09-04T22:48:20+00:00\" \/>\n<meta property=\"og:image\" content=\"https:\/\/footdavant.fr\/actualites\/wp-content\/uploads\/2026\/09\/1788562098_Ce-qu39Iraola-a-dit-a-propos-de-Bradley-Barcola-apres.jpg\" \/>\n\t<meta property=\"og:image:width\" content=\"1507\" \/>\n\t<meta property=\"og:image:height\" content=\"846\" \/>\n\t<meta property=\"og:image:type\" content=\"image\/jpeg\" \/>\n<meta name=\"author\" content=\"Cl\u00e9ment\" \/>\n<meta name=\"twitter:card\" content=\"summary_large_image\" \/>\n<meta name=\"twitter:creator\" content=\"@FootdavantFr\" \/>\n<meta name=\"twitter:site\" content=\"@FootdavantFr\" \/>\n<meta name=\"twitter:label1\" content=\"\u00c9crit par\" \/>\n\t<meta name=\"twitter:data1\" content=\"Cl\u00e9ment\" \/>\n\t<meta name=\"twitter:label2\" content=\"Dur\u00e9e de lecture estim\u00e9e\" \/>\n\t<meta name=\"twitter:data2\" content=\"2 minutes\" \/>\n<script type=\"application\/ld+json\" class=\"yoast-schema-graph\">{\"@context\":\"https:\/\/schema.org\",\"@graph\":[{\"@type\":\"Article\",\"@id\":\"https:\/\/footdavant.fr\/actualites\/ce-quiraola-a-dit-a-propos-de-bradley-barcola-apres-ses-debuts-a-liverpool\/#article\",\"isPartOf\":{\"@id\":\"https:\/\/footdavant.fr\/actualites\/ce-quiraola-a-dit-a-propos-de-bradley-barcola-apres-ses-debuts-a-liverpool\/\"},\"author\":{\"name\":\"Cl\u00e9ment\",\"@id\":\"https:\/\/footdavant.fr\/actualites\/#\/schema\/person\/bc222566d95871b37e597b3ed3ba5e1d\"},\"headline\":\"Ce qu&#39;Iraola a dit \u00e0 propos de Bradley Barcola apr\u00e8s ses d\u00e9buts \u00e0 Liverpool\",\"datePublished\":\"2026-09-04T22:48:16+00:00\",\"dateModified\":\"2026-09-04T22:48:20+00:00\",\"mainEntityOfPage\":{\"@id\":\"https:\/\/footdavant.fr\/actualites\/ce-quiraola-a-dit-a-propos-de-bradley-barcola-apres-ses-debuts-a-liverpool\/\"},\"wordCount\":418,\"publisher\":{\"@id\":\"https:\/\/footdavant.fr\/actualites\/#organization\"},\"keywords\":[\"apr\u00e8s\",\"Barcola\",\"Bradley\",\"d\u00e9buts\",\"dit\",\"Liverpool\",\"propos\",\"qu39Iraola\",\"ses\"],\"articleSection\":[\"Football\"],\"inLanguage\":\"fr-FR\"},{\"@type\":\"WebPage\",\"@id\":\"https:\/\/footdavant.fr\/actualites\/ce-quiraola-a-dit-a-propos-de-bradley-barcola-apres-ses-debuts-a-liverpool\/\",\"url\":\"https:\/\/footdavant.fr\/actualites\/ce-quiraola-a-dit-a-propos-de-bradley-barcola-apres-ses-debuts-a-liverpool\/\",\"name\":\"Ce qu&#39;Iraola a dit \u00e0 propos de Bradley Barcola apr\u00e8s ses d\u00e9buts \u00e0 Liverpool\",\"isPartOf\":{\"@id\":\"https:\/\/footdavant.fr\/actualites\/#website\"},\"datePublished\":\"2026-09-04T22:48:16+00:00\",\"dateModified\":\"2026-09-04T22:48:20+00:00\",\"breadcrumb\":{\"@id\":\"https:\/\/footdavant.fr\/actualites\/ce-quiraola-a-dit-a-propos-de-bradley-barcola-apres-ses-debuts-a-liverpool\/#breadcrumb\"},\"inLanguage\":\"fr-FR\",\"potentialAction\":[{\"@type\":\"ReadAction\",\"target\":[\"https:\/\/footdavant.fr\/actualites\/ce-quiraola-a-dit-a-propos-de-bradley-barcola-apres-ses-debuts-a-liverpool\/\"]}]},{\"@type\":\"BreadcrumbList\",\"@id\":\"https:\/\/footdavant.fr\/actualites\/ce-quiraola-a-dit-a-propos-de-bradley-barcola-apres-ses-debuts-a-liverpool\/#breadcrumb\",\"itemListElement\":[{\"@type\":\"ListItem\",\"position\":1,\"name\":\"Accueil\",\"item\":\"https:\/\/footdavant.fr\/actualites\/\"},{\"@type\":\"ListItem\",\"position\":2,\"name\":\"Ce qu&#39;Iraola a dit \u00e0 propos de Bradley Barcola apr\u00e8s ses d\u00e9buts \u00e0 Liverpool\"}]},{\"@type\":\"WebSite\",\"@id\":\"https:\/\/footdavant.fr\/actualites\/#website\",\"url\":\"https:\/\/footdavant.fr\/actualites\/\",\"name\":\"Foot d'avant\",\"description\":\"\",\"publisher\":{\"@id\":\"https:\/\/footdavant.fr\/actualites\/#organization\"},\"potentialAction\":[{\"@type\":\"SearchAction\",\"target\":{\"@type\":\"EntryPoint\",\"urlTemplate\":\"https:\/\/footdavant.fr\/actualites\/?s={search_term_string}\"},\"query-input\":\"required name=search_term_string\"}],\"inLanguage\":\"fr-FR\"},{\"@type\":\"Organization\",\"@id\":\"https:\/\/footdavant.fr\/actualites\/#organization\",\"name\":\"Foot d'avant\",\"url\":\"https:\/\/footdavant.fr\/actualites\/\",\"logo\":{\"@type\":\"ImageObject\",\"inLanguage\":\"fr-FR\",\"@id\":\"https:\/\/footdavant.fr\/actualites\/#\/schema\/logo\/image\/\",\"url\":\"https:\/\/footdavant.fr\/actualites\/wp-content\/uploads\/2023\/09\/Copy-of-FootDavant-Logo.png\",\"contentUrl\":\"https:\/\/footdavant.fr\/actualites\/wp-content\/uploads\/2023\/09\/Copy-of-FootDavant-Logo.png\",\"width\":936,\"height\":549,\"caption\":\"Foot d'avant\"},\"image\":{\"@id\":\"https:\/\/footdavant.fr\/actualites\/#\/schema\/logo\/image\/\"},\"sameAs\":[\"https:\/\/www.facebook.com\/Footdavant\/\",\"https:\/\/twitter.com\/FootdavantFr\",\"https:\/\/www.instagram.com\/footdavant.fr\/\"]},{\"@type\":\"Person\",\"@id\":\"https:\/\/footdavant.fr\/actualites\/#\/schema\/person\/bc222566d95871b37e597b3ed3ba5e1d\",\"name\":\"Cl\u00e9ment\",\"image\":{\"@type\":\"ImageObject\",\"inLanguage\":\"fr-FR\",\"@id\":\"https:\/\/footdavant.fr\/actualites\/#\/schema\/person\/image\/\",\"url\":\"https:\/\/secure.gravatar.com\/avatar\/7728b29aac2719421e1a9159b2254c44?s=96&d=mm&r=g\",\"contentUrl\":\"https:\/\/secure.gravatar.com\/avatar\/7728b29aac2719421e1a9159b2254c44?s=96&d=mm&r=g\",\"caption\":\"Cl\u00e9ment\"},\"sameAs\":[\"https:\/\/footdavant.fr\/\"]}]}<\/script>\n<!-- \/ Yoast SEO plugin. -->","yoast_head_json":{"title":"Ce qu&#39;Iraola a dit \u00e0 propos de Bradley Barcola apr\u00e8s ses d\u00e9buts \u00e0 Liverpool","robots":{"index":"index","follow":"follow","max-snippet":"max-snippet:-1","max-image-preview":"max-image-preview:large","max-video-preview":"max-video-preview:-1"},"canonical":"https:\/\/footdavant.fr\/actualites\/ce-quiraola-a-dit-a-propos-de-bradley-barcola-apres-ses-debuts-a-liverpool\/","og_locale":"fr_FR","og_type":"article","og_title":"Ce qu&#39;Iraola a dit \u00e0 propos de Bradley Barcola apr\u00e8s ses d\u00e9buts \u00e0 Liverpool","og_description":"Bradley Barcola a fait ses d\u00e9buts \u00e0 Liverpool en tant que rempla\u00e7ant lors de la victoire 2-0 des Reds \u00e0 Ipswich vendredi soir. L&#39;ailier fran\u00e7ais","og_url":"https:\/\/footdavant.fr\/actualites\/ce-quiraola-a-dit-a-propos-de-bradley-barcola-apres-ses-debuts-a-liverpool\/","og_site_name":"Foot d&#039;avant","article_publisher":"https:\/\/www.facebook.com\/Footdavant\/","article_published_time":"2026-09-04T22:48:16+00:00","article_modified_time":"2026-09-04T22:48:20+00:00","og_image":[{"width":1507,"height":846,"url":"https:\/\/footdavant.fr\/actualites\/wp-content\/uploads\/2026\/09\/1788562098_Ce-qu39Iraola-a-dit-a-propos-de-Bradley-Barcola-apres.jpg","type":"image\/jpeg"}],"author":"Cl\u00e9ment","twitter_card":"summary_large_image","twitter_creator":"@FootdavantFr","twitter_site":"@FootdavantFr","twitter_misc":{"\u00c9crit par":"Cl\u00e9ment","Dur\u00e9e de lecture estim\u00e9e":"2 minutes"},"schema":{"@context":"https:\/\/schema.org","@graph":[{"@type":"Article","@id":"https:\/\/footdavant.fr\/actualites\/ce-quiraola-a-dit-a-propos-de-bradley-barcola-apres-ses-debuts-a-liverpool\/#article","isPartOf":{"@id":"https:\/\/footdavant.fr\/actualites\/ce-quiraola-a-dit-a-propos-de-bradley-barcola-apres-ses-debuts-a-liverpool\/"},"author":{"name":"Cl\u00e9ment","@id":"https:\/\/footdavant.fr\/actualites\/#\/schema\/person\/bc222566d95871b37e597b3ed3ba5e1d"},"headline":"Ce qu&#39;Iraola a dit \u00e0 propos de Bradley Barcola apr\u00e8s ses d\u00e9buts \u00e0 Liverpool","datePublished":"2026-09-04T22:48:16+00:00","dateModified":"2026-09-04T22:48:20+00:00","mainEntityOfPage":{"@id":"https:\/\/footdavant.fr\/actualites\/ce-quiraola-a-dit-a-propos-de-bradley-barcola-apres-ses-debuts-a-liverpool\/"},"wordCount":418,"publisher":{"@id":"https:\/\/footdavant.fr\/actualites\/#organization"},"keywords":["apr\u00e8s","Barcola","Bradley","d\u00e9buts","dit","Liverpool","propos","qu39Iraola","ses"],"articleSection":["Football"],"inLanguage":"fr-FR"},{"@type":"WebPage","@id":"https:\/\/footdavant.fr\/actualites\/ce-quiraola-a-dit-a-propos-de-bradley-barcola-apres-ses-debuts-a-liverpool\/","url":"https:\/\/footdavant.fr\/actualites\/ce-quiraola-a-dit-a-propos-de-bradley-barcola-apres-ses-debuts-a-liverpool\/","name":"Ce qu&#39;Iraola a dit \u00e0 propos de Bradley Barcola apr\u00e8s ses d\u00e9buts \u00e0 Liverpool","isPartOf":{"@id":"https:\/\/footdavant.fr\/actualites\/#website"},"datePublished":"2026-09-04T22:48:16+00:00","dateModified":"2026-09-04T22:48:20+00:00","breadcrumb":{"@id":"https:\/\/footdavant.fr\/actualites\/ce-quiraola-a-dit-a-propos-de-bradley-barcola-apres-ses-debuts-a-liverpool\/#breadcrumb"},"inLanguage":"fr-FR","potentialAction":[{"@type":"ReadAction","target":["https:\/\/footdavant.fr\/actualites\/ce-quiraola-a-dit-a-propos-de-bradley-barcola-apres-ses-debuts-a-liverpool\/"]}]},{"@type":"BreadcrumbList","@id":"https:\/\/footdavant.fr\/actualites\/ce-quiraola-a-dit-a-propos-de-bradley-barcola-apres-ses-debuts-a-liverpool\/#breadcrumb","itemListElement":[{"@type":"ListItem","position":1,"name":"Accueil","item":"https:\/\/footdavant.fr\/actualites\/"},{"@type":"ListItem","position":2,"name":"Ce qu&#39;Iraola a dit \u00e0 propos de Bradley Barcola apr\u00e8s ses d\u00e9buts \u00e0 Liverpool"}]},{"@type":"WebSite","@id":"https:\/\/footdavant.fr\/actualites\/#website","url":"https:\/\/footdavant.fr\/actualites\/","name":"Foot d'avant","description":"","publisher":{"@id":"https:\/\/footdavant.fr\/actualites\/#organization"},"potentialAction":[{"@type":"SearchAction","target":{"@type":"EntryPoint","urlTemplate":"https:\/\/footdavant.fr\/actualites\/?s={search_term_string}"},"query-input":"required name=search_term_string"}],"inLanguage":"fr-FR"},{"@type":"Organization","@id":"https:\/\/footdavant.fr\/actualites\/#organization","name":"Foot d'avant","url":"https:\/\/footdavant.fr\/actualites\/","logo":{"@type":"ImageObject","inLanguage":"fr-FR","@id":"https:\/\/footdavant.fr\/actualites\/#\/schema\/logo\/image\/","url":"https:\/\/footdavant.fr\/actualites\/wp-content\/uploads\/2023\/09\/Copy-of-FootDavant-Logo.png","contentUrl":"https:\/\/footdavant.fr\/actualites\/wp-content\/uploads\/2023\/09\/Copy-of-FootDavant-Logo.png","width":936,"height":549,"caption":"Foot d'avant"},"image":{"@id":"https:\/\/footdavant.fr\/actualites\/#\/schema\/logo\/image\/"},"sameAs":["https:\/\/www.facebook.com\/Footdavant\/","https:\/\/twitter.com\/FootdavantFr","https:\/\/www.instagram.com\/footdavant.fr\/"]},{"@type":"Person","@id":"https:\/\/footdavant.fr\/actualites\/#\/schema\/person\/bc222566d95871b37e597b3ed3ba5e1d","name":"Cl\u00e9ment","image":{"@type":"ImageObject","inLanguage":"fr-FR","@id":"https:\/\/footdavant.fr\/actualites\/#\/schema\/person\/image\/","url":"https:\/\/secure.gravatar.com\/avatar\/7728b29aac2719421e1a9159b2254c44?s=96&d=mm&r=g","contentUrl":"https:\/\/secure.gravatar.com\/avatar\/7728b29aac2719421e1a9159b2254c44?s=96&d=mm&r=g","caption":"Cl\u00e9ment"},"sameAs":["https:\/\/footdavant.fr\/"]}]}},"_links":{"self":[{"href":"https:\/\/footdavant.fr\/actualites\/wp-json\/wp\/v2\/posts\/41155"}],"collection":[{"href":"https:\/\/footdavant.fr\/actualites\/wp-json\/wp\/v2\/posts"}],"about":[{"href":"https:\/\/footdavant.fr\/actualites\/wp-json\/wp\/v2\/types\/post"}],"author":[{"embeddable":true,"href":"https:\/\/footdavant.fr\/actualites\/wp-json\/wp\/v2\/users\/1"}],"replies":[{"embeddable":true,"href":"https:\/\/footdavant.fr\/actualites\/wp-json\/wp\/v2\/comments?post=41155"}],"version-history":[{"count":1,"href":"https:\/\/footdavant.fr\/actualites\/wp-json\/wp\/v2\/posts\/41155\/revisions"}],"predecessor-version":[{"id":41157,"href":"https:\/\/footdavant.fr\/actualites\/wp-json\/wp\/v2\/posts\/41155\/revisions\/41157"}],"wp:featuredmedia":[{"embeddable":true,"href":"https:\/\/footdavant.fr\/actualites\/wp-json\/wp\/v2\/media\/41156"}],"wp:attachment":[{"href":"https:\/\/footdavant.fr\/actualites\/wp-json\/wp\/v2\/media?parent=41155"}],"wp:term":[{"taxonomy":"category","embeddable":true,"href":"https:\/\/footdavant.fr\/actualites\/wp-json\/wp\/v2\/categories?post=41155"},{"taxonomy":"post_tag","embeddable":true,"href":"https:\/\/footdavant.fr\/actualites\/wp-json\/wp\/v2\/tags?post=41155"}],"curies":[{"name":"wp","href":"https:\/\/api.w.org\/{rel}","templated":true}]}}