{"id":41158,"date":"2026-09-05T04:48:30","date_gmt":"2026-09-05T02:48:30","guid":{"rendered":"https:\/\/footdavant.fr\/actualites\/iraola-salue-isak-apres-la-premiere-victoire-de-liverpool-a-ipswich-cest-un-joueur-enorme-pour-nous\/"},"modified":"2026-09-05T04:48:50","modified_gmt":"2026-09-05T02:48:50","slug":"iraola-salue-isak-apres-la-premiere-victoire-de-liverpool-a-ipswich-cest-un-joueur-enorme-pour-nous","status":"publish","type":"post","link":"https:\/\/footdavant.fr\/actualites\/iraola-salue-isak-apres-la-premiere-victoire-de-liverpool-a-ipswich-cest-un-joueur-enorme-pour-nous\/","title":{"rendered":"Iraola salue Isak apr\u00e8s la premi\u00e8re victoire de Liverpool \u00e0 Ipswich : \u00ab\u00a0C&#39;est un joueur \u00e9norme pour nous\u00a0\u00bb"},"content":{"rendered":"<div>\n<p>Andoni Iraola a salu\u00e9 l&#39;impact d&#39;Alexander Isak et la discipline de son \u00e9quipe de Liverpool apr\u00e8s une victoire dominante 2-0 \u00e0 Ipswich Town qui a donn\u00e9 au nouvel entra\u00eeneur-chef sa premi\u00e8re victoire en Premier League et a propuls\u00e9 les Reds \u00e0 la cinqui\u00e8me place du classement.<\/p>\n<p>Isak a marqu\u00e9 deux fois dans les neuf premi\u00e8res minutes \u00e0 Portman Road pour mettre le r\u00e9sultat hors de tout doute avant la mi-temps, convertissant une arriv\u00e9e au poteau proche de la premi\u00e8re passe d\u00e9cisive de Cody Gakpo \u00e0 la sixi\u00e8me minute avant de montrer des pieds rapides pour contourner Kjell Scherpen et rouler dans un but ouvert trois minutes plus tard.<\/p>\n<p>Ces buts sont les deuxi\u00e8me et troisi\u00e8me d&#39;Isak cette saison en Premier League, \u00e9galant son total d&#39;une premi\u00e8re campagne difficile \u00e0 Anfield en proie \u00e0 des blessures sous Arne Slot.<\/p>\n<p>Cette victoire est arriv\u00e9e \u00e0 un moment critique pour Iraola, qui avait fait match nul lors de ses deux premiers matches et faisait l&#39;objet d&#39;une surveillance croissante apr\u00e8s un \u00e9t\u00e9 chaotique. L&#39;entra\u00eeneur basque s&#39;est clairement montr\u00e9 soulag\u00e9 lors de ses entretiens d&#39;apr\u00e8s-match.<\/p>\n<p>\u00ab\u00a0Certainement pour remporter la premi\u00e8re victoire. Nous avions besoin de celle-l\u00e0, telle qu&#39;elle s&#39;est d\u00e9roul\u00e9e. Nous avons obtenu une cage inviol\u00e9e. Nous contr\u00f4lons assez bien le match. Je pense que nous avons commenc\u00e9 le match tr\u00e8s fort, puis ce fut une autre sorte de deuxi\u00e8me mi-temps. Ce n&#39;\u00e9tait probablement pas aussi bon que la premi\u00e8re\u00a0\u00bb, a-t-il d\u00e9clar\u00e9.<\/p>\n<h3 class=\"wp-block-heading\">Iraola \u00e0 propos d&#39;Isak : \u00ab\u00a0Mon combat avec lui portera sur autre chose\u00a0\u00bb<\/h3>\n<figure class=\"wp-block-image size-large\"><picture decoding=\"async\" class=\"wp-image-209447\"><source type=\"image\/webp\"  \/><\/picture>\n<\/figure>\n<p>Iraola \u00e9tait cat\u00e9gorique sur la qualit\u00e9 qu&#39;Isak apporte \u00e0 cette \u00e9quipe de Liverpool, tout en r\u00e9v\u00e9lant \u00e9galement que ses attentes \u00e0 l&#39;\u00e9gard de l&#39;attaquant s&#39;\u00e9tendent bien au-del\u00e0 des buts.<\/p>\n<p>\u00ab\u00a0C&#39;est un joueur \u00e9norme pour nous. Mes exigences ne porteront probablement pas sur les buts, je sais qu&#39;il est en forme et en bonne forme. Il va produire des chiffres. <\/p>\n<p>\u00ab\u00a0Mon combat avec lui portera davantage sur d&#39;autres choses, sur la fa\u00e7on d&#39;aider l&#39;\u00e9quipe dans d&#39;autres situations, mais c&#39;est bien qu&#39;il ait d\u00e9j\u00e0 jou\u00e9 deux matchs complets, marquant des buts, donc je suis tr\u00e8s heureux de l&#39;avoir.<\/p>\n<p>\u00ab\u00a0Aujourd&#39;hui, je pensais que nous \u00e9tions bien meilleurs dans notre presse en premi\u00e8re mi-temps, donc nous couvrions tr\u00e8s haut et nous pouvions entrer en contact avec lui dans de bonnes positions. Si nous r\u00e9cup\u00e9rons le ballon plus bas, il sera plus difficile de le retrouver, donc il s&#39;agit d&#39;un effort communautaire pour obtenir notre num\u00e9ro neuf dans les situations o\u00f9 il se trouvait aujourd&#39;hui.\u00a0\u00bb<\/p>\n<\/p><\/div>\n","protected":false},"excerpt":{"rendered":"<p>Andoni Iraola a salu\u00e9 l&#39;impact d&#39;Alexander Isak et la discipline de son \u00e9quipe de Liverpool apr\u00e8s une victoire dominante 2-0 \u00e0 Ipswich Town qui a<\/p>\n","protected":false},"author":1,"featured_media":41159,"comment_status":"closed","ping_status":"","sticky":false,"template":"","format":"standard","meta":{"footnotes":""},"categories":[3],"tags":[25,4417,1032,4383,6812,42,1221,53,762,51,1024,193,26],"yoast_head":"<!-- This site is optimized with the Yoast SEO plugin v21.0 - https:\/\/yoast.com\/wordpress\/plugins\/seo\/ -->\n<title>Iraola salue Isak apr\u00e8s la premi\u00e8re victoire de Liverpool \u00e0 Ipswich : &quot;C&#039;est un joueur \u00e9norme pour nous&quot;<\/title>\n<meta name=\"robots\" content=\"index, follow, max-snippet:-1, max-image-preview:large, max-video-preview:-1\" \/>\n<link rel=\"canonical\" href=\"https:\/\/footdavant.fr\/actualites\/iraola-salue-isak-apres-la-premiere-victoire-de-liverpool-a-ipswich-cest-un-joueur-enorme-pour-nous\/\" \/>\n<meta property=\"og:locale\" content=\"fr_FR\" \/>\n<meta property=\"og:type\" content=\"article\" \/>\n<meta property=\"og:title\" content=\"Iraola salue Isak apr\u00e8s la premi\u00e8re victoire de Liverpool \u00e0 Ipswich : &quot;C&#039;est un joueur \u00e9norme pour nous&quot;\" \/>\n<meta property=\"og:description\" content=\"Andoni Iraola a salu\u00e9 l&#039;impact d&#039;Alexander Isak et la discipline de son \u00e9quipe de Liverpool apr\u00e8s une victoire dominante 2-0 \u00e0 Ipswich Town qui a\" \/>\n<meta property=\"og:url\" content=\"https:\/\/footdavant.fr\/actualites\/iraola-salue-isak-apres-la-premiere-victoire-de-liverpool-a-ipswich-cest-un-joueur-enorme-pour-nous\/\" \/>\n<meta property=\"og:site_name\" content=\"Foot d&#039;avant\" \/>\n<meta property=\"article:publisher\" content=\"https:\/\/www.facebook.com\/Footdavant\/\" \/>\n<meta property=\"article:published_time\" content=\"2026-09-05T02:48:30+00:00\" \/>\n<meta property=\"article:modified_time\" content=\"2026-09-05T02:48:50+00:00\" \/>\n<meta property=\"og:image\" content=\"https:\/\/footdavant.fr\/actualites\/wp-content\/uploads\/2026\/09\/1788576529_Iraola-salue-Isak-apres-la-premiere-victoire-de-Liverpool-a.jpg\" \/>\n\t<meta property=\"og:image:width\" content=\"1280\" \/>\n\t<meta property=\"og:image:height\" content=\"670\" \/>\n\t<meta property=\"og:image:type\" content=\"image\/jpeg\" \/>\n<meta name=\"author\" content=\"Cl\u00e9ment\" \/>\n<meta name=\"twitter:card\" content=\"summary_large_image\" \/>\n<meta name=\"twitter:creator\" content=\"@FootdavantFr\" \/>\n<meta name=\"twitter:site\" content=\"@FootdavantFr\" \/>\n<meta name=\"twitter:label1\" content=\"\u00c9crit par\" \/>\n\t<meta name=\"twitter:data1\" content=\"Cl\u00e9ment\" \/>\n\t<meta name=\"twitter:label2\" content=\"Dur\u00e9e de lecture estim\u00e9e\" \/>\n\t<meta name=\"twitter:data2\" content=\"2 minutes\" \/>\n<script type=\"application\/ld+json\" class=\"yoast-schema-graph\">{\"@context\":\"https:\/\/schema.org\",\"@graph\":[{\"@type\":\"Article\",\"@id\":\"https:\/\/footdavant.fr\/actualites\/iraola-salue-isak-apres-la-premiere-victoire-de-liverpool-a-ipswich-cest-un-joueur-enorme-pour-nous\/#article\",\"isPartOf\":{\"@id\":\"https:\/\/footdavant.fr\/actualites\/iraola-salue-isak-apres-la-premiere-victoire-de-liverpool-a-ipswich-cest-un-joueur-enorme-pour-nous\/\"},\"author\":{\"name\":\"Cl\u00e9ment\",\"@id\":\"https:\/\/footdavant.fr\/actualites\/#\/schema\/person\/bc222566d95871b37e597b3ed3ba5e1d\"},\"headline\":\"Iraola salue Isak apr\u00e8s la premi\u00e8re victoire de Liverpool \u00e0 Ipswich : \u00ab\u00a0C&#39;est un joueur \u00e9norme pour nous\u00a0\u00bb\",\"datePublished\":\"2026-09-05T02:48:30+00:00\",\"dateModified\":\"2026-09-05T02:48:50+00:00\",\"mainEntityOfPage\":{\"@id\":\"https:\/\/footdavant.fr\/actualites\/iraola-salue-isak-apres-la-premiere-victoire-de-liverpool-a-ipswich-cest-un-joueur-enorme-pour-nous\/\"},\"wordCount\":485,\"publisher\":{\"@id\":\"https:\/\/footdavant.fr\/actualites\/#organization\"},\"keywords\":[\"apr\u00e8s\",\"C39est\",\"\u00e9norme\",\"Ipswich\",\"Iraola\",\"Isak\",\"joueur\",\"Liverpool\",\"nous\",\"pour\",\"premi\u00e8re\",\"salue\",\"victoire\"],\"articleSection\":[\"Football\"],\"inLanguage\":\"fr-FR\"},{\"@type\":\"WebPage\",\"@id\":\"https:\/\/footdavant.fr\/actualites\/iraola-salue-isak-apres-la-premiere-victoire-de-liverpool-a-ipswich-cest-un-joueur-enorme-pour-nous\/\",\"url\":\"https:\/\/footdavant.fr\/actualites\/iraola-salue-isak-apres-la-premiere-victoire-de-liverpool-a-ipswich-cest-un-joueur-enorme-pour-nous\/\",\"name\":\"Iraola salue Isak apr\u00e8s la premi\u00e8re victoire de Liverpool \u00e0 Ipswich : \\\"C&#39;est un joueur \u00e9norme pour nous\\\"\",\"isPartOf\":{\"@id\":\"https:\/\/footdavant.fr\/actualites\/#website\"},\"datePublished\":\"2026-09-05T02:48:30+00:00\",\"dateModified\":\"2026-09-05T02:48:50+00:00\",\"breadcrumb\":{\"@id\":\"https:\/\/footdavant.fr\/actualites\/iraola-salue-isak-apres-la-premiere-victoire-de-liverpool-a-ipswich-cest-un-joueur-enorme-pour-nous\/#breadcrumb\"},\"inLanguage\":\"fr-FR\",\"potentialAction\":[{\"@type\":\"ReadAction\",\"target\":[\"https:\/\/footdavant.fr\/actualites\/iraola-salue-isak-apres-la-premiere-victoire-de-liverpool-a-ipswich-cest-un-joueur-enorme-pour-nous\/\"]}]},{\"@type\":\"BreadcrumbList\",\"@id\":\"https:\/\/footdavant.fr\/actualites\/iraola-salue-isak-apres-la-premiere-victoire-de-liverpool-a-ipswich-cest-un-joueur-enorme-pour-nous\/#breadcrumb\",\"itemListElement\":[{\"@type\":\"ListItem\",\"position\":1,\"name\":\"Accueil\",\"item\":\"https:\/\/footdavant.fr\/actualites\/\"},{\"@type\":\"ListItem\",\"position\":2,\"name\":\"Iraola salue Isak apr\u00e8s la premi\u00e8re victoire de Liverpool \u00e0 Ipswich : \u00ab\u00a0C&#39;est un joueur \u00e9norme pour nous\u00a0\u00bb\"}]},{\"@type\":\"WebSite\",\"@id\":\"https:\/\/footdavant.fr\/actualites\/#website\",\"url\":\"https:\/\/footdavant.fr\/actualites\/\",\"name\":\"Foot d'avant\",\"description\":\"\",\"publisher\":{\"@id\":\"https:\/\/footdavant.fr\/actualites\/#organization\"},\"potentialAction\":[{\"@type\":\"SearchAction\",\"target\":{\"@type\":\"EntryPoint\",\"urlTemplate\":\"https:\/\/footdavant.fr\/actualites\/?s={search_term_string}\"},\"query-input\":\"required name=search_term_string\"}],\"inLanguage\":\"fr-FR\"},{\"@type\":\"Organization\",\"@id\":\"https:\/\/footdavant.fr\/actualites\/#organization\",\"name\":\"Foot d'avant\",\"url\":\"https:\/\/footdavant.fr\/actualites\/\",\"logo\":{\"@type\":\"ImageObject\",\"inLanguage\":\"fr-FR\",\"@id\":\"https:\/\/footdavant.fr\/actualites\/#\/schema\/logo\/image\/\",\"url\":\"https:\/\/footdavant.fr\/actualites\/wp-content\/uploads\/2023\/09\/Copy-of-FootDavant-Logo.png\",\"contentUrl\":\"https:\/\/footdavant.fr\/actualites\/wp-content\/uploads\/2023\/09\/Copy-of-FootDavant-Logo.png\",\"width\":936,\"height\":549,\"caption\":\"Foot d'avant\"},\"image\":{\"@id\":\"https:\/\/footdavant.fr\/actualites\/#\/schema\/logo\/image\/\"},\"sameAs\":[\"https:\/\/www.facebook.com\/Footdavant\/\",\"https:\/\/twitter.com\/FootdavantFr\",\"https:\/\/www.instagram.com\/footdavant.fr\/\"]},{\"@type\":\"Person\",\"@id\":\"https:\/\/footdavant.fr\/actualites\/#\/schema\/person\/bc222566d95871b37e597b3ed3ba5e1d\",\"name\":\"Cl\u00e9ment\",\"image\":{\"@type\":\"ImageObject\",\"inLanguage\":\"fr-FR\",\"@id\":\"https:\/\/footdavant.fr\/actualites\/#\/schema\/person\/image\/\",\"url\":\"https:\/\/secure.gravatar.com\/avatar\/7728b29aac2719421e1a9159b2254c44?s=96&d=mm&r=g\",\"contentUrl\":\"https:\/\/secure.gravatar.com\/avatar\/7728b29aac2719421e1a9159b2254c44?s=96&d=mm&r=g\",\"caption\":\"Cl\u00e9ment\"},\"sameAs\":[\"https:\/\/footdavant.fr\/\"]}]}<\/script>\n<!-- \/ Yoast SEO plugin. -->","yoast_head_json":{"title":"Iraola salue Isak apr\u00e8s la premi\u00e8re victoire de Liverpool \u00e0 Ipswich : \"C&#39;est un joueur \u00e9norme pour nous\"","robots":{"index":"index","follow":"follow","max-snippet":"max-snippet:-1","max-image-preview":"max-image-preview:large","max-video-preview":"max-video-preview:-1"},"canonical":"https:\/\/footdavant.fr\/actualites\/iraola-salue-isak-apres-la-premiere-victoire-de-liverpool-a-ipswich-cest-un-joueur-enorme-pour-nous\/","og_locale":"fr_FR","og_type":"article","og_title":"Iraola salue Isak apr\u00e8s la premi\u00e8re victoire de Liverpool \u00e0 Ipswich : \"C&#39;est un joueur \u00e9norme pour nous\"","og_description":"Andoni Iraola a salu\u00e9 l&#39;impact d&#39;Alexander Isak et la discipline de son \u00e9quipe de Liverpool apr\u00e8s une victoire dominante 2-0 \u00e0 Ipswich Town qui a","og_url":"https:\/\/footdavant.fr\/actualites\/iraola-salue-isak-apres-la-premiere-victoire-de-liverpool-a-ipswich-cest-un-joueur-enorme-pour-nous\/","og_site_name":"Foot d&#039;avant","article_publisher":"https:\/\/www.facebook.com\/Footdavant\/","article_published_time":"2026-09-05T02:48:30+00:00","article_modified_time":"2026-09-05T02:48:50+00:00","og_image":[{"width":1280,"height":670,"url":"https:\/\/footdavant.fr\/actualites\/wp-content\/uploads\/2026\/09\/1788576529_Iraola-salue-Isak-apres-la-premiere-victoire-de-Liverpool-a.jpg","type":"image\/jpeg"}],"author":"Cl\u00e9ment","twitter_card":"summary_large_image","twitter_creator":"@FootdavantFr","twitter_site":"@FootdavantFr","twitter_misc":{"\u00c9crit par":"Cl\u00e9ment","Dur\u00e9e de lecture estim\u00e9e":"2 minutes"},"schema":{"@context":"https:\/\/schema.org","@graph":[{"@type":"Article","@id":"https:\/\/footdavant.fr\/actualites\/iraola-salue-isak-apres-la-premiere-victoire-de-liverpool-a-ipswich-cest-un-joueur-enorme-pour-nous\/#article","isPartOf":{"@id":"https:\/\/footdavant.fr\/actualites\/iraola-salue-isak-apres-la-premiere-victoire-de-liverpool-a-ipswich-cest-un-joueur-enorme-pour-nous\/"},"author":{"name":"Cl\u00e9ment","@id":"https:\/\/footdavant.fr\/actualites\/#\/schema\/person\/bc222566d95871b37e597b3ed3ba5e1d"},"headline":"Iraola salue Isak apr\u00e8s la premi\u00e8re victoire de Liverpool \u00e0 Ipswich : \u00ab\u00a0C&#39;est un joueur \u00e9norme pour nous\u00a0\u00bb","datePublished":"2026-09-05T02:48:30+00:00","dateModified":"2026-09-05T02:48:50+00:00","mainEntityOfPage":{"@id":"https:\/\/footdavant.fr\/actualites\/iraola-salue-isak-apres-la-premiere-victoire-de-liverpool-a-ipswich-cest-un-joueur-enorme-pour-nous\/"},"wordCount":485,"publisher":{"@id":"https:\/\/footdavant.fr\/actualites\/#organization"},"keywords":["apr\u00e8s","C39est","\u00e9norme","Ipswich","Iraola","Isak","joueur","Liverpool","nous","pour","premi\u00e8re","salue","victoire"],"articleSection":["Football"],"inLanguage":"fr-FR"},{"@type":"WebPage","@id":"https:\/\/footdavant.fr\/actualites\/iraola-salue-isak-apres-la-premiere-victoire-de-liverpool-a-ipswich-cest-un-joueur-enorme-pour-nous\/","url":"https:\/\/footdavant.fr\/actualites\/iraola-salue-isak-apres-la-premiere-victoire-de-liverpool-a-ipswich-cest-un-joueur-enorme-pour-nous\/","name":"Iraola salue Isak apr\u00e8s la premi\u00e8re victoire de Liverpool \u00e0 Ipswich : \"C&#39;est un joueur \u00e9norme pour nous\"","isPartOf":{"@id":"https:\/\/footdavant.fr\/actualites\/#website"},"datePublished":"2026-09-05T02:48:30+00:00","dateModified":"2026-09-05T02:48:50+00:00","breadcrumb":{"@id":"https:\/\/footdavant.fr\/actualites\/iraola-salue-isak-apres-la-premiere-victoire-de-liverpool-a-ipswich-cest-un-joueur-enorme-pour-nous\/#breadcrumb"},"inLanguage":"fr-FR","potentialAction":[{"@type":"ReadAction","target":["https:\/\/footdavant.fr\/actualites\/iraola-salue-isak-apres-la-premiere-victoire-de-liverpool-a-ipswich-cest-un-joueur-enorme-pour-nous\/"]}]},{"@type":"BreadcrumbList","@id":"https:\/\/footdavant.fr\/actualites\/iraola-salue-isak-apres-la-premiere-victoire-de-liverpool-a-ipswich-cest-un-joueur-enorme-pour-nous\/#breadcrumb","itemListElement":[{"@type":"ListItem","position":1,"name":"Accueil","item":"https:\/\/footdavant.fr\/actualites\/"},{"@type":"ListItem","position":2,"name":"Iraola salue Isak apr\u00e8s la premi\u00e8re victoire de Liverpool \u00e0 Ipswich : \u00ab\u00a0C&#39;est un joueur \u00e9norme pour nous\u00a0\u00bb"}]},{"@type":"WebSite","@id":"https:\/\/footdavant.fr\/actualites\/#website","url":"https:\/\/footdavant.fr\/actualites\/","name":"Foot d'avant","description":"","publisher":{"@id":"https:\/\/footdavant.fr\/actualites\/#organization"},"potentialAction":[{"@type":"SearchAction","target":{"@type":"EntryPoint","urlTemplate":"https:\/\/footdavant.fr\/actualites\/?s={search_term_string}"},"query-input":"required name=search_term_string"}],"inLanguage":"fr-FR"},{"@type":"Organization","@id":"https:\/\/footdavant.fr\/actualites\/#organization","name":"Foot d'avant","url":"https:\/\/footdavant.fr\/actualites\/","logo":{"@type":"ImageObject","inLanguage":"fr-FR","@id":"https:\/\/footdavant.fr\/actualites\/#\/schema\/logo\/image\/","url":"https:\/\/footdavant.fr\/actualites\/wp-content\/uploads\/2023\/09\/Copy-of-FootDavant-Logo.png","contentUrl":"https:\/\/footdavant.fr\/actualites\/wp-content\/uploads\/2023\/09\/Copy-of-FootDavant-Logo.png","width":936,"height":549,"caption":"Foot d'avant"},"image":{"@id":"https:\/\/footdavant.fr\/actualites\/#\/schema\/logo\/image\/"},"sameAs":["https:\/\/www.facebook.com\/Footdavant\/","https:\/\/twitter.com\/FootdavantFr","https:\/\/www.instagram.com\/footdavant.fr\/"]},{"@type":"Person","@id":"https:\/\/footdavant.fr\/actualites\/#\/schema\/person\/bc222566d95871b37e597b3ed3ba5e1d","name":"Cl\u00e9ment","image":{"@type":"ImageObject","inLanguage":"fr-FR","@id":"https:\/\/footdavant.fr\/actualites\/#\/schema\/person\/image\/","url":"https:\/\/secure.gravatar.com\/avatar\/7728b29aac2719421e1a9159b2254c44?s=96&d=mm&r=g","contentUrl":"https:\/\/secure.gravatar.com\/avatar\/7728b29aac2719421e1a9159b2254c44?s=96&d=mm&r=g","caption":"Cl\u00e9ment"},"sameAs":["https:\/\/footdavant.fr\/"]}]}},"_links":{"self":[{"href":"https:\/\/footdavant.fr\/actualites\/wp-json\/wp\/v2\/posts\/41158"}],"collection":[{"href":"https:\/\/footdavant.fr\/actualites\/wp-json\/wp\/v2\/posts"}],"about":[{"href":"https:\/\/footdavant.fr\/actualites\/wp-json\/wp\/v2\/types\/post"}],"author":[{"embeddable":true,"href":"https:\/\/footdavant.fr\/actualites\/wp-json\/wp\/v2\/users\/1"}],"replies":[{"embeddable":true,"href":"https:\/\/footdavant.fr\/actualites\/wp-json\/wp\/v2\/comments?post=41158"}],"version-history":[{"count":1,"href":"https:\/\/footdavant.fr\/actualites\/wp-json\/wp\/v2\/posts\/41158\/revisions"}],"predecessor-version":[{"id":41160,"href":"https:\/\/footdavant.fr\/actualites\/wp-json\/wp\/v2\/posts\/41158\/revisions\/41160"}],"wp:featuredmedia":[{"embeddable":true,"href":"https:\/\/footdavant.fr\/actualites\/wp-json\/wp\/v2\/media\/41159"}],"wp:attachment":[{"href":"https:\/\/footdavant.fr\/actualites\/wp-json\/wp\/v2\/media?parent=41158"}],"wp:term":[{"taxonomy":"category","embeddable":true,"href":"https:\/\/footdavant.fr\/actualites\/wp-json\/wp\/v2\/categories?post=41158"},{"taxonomy":"post_tag","embeddable":true,"href":"https:\/\/footdavant.fr\/actualites\/wp-json\/wp\/v2\/tags?post=41158"}],"curies":[{"name":"wp","href":"https:\/\/api.w.org\/{rel}","templated":true}]}}