{"id":41164,"date":"2026-09-05T12:48:02","date_gmt":"2026-09-05T10:48:02","guid":{"rendered":"https:\/\/footdavant.fr\/actualites\/xabi-alonso-sur-la-grande-decision-de-transfert-pour-voler-la-principale-cible-darsenal\/"},"modified":"2026-09-05T12:48:07","modified_gmt":"2026-09-05T10:48:07","slug":"xabi-alonso-sur-la-grande-decision-de-transfert-pour-voler-la-principale-cible-darsenal","status":"publish","type":"post","link":"https:\/\/footdavant.fr\/actualites\/xabi-alonso-sur-la-grande-decision-de-transfert-pour-voler-la-principale-cible-darsenal\/","title":{"rendered":"Xabi Alonso sur la \u00ab\u00a0grande d\u00e9cision\u00a0\u00bb de transfert pour voler la principale cible d&#39;Arsenal"},"content":{"rendered":"<div>\n<p><b><i>Morgan Rogers aurait facilement pu se retrouver \u00e0 Arsenal avant que Chelsea ne bouge. Xabi Alonso a parl\u00e9 de l&#39;impact du joueur.<\/i><\/b><\/p>\n<\/p>\n<p>Le transfert de 117 millions de livres sterling par Chelsea pour Morgan Rogers a \u00e9t\u00e9 une surprise cet \u00e9t\u00e9. Il avait \u00e9t\u00e9 associ\u00e9 \u00e0 des transferts, dont un vers Arsenal, mais les Bleus n&#39;\u00e9taient pas consid\u00e9r\u00e9s comme favoris jusqu&#39;\u00e0 ce qu&#39;ils se lancent.<\/p>\n<p>Ils ont rapidement conclu un accord et Arsenal a finalement termin\u00e9 l\u2019\u00e9t\u00e9 sans signer l\u2019attaquant superstar qu\u2019il esp\u00e9rait.<\/p>\n<h2>Alonso salue la \u00ab grande d\u00e9cision \u00bb de battre des records pour Rogers<\/h2>\n<figure id=\"attachment_54868\" aria-describedby=\"caption-attachment-54868\" style=\"width: 2560px\" class=\"wp-caption aligncenter\"><\/figure>\n<p>Xabi Alonso a \u00e9t\u00e9 interrog\u00e9 hier sur le coup d&#39;\u00c9tat que cela avait \u00e9t\u00e9 de faire autant de bruit et de signer Rogers sous le nez des Gunners\u00a0:<\/p>\n<p>\u00ab\u00a0En parlant de planification de l&#39;\u00e9quipe, nous prenons de grandes d\u00e9cisions. Bien s\u00fbr, Morgan \u00e9tait un joueur important \u00e0 recruter, un joueur de son envergure, pr\u00e9sent et futur. Il sera un joueur cl\u00e9 pour les six ou sept prochaines ann\u00e9es.<\/p>\n<p>\u00ab\u00a0En ce moment, il a eu un grand impact. Son alchimie avec toute l&#39;\u00e9quipe est excellente, et celle avec ses partenaires attaquants est fantastique. Cela se produit en peu de temps. Cela nous donne beaucoup d&#39;espoir pour l&#39;avenir. Il a l&#39;air vraiment heureux, donc c&#39;est important.\u00a0\u00bb<\/p>\n<p>Maintenant, prions simplement pour que Rogers puisse montrer \u00e0 Arsenal ce qui leur manque demain apr\u00e8s-midi\u2026<\/p>\n<h2>Dans d\u2019autres actualit\u00e9s\u2026<\/h2>\n<p>Une d\u00e9cision tactique dont nous avons beaucoup entendu parler est celle de Levi Colwill dans le canal gauche de la d\u00e9fense de Chelsea, et Alonso en a \u00e9galement discut\u00e9.<\/p>\n<p>Deux milieux de terrain adolescents de l&#39;acad\u00e9mie ont \u00e9t\u00e9 v\u00e9rifi\u00e9s par Alonso lors de la m\u00eame conf\u00e9rence de presse, donnant aux fans de quoi s&#39;enthousiasmer.<\/p>\n<\/p><\/div>\n","protected":false},"excerpt":{"rendered":"<p>Morgan Rogers aurait facilement pu se retrouver \u00e0 Arsenal avant que Chelsea ne bouge. Xabi Alonso a parl\u00e9 de l&#39;impact du joueur. Le transfert de<\/p>\n","protected":false},"author":1,"featured_media":41165,"comment_status":"closed","ping_status":"","sticky":false,"template":"","format":"standard","meta":{"footnotes":""},"categories":[3],"tags":[3450,508,4221,497,1751,51,3824,103,700,3571,3608],"yoast_head":"<!-- This site is optimized with the Yoast SEO plugin v21.0 - https:\/\/yoast.com\/wordpress\/plugins\/seo\/ -->\n<title>Xabi Alonso sur la &quot;grande d\u00e9cision&quot; de transfert pour voler la principale cible d&#039;Arsenal<\/title>\n<meta name=\"robots\" content=\"index, follow, max-snippet:-1, max-image-preview:large, max-video-preview:-1\" \/>\n<link rel=\"canonical\" href=\"https:\/\/footdavant.fr\/actualites\/xabi-alonso-sur-la-grande-decision-de-transfert-pour-voler-la-principale-cible-darsenal\/\" \/>\n<meta property=\"og:locale\" content=\"fr_FR\" \/>\n<meta property=\"og:type\" content=\"article\" \/>\n<meta property=\"og:title\" content=\"Xabi Alonso sur la &quot;grande d\u00e9cision&quot; de transfert pour voler la principale cible d&#039;Arsenal\" \/>\n<meta property=\"og:description\" content=\"Morgan Rogers aurait facilement pu se retrouver \u00e0 Arsenal avant que Chelsea ne bouge. Xabi Alonso a parl\u00e9 de l&#039;impact du joueur. Le transfert de\" \/>\n<meta property=\"og:url\" content=\"https:\/\/footdavant.fr\/actualites\/xabi-alonso-sur-la-grande-decision-de-transfert-pour-voler-la-principale-cible-darsenal\/\" \/>\n<meta property=\"og:site_name\" content=\"Foot d&#039;avant\" \/>\n<meta property=\"article:publisher\" content=\"https:\/\/www.facebook.com\/Footdavant\/\" \/>\n<meta property=\"article:published_time\" content=\"2026-09-05T10:48:02+00:00\" \/>\n<meta property=\"article:modified_time\" content=\"2026-09-05T10:48:07+00:00\" \/>\n<meta property=\"og:image\" content=\"https:\/\/footdavant.fr\/actualites\/wp-content\/uploads\/2026\/09\/Xabi-Alonso-sur-la-grande-decision-de-transfert-pour-voler.jpeg\" \/>\n\t<meta property=\"og:image:width\" content=\"2560\" \/>\n\t<meta property=\"og:image:height\" content=\"1706\" \/>\n\t<meta property=\"og:image:type\" content=\"image\/jpeg\" \/>\n<meta name=\"author\" content=\"Cl\u00e9ment\" \/>\n<meta name=\"twitter:card\" content=\"summary_large_image\" \/>\n<meta name=\"twitter:creator\" content=\"@FootdavantFr\" \/>\n<meta name=\"twitter:site\" content=\"@FootdavantFr\" \/>\n<meta name=\"twitter:label1\" content=\"\u00c9crit par\" \/>\n\t<meta name=\"twitter:data1\" content=\"Cl\u00e9ment\" \/>\n\t<meta name=\"twitter:label2\" content=\"Dur\u00e9e de lecture estim\u00e9e\" \/>\n\t<meta name=\"twitter:data2\" content=\"2 minutes\" \/>\n<script type=\"application\/ld+json\" class=\"yoast-schema-graph\">{\"@context\":\"https:\/\/schema.org\",\"@graph\":[{\"@type\":\"Article\",\"@id\":\"https:\/\/footdavant.fr\/actualites\/xabi-alonso-sur-la-grande-decision-de-transfert-pour-voler-la-principale-cible-darsenal\/#article\",\"isPartOf\":{\"@id\":\"https:\/\/footdavant.fr\/actualites\/xabi-alonso-sur-la-grande-decision-de-transfert-pour-voler-la-principale-cible-darsenal\/\"},\"author\":{\"name\":\"Cl\u00e9ment\",\"@id\":\"https:\/\/footdavant.fr\/actualites\/#\/schema\/person\/bc222566d95871b37e597b3ed3ba5e1d\"},\"headline\":\"Xabi Alonso sur la \u00ab\u00a0grande d\u00e9cision\u00a0\u00bb de transfert pour voler la principale cible d&#39;Arsenal\",\"datePublished\":\"2026-09-05T10:48:02+00:00\",\"dateModified\":\"2026-09-05T10:48:07+00:00\",\"mainEntityOfPage\":{\"@id\":\"https:\/\/footdavant.fr\/actualites\/xabi-alonso-sur-la-grande-decision-de-transfert-pour-voler-la-principale-cible-darsenal\/\"},\"wordCount\":325,\"publisher\":{\"@id\":\"https:\/\/footdavant.fr\/actualites\/#organization\"},\"keywords\":[\"Alonso\",\"cible\",\"d39Arsenal\",\"d\u00e9cision\",\"grande\",\"pour\",\"principale\",\"sur\",\"transfert\",\"voler\",\"Xabi\"],\"articleSection\":[\"Football\"],\"inLanguage\":\"fr-FR\"},{\"@type\":\"WebPage\",\"@id\":\"https:\/\/footdavant.fr\/actualites\/xabi-alonso-sur-la-grande-decision-de-transfert-pour-voler-la-principale-cible-darsenal\/\",\"url\":\"https:\/\/footdavant.fr\/actualites\/xabi-alonso-sur-la-grande-decision-de-transfert-pour-voler-la-principale-cible-darsenal\/\",\"name\":\"Xabi Alonso sur la \\\"grande d\u00e9cision\\\" de transfert pour voler la principale cible d&#39;Arsenal\",\"isPartOf\":{\"@id\":\"https:\/\/footdavant.fr\/actualites\/#website\"},\"datePublished\":\"2026-09-05T10:48:02+00:00\",\"dateModified\":\"2026-09-05T10:48:07+00:00\",\"breadcrumb\":{\"@id\":\"https:\/\/footdavant.fr\/actualites\/xabi-alonso-sur-la-grande-decision-de-transfert-pour-voler-la-principale-cible-darsenal\/#breadcrumb\"},\"inLanguage\":\"fr-FR\",\"potentialAction\":[{\"@type\":\"ReadAction\",\"target\":[\"https:\/\/footdavant.fr\/actualites\/xabi-alonso-sur-la-grande-decision-de-transfert-pour-voler-la-principale-cible-darsenal\/\"]}]},{\"@type\":\"BreadcrumbList\",\"@id\":\"https:\/\/footdavant.fr\/actualites\/xabi-alonso-sur-la-grande-decision-de-transfert-pour-voler-la-principale-cible-darsenal\/#breadcrumb\",\"itemListElement\":[{\"@type\":\"ListItem\",\"position\":1,\"name\":\"Accueil\",\"item\":\"https:\/\/footdavant.fr\/actualites\/\"},{\"@type\":\"ListItem\",\"position\":2,\"name\":\"Xabi Alonso sur la \u00ab\u00a0grande d\u00e9cision\u00a0\u00bb de transfert pour voler la principale cible d&#39;Arsenal\"}]},{\"@type\":\"WebSite\",\"@id\":\"https:\/\/footdavant.fr\/actualites\/#website\",\"url\":\"https:\/\/footdavant.fr\/actualites\/\",\"name\":\"Foot d'avant\",\"description\":\"\",\"publisher\":{\"@id\":\"https:\/\/footdavant.fr\/actualites\/#organization\"},\"potentialAction\":[{\"@type\":\"SearchAction\",\"target\":{\"@type\":\"EntryPoint\",\"urlTemplate\":\"https:\/\/footdavant.fr\/actualites\/?s={search_term_string}\"},\"query-input\":\"required name=search_term_string\"}],\"inLanguage\":\"fr-FR\"},{\"@type\":\"Organization\",\"@id\":\"https:\/\/footdavant.fr\/actualites\/#organization\",\"name\":\"Foot d'avant\",\"url\":\"https:\/\/footdavant.fr\/actualites\/\",\"logo\":{\"@type\":\"ImageObject\",\"inLanguage\":\"fr-FR\",\"@id\":\"https:\/\/footdavant.fr\/actualites\/#\/schema\/logo\/image\/\",\"url\":\"https:\/\/footdavant.fr\/actualites\/wp-content\/uploads\/2023\/09\/Copy-of-FootDavant-Logo.png\",\"contentUrl\":\"https:\/\/footdavant.fr\/actualites\/wp-content\/uploads\/2023\/09\/Copy-of-FootDavant-Logo.png\",\"width\":936,\"height\":549,\"caption\":\"Foot d'avant\"},\"image\":{\"@id\":\"https:\/\/footdavant.fr\/actualites\/#\/schema\/logo\/image\/\"},\"sameAs\":[\"https:\/\/www.facebook.com\/Footdavant\/\",\"https:\/\/twitter.com\/FootdavantFr\",\"https:\/\/www.instagram.com\/footdavant.fr\/\"]},{\"@type\":\"Person\",\"@id\":\"https:\/\/footdavant.fr\/actualites\/#\/schema\/person\/bc222566d95871b37e597b3ed3ba5e1d\",\"name\":\"Cl\u00e9ment\",\"image\":{\"@type\":\"ImageObject\",\"inLanguage\":\"fr-FR\",\"@id\":\"https:\/\/footdavant.fr\/actualites\/#\/schema\/person\/image\/\",\"url\":\"https:\/\/secure.gravatar.com\/avatar\/7728b29aac2719421e1a9159b2254c44?s=96&d=mm&r=g\",\"contentUrl\":\"https:\/\/secure.gravatar.com\/avatar\/7728b29aac2719421e1a9159b2254c44?s=96&d=mm&r=g\",\"caption\":\"Cl\u00e9ment\"},\"sameAs\":[\"https:\/\/footdavant.fr\/\"]}]}<\/script>\n<!-- \/ Yoast SEO plugin. -->","yoast_head_json":{"title":"Xabi Alonso sur la \"grande d\u00e9cision\" de transfert pour voler la principale cible d&#39;Arsenal","robots":{"index":"index","follow":"follow","max-snippet":"max-snippet:-1","max-image-preview":"max-image-preview:large","max-video-preview":"max-video-preview:-1"},"canonical":"https:\/\/footdavant.fr\/actualites\/xabi-alonso-sur-la-grande-decision-de-transfert-pour-voler-la-principale-cible-darsenal\/","og_locale":"fr_FR","og_type":"article","og_title":"Xabi Alonso sur la \"grande d\u00e9cision\" de transfert pour voler la principale cible d&#39;Arsenal","og_description":"Morgan Rogers aurait facilement pu se retrouver \u00e0 Arsenal avant que Chelsea ne bouge. Xabi Alonso a parl\u00e9 de l&#39;impact du joueur. Le transfert de","og_url":"https:\/\/footdavant.fr\/actualites\/xabi-alonso-sur-la-grande-decision-de-transfert-pour-voler-la-principale-cible-darsenal\/","og_site_name":"Foot d&#039;avant","article_publisher":"https:\/\/www.facebook.com\/Footdavant\/","article_published_time":"2026-09-05T10:48:02+00:00","article_modified_time":"2026-09-05T10:48:07+00:00","og_image":[{"width":2560,"height":1706,"url":"https:\/\/footdavant.fr\/actualites\/wp-content\/uploads\/2026\/09\/Xabi-Alonso-sur-la-grande-decision-de-transfert-pour-voler.jpeg","type":"image\/jpeg"}],"author":"Cl\u00e9ment","twitter_card":"summary_large_image","twitter_creator":"@FootdavantFr","twitter_site":"@FootdavantFr","twitter_misc":{"\u00c9crit par":"Cl\u00e9ment","Dur\u00e9e de lecture estim\u00e9e":"2 minutes"},"schema":{"@context":"https:\/\/schema.org","@graph":[{"@type":"Article","@id":"https:\/\/footdavant.fr\/actualites\/xabi-alonso-sur-la-grande-decision-de-transfert-pour-voler-la-principale-cible-darsenal\/#article","isPartOf":{"@id":"https:\/\/footdavant.fr\/actualites\/xabi-alonso-sur-la-grande-decision-de-transfert-pour-voler-la-principale-cible-darsenal\/"},"author":{"name":"Cl\u00e9ment","@id":"https:\/\/footdavant.fr\/actualites\/#\/schema\/person\/bc222566d95871b37e597b3ed3ba5e1d"},"headline":"Xabi Alonso sur la \u00ab\u00a0grande d\u00e9cision\u00a0\u00bb de transfert pour voler la principale cible d&#39;Arsenal","datePublished":"2026-09-05T10:48:02+00:00","dateModified":"2026-09-05T10:48:07+00:00","mainEntityOfPage":{"@id":"https:\/\/footdavant.fr\/actualites\/xabi-alonso-sur-la-grande-decision-de-transfert-pour-voler-la-principale-cible-darsenal\/"},"wordCount":325,"publisher":{"@id":"https:\/\/footdavant.fr\/actualites\/#organization"},"keywords":["Alonso","cible","d39Arsenal","d\u00e9cision","grande","pour","principale","sur","transfert","voler","Xabi"],"articleSection":["Football"],"inLanguage":"fr-FR"},{"@type":"WebPage","@id":"https:\/\/footdavant.fr\/actualites\/xabi-alonso-sur-la-grande-decision-de-transfert-pour-voler-la-principale-cible-darsenal\/","url":"https:\/\/footdavant.fr\/actualites\/xabi-alonso-sur-la-grande-decision-de-transfert-pour-voler-la-principale-cible-darsenal\/","name":"Xabi Alonso sur la \"grande d\u00e9cision\" de transfert pour voler la principale cible d&#39;Arsenal","isPartOf":{"@id":"https:\/\/footdavant.fr\/actualites\/#website"},"datePublished":"2026-09-05T10:48:02+00:00","dateModified":"2026-09-05T10:48:07+00:00","breadcrumb":{"@id":"https:\/\/footdavant.fr\/actualites\/xabi-alonso-sur-la-grande-decision-de-transfert-pour-voler-la-principale-cible-darsenal\/#breadcrumb"},"inLanguage":"fr-FR","potentialAction":[{"@type":"ReadAction","target":["https:\/\/footdavant.fr\/actualites\/xabi-alonso-sur-la-grande-decision-de-transfert-pour-voler-la-principale-cible-darsenal\/"]}]},{"@type":"BreadcrumbList","@id":"https:\/\/footdavant.fr\/actualites\/xabi-alonso-sur-la-grande-decision-de-transfert-pour-voler-la-principale-cible-darsenal\/#breadcrumb","itemListElement":[{"@type":"ListItem","position":1,"name":"Accueil","item":"https:\/\/footdavant.fr\/actualites\/"},{"@type":"ListItem","position":2,"name":"Xabi Alonso sur la \u00ab\u00a0grande d\u00e9cision\u00a0\u00bb de transfert pour voler la principale cible d&#39;Arsenal"}]},{"@type":"WebSite","@id":"https:\/\/footdavant.fr\/actualites\/#website","url":"https:\/\/footdavant.fr\/actualites\/","name":"Foot d'avant","description":"","publisher":{"@id":"https:\/\/footdavant.fr\/actualites\/#organization"},"potentialAction":[{"@type":"SearchAction","target":{"@type":"EntryPoint","urlTemplate":"https:\/\/footdavant.fr\/actualites\/?s={search_term_string}"},"query-input":"required name=search_term_string"}],"inLanguage":"fr-FR"},{"@type":"Organization","@id":"https:\/\/footdavant.fr\/actualites\/#organization","name":"Foot d'avant","url":"https:\/\/footdavant.fr\/actualites\/","logo":{"@type":"ImageObject","inLanguage":"fr-FR","@id":"https:\/\/footdavant.fr\/actualites\/#\/schema\/logo\/image\/","url":"https:\/\/footdavant.fr\/actualites\/wp-content\/uploads\/2023\/09\/Copy-of-FootDavant-Logo.png","contentUrl":"https:\/\/footdavant.fr\/actualites\/wp-content\/uploads\/2023\/09\/Copy-of-FootDavant-Logo.png","width":936,"height":549,"caption":"Foot d'avant"},"image":{"@id":"https:\/\/footdavant.fr\/actualites\/#\/schema\/logo\/image\/"},"sameAs":["https:\/\/www.facebook.com\/Footdavant\/","https:\/\/twitter.com\/FootdavantFr","https:\/\/www.instagram.com\/footdavant.fr\/"]},{"@type":"Person","@id":"https:\/\/footdavant.fr\/actualites\/#\/schema\/person\/bc222566d95871b37e597b3ed3ba5e1d","name":"Cl\u00e9ment","image":{"@type":"ImageObject","inLanguage":"fr-FR","@id":"https:\/\/footdavant.fr\/actualites\/#\/schema\/person\/image\/","url":"https:\/\/secure.gravatar.com\/avatar\/7728b29aac2719421e1a9159b2254c44?s=96&d=mm&r=g","contentUrl":"https:\/\/secure.gravatar.com\/avatar\/7728b29aac2719421e1a9159b2254c44?s=96&d=mm&r=g","caption":"Cl\u00e9ment"},"sameAs":["https:\/\/footdavant.fr\/"]}]}},"_links":{"self":[{"href":"https:\/\/footdavant.fr\/actualites\/wp-json\/wp\/v2\/posts\/41164"}],"collection":[{"href":"https:\/\/footdavant.fr\/actualites\/wp-json\/wp\/v2\/posts"}],"about":[{"href":"https:\/\/footdavant.fr\/actualites\/wp-json\/wp\/v2\/types\/post"}],"author":[{"embeddable":true,"href":"https:\/\/footdavant.fr\/actualites\/wp-json\/wp\/v2\/users\/1"}],"replies":[{"embeddable":true,"href":"https:\/\/footdavant.fr\/actualites\/wp-json\/wp\/v2\/comments?post=41164"}],"version-history":[{"count":1,"href":"https:\/\/footdavant.fr\/actualites\/wp-json\/wp\/v2\/posts\/41164\/revisions"}],"predecessor-version":[{"id":41166,"href":"https:\/\/footdavant.fr\/actualites\/wp-json\/wp\/v2\/posts\/41164\/revisions\/41166"}],"wp:featuredmedia":[{"embeddable":true,"href":"https:\/\/footdavant.fr\/actualites\/wp-json\/wp\/v2\/media\/41165"}],"wp:attachment":[{"href":"https:\/\/footdavant.fr\/actualites\/wp-json\/wp\/v2\/media?parent=41164"}],"wp:term":[{"taxonomy":"category","embeddable":true,"href":"https:\/\/footdavant.fr\/actualites\/wp-json\/wp\/v2\/categories?post=41164"},{"taxonomy":"post_tag","embeddable":true,"href":"https:\/\/footdavant.fr\/actualites\/wp-json\/wp\/v2\/tags?post=41164"}],"curies":[{"name":"wp","href":"https:\/\/api.w.org\/{rel}","templated":true}]}}