{"id":41167,"date":"2026-09-05T16:48:05","date_gmt":"2026-09-05T14:48:05","guid":{"rendered":"https:\/\/footdavant.fr\/actualites\/cest-comme-ca-evaluation-du-mercato-darteta\/"},"modified":"2026-09-05T16:48:07","modified_gmt":"2026-09-05T14:48:07","slug":"cest-comme-ca-evaluation-du-mercato-darteta","status":"publish","type":"post","link":"https:\/\/footdavant.fr\/actualites\/cest-comme-ca-evaluation-du-mercato-darteta\/","title":{"rendered":"\u00ab\u00a0C&#39;est comme \u00e7a\u00a0\u00bb &#8211; \u00c9valuation du mercato d&#39;Arteta"},"content":{"rendered":"<div>\n<p>Bonjour les amis, un petit r\u00e9sum\u00e9 du samedi pour vous.<\/p>\n<p>J&#39;\u00e9tais curieux d&#39;entendre ce que Mikel Arteta dirait \u00e0 propos de la cl\u00f4ture de la fen\u00eatre de transfert lors de la conf\u00e9rence de presse hier, et de mani\u00e8re typique, il ne r\u00e9v\u00e9lait pas vraiment grand-chose, mais en m\u00eame temps, il y en avait assez. Lorsqu&#39;on lui a demand\u00e9 si le club avait \u00e9t\u00e9 \u00ab ambitieux, rapide et intelligent \u00bb, selon sa citation post-Ligue des champions qui a contribu\u00e9 dans une certaine mesure \u00e0 d\u00e9finir les attentes pour l&#39;\u00e9t\u00e9, il a r\u00e9pondu :<\/p>\n<blockquote>\n<p>Ouais, 100% coch\u00e9. Le r\u00e9sultat apr\u00e8s peut \u00eatre diff\u00e9rent de ce \u00e0 quoi on s\u2019attend, mais l\u2019intention est certainement l\u00e0, ce qui est, \u00e0 mon avis, ce que j\u2019appr\u00e9cie le plus.<\/p>\n<\/blockquote>\n<p>Hmmm. Je soup\u00e7onne fortement qu&#39;il est un manager qui privil\u00e9gie le r\u00e9sultat plut\u00f4t que l&#39;intention, m\u00eame s&#39;il peut \u00eatre satisfait de cette derni\u00e8re. Puis, \u00e0 la question de savoir si c&#39;\u00e9tait un risque de laisser partir Gabriel Martinelli, Gabriel Jesus et Leandro Trossard en ajoutant seulement Christos Tzolis, il a r\u00e9pondu :<\/p>\n<blockquote>\n<p>Je comprends \u00e9galement le point de vue, mais nous devons \u00e9galement comprendre le nombre de minutes jou\u00e9es par ces joueurs et ceux qui ont \u00e9t\u00e9 bless\u00e9s l&#39;ann\u00e9e derni\u00e8re, en particulier au cours des six premiers mois, et les donn\u00e9es montrent quelque chose de compl\u00e8tement diff\u00e9rent. Mais c\u2019est comme \u00e7a. C\u2019est ce que nous avons, et comme je l\u2019ai d\u00e9j\u00e0 dit, nous avons d\u00e9j\u00e0 de tr\u00e8s, tr\u00e8s bons joueurs.<\/p>\n<\/blockquote>\n<p>C&#39;est un peu confus, mais je suppose que lorsqu&#39;il parle de minutes, il parle de celles que Bukayo Saka, Martin Odegaard et Kai Havertz n&#39;ont pas jou\u00e9es, plut\u00f4t que des trois joueurs qui sont partis, car comme je l&#39;ai d\u00e9j\u00e0 dit, ils ont beaucoup jou\u00e9 la saison derni\u00e8re. Mais au-del\u00e0 de cela, \u00ab C\u2019est comme \u00e7a \u00bb n\u2019est pas exactement une approbation retentissante de ce que nous avons fait et de l\u2019endroit o\u00f9 nous en sommes. C&#39;est ce que vous dites quand vous n&#39;avez pas vraiment envie de critiquer, et que vous r\u00e9alisez que vous devez simplement continuer, mais vous voulez aussi faire savoir aux gens que vous n&#39;\u00eates pas si heureux.<\/p>\n<p>Comme toujours, vous pouvez trop lire ce qu&#39;un manager dit ou ne dit pas lors d&#39;une conf\u00e9rence de presse, mais nous connaissons assez bien Mikel Arteta \u00e0 ce stade, et je soup\u00e7onne que son \u00e9quipe n&#39;est pas l\u00e0 o\u00f9 il voulait qu&#39;elle soit. Lorsqu&#39;on lui a demand\u00e9 plus tard \u00e0 quel point il \u00e9tait difficile de signer des signatures de haut niveau comme Vinicius Junior, par exemple, il a r\u00e9pondu\u00a0:<\/p>\n<blockquote>\n<p>Je pense qu&#39;il vaut mieux qu&#39;Andrea, ou Josh, en parle parce que je ne participe pas \u00e0 ces n\u00e9gociations. Ils connaissent beaucoup mieux que moi, donc je pense que ce sont des questions li\u00e9es au march\u00e9 et \u00e0 tous les aspects dont je pense qu&#39;il vaut mieux qu&#39;ils en parlent.<\/p>\n<\/blockquote>\n<p>S\u2019il n\u2019est pas tout \u00e0 fait pr\u00e9cis, il peut dire qu\u2019en sachant tr\u00e8s bien, aucun d\u2019eux ne sortira et ne parlera de ce genre de choses. Berta n&#39;a jamais donn\u00e9 d&#39;interview depuis qu&#39;elle a rejoint le club (ce qui n&#39;est pas vraiment un probl\u00e8me, juste un fait), et m\u00eame si je pense que Josh Kroenke a \u2013 en tant que visage public de la propri\u00e9t\u00e9 \u2013 \u00e9t\u00e9 beaucoup plus pr\u00e9sent et impliqu\u00e9 (une bonne chose, d&#39;ailleurs), je ne pense pas qu&#39;il va entrer dans les d\u00e9tails d&#39;une fen\u00eatre de transfert qui a \u00e9t\u00e9 tr\u00e8s bonne dans certains domaines et tr\u00e8s mauvaise dans peut-\u00eatre le plus important. Donc, si vous \u00eates un observateur chevronn\u00e9 d&#39;Arteta, vos comp\u00e9tences en lecture entre les lignes auront \u00e9t\u00e9 bien perfectionn\u00e9es au cours des sept derni\u00e8res ann\u00e9es et demie, et vous pouvez tirer ce que vous voulez de ses commentaires.<\/p>\n<p>Mon point de vue est qu&#39;il comprend les affaires du football aussi bien que n&#39;importe qui, il se rendra compte que malgr\u00e9 tous vos efforts, vous ne pouvez pas toujours faire avancer les choses, mais il n&#39;a pas besoin d&#39;en \u00eatre heureux. De plus, en tant qu&#39;homme d\u00e9tenant le plus de pouvoir dans ce club de football, il n&#39;a pas beaucoup de temps pour les gens qui ne peuvent pas faire avancer les choses sur ou en dehors du terrain, et si vous faites partie de ces personnes, vous \u00eates probablement sur une glace mince (ou du moins mince). Si j&#39;\u00e9tais Andrea Berta, je travaillerais tr\u00e8s dur pour \u00eatre s\u00fbr que nous soyons en mesure de profiter pleinement du march\u00e9 lorsque la nouvelle ann\u00e9e arrivera.<\/p>\n<p>Pour \u00eatre honn\u00eate, il a envoy\u00e9 un message plus positif dans la section sous embargo de la conf\u00e9rence de presse, affirmant qu&#39;il estimait que l&#39;\u00e9quipe \u00e9tait plus forte maintenant qu&#39;\u00e0 la fin de la saison derni\u00e8re. Il a expliqu\u00e9 :<\/p>\n<blockquote>\n<p>Je pense que nous sommes mieux \u00e9quip\u00e9s, je pense que nous avons plus de joueurs disponibles qu&#39;au d\u00e9but de la saison derni\u00e8re, je pense que nous avons augment\u00e9 la qualit\u00e9 et nous avons \u00e9galement augment\u00e9 le leadership dans l&#39;\u00e9quipe, ce qui est tr\u00e8s important.<\/p>\n<\/blockquote>\n<p>Et en termes d&#39;attaque :<\/p>\n<blockquote>\n<p>Nous devons prouver dans cette position particuli\u00e8re si nous sommes meilleurs ou non. Voyons. Je veux dire, nous devons jouer. Je n&#39;aime pas faire des hypoth\u00e8ses avant. Je pense que ce n&#39;est pas seulement la responsabilit\u00e9 de ces joueurs, c&#39;est la responsabilit\u00e9 de l&#39;\u00e9quipe et de la dynamique de l&#39;\u00e9quipe. Et nous avons \u00e9galement plusieurs options pour y jouer avec diff\u00e9rents profils.<\/p>\n<\/blockquote>\n<p>En fin de compte, le message \u00e9tait \u00ab\u00a0N&#39;oubliez pas ce que nous avons d\u00e9j\u00e0\u00a0\u00bb, ce que je trouve plut\u00f4t juste. Nous sommes champions, nous avons une \u00e9quipe incroyablement bonne, mais je ne pense pas que quiconque de sens\u00e9 ait jamais vraiment remis cela en question. Mais je ne pense pas non plus que vouloir ajouter plus d\u2019un joueur pour remplacer trois joueurs partants \u00e9tait simplement une cupidit\u00e9 typique du march\u00e9 des transferts. Quoi qu&#39;il en soit, comme il l&#39;a dit, c&#39;est ce qui se passe actuellement, au moins jusqu&#39;en janvier, et esp\u00e9rons qu&#39;il pourra tirer le meilleur parti des options dont il dispose, \u00e0 partir de dimanche.<\/p>\n<p>Pour quelque chose de plus \u00e0 \u00e9couter aujourd&#39;hui, notre podcast d&#39;aper\u00e7u est d\u00e9sormais disponible pour nos membres Patreon, et je serai de retour demain avec un aper\u00e7u complet du match de Chelsea. Pour l\u2019instant, passez un bon samedi les amis.<\/p>\n<\/div>\n","protected":false},"excerpt":{"rendered":"<p>Bonjour les amis, un petit r\u00e9sum\u00e9 du samedi pour vous. J&#39;\u00e9tais curieux d&#39;entendre ce que Mikel Arteta dirait \u00e0 propos de la cl\u00f4ture de la<\/p>\n","protected":false},"author":1,"featured_media":41168,"comment_status":"closed","ping_status":"","sticky":false,"template":"","format":"standard","meta":{"footnotes":""},"categories":[3],"tags":[4417,1309,990,5135,5811,603],"yoast_head":"<!-- This site is optimized with the Yoast SEO plugin v21.0 - https:\/\/yoast.com\/wordpress\/plugins\/seo\/ -->\n<title>&quot;C&#039;est comme \u00e7a&quot; - \u00c9valuation du mercato d&#039;Arteta<\/title>\n<meta name=\"robots\" content=\"index, follow, max-snippet:-1, max-image-preview:large, max-video-preview:-1\" \/>\n<link rel=\"canonical\" href=\"https:\/\/footdavant.fr\/actualites\/cest-comme-ca-evaluation-du-mercato-darteta\/\" \/>\n<meta property=\"og:locale\" content=\"fr_FR\" \/>\n<meta property=\"og:type\" content=\"article\" \/>\n<meta property=\"og:title\" content=\"&quot;C&#039;est comme \u00e7a&quot; - \u00c9valuation du mercato d&#039;Arteta\" \/>\n<meta property=\"og:description\" content=\"Bonjour les amis, un petit r\u00e9sum\u00e9 du samedi pour vous. J&#039;\u00e9tais curieux d&#039;entendre ce que Mikel Arteta dirait \u00e0 propos de la cl\u00f4ture de la\" \/>\n<meta property=\"og:url\" content=\"https:\/\/footdavant.fr\/actualites\/cest-comme-ca-evaluation-du-mercato-darteta\/\" \/>\n<meta property=\"og:site_name\" content=\"Foot d&#039;avant\" \/>\n<meta property=\"article:publisher\" content=\"https:\/\/www.facebook.com\/Footdavant\/\" \/>\n<meta property=\"article:published_time\" content=\"2026-09-05T14:48:05+00:00\" \/>\n<meta property=\"article:modified_time\" content=\"2026-09-05T14:48:07+00:00\" \/>\n<meta property=\"og:image\" content=\"https:\/\/footdavant.fr\/actualites\/wp-content\/uploads\/2026\/09\/C39est-comme-ca-Evaluation-du-mercato-d39Arteta.webp\" \/>\n\t<meta property=\"og:image:width\" content=\"1454\" \/>\n\t<meta property=\"og:image:height\" content=\"788\" \/>\n\t<meta property=\"og:image:type\" content=\"image\/webp\" \/>\n<meta name=\"author\" content=\"Cl\u00e9ment\" \/>\n<meta name=\"twitter:card\" content=\"summary_large_image\" \/>\n<meta name=\"twitter:creator\" content=\"@FootdavantFr\" \/>\n<meta name=\"twitter:site\" content=\"@FootdavantFr\" \/>\n<meta name=\"twitter:label1\" content=\"\u00c9crit par\" \/>\n\t<meta name=\"twitter:data1\" content=\"Cl\u00e9ment\" \/>\n\t<meta name=\"twitter:label2\" content=\"Dur\u00e9e de lecture estim\u00e9e\" \/>\n\t<meta name=\"twitter:data2\" content=\"6 minutes\" \/>\n<script type=\"application\/ld+json\" class=\"yoast-schema-graph\">{\"@context\":\"https:\/\/schema.org\",\"@graph\":[{\"@type\":\"Article\",\"@id\":\"https:\/\/footdavant.fr\/actualites\/cest-comme-ca-evaluation-du-mercato-darteta\/#article\",\"isPartOf\":{\"@id\":\"https:\/\/footdavant.fr\/actualites\/cest-comme-ca-evaluation-du-mercato-darteta\/\"},\"author\":{\"name\":\"Cl\u00e9ment\",\"@id\":\"https:\/\/footdavant.fr\/actualites\/#\/schema\/person\/bc222566d95871b37e597b3ed3ba5e1d\"},\"headline\":\"\u00ab\u00a0C&#39;est comme \u00e7a\u00a0\u00bb &#8211; \u00c9valuation du mercato d&#39;Arteta\",\"datePublished\":\"2026-09-05T14:48:05+00:00\",\"dateModified\":\"2026-09-05T14:48:07+00:00\",\"mainEntityOfPage\":{\"@id\":\"https:\/\/footdavant.fr\/actualites\/cest-comme-ca-evaluation-du-mercato-darteta\/\"},\"wordCount\":1179,\"publisher\":{\"@id\":\"https:\/\/footdavant.fr\/actualites\/#organization\"},\"keywords\":[\"C39est\",\"\u00e7a\",\"comme\",\"d39Arteta\",\"\u00c9valuation\",\"mercato\"],\"articleSection\":[\"Football\"],\"inLanguage\":\"fr-FR\"},{\"@type\":\"WebPage\",\"@id\":\"https:\/\/footdavant.fr\/actualites\/cest-comme-ca-evaluation-du-mercato-darteta\/\",\"url\":\"https:\/\/footdavant.fr\/actualites\/cest-comme-ca-evaluation-du-mercato-darteta\/\",\"name\":\"\\\"C&#39;est comme \u00e7a\\\" - \u00c9valuation du mercato d&#39;Arteta\",\"isPartOf\":{\"@id\":\"https:\/\/footdavant.fr\/actualites\/#website\"},\"datePublished\":\"2026-09-05T14:48:05+00:00\",\"dateModified\":\"2026-09-05T14:48:07+00:00\",\"breadcrumb\":{\"@id\":\"https:\/\/footdavant.fr\/actualites\/cest-comme-ca-evaluation-du-mercato-darteta\/#breadcrumb\"},\"inLanguage\":\"fr-FR\",\"potentialAction\":[{\"@type\":\"ReadAction\",\"target\":[\"https:\/\/footdavant.fr\/actualites\/cest-comme-ca-evaluation-du-mercato-darteta\/\"]}]},{\"@type\":\"BreadcrumbList\",\"@id\":\"https:\/\/footdavant.fr\/actualites\/cest-comme-ca-evaluation-du-mercato-darteta\/#breadcrumb\",\"itemListElement\":[{\"@type\":\"ListItem\",\"position\":1,\"name\":\"Accueil\",\"item\":\"https:\/\/footdavant.fr\/actualites\/\"},{\"@type\":\"ListItem\",\"position\":2,\"name\":\"\u00ab\u00a0C&#39;est comme \u00e7a\u00a0\u00bb &#8211; \u00c9valuation du mercato d&#39;Arteta\"}]},{\"@type\":\"WebSite\",\"@id\":\"https:\/\/footdavant.fr\/actualites\/#website\",\"url\":\"https:\/\/footdavant.fr\/actualites\/\",\"name\":\"Foot d'avant\",\"description\":\"\",\"publisher\":{\"@id\":\"https:\/\/footdavant.fr\/actualites\/#organization\"},\"potentialAction\":[{\"@type\":\"SearchAction\",\"target\":{\"@type\":\"EntryPoint\",\"urlTemplate\":\"https:\/\/footdavant.fr\/actualites\/?s={search_term_string}\"},\"query-input\":\"required name=search_term_string\"}],\"inLanguage\":\"fr-FR\"},{\"@type\":\"Organization\",\"@id\":\"https:\/\/footdavant.fr\/actualites\/#organization\",\"name\":\"Foot d'avant\",\"url\":\"https:\/\/footdavant.fr\/actualites\/\",\"logo\":{\"@type\":\"ImageObject\",\"inLanguage\":\"fr-FR\",\"@id\":\"https:\/\/footdavant.fr\/actualites\/#\/schema\/logo\/image\/\",\"url\":\"https:\/\/footdavant.fr\/actualites\/wp-content\/uploads\/2023\/09\/Copy-of-FootDavant-Logo.png\",\"contentUrl\":\"https:\/\/footdavant.fr\/actualites\/wp-content\/uploads\/2023\/09\/Copy-of-FootDavant-Logo.png\",\"width\":936,\"height\":549,\"caption\":\"Foot d'avant\"},\"image\":{\"@id\":\"https:\/\/footdavant.fr\/actualites\/#\/schema\/logo\/image\/\"},\"sameAs\":[\"https:\/\/www.facebook.com\/Footdavant\/\",\"https:\/\/twitter.com\/FootdavantFr\",\"https:\/\/www.instagram.com\/footdavant.fr\/\"]},{\"@type\":\"Person\",\"@id\":\"https:\/\/footdavant.fr\/actualites\/#\/schema\/person\/bc222566d95871b37e597b3ed3ba5e1d\",\"name\":\"Cl\u00e9ment\",\"image\":{\"@type\":\"ImageObject\",\"inLanguage\":\"fr-FR\",\"@id\":\"https:\/\/footdavant.fr\/actualites\/#\/schema\/person\/image\/\",\"url\":\"https:\/\/secure.gravatar.com\/avatar\/7728b29aac2719421e1a9159b2254c44?s=96&d=mm&r=g\",\"contentUrl\":\"https:\/\/secure.gravatar.com\/avatar\/7728b29aac2719421e1a9159b2254c44?s=96&d=mm&r=g\",\"caption\":\"Cl\u00e9ment\"},\"sameAs\":[\"https:\/\/footdavant.fr\/\"]}]}<\/script>\n<!-- \/ Yoast SEO plugin. -->","yoast_head_json":{"title":"\"C&#39;est comme \u00e7a\" - \u00c9valuation du mercato d&#39;Arteta","robots":{"index":"index","follow":"follow","max-snippet":"max-snippet:-1","max-image-preview":"max-image-preview:large","max-video-preview":"max-video-preview:-1"},"canonical":"https:\/\/footdavant.fr\/actualites\/cest-comme-ca-evaluation-du-mercato-darteta\/","og_locale":"fr_FR","og_type":"article","og_title":"\"C&#39;est comme \u00e7a\" - \u00c9valuation du mercato d&#39;Arteta","og_description":"Bonjour les amis, un petit r\u00e9sum\u00e9 du samedi pour vous. J&#39;\u00e9tais curieux d&#39;entendre ce que Mikel Arteta dirait \u00e0 propos de la cl\u00f4ture de la","og_url":"https:\/\/footdavant.fr\/actualites\/cest-comme-ca-evaluation-du-mercato-darteta\/","og_site_name":"Foot d&#039;avant","article_publisher":"https:\/\/www.facebook.com\/Footdavant\/","article_published_time":"2026-09-05T14:48:05+00:00","article_modified_time":"2026-09-05T14:48:07+00:00","og_image":[{"width":1454,"height":788,"url":"https:\/\/footdavant.fr\/actualites\/wp-content\/uploads\/2026\/09\/C39est-comme-ca-Evaluation-du-mercato-d39Arteta.webp","type":"image\/webp"}],"author":"Cl\u00e9ment","twitter_card":"summary_large_image","twitter_creator":"@FootdavantFr","twitter_site":"@FootdavantFr","twitter_misc":{"\u00c9crit par":"Cl\u00e9ment","Dur\u00e9e de lecture estim\u00e9e":"6 minutes"},"schema":{"@context":"https:\/\/schema.org","@graph":[{"@type":"Article","@id":"https:\/\/footdavant.fr\/actualites\/cest-comme-ca-evaluation-du-mercato-darteta\/#article","isPartOf":{"@id":"https:\/\/footdavant.fr\/actualites\/cest-comme-ca-evaluation-du-mercato-darteta\/"},"author":{"name":"Cl\u00e9ment","@id":"https:\/\/footdavant.fr\/actualites\/#\/schema\/person\/bc222566d95871b37e597b3ed3ba5e1d"},"headline":"\u00ab\u00a0C&#39;est comme \u00e7a\u00a0\u00bb &#8211; \u00c9valuation du mercato d&#39;Arteta","datePublished":"2026-09-05T14:48:05+00:00","dateModified":"2026-09-05T14:48:07+00:00","mainEntityOfPage":{"@id":"https:\/\/footdavant.fr\/actualites\/cest-comme-ca-evaluation-du-mercato-darteta\/"},"wordCount":1179,"publisher":{"@id":"https:\/\/footdavant.fr\/actualites\/#organization"},"keywords":["C39est","\u00e7a","comme","d39Arteta","\u00c9valuation","mercato"],"articleSection":["Football"],"inLanguage":"fr-FR"},{"@type":"WebPage","@id":"https:\/\/footdavant.fr\/actualites\/cest-comme-ca-evaluation-du-mercato-darteta\/","url":"https:\/\/footdavant.fr\/actualites\/cest-comme-ca-evaluation-du-mercato-darteta\/","name":"\"C&#39;est comme \u00e7a\" - \u00c9valuation du mercato d&#39;Arteta","isPartOf":{"@id":"https:\/\/footdavant.fr\/actualites\/#website"},"datePublished":"2026-09-05T14:48:05+00:00","dateModified":"2026-09-05T14:48:07+00:00","breadcrumb":{"@id":"https:\/\/footdavant.fr\/actualites\/cest-comme-ca-evaluation-du-mercato-darteta\/#breadcrumb"},"inLanguage":"fr-FR","potentialAction":[{"@type":"ReadAction","target":["https:\/\/footdavant.fr\/actualites\/cest-comme-ca-evaluation-du-mercato-darteta\/"]}]},{"@type":"BreadcrumbList","@id":"https:\/\/footdavant.fr\/actualites\/cest-comme-ca-evaluation-du-mercato-darteta\/#breadcrumb","itemListElement":[{"@type":"ListItem","position":1,"name":"Accueil","item":"https:\/\/footdavant.fr\/actualites\/"},{"@type":"ListItem","position":2,"name":"\u00ab\u00a0C&#39;est comme \u00e7a\u00a0\u00bb &#8211; \u00c9valuation du mercato d&#39;Arteta"}]},{"@type":"WebSite","@id":"https:\/\/footdavant.fr\/actualites\/#website","url":"https:\/\/footdavant.fr\/actualites\/","name":"Foot d'avant","description":"","publisher":{"@id":"https:\/\/footdavant.fr\/actualites\/#organization"},"potentialAction":[{"@type":"SearchAction","target":{"@type":"EntryPoint","urlTemplate":"https:\/\/footdavant.fr\/actualites\/?s={search_term_string}"},"query-input":"required name=search_term_string"}],"inLanguage":"fr-FR"},{"@type":"Organization","@id":"https:\/\/footdavant.fr\/actualites\/#organization","name":"Foot d'avant","url":"https:\/\/footdavant.fr\/actualites\/","logo":{"@type":"ImageObject","inLanguage":"fr-FR","@id":"https:\/\/footdavant.fr\/actualites\/#\/schema\/logo\/image\/","url":"https:\/\/footdavant.fr\/actualites\/wp-content\/uploads\/2023\/09\/Copy-of-FootDavant-Logo.png","contentUrl":"https:\/\/footdavant.fr\/actualites\/wp-content\/uploads\/2023\/09\/Copy-of-FootDavant-Logo.png","width":936,"height":549,"caption":"Foot d'avant"},"image":{"@id":"https:\/\/footdavant.fr\/actualites\/#\/schema\/logo\/image\/"},"sameAs":["https:\/\/www.facebook.com\/Footdavant\/","https:\/\/twitter.com\/FootdavantFr","https:\/\/www.instagram.com\/footdavant.fr\/"]},{"@type":"Person","@id":"https:\/\/footdavant.fr\/actualites\/#\/schema\/person\/bc222566d95871b37e597b3ed3ba5e1d","name":"Cl\u00e9ment","image":{"@type":"ImageObject","inLanguage":"fr-FR","@id":"https:\/\/footdavant.fr\/actualites\/#\/schema\/person\/image\/","url":"https:\/\/secure.gravatar.com\/avatar\/7728b29aac2719421e1a9159b2254c44?s=96&d=mm&r=g","contentUrl":"https:\/\/secure.gravatar.com\/avatar\/7728b29aac2719421e1a9159b2254c44?s=96&d=mm&r=g","caption":"Cl\u00e9ment"},"sameAs":["https:\/\/footdavant.fr\/"]}]}},"_links":{"self":[{"href":"https:\/\/footdavant.fr\/actualites\/wp-json\/wp\/v2\/posts\/41167"}],"collection":[{"href":"https:\/\/footdavant.fr\/actualites\/wp-json\/wp\/v2\/posts"}],"about":[{"href":"https:\/\/footdavant.fr\/actualites\/wp-json\/wp\/v2\/types\/post"}],"author":[{"embeddable":true,"href":"https:\/\/footdavant.fr\/actualites\/wp-json\/wp\/v2\/users\/1"}],"replies":[{"embeddable":true,"href":"https:\/\/footdavant.fr\/actualites\/wp-json\/wp\/v2\/comments?post=41167"}],"version-history":[{"count":1,"href":"https:\/\/footdavant.fr\/actualites\/wp-json\/wp\/v2\/posts\/41167\/revisions"}],"predecessor-version":[{"id":41169,"href":"https:\/\/footdavant.fr\/actualites\/wp-json\/wp\/v2\/posts\/41167\/revisions\/41169"}],"wp:featuredmedia":[{"embeddable":true,"href":"https:\/\/footdavant.fr\/actualites\/wp-json\/wp\/v2\/media\/41168"}],"wp:attachment":[{"href":"https:\/\/footdavant.fr\/actualites\/wp-json\/wp\/v2\/media?parent=41167"}],"wp:term":[{"taxonomy":"category","embeddable":true,"href":"https:\/\/footdavant.fr\/actualites\/wp-json\/wp\/v2\/categories?post=41167"},{"taxonomy":"post_tag","embeddable":true,"href":"https:\/\/footdavant.fr\/actualites\/wp-json\/wp\/v2\/tags?post=41167"}],"curies":[{"name":"wp","href":"https:\/\/api.w.org\/{rel}","templated":true}]}}