{"id":41173,"date":"2026-09-06T00:48:04","date_gmt":"2026-09-05T22:48:04","guid":{"rendered":"https:\/\/footdavant.fr\/actualites\/tour-dhorizon-europeen-linter-remporte-le-dernier-souffle-alors-que-le-bayern-tient-le-coup\/"},"modified":"2026-09-06T00:48:06","modified_gmt":"2026-09-05T22:48:06","slug":"tour-dhorizon-europeen-linter-remporte-le-dernier-souffle-alors-que-le-bayern-tient-le-coup","status":"publish","type":"post","link":"https:\/\/footdavant.fr\/actualites\/tour-dhorizon-europeen-linter-remporte-le-dernier-souffle-alors-que-le-bayern-tient-le-coup\/","title":{"rendered":"Tour d&#39;horizon europ\u00e9en : l&#39;Inter remporte le dernier souffle alors que le Bayern tient le coup"},"content":{"rendered":"<div>\n<h2 class=\"wp-block-heading\"><span id=\"Inter_Milan_3-2_Napoli\">Inter Milan 3-2 Naples<\/span><\/h2>\n<p>Lautaro Martinez a jou\u00e9 le h\u00e9ros et le m\u00e9chant dans une rencontre haletante \u00e0 San Siro, marquant d&#39;abord pour ramener l&#39;Inter dans le match avant de rentrer chez lui avec un vainqueur dans les arr\u00eats de jeu pour r\u00e9aliser un retour remarquable contre Naples.<\/p>\n<p>Les visiteurs semblaient se diriger vers la victoire lorsque Matteo Politano et Rasmus Hojlund ont marqu\u00e9 coup sur coup en d\u00e9but de seconde p\u00e9riode pour donner l&#39;avantage aux hommes de Massimiliano Allegri 2-0. <\/p>\n<p>Politano a ouvert le score \u00e0 la 50e minute sur un ballon perdu dans la surface, et Hojlund a profit\u00e9 d&#39;une erreur d\u00e9fensive trois minutes plus tard. Martinez en a retir\u00e9 un presque imm\u00e9diatement, mais Naples, manquant Scott McTominay en raison d&#39;une op\u00e9ration cardiaque mineure, a tenu bon jusqu&#39;\u00e0 ce que Marcus Thuram \u00e9galise de la t\u00eate \u00e0 la 82e minute.<\/p>\n<p>Il semblait n&#39;y avoir aucune issue pour l&#39;Inter jusqu&#39;\u00e0 ce que Naples ne parvienne pas \u00e0 d\u00e9gager un corner \u00e0 la troisi\u00e8me minute du temps additionnel. <\/p>\n<p>Manuel Akanji a renvoy\u00e9 le ballon \u00e0 travers la surface de r\u00e9paration et Martinez, arrivant au deuxi\u00e8me poteau, l&#39;a accroch\u00e9 pour d\u00e9clencher des sc\u00e8nes de chaos \u00e0 l&#39;int\u00e9rieur du Meazza. <\/p>\n<figure class=\"wp-block-embed is-type-rich is-provider-x wp-block-embed-x\"\/>\n<h2 class=\"wp-block-heading\"><span id=\"Schalke_04_0-0_Bayern_Munich\">Schalke 04 0-0 Bayern Munich<\/span><\/h2>\n<p>Le Bayern Munich a perdu ses premiers points de la saison alors que Schalke, nouvellement promu, a obtenu un c\u00e9l\u00e8bre match nul et vierge \u00e0 la Veltins-Arena.<\/p>\n<p>Vincent Kompany a pris la d\u00e9cision audacieuse de laisser Kane, Michael Olise et Jamal Musiala sur le banc d\u00e8s le d\u00e9but, et le plan s&#39;est retourn\u00e9 contre lui.<\/p>\n<p>Kompany s&#39;est tourn\u00e9 vers Kane puis Olise et Musiala en seconde p\u00e9riode, mais Loris Karius, le gardien de 38 ans dont la carri\u00e8re a \u00e9t\u00e9 boulevers\u00e9e par la finale de la Ligue des champions 2018, a \u00e9t\u00e9 \u00e0 la hauteur de tout. <\/p>\n<p>L&#39;effort de Kane \u00e0 la 87e minute depuis l&#39;ext\u00e9rieur de la surface semblait destin\u00e9 au corner avant que Karius ne se jette \u00e0 fond sur sa gauche et ne le retourne derri\u00e8re.<\/p>\n<figure class=\"wp-block-embed is-type-rich is-provider-x wp-block-embed-x\"\/>\n<hr class=\"wp-block-separator has-alpha-channel-opacity\"\/>\n<h2 class=\"wp-block-heading\"><span id=\"Athletic_Club_3-0_Atletico_Madrid\">Athletic Club 3-0 Atl\u00e9tico Madrid<\/span><\/h2>\n<p>L&#39;Athletic Club a inflig\u00e9 \u00e0 l&#39;Atletico Madrid sa premi\u00e8re d\u00e9faite de la saison avec une performance d\u00e9vastatrice en seconde p\u00e9riode \u00e0 San Mames, Nico Williams, Robert Navarro et Oihan Sancet se sont combin\u00e9s pour d\u00e9manteler l&#39;une des d\u00e9fenses les plus tenaces de la Liga.<\/p>\n<p>L&#39;Atletico s&#39;\u00e9tait montr\u00e9 prometteur au d\u00e9but. Lee Kang-In a frapp\u00e9 le poteau \u00e0 la troisi\u00e8me minute apr\u00e8s que les h\u00f4tes ont \u00e9t\u00e9 ouverts suite \u00e0 un mouvement qui sugg\u00e9rait que les visiteurs pourraient contr\u00f4ler le tempo. <\/p>\n<p>Mais l&#39;Athletic, sous la direction d&#39;Edin Terzic, \u00e9tait une proposition diff\u00e9rente apr\u00e8s la pause.<\/p>\n<p>Williams a fait bouger les choses trente secondes apr\u00e8s le d\u00e9but de la seconde p\u00e9riode, marquant son premier de la saison pour ouvrir les vannes, et Navarro en a ajout\u00e9 un deuxi\u00e8me deux minutes plus tard pour mettre effectivement fin au match. <\/p>\n<\/p><\/div>\n","protected":false},"excerpt":{"rendered":"<p>Inter Milan 3-2 Naples Lautaro Martinez a jou\u00e9 le h\u00e9ros et le m\u00e9chant dans une rencontre haletante \u00e0 San Siro, marquant d&#39;abord pour ramener l&#39;Inter<\/p>\n","protected":false},"author":1,"featured_media":18047,"comment_status":"closed","ping_status":"","sticky":false,"template":"","format":"standard","meta":{"footnotes":""},"categories":[3],"tags":[318,340,489,5863,2317,940,5414,145,3903,2513,2984],"yoast_head":"<!-- This site is optimized with the Yoast SEO plugin v21.0 - https:\/\/yoast.com\/wordpress\/plugins\/seo\/ -->\n<title>Tour d&#039;horizon europ\u00e9en : l&#039;Inter remporte le dernier souffle alors que le Bayern tient le coup<\/title>\n<meta name=\"robots\" content=\"index, follow, max-snippet:-1, max-image-preview:large, max-video-preview:-1\" \/>\n<link rel=\"canonical\" href=\"https:\/\/footdavant.fr\/actualites\/tour-dhorizon-europeen-linter-remporte-le-dernier-souffle-alors-que-le-bayern-tient-le-coup\/\" \/>\n<meta property=\"og:locale\" content=\"fr_FR\" \/>\n<meta property=\"og:type\" content=\"article\" \/>\n<meta property=\"og:title\" content=\"Tour d&#039;horizon europ\u00e9en : l&#039;Inter remporte le dernier souffle alors que le Bayern tient le coup\" \/>\n<meta property=\"og:description\" content=\"Inter Milan 3-2 Naples Lautaro Martinez a jou\u00e9 le h\u00e9ros et le m\u00e9chant dans une rencontre haletante \u00e0 San Siro, marquant d&#039;abord pour ramener l&#039;Inter\" \/>\n<meta property=\"og:url\" content=\"https:\/\/footdavant.fr\/actualites\/tour-dhorizon-europeen-linter-remporte-le-dernier-souffle-alors-que-le-bayern-tient-le-coup\/\" \/>\n<meta property=\"og:site_name\" content=\"Foot d&#039;avant\" \/>\n<meta property=\"article:publisher\" content=\"https:\/\/www.facebook.com\/Footdavant\/\" \/>\n<meta property=\"article:published_time\" content=\"2026-09-05T22:48:04+00:00\" \/>\n<meta property=\"article:modified_time\" content=\"2026-09-05T22:48:06+00:00\" \/>\n<meta property=\"og:image\" content=\"https:\/\/footdavant.fr\/actualites\/wp-content\/uploads\/2024\/12\/Le-resultat-place-les-visiteurs-en-tete-de-la-Serie.jpg\" \/>\n\t<meta property=\"og:image:width\" content=\"1200\" \/>\n\t<meta property=\"og:image:height\" content=\"675\" \/>\n\t<meta property=\"og:image:type\" content=\"image\/jpeg\" \/>\n<meta name=\"author\" content=\"Cl\u00e9ment\" \/>\n<meta name=\"twitter:card\" content=\"summary_large_image\" \/>\n<meta name=\"twitter:creator\" content=\"@FootdavantFr\" \/>\n<meta name=\"twitter:site\" content=\"@FootdavantFr\" \/>\n<meta name=\"twitter:label1\" content=\"\u00c9crit par\" \/>\n\t<meta name=\"twitter:data1\" content=\"Cl\u00e9ment\" \/>\n\t<meta name=\"twitter:label2\" content=\"Dur\u00e9e de lecture estim\u00e9e\" \/>\n\t<meta name=\"twitter:data2\" content=\"3 minutes\" \/>\n<script type=\"application\/ld+json\" class=\"yoast-schema-graph\">{\"@context\":\"https:\/\/schema.org\",\"@graph\":[{\"@type\":\"Article\",\"@id\":\"https:\/\/footdavant.fr\/actualites\/tour-dhorizon-europeen-linter-remporte-le-dernier-souffle-alors-que-le-bayern-tient-le-coup\/#article\",\"isPartOf\":{\"@id\":\"https:\/\/footdavant.fr\/actualites\/tour-dhorizon-europeen-linter-remporte-le-dernier-souffle-alors-que-le-bayern-tient-le-coup\/\"},\"author\":{\"name\":\"Cl\u00e9ment\",\"@id\":\"https:\/\/footdavant.fr\/actualites\/#\/schema\/person\/bc222566d95871b37e597b3ed3ba5e1d\"},\"headline\":\"Tour d&#39;horizon europ\u00e9en : l&#39;Inter remporte le dernier souffle alors que le Bayern tient le coup\",\"datePublished\":\"2026-09-05T22:48:04+00:00\",\"dateModified\":\"2026-09-05T22:48:06+00:00\",\"mainEntityOfPage\":{\"@id\":\"https:\/\/footdavant.fr\/actualites\/tour-dhorizon-europeen-linter-remporte-le-dernier-souffle-alors-que-le-bayern-tient-le-coup\/\"},\"wordCount\":540,\"publisher\":{\"@id\":\"https:\/\/footdavant.fr\/actualites\/#organization\"},\"keywords\":[\"alors\",\"Bayern\",\"coup\",\"d39horizon\",\"dernier\",\"europ\u00e9en\",\"l39Inter\",\"remporte\",\"souffle\",\"tient\",\"tour\"],\"articleSection\":[\"Football\"],\"inLanguage\":\"fr-FR\"},{\"@type\":\"WebPage\",\"@id\":\"https:\/\/footdavant.fr\/actualites\/tour-dhorizon-europeen-linter-remporte-le-dernier-souffle-alors-que-le-bayern-tient-le-coup\/\",\"url\":\"https:\/\/footdavant.fr\/actualites\/tour-dhorizon-europeen-linter-remporte-le-dernier-souffle-alors-que-le-bayern-tient-le-coup\/\",\"name\":\"Tour d&#39;horizon europ\u00e9en : l&#39;Inter remporte le dernier souffle alors que le Bayern tient le coup\",\"isPartOf\":{\"@id\":\"https:\/\/footdavant.fr\/actualites\/#website\"},\"datePublished\":\"2026-09-05T22:48:04+00:00\",\"dateModified\":\"2026-09-05T22:48:06+00:00\",\"breadcrumb\":{\"@id\":\"https:\/\/footdavant.fr\/actualites\/tour-dhorizon-europeen-linter-remporte-le-dernier-souffle-alors-que-le-bayern-tient-le-coup\/#breadcrumb\"},\"inLanguage\":\"fr-FR\",\"potentialAction\":[{\"@type\":\"ReadAction\",\"target\":[\"https:\/\/footdavant.fr\/actualites\/tour-dhorizon-europeen-linter-remporte-le-dernier-souffle-alors-que-le-bayern-tient-le-coup\/\"]}]},{\"@type\":\"BreadcrumbList\",\"@id\":\"https:\/\/footdavant.fr\/actualites\/tour-dhorizon-europeen-linter-remporte-le-dernier-souffle-alors-que-le-bayern-tient-le-coup\/#breadcrumb\",\"itemListElement\":[{\"@type\":\"ListItem\",\"position\":1,\"name\":\"Accueil\",\"item\":\"https:\/\/footdavant.fr\/actualites\/\"},{\"@type\":\"ListItem\",\"position\":2,\"name\":\"Tour d&#39;horizon europ\u00e9en : l&#39;Inter remporte le dernier souffle alors que le Bayern tient le coup\"}]},{\"@type\":\"WebSite\",\"@id\":\"https:\/\/footdavant.fr\/actualites\/#website\",\"url\":\"https:\/\/footdavant.fr\/actualites\/\",\"name\":\"Foot d'avant\",\"description\":\"\",\"publisher\":{\"@id\":\"https:\/\/footdavant.fr\/actualites\/#organization\"},\"potentialAction\":[{\"@type\":\"SearchAction\",\"target\":{\"@type\":\"EntryPoint\",\"urlTemplate\":\"https:\/\/footdavant.fr\/actualites\/?s={search_term_string}\"},\"query-input\":\"required name=search_term_string\"}],\"inLanguage\":\"fr-FR\"},{\"@type\":\"Organization\",\"@id\":\"https:\/\/footdavant.fr\/actualites\/#organization\",\"name\":\"Foot d'avant\",\"url\":\"https:\/\/footdavant.fr\/actualites\/\",\"logo\":{\"@type\":\"ImageObject\",\"inLanguage\":\"fr-FR\",\"@id\":\"https:\/\/footdavant.fr\/actualites\/#\/schema\/logo\/image\/\",\"url\":\"https:\/\/footdavant.fr\/actualites\/wp-content\/uploads\/2023\/09\/Copy-of-FootDavant-Logo.png\",\"contentUrl\":\"https:\/\/footdavant.fr\/actualites\/wp-content\/uploads\/2023\/09\/Copy-of-FootDavant-Logo.png\",\"width\":936,\"height\":549,\"caption\":\"Foot d'avant\"},\"image\":{\"@id\":\"https:\/\/footdavant.fr\/actualites\/#\/schema\/logo\/image\/\"},\"sameAs\":[\"https:\/\/www.facebook.com\/Footdavant\/\",\"https:\/\/twitter.com\/FootdavantFr\",\"https:\/\/www.instagram.com\/footdavant.fr\/\"]},{\"@type\":\"Person\",\"@id\":\"https:\/\/footdavant.fr\/actualites\/#\/schema\/person\/bc222566d95871b37e597b3ed3ba5e1d\",\"name\":\"Cl\u00e9ment\",\"image\":{\"@type\":\"ImageObject\",\"inLanguage\":\"fr-FR\",\"@id\":\"https:\/\/footdavant.fr\/actualites\/#\/schema\/person\/image\/\",\"url\":\"https:\/\/secure.gravatar.com\/avatar\/7728b29aac2719421e1a9159b2254c44?s=96&d=mm&r=g\",\"contentUrl\":\"https:\/\/secure.gravatar.com\/avatar\/7728b29aac2719421e1a9159b2254c44?s=96&d=mm&r=g\",\"caption\":\"Cl\u00e9ment\"},\"sameAs\":[\"https:\/\/footdavant.fr\/\"]}]}<\/script>\n<!-- \/ Yoast SEO plugin. -->","yoast_head_json":{"title":"Tour d&#39;horizon europ\u00e9en : l&#39;Inter remporte le dernier souffle alors que le Bayern tient le coup","robots":{"index":"index","follow":"follow","max-snippet":"max-snippet:-1","max-image-preview":"max-image-preview:large","max-video-preview":"max-video-preview:-1"},"canonical":"https:\/\/footdavant.fr\/actualites\/tour-dhorizon-europeen-linter-remporte-le-dernier-souffle-alors-que-le-bayern-tient-le-coup\/","og_locale":"fr_FR","og_type":"article","og_title":"Tour d&#39;horizon europ\u00e9en : l&#39;Inter remporte le dernier souffle alors que le Bayern tient le coup","og_description":"Inter Milan 3-2 Naples Lautaro Martinez a jou\u00e9 le h\u00e9ros et le m\u00e9chant dans une rencontre haletante \u00e0 San Siro, marquant d&#39;abord pour ramener l&#39;Inter","og_url":"https:\/\/footdavant.fr\/actualites\/tour-dhorizon-europeen-linter-remporte-le-dernier-souffle-alors-que-le-bayern-tient-le-coup\/","og_site_name":"Foot d&#039;avant","article_publisher":"https:\/\/www.facebook.com\/Footdavant\/","article_published_time":"2026-09-05T22:48:04+00:00","article_modified_time":"2026-09-05T22:48:06+00:00","og_image":[{"width":1200,"height":675,"url":"https:\/\/footdavant.fr\/actualites\/wp-content\/uploads\/2024\/12\/Le-resultat-place-les-visiteurs-en-tete-de-la-Serie.jpg","type":"image\/jpeg"}],"author":"Cl\u00e9ment","twitter_card":"summary_large_image","twitter_creator":"@FootdavantFr","twitter_site":"@FootdavantFr","twitter_misc":{"\u00c9crit par":"Cl\u00e9ment","Dur\u00e9e de lecture estim\u00e9e":"3 minutes"},"schema":{"@context":"https:\/\/schema.org","@graph":[{"@type":"Article","@id":"https:\/\/footdavant.fr\/actualites\/tour-dhorizon-europeen-linter-remporte-le-dernier-souffle-alors-que-le-bayern-tient-le-coup\/#article","isPartOf":{"@id":"https:\/\/footdavant.fr\/actualites\/tour-dhorizon-europeen-linter-remporte-le-dernier-souffle-alors-que-le-bayern-tient-le-coup\/"},"author":{"name":"Cl\u00e9ment","@id":"https:\/\/footdavant.fr\/actualites\/#\/schema\/person\/bc222566d95871b37e597b3ed3ba5e1d"},"headline":"Tour d&#39;horizon europ\u00e9en : l&#39;Inter remporte le dernier souffle alors que le Bayern tient le coup","datePublished":"2026-09-05T22:48:04+00:00","dateModified":"2026-09-05T22:48:06+00:00","mainEntityOfPage":{"@id":"https:\/\/footdavant.fr\/actualites\/tour-dhorizon-europeen-linter-remporte-le-dernier-souffle-alors-que-le-bayern-tient-le-coup\/"},"wordCount":540,"publisher":{"@id":"https:\/\/footdavant.fr\/actualites\/#organization"},"keywords":["alors","Bayern","coup","d39horizon","dernier","europ\u00e9en","l39Inter","remporte","souffle","tient","tour"],"articleSection":["Football"],"inLanguage":"fr-FR"},{"@type":"WebPage","@id":"https:\/\/footdavant.fr\/actualites\/tour-dhorizon-europeen-linter-remporte-le-dernier-souffle-alors-que-le-bayern-tient-le-coup\/","url":"https:\/\/footdavant.fr\/actualites\/tour-dhorizon-europeen-linter-remporte-le-dernier-souffle-alors-que-le-bayern-tient-le-coup\/","name":"Tour d&#39;horizon europ\u00e9en : l&#39;Inter remporte le dernier souffle alors que le Bayern tient le coup","isPartOf":{"@id":"https:\/\/footdavant.fr\/actualites\/#website"},"datePublished":"2026-09-05T22:48:04+00:00","dateModified":"2026-09-05T22:48:06+00:00","breadcrumb":{"@id":"https:\/\/footdavant.fr\/actualites\/tour-dhorizon-europeen-linter-remporte-le-dernier-souffle-alors-que-le-bayern-tient-le-coup\/#breadcrumb"},"inLanguage":"fr-FR","potentialAction":[{"@type":"ReadAction","target":["https:\/\/footdavant.fr\/actualites\/tour-dhorizon-europeen-linter-remporte-le-dernier-souffle-alors-que-le-bayern-tient-le-coup\/"]}]},{"@type":"BreadcrumbList","@id":"https:\/\/footdavant.fr\/actualites\/tour-dhorizon-europeen-linter-remporte-le-dernier-souffle-alors-que-le-bayern-tient-le-coup\/#breadcrumb","itemListElement":[{"@type":"ListItem","position":1,"name":"Accueil","item":"https:\/\/footdavant.fr\/actualites\/"},{"@type":"ListItem","position":2,"name":"Tour d&#39;horizon europ\u00e9en : l&#39;Inter remporte le dernier souffle alors que le Bayern tient le coup"}]},{"@type":"WebSite","@id":"https:\/\/footdavant.fr\/actualites\/#website","url":"https:\/\/footdavant.fr\/actualites\/","name":"Foot d'avant","description":"","publisher":{"@id":"https:\/\/footdavant.fr\/actualites\/#organization"},"potentialAction":[{"@type":"SearchAction","target":{"@type":"EntryPoint","urlTemplate":"https:\/\/footdavant.fr\/actualites\/?s={search_term_string}"},"query-input":"required name=search_term_string"}],"inLanguage":"fr-FR"},{"@type":"Organization","@id":"https:\/\/footdavant.fr\/actualites\/#organization","name":"Foot d'avant","url":"https:\/\/footdavant.fr\/actualites\/","logo":{"@type":"ImageObject","inLanguage":"fr-FR","@id":"https:\/\/footdavant.fr\/actualites\/#\/schema\/logo\/image\/","url":"https:\/\/footdavant.fr\/actualites\/wp-content\/uploads\/2023\/09\/Copy-of-FootDavant-Logo.png","contentUrl":"https:\/\/footdavant.fr\/actualites\/wp-content\/uploads\/2023\/09\/Copy-of-FootDavant-Logo.png","width":936,"height":549,"caption":"Foot d'avant"},"image":{"@id":"https:\/\/footdavant.fr\/actualites\/#\/schema\/logo\/image\/"},"sameAs":["https:\/\/www.facebook.com\/Footdavant\/","https:\/\/twitter.com\/FootdavantFr","https:\/\/www.instagram.com\/footdavant.fr\/"]},{"@type":"Person","@id":"https:\/\/footdavant.fr\/actualites\/#\/schema\/person\/bc222566d95871b37e597b3ed3ba5e1d","name":"Cl\u00e9ment","image":{"@type":"ImageObject","inLanguage":"fr-FR","@id":"https:\/\/footdavant.fr\/actualites\/#\/schema\/person\/image\/","url":"https:\/\/secure.gravatar.com\/avatar\/7728b29aac2719421e1a9159b2254c44?s=96&d=mm&r=g","contentUrl":"https:\/\/secure.gravatar.com\/avatar\/7728b29aac2719421e1a9159b2254c44?s=96&d=mm&r=g","caption":"Cl\u00e9ment"},"sameAs":["https:\/\/footdavant.fr\/"]}]}},"_links":{"self":[{"href":"https:\/\/footdavant.fr\/actualites\/wp-json\/wp\/v2\/posts\/41173"}],"collection":[{"href":"https:\/\/footdavant.fr\/actualites\/wp-json\/wp\/v2\/posts"}],"about":[{"href":"https:\/\/footdavant.fr\/actualites\/wp-json\/wp\/v2\/types\/post"}],"author":[{"embeddable":true,"href":"https:\/\/footdavant.fr\/actualites\/wp-json\/wp\/v2\/users\/1"}],"replies":[{"embeddable":true,"href":"https:\/\/footdavant.fr\/actualites\/wp-json\/wp\/v2\/comments?post=41173"}],"version-history":[{"count":1,"href":"https:\/\/footdavant.fr\/actualites\/wp-json\/wp\/v2\/posts\/41173\/revisions"}],"predecessor-version":[{"id":41174,"href":"https:\/\/footdavant.fr\/actualites\/wp-json\/wp\/v2\/posts\/41173\/revisions\/41174"}],"wp:featuredmedia":[{"embeddable":true,"href":"https:\/\/footdavant.fr\/actualites\/wp-json\/wp\/v2\/media\/18047"}],"wp:attachment":[{"href":"https:\/\/footdavant.fr\/actualites\/wp-json\/wp\/v2\/media?parent=41173"}],"wp:term":[{"taxonomy":"category","embeddable":true,"href":"https:\/\/footdavant.fr\/actualites\/wp-json\/wp\/v2\/categories?post=41173"},{"taxonomy":"post_tag","embeddable":true,"href":"https:\/\/footdavant.fr\/actualites\/wp-json\/wp\/v2\/tags?post=41173"}],"curies":[{"name":"wp","href":"https:\/\/api.w.org\/{rel}","templated":true}]}}