{"id":41175,"date":"2026-09-06T04:48:03","date_gmt":"2026-09-06T02:48:03","guid":{"rendered":"https:\/\/footdavant.fr\/actualites\/man-united-etait-interesse-par-une-decision-du-demon-de-la-vitesse-de-chelsea-cet-ete-pour-ajouter-de-la-puissance-de-feu-des-le-depart\/"},"modified":"2026-09-06T04:48:08","modified_gmt":"2026-09-06T02:48:08","slug":"man-united-etait-interesse-par-une-decision-du-demon-de-la-vitesse-de-chelsea-cet-ete-pour-ajouter-de-la-puissance-de-feu-des-le-depart","status":"publish","type":"post","link":"https:\/\/footdavant.fr\/actualites\/man-united-etait-interesse-par-une-decision-du-demon-de-la-vitesse-de-chelsea-cet-ete-pour-ajouter-de-la-puissance-de-feu-des-le-depart\/","title":{"rendered":"Man United \u00e9tait int\u00e9ress\u00e9 par une d\u00e9cision du d\u00e9mon de la vitesse de Chelsea cet \u00e9t\u00e9 pour ajouter de la puissance de feu d\u00e8s le d\u00e9part \u2013"},"content":{"rendered":"<div id=\"penci-post-entry-inner\">\n<p>\t\t\t<i class=\"penci-post-countview-number-check\" style=\"display:none\">1<\/i><\/p>\n<p><!--Article Start--><br \/>Manchester United \u00e9tait \u00e0 la recherche d\u2019une option offensive polyvalente cet \u00e9t\u00e9 pour remplacer Marcus Rashford et Joshua Zirkzee.<\/p>\n<p>Le Mancunien semblait destin\u00e9 \u00e0 rejoindre Barcelone apr\u00e8s l&#39;avoir aid\u00e9 \u00e0 remporter le titre de la Liga lors de son pr\u00eat la saison derni\u00e8re.<\/p>\n<p>Cependant, les g\u00e9ants catalans n&#39;ont finalement pas d\u00e9clench\u00e9 son option d&#39;achat, et Michael Carrick lui a ensuite propos\u00e9 un rameau d&#39;olivier.<\/p>\n<p>L&#39;international anglais est revenu \u00e0 Old Trafford et a impressionn\u00e9 contre Ipswich Town la semaine derni\u00e8re.<\/p>\n<h5>Pedro Neto \u00e9tait sur le radar de United<\/h5>\n<p>Quant au N\u00e9erlandais, malgr\u00e9 l&#39;int\u00e9r\u00eat d&#39;Everton, de la Fiorentina et de la Juventus, il a fini par rester et l&#39;entra\u00eeneur-chef a confirm\u00e9 que l&#39;ancien as de Bologne avait encore un r\u00f4le \u00e0 jouer dans cette campagne.<\/p>\n<p>Si l\u2019un ou l\u2019autre \u00e9tait parti, INEOS aurait cherch\u00e9 \u00e0 recruter un ailier et un attaquant suppl\u00e9ant, et Pedro Neto aurait fait l\u2019affaire.<\/p>\n<p>Fait int\u00e9ressant, TEAMtalk a r\u00e9v\u00e9l\u00e9 que l&#39;as portugais \u00e9tait sur le radar des Diables Rouges, avec toute une s\u00e9rie d&#39;autres gros bonnets de la Premier League.<\/p>\n<p>Cependant, l&#39;as de Chelsea voulait d\u00e9sesp\u00e9r\u00e9ment rester \u00e0 Stamford Bridge et impressionner Xabi Alonso, il a donc choisi de rester avec les Blues.<\/p>\n<h5>L&#39;as de Chelsea a choisi de ne pas faire pression pour une sortie<\/h5>\n<p>\u00ab\u00a0Pedro Neto n&#39;a pas pouss\u00e9 \u00e0 quitter Chelsea pendant le mercato estival, TEAMtalk comprenant que l&#39;ailier reste engag\u00e9 envers le club et tient \u00e0 prouver qu&#39;il peut devenir un joueur cl\u00e9 sous la direction du nouvel entra\u00eeneur-chef Xabi Alonso.<\/p>\n<p>\u00ab\u00a0Neto \u00e9tait au courant des sp\u00e9culations le liant \u00e0 une multitude de clubs de Premier League, y compris un int\u00e9r\u00eat timide de la part de Tottenham, Liverpool, Manchester United et Manchester City.<\/p>\n<p>\u00ab\u00a0Cependant, des sources soulignent qu&#39;il n&#39;a jamais fait campagne pour s&#39;\u00e9loigner de Stamford Bridge ni tent\u00e9 de chercher une issue au milieu d&#39;une autre refonte estivale majeure \u00e0 Chelsea.\u00a0\u00bb<\/p>\n<p>La saison derni\u00e8re, l&#39;ancien as des Wolverhampton Wanderers a inscrit 10 buts toutes comp\u00e9titions confondues et enregistr\u00e9 autant de passes d\u00e9cisives. Il compte d\u00e9j\u00e0 un but en Premier League cette saison.<\/p>\n<h5>United a fait ce qu&#39;il fallait<\/h5>\n<p>Cependant, son jeu incoh\u00e9rent ne l\u2019a pas fait aimer de beaucoup, et United aurait pu faire bien mieux que l\u2019international portugais.<\/p>\n<p>C&#39;\u00e9tait tout \u00e0 fait la bonne d\u00e9cision de la part d&#39;INEOS de ne pas faire pression pour que Pedro Neto soit transf\u00e9r\u00e9 cet \u00e9t\u00e9.<\/p>\n<\/p>\n<hr\/>\n<div style=\"position:relative; width:100%; max-width:1760px;\">\n<p>    &#13;<\/p>\n<p>    &#13;<\/p>\n<\/div>\n<p><img fetchpriority=\"high\" decoding=\"async\" src=\"https:\/\/footdavant.fr\/actualites\/wp-content\/uploads\/2026\/07\/Le-role-de-United-dans-le-transfert-propose-par-Mason.png\" alt=\"\" width=\"1160\" height=\"65\" class=\"aligncenter size-full wp-image-299864\"\/><br \/>\n<!--Article End--><\/p>\n<p><!-- CONTENT END 2 --><\/p><\/div>\n","protected":false},"excerpt":{"rendered":"<p>1 Manchester United \u00e9tait \u00e0 la recherche d\u2019une option offensive polyvalente cet \u00e9t\u00e9 pour remplacer Marcus Rashford et Joshua Zirkzee. Le Mancunien semblait destin\u00e9 \u00e0<\/p>\n","protected":false},"author":1,"featured_media":41176,"comment_status":"closed","ping_status":"","sticky":false,"template":"","format":"standard","meta":{"footnotes":""},"categories":[3],"tags":[829,775,171,497,12618,560,12,1502,776,1003,94,24,75,51,7133,92,13,8976],"yoast_head":"<!-- This site is optimized with the Yoast SEO plugin v21.0 - https:\/\/yoast.com\/wordpress\/plugins\/seo\/ -->\n<title>Man United \u00e9tait int\u00e9ress\u00e9 par une d\u00e9cision du d\u00e9mon de la vitesse de Chelsea cet \u00e9t\u00e9 pour ajouter de la puissance de feu d\u00e8s le d\u00e9part \u2013<\/title>\n<meta name=\"robots\" content=\"index, follow, max-snippet:-1, max-image-preview:large, max-video-preview:-1\" \/>\n<link rel=\"canonical\" href=\"https:\/\/footdavant.fr\/actualites\/man-united-etait-interesse-par-une-decision-du-demon-de-la-vitesse-de-chelsea-cet-ete-pour-ajouter-de-la-puissance-de-feu-des-le-depart\/\" \/>\n<meta property=\"og:locale\" content=\"fr_FR\" \/>\n<meta property=\"og:type\" content=\"article\" \/>\n<meta property=\"og:title\" content=\"Man United \u00e9tait int\u00e9ress\u00e9 par une d\u00e9cision du d\u00e9mon de la vitesse de Chelsea cet \u00e9t\u00e9 pour ajouter de la puissance de feu d\u00e8s le d\u00e9part \u2013\" \/>\n<meta property=\"og:description\" content=\"1 Manchester United \u00e9tait \u00e0 la recherche d\u2019une option offensive polyvalente cet \u00e9t\u00e9 pour remplacer Marcus Rashford et Joshua Zirkzee. Le Mancunien semblait destin\u00e9 \u00e0\" \/>\n<meta property=\"og:url\" content=\"https:\/\/footdavant.fr\/actualites\/man-united-etait-interesse-par-une-decision-du-demon-de-la-vitesse-de-chelsea-cet-ete-pour-ajouter-de-la-puissance-de-feu-des-le-depart\/\" \/>\n<meta property=\"og:site_name\" content=\"Foot d&#039;avant\" \/>\n<meta property=\"article:publisher\" content=\"https:\/\/www.facebook.com\/Footdavant\/\" \/>\n<meta property=\"article:published_time\" content=\"2026-09-06T02:48:03+00:00\" \/>\n<meta property=\"article:modified_time\" content=\"2026-09-06T02:48:08+00:00\" \/>\n<meta property=\"og:image\" content=\"https:\/\/footdavant.fr\/actualites\/wp-content\/uploads\/2026\/09\/Man-United-etait-interesse-par-une-decision-du-demon-de.jpg\" \/>\n\t<meta property=\"og:image:width\" content=\"1200\" \/>\n\t<meta property=\"og:image:height\" content=\"675\" \/>\n\t<meta property=\"og:image:type\" content=\"image\/jpeg\" \/>\n<meta name=\"author\" content=\"Cl\u00e9ment\" \/>\n<meta name=\"twitter:card\" content=\"summary_large_image\" \/>\n<meta name=\"twitter:creator\" content=\"@FootdavantFr\" \/>\n<meta name=\"twitter:site\" content=\"@FootdavantFr\" \/>\n<meta name=\"twitter:label1\" content=\"\u00c9crit par\" \/>\n\t<meta name=\"twitter:data1\" content=\"Cl\u00e9ment\" \/>\n\t<meta name=\"twitter:label2\" content=\"Dur\u00e9e de lecture estim\u00e9e\" \/>\n\t<meta name=\"twitter:data2\" content=\"2 minutes\" \/>\n<script type=\"application\/ld+json\" class=\"yoast-schema-graph\">{\"@context\":\"https:\/\/schema.org\",\"@graph\":[{\"@type\":\"Article\",\"@id\":\"https:\/\/footdavant.fr\/actualites\/man-united-etait-interesse-par-une-decision-du-demon-de-la-vitesse-de-chelsea-cet-ete-pour-ajouter-de-la-puissance-de-feu-des-le-depart\/#article\",\"isPartOf\":{\"@id\":\"https:\/\/footdavant.fr\/actualites\/man-united-etait-interesse-par-une-decision-du-demon-de-la-vitesse-de-chelsea-cet-ete-pour-ajouter-de-la-puissance-de-feu-des-le-depart\/\"},\"author\":{\"name\":\"Cl\u00e9ment\",\"@id\":\"https:\/\/footdavant.fr\/actualites\/#\/schema\/person\/bc222566d95871b37e597b3ed3ba5e1d\"},\"headline\":\"Man United \u00e9tait int\u00e9ress\u00e9 par une d\u00e9cision du d\u00e9mon de la vitesse de Chelsea cet \u00e9t\u00e9 pour ajouter de la puissance de feu d\u00e8s le d\u00e9part \u2013\",\"datePublished\":\"2026-09-06T02:48:03+00:00\",\"dateModified\":\"2026-09-06T02:48:08+00:00\",\"mainEntityOfPage\":{\"@id\":\"https:\/\/footdavant.fr\/actualites\/man-united-etait-interesse-par-une-decision-du-demon-de-la-vitesse-de-chelsea-cet-ete-pour-ajouter-de-la-puissance-de-feu-des-le-depart\/\"},\"wordCount\":469,\"publisher\":{\"@id\":\"https:\/\/footdavant.fr\/actualites\/#organization\"},\"keywords\":[\"ajouter\",\"cet\",\"Chelsea\",\"d\u00e9cision\",\"d\u00e9mon\",\"d\u00e9part\",\"des\",\"\u00e9tait\",\"\u00e9t\u00e9\",\"feu\",\"int\u00e9ress\u00e9\",\"Man\",\"par\",\"pour\",\"puissance\",\"une\",\"United\",\"vitesse\"],\"articleSection\":[\"Football\"],\"inLanguage\":\"fr-FR\"},{\"@type\":\"WebPage\",\"@id\":\"https:\/\/footdavant.fr\/actualites\/man-united-etait-interesse-par-une-decision-du-demon-de-la-vitesse-de-chelsea-cet-ete-pour-ajouter-de-la-puissance-de-feu-des-le-depart\/\",\"url\":\"https:\/\/footdavant.fr\/actualites\/man-united-etait-interesse-par-une-decision-du-demon-de-la-vitesse-de-chelsea-cet-ete-pour-ajouter-de-la-puissance-de-feu-des-le-depart\/\",\"name\":\"Man United \u00e9tait int\u00e9ress\u00e9 par une d\u00e9cision du d\u00e9mon de la vitesse de Chelsea cet \u00e9t\u00e9 pour ajouter de la puissance de feu d\u00e8s le d\u00e9part \u2013\",\"isPartOf\":{\"@id\":\"https:\/\/footdavant.fr\/actualites\/#website\"},\"datePublished\":\"2026-09-06T02:48:03+00:00\",\"dateModified\":\"2026-09-06T02:48:08+00:00\",\"breadcrumb\":{\"@id\":\"https:\/\/footdavant.fr\/actualites\/man-united-etait-interesse-par-une-decision-du-demon-de-la-vitesse-de-chelsea-cet-ete-pour-ajouter-de-la-puissance-de-feu-des-le-depart\/#breadcrumb\"},\"inLanguage\":\"fr-FR\",\"potentialAction\":[{\"@type\":\"ReadAction\",\"target\":[\"https:\/\/footdavant.fr\/actualites\/man-united-etait-interesse-par-une-decision-du-demon-de-la-vitesse-de-chelsea-cet-ete-pour-ajouter-de-la-puissance-de-feu-des-le-depart\/\"]}]},{\"@type\":\"BreadcrumbList\",\"@id\":\"https:\/\/footdavant.fr\/actualites\/man-united-etait-interesse-par-une-decision-du-demon-de-la-vitesse-de-chelsea-cet-ete-pour-ajouter-de-la-puissance-de-feu-des-le-depart\/#breadcrumb\",\"itemListElement\":[{\"@type\":\"ListItem\",\"position\":1,\"name\":\"Accueil\",\"item\":\"https:\/\/footdavant.fr\/actualites\/\"},{\"@type\":\"ListItem\",\"position\":2,\"name\":\"Man United \u00e9tait int\u00e9ress\u00e9 par une d\u00e9cision du d\u00e9mon de la vitesse de Chelsea cet \u00e9t\u00e9 pour ajouter de la puissance de feu d\u00e8s le d\u00e9part \u2013\"}]},{\"@type\":\"WebSite\",\"@id\":\"https:\/\/footdavant.fr\/actualites\/#website\",\"url\":\"https:\/\/footdavant.fr\/actualites\/\",\"name\":\"Foot d'avant\",\"description\":\"\",\"publisher\":{\"@id\":\"https:\/\/footdavant.fr\/actualites\/#organization\"},\"potentialAction\":[{\"@type\":\"SearchAction\",\"target\":{\"@type\":\"EntryPoint\",\"urlTemplate\":\"https:\/\/footdavant.fr\/actualites\/?s={search_term_string}\"},\"query-input\":\"required name=search_term_string\"}],\"inLanguage\":\"fr-FR\"},{\"@type\":\"Organization\",\"@id\":\"https:\/\/footdavant.fr\/actualites\/#organization\",\"name\":\"Foot d'avant\",\"url\":\"https:\/\/footdavant.fr\/actualites\/\",\"logo\":{\"@type\":\"ImageObject\",\"inLanguage\":\"fr-FR\",\"@id\":\"https:\/\/footdavant.fr\/actualites\/#\/schema\/logo\/image\/\",\"url\":\"https:\/\/footdavant.fr\/actualites\/wp-content\/uploads\/2023\/09\/Copy-of-FootDavant-Logo.png\",\"contentUrl\":\"https:\/\/footdavant.fr\/actualites\/wp-content\/uploads\/2023\/09\/Copy-of-FootDavant-Logo.png\",\"width\":936,\"height\":549,\"caption\":\"Foot d'avant\"},\"image\":{\"@id\":\"https:\/\/footdavant.fr\/actualites\/#\/schema\/logo\/image\/\"},\"sameAs\":[\"https:\/\/www.facebook.com\/Footdavant\/\",\"https:\/\/twitter.com\/FootdavantFr\",\"https:\/\/www.instagram.com\/footdavant.fr\/\"]},{\"@type\":\"Person\",\"@id\":\"https:\/\/footdavant.fr\/actualites\/#\/schema\/person\/bc222566d95871b37e597b3ed3ba5e1d\",\"name\":\"Cl\u00e9ment\",\"image\":{\"@type\":\"ImageObject\",\"inLanguage\":\"fr-FR\",\"@id\":\"https:\/\/footdavant.fr\/actualites\/#\/schema\/person\/image\/\",\"url\":\"https:\/\/secure.gravatar.com\/avatar\/7728b29aac2719421e1a9159b2254c44?s=96&d=mm&r=g\",\"contentUrl\":\"https:\/\/secure.gravatar.com\/avatar\/7728b29aac2719421e1a9159b2254c44?s=96&d=mm&r=g\",\"caption\":\"Cl\u00e9ment\"},\"sameAs\":[\"https:\/\/footdavant.fr\/\"]}]}<\/script>\n<!-- \/ Yoast SEO plugin. -->","yoast_head_json":{"title":"Man United \u00e9tait int\u00e9ress\u00e9 par une d\u00e9cision du d\u00e9mon de la vitesse de Chelsea cet \u00e9t\u00e9 pour ajouter de la puissance de feu d\u00e8s le d\u00e9part \u2013","robots":{"index":"index","follow":"follow","max-snippet":"max-snippet:-1","max-image-preview":"max-image-preview:large","max-video-preview":"max-video-preview:-1"},"canonical":"https:\/\/footdavant.fr\/actualites\/man-united-etait-interesse-par-une-decision-du-demon-de-la-vitesse-de-chelsea-cet-ete-pour-ajouter-de-la-puissance-de-feu-des-le-depart\/","og_locale":"fr_FR","og_type":"article","og_title":"Man United \u00e9tait int\u00e9ress\u00e9 par une d\u00e9cision du d\u00e9mon de la vitesse de Chelsea cet \u00e9t\u00e9 pour ajouter de la puissance de feu d\u00e8s le d\u00e9part \u2013","og_description":"1 Manchester United \u00e9tait \u00e0 la recherche d\u2019une option offensive polyvalente cet \u00e9t\u00e9 pour remplacer Marcus Rashford et Joshua Zirkzee. Le Mancunien semblait destin\u00e9 \u00e0","og_url":"https:\/\/footdavant.fr\/actualites\/man-united-etait-interesse-par-une-decision-du-demon-de-la-vitesse-de-chelsea-cet-ete-pour-ajouter-de-la-puissance-de-feu-des-le-depart\/","og_site_name":"Foot d&#039;avant","article_publisher":"https:\/\/www.facebook.com\/Footdavant\/","article_published_time":"2026-09-06T02:48:03+00:00","article_modified_time":"2026-09-06T02:48:08+00:00","og_image":[{"width":1200,"height":675,"url":"https:\/\/footdavant.fr\/actualites\/wp-content\/uploads\/2026\/09\/Man-United-etait-interesse-par-une-decision-du-demon-de.jpg","type":"image\/jpeg"}],"author":"Cl\u00e9ment","twitter_card":"summary_large_image","twitter_creator":"@FootdavantFr","twitter_site":"@FootdavantFr","twitter_misc":{"\u00c9crit par":"Cl\u00e9ment","Dur\u00e9e de lecture estim\u00e9e":"2 minutes"},"schema":{"@context":"https:\/\/schema.org","@graph":[{"@type":"Article","@id":"https:\/\/footdavant.fr\/actualites\/man-united-etait-interesse-par-une-decision-du-demon-de-la-vitesse-de-chelsea-cet-ete-pour-ajouter-de-la-puissance-de-feu-des-le-depart\/#article","isPartOf":{"@id":"https:\/\/footdavant.fr\/actualites\/man-united-etait-interesse-par-une-decision-du-demon-de-la-vitesse-de-chelsea-cet-ete-pour-ajouter-de-la-puissance-de-feu-des-le-depart\/"},"author":{"name":"Cl\u00e9ment","@id":"https:\/\/footdavant.fr\/actualites\/#\/schema\/person\/bc222566d95871b37e597b3ed3ba5e1d"},"headline":"Man United \u00e9tait int\u00e9ress\u00e9 par une d\u00e9cision du d\u00e9mon de la vitesse de Chelsea cet \u00e9t\u00e9 pour ajouter de la puissance de feu d\u00e8s le d\u00e9part \u2013","datePublished":"2026-09-06T02:48:03+00:00","dateModified":"2026-09-06T02:48:08+00:00","mainEntityOfPage":{"@id":"https:\/\/footdavant.fr\/actualites\/man-united-etait-interesse-par-une-decision-du-demon-de-la-vitesse-de-chelsea-cet-ete-pour-ajouter-de-la-puissance-de-feu-des-le-depart\/"},"wordCount":469,"publisher":{"@id":"https:\/\/footdavant.fr\/actualites\/#organization"},"keywords":["ajouter","cet","Chelsea","d\u00e9cision","d\u00e9mon","d\u00e9part","des","\u00e9tait","\u00e9t\u00e9","feu","int\u00e9ress\u00e9","Man","par","pour","puissance","une","United","vitesse"],"articleSection":["Football"],"inLanguage":"fr-FR"},{"@type":"WebPage","@id":"https:\/\/footdavant.fr\/actualites\/man-united-etait-interesse-par-une-decision-du-demon-de-la-vitesse-de-chelsea-cet-ete-pour-ajouter-de-la-puissance-de-feu-des-le-depart\/","url":"https:\/\/footdavant.fr\/actualites\/man-united-etait-interesse-par-une-decision-du-demon-de-la-vitesse-de-chelsea-cet-ete-pour-ajouter-de-la-puissance-de-feu-des-le-depart\/","name":"Man United \u00e9tait int\u00e9ress\u00e9 par une d\u00e9cision du d\u00e9mon de la vitesse de Chelsea cet \u00e9t\u00e9 pour ajouter de la puissance de feu d\u00e8s le d\u00e9part \u2013","isPartOf":{"@id":"https:\/\/footdavant.fr\/actualites\/#website"},"datePublished":"2026-09-06T02:48:03+00:00","dateModified":"2026-09-06T02:48:08+00:00","breadcrumb":{"@id":"https:\/\/footdavant.fr\/actualites\/man-united-etait-interesse-par-une-decision-du-demon-de-la-vitesse-de-chelsea-cet-ete-pour-ajouter-de-la-puissance-de-feu-des-le-depart\/#breadcrumb"},"inLanguage":"fr-FR","potentialAction":[{"@type":"ReadAction","target":["https:\/\/footdavant.fr\/actualites\/man-united-etait-interesse-par-une-decision-du-demon-de-la-vitesse-de-chelsea-cet-ete-pour-ajouter-de-la-puissance-de-feu-des-le-depart\/"]}]},{"@type":"BreadcrumbList","@id":"https:\/\/footdavant.fr\/actualites\/man-united-etait-interesse-par-une-decision-du-demon-de-la-vitesse-de-chelsea-cet-ete-pour-ajouter-de-la-puissance-de-feu-des-le-depart\/#breadcrumb","itemListElement":[{"@type":"ListItem","position":1,"name":"Accueil","item":"https:\/\/footdavant.fr\/actualites\/"},{"@type":"ListItem","position":2,"name":"Man United \u00e9tait int\u00e9ress\u00e9 par une d\u00e9cision du d\u00e9mon de la vitesse de Chelsea cet \u00e9t\u00e9 pour ajouter de la puissance de feu d\u00e8s le d\u00e9part \u2013"}]},{"@type":"WebSite","@id":"https:\/\/footdavant.fr\/actualites\/#website","url":"https:\/\/footdavant.fr\/actualites\/","name":"Foot d'avant","description":"","publisher":{"@id":"https:\/\/footdavant.fr\/actualites\/#organization"},"potentialAction":[{"@type":"SearchAction","target":{"@type":"EntryPoint","urlTemplate":"https:\/\/footdavant.fr\/actualites\/?s={search_term_string}"},"query-input":"required name=search_term_string"}],"inLanguage":"fr-FR"},{"@type":"Organization","@id":"https:\/\/footdavant.fr\/actualites\/#organization","name":"Foot d'avant","url":"https:\/\/footdavant.fr\/actualites\/","logo":{"@type":"ImageObject","inLanguage":"fr-FR","@id":"https:\/\/footdavant.fr\/actualites\/#\/schema\/logo\/image\/","url":"https:\/\/footdavant.fr\/actualites\/wp-content\/uploads\/2023\/09\/Copy-of-FootDavant-Logo.png","contentUrl":"https:\/\/footdavant.fr\/actualites\/wp-content\/uploads\/2023\/09\/Copy-of-FootDavant-Logo.png","width":936,"height":549,"caption":"Foot d'avant"},"image":{"@id":"https:\/\/footdavant.fr\/actualites\/#\/schema\/logo\/image\/"},"sameAs":["https:\/\/www.facebook.com\/Footdavant\/","https:\/\/twitter.com\/FootdavantFr","https:\/\/www.instagram.com\/footdavant.fr\/"]},{"@type":"Person","@id":"https:\/\/footdavant.fr\/actualites\/#\/schema\/person\/bc222566d95871b37e597b3ed3ba5e1d","name":"Cl\u00e9ment","image":{"@type":"ImageObject","inLanguage":"fr-FR","@id":"https:\/\/footdavant.fr\/actualites\/#\/schema\/person\/image\/","url":"https:\/\/secure.gravatar.com\/avatar\/7728b29aac2719421e1a9159b2254c44?s=96&d=mm&r=g","contentUrl":"https:\/\/secure.gravatar.com\/avatar\/7728b29aac2719421e1a9159b2254c44?s=96&d=mm&r=g","caption":"Cl\u00e9ment"},"sameAs":["https:\/\/footdavant.fr\/"]}]}},"_links":{"self":[{"href":"https:\/\/footdavant.fr\/actualites\/wp-json\/wp\/v2\/posts\/41175"}],"collection":[{"href":"https:\/\/footdavant.fr\/actualites\/wp-json\/wp\/v2\/posts"}],"about":[{"href":"https:\/\/footdavant.fr\/actualites\/wp-json\/wp\/v2\/types\/post"}],"author":[{"embeddable":true,"href":"https:\/\/footdavant.fr\/actualites\/wp-json\/wp\/v2\/users\/1"}],"replies":[{"embeddable":true,"href":"https:\/\/footdavant.fr\/actualites\/wp-json\/wp\/v2\/comments?post=41175"}],"version-history":[{"count":1,"href":"https:\/\/footdavant.fr\/actualites\/wp-json\/wp\/v2\/posts\/41175\/revisions"}],"predecessor-version":[{"id":41177,"href":"https:\/\/footdavant.fr\/actualites\/wp-json\/wp\/v2\/posts\/41175\/revisions\/41177"}],"wp:featuredmedia":[{"embeddable":true,"href":"https:\/\/footdavant.fr\/actualites\/wp-json\/wp\/v2\/media\/41176"}],"wp:attachment":[{"href":"https:\/\/footdavant.fr\/actualites\/wp-json\/wp\/v2\/media?parent=41175"}],"wp:term":[{"taxonomy":"category","embeddable":true,"href":"https:\/\/footdavant.fr\/actualites\/wp-json\/wp\/v2\/categories?post=41175"},{"taxonomy":"post_tag","embeddable":true,"href":"https:\/\/footdavant.fr\/actualites\/wp-json\/wp\/v2\/tags?post=41175"}],"curies":[{"name":"wp","href":"https:\/\/api.w.org\/{rel}","templated":true}]}}