{"id":41178,"date":"2026-09-06T08:48:17","date_gmt":"2026-09-06T06:48:17","guid":{"rendered":"https:\/\/footdavant.fr\/actualites\/alonso-defend-sa-decision-de-sacrifier-colwill-en-remplacement-de-lacroix\/"},"modified":"2026-09-06T08:48:22","modified_gmt":"2026-09-06T06:48:22","slug":"alonso-defend-sa-decision-de-sacrifier-colwill-en-remplacement-de-lacroix","status":"publish","type":"post","link":"https:\/\/footdavant.fr\/actualites\/alonso-defend-sa-decision-de-sacrifier-colwill-en-remplacement-de-lacroix\/","title":{"rendered":"Alonso d\u00e9fend sa d\u00e9cision de sacrifier Colwill en remplacement de Lacroix"},"content":{"rendered":"<div>\n<p><b><i>Xabi Alonso a d\u00e9fendu sa d\u00e9cision d&#39;utiliser Levi Colwill \u00e0 gauche de ses trois d\u00e9fenseurs, avec Maxence Lacroix au centre.<\/i><\/b><\/p>\n<\/p>\n<p>Le travail d&#39;un manager est une question de compromis. Il essaie d&#39;avoir les meilleurs joueurs sur le terrain, et ces joueurs dans leurs meilleures positions. Ce n&#39;est pas toujours possible, et son travail consiste \u00e0 trouver l&#39;issue la plus favorable.<\/p>\n<p>C&#39;est exactement ce que fait Xabi Alonso avec ses trois d\u00e9fenseurs. Levi Colwill joue \u00e0 gauche, avec Maxence Lacroix au milieu. Levi aurait meilleure apparence au centre, mais il fait aussi mieux \u00e0 gauche que Lacroix. C&#39;est un compromis sur lequel Alonso a \u00e9t\u00e9 interrog\u00e9 lors de sa conf\u00e9rence de presse d&#39;aujourd&#39;hui.<\/p>\n<h2>Alonso d\u00e9fend la configuration du d\u00e9fenseur<\/h2>\n<figure id=\"attachment_54830\" aria-describedby=\"caption-attachment-54830\" style=\"width: 2560px\" class=\"wp-caption aligncenter\"><\/figure>\n<p>\u00ab\u00a0Nous devons avoir un bon \u00e9quilibre et nous connaissons bien s\u00fbr les meilleures qualit\u00e9s de Levi quand il est important dans la pr\u00e9paration, plus sur ce canal gauche, pas sur l&#39;aile, quand il a une diagonale diff\u00e9rente qu&#39;il est capable de voir, pas seulement ce qu&#39;il y a sur son flanc, qu&#39;il est capable de trouver la poche. [on the other side]\u00a0\u00bb, a d\u00e9clar\u00e9 Alonso dans son communiqu\u00e9.<\/p>\n<p>\u00ab\u00a0Mais nous avons besoin d&#39;un bon partenariat en mati\u00e8re de d\u00e9fense. \u00a0\u00bb Maxence [Lacroix] est tr\u00e8s constant, il est fort, il est tr\u00e8s connect\u00e9 au jeu en termes de personnalit\u00e9, en termes de conscience et le fait que nous avons des joueurs qu&#39;ils veulent avoir, cet impact est tr\u00e8s bon. On a parl\u00e9 de Morgan, de Maxence aussi, il n&#39;est ici que depuis trois ou quatre semaines, mais il est vraiment bien int\u00e9gr\u00e9 dans l&#39;\u00e9quipe.<\/p>\n<h2>Dans d\u2019autres actualit\u00e9s\u2026<\/h2>\n<p>Deux milieux de terrain adolescents de l&#39;acad\u00e9mie ont \u00e9t\u00e9 v\u00e9rifi\u00e9s par Alonso lors de la m\u00eame conf\u00e9rence de presse, donnant aux fans de quoi s&#39;enthousiasmer.<\/p>\n<p>Alonso a \u00e9t\u00e9 interrog\u00e9 sur l&#39;\u00e9tat de blessure de Caicedo et a refus\u00e9 de donner une r\u00e9ponse trop concr\u00e8te \u2013 nous avons nos soup\u00e7ons, dont nous avons discut\u00e9 ici.<\/p>\n<\/p><\/div>\n","protected":false},"excerpt":{"rendered":"<p>Xabi Alonso a d\u00e9fendu sa d\u00e9cision d&#39;utiliser Levi Colwill \u00e0 gauche de ses trois d\u00e9fenseurs, avec Maxence Lacroix au centre. Le travail d&#39;un manager est<\/p>\n","protected":false},"author":1,"featured_media":41179,"comment_status":"closed","ping_status":"","sticky":false,"template":"","format":"standard","meta":{"footnotes":""},"categories":[3],"tags":[3450,3328,497,789,12300,2147,12619],"yoast_head":"<!-- This site is optimized with the Yoast SEO plugin v21.0 - https:\/\/yoast.com\/wordpress\/plugins\/seo\/ -->\n<title>Alonso d\u00e9fend sa d\u00e9cision de sacrifier Colwill en remplacement de Lacroix<\/title>\n<meta name=\"robots\" content=\"index, follow, max-snippet:-1, max-image-preview:large, max-video-preview:-1\" \/>\n<link rel=\"canonical\" href=\"https:\/\/footdavant.fr\/actualites\/alonso-defend-sa-decision-de-sacrifier-colwill-en-remplacement-de-lacroix\/\" \/>\n<meta property=\"og:locale\" content=\"fr_FR\" \/>\n<meta property=\"og:type\" content=\"article\" \/>\n<meta property=\"og:title\" content=\"Alonso d\u00e9fend sa d\u00e9cision de sacrifier Colwill en remplacement de Lacroix\" \/>\n<meta property=\"og:description\" content=\"Xabi Alonso a d\u00e9fendu sa d\u00e9cision d&#039;utiliser Levi Colwill \u00e0 gauche de ses trois d\u00e9fenseurs, avec Maxence Lacroix au centre. Le travail d&#039;un manager est\" \/>\n<meta property=\"og:url\" content=\"https:\/\/footdavant.fr\/actualites\/alonso-defend-sa-decision-de-sacrifier-colwill-en-remplacement-de-lacroix\/\" \/>\n<meta property=\"og:site_name\" content=\"Foot d&#039;avant\" \/>\n<meta property=\"article:publisher\" content=\"https:\/\/www.facebook.com\/Footdavant\/\" \/>\n<meta property=\"article:published_time\" content=\"2026-09-06T06:48:17+00:00\" \/>\n<meta property=\"article:modified_time\" content=\"2026-09-06T06:48:22+00:00\" \/>\n<meta property=\"og:image\" content=\"https:\/\/footdavant.fr\/actualites\/wp-content\/uploads\/2026\/09\/1788677298_Alonso-defend-sa-decision-de-sacrifier-Colwill-en-remplacement-de.jpg\" \/>\n\t<meta property=\"og:image:width\" content=\"2560\" \/>\n\t<meta property=\"og:image:height\" content=\"1648\" \/>\n\t<meta property=\"og:image:type\" content=\"image\/jpeg\" \/>\n<meta name=\"author\" content=\"Cl\u00e9ment\" \/>\n<meta name=\"twitter:card\" content=\"summary_large_image\" \/>\n<meta name=\"twitter:creator\" content=\"@FootdavantFr\" \/>\n<meta name=\"twitter:site\" content=\"@FootdavantFr\" \/>\n<meta name=\"twitter:label1\" content=\"\u00c9crit par\" \/>\n\t<meta name=\"twitter:data1\" content=\"Cl\u00e9ment\" \/>\n\t<meta name=\"twitter:label2\" content=\"Dur\u00e9e de lecture estim\u00e9e\" \/>\n\t<meta name=\"twitter:data2\" content=\"2 minutes\" \/>\n<script type=\"application\/ld+json\" class=\"yoast-schema-graph\">{\"@context\":\"https:\/\/schema.org\",\"@graph\":[{\"@type\":\"Article\",\"@id\":\"https:\/\/footdavant.fr\/actualites\/alonso-defend-sa-decision-de-sacrifier-colwill-en-remplacement-de-lacroix\/#article\",\"isPartOf\":{\"@id\":\"https:\/\/footdavant.fr\/actualites\/alonso-defend-sa-decision-de-sacrifier-colwill-en-remplacement-de-lacroix\/\"},\"author\":{\"name\":\"Cl\u00e9ment\",\"@id\":\"https:\/\/footdavant.fr\/actualites\/#\/schema\/person\/bc222566d95871b37e597b3ed3ba5e1d\"},\"headline\":\"Alonso d\u00e9fend sa d\u00e9cision de sacrifier Colwill en remplacement de Lacroix\",\"datePublished\":\"2026-09-06T06:48:17+00:00\",\"dateModified\":\"2026-09-06T06:48:22+00:00\",\"mainEntityOfPage\":{\"@id\":\"https:\/\/footdavant.fr\/actualites\/alonso-defend-sa-decision-de-sacrifier-colwill-en-remplacement-de-lacroix\/\"},\"wordCount\":373,\"publisher\":{\"@id\":\"https:\/\/footdavant.fr\/actualites\/#organization\"},\"keywords\":[\"Alonso\",\"Colwill\",\"d\u00e9cision\",\"d\u00e9fend\",\"Lacroix\",\"remplacement\",\"sacrifier\"],\"articleSection\":[\"Football\"],\"inLanguage\":\"fr-FR\"},{\"@type\":\"WebPage\",\"@id\":\"https:\/\/footdavant.fr\/actualites\/alonso-defend-sa-decision-de-sacrifier-colwill-en-remplacement-de-lacroix\/\",\"url\":\"https:\/\/footdavant.fr\/actualites\/alonso-defend-sa-decision-de-sacrifier-colwill-en-remplacement-de-lacroix\/\",\"name\":\"Alonso d\u00e9fend sa d\u00e9cision de sacrifier Colwill en remplacement de Lacroix\",\"isPartOf\":{\"@id\":\"https:\/\/footdavant.fr\/actualites\/#website\"},\"datePublished\":\"2026-09-06T06:48:17+00:00\",\"dateModified\":\"2026-09-06T06:48:22+00:00\",\"breadcrumb\":{\"@id\":\"https:\/\/footdavant.fr\/actualites\/alonso-defend-sa-decision-de-sacrifier-colwill-en-remplacement-de-lacroix\/#breadcrumb\"},\"inLanguage\":\"fr-FR\",\"potentialAction\":[{\"@type\":\"ReadAction\",\"target\":[\"https:\/\/footdavant.fr\/actualites\/alonso-defend-sa-decision-de-sacrifier-colwill-en-remplacement-de-lacroix\/\"]}]},{\"@type\":\"BreadcrumbList\",\"@id\":\"https:\/\/footdavant.fr\/actualites\/alonso-defend-sa-decision-de-sacrifier-colwill-en-remplacement-de-lacroix\/#breadcrumb\",\"itemListElement\":[{\"@type\":\"ListItem\",\"position\":1,\"name\":\"Accueil\",\"item\":\"https:\/\/footdavant.fr\/actualites\/\"},{\"@type\":\"ListItem\",\"position\":2,\"name\":\"Alonso d\u00e9fend sa d\u00e9cision de sacrifier Colwill en remplacement de Lacroix\"}]},{\"@type\":\"WebSite\",\"@id\":\"https:\/\/footdavant.fr\/actualites\/#website\",\"url\":\"https:\/\/footdavant.fr\/actualites\/\",\"name\":\"Foot d'avant\",\"description\":\"\",\"publisher\":{\"@id\":\"https:\/\/footdavant.fr\/actualites\/#organization\"},\"potentialAction\":[{\"@type\":\"SearchAction\",\"target\":{\"@type\":\"EntryPoint\",\"urlTemplate\":\"https:\/\/footdavant.fr\/actualites\/?s={search_term_string}\"},\"query-input\":\"required name=search_term_string\"}],\"inLanguage\":\"fr-FR\"},{\"@type\":\"Organization\",\"@id\":\"https:\/\/footdavant.fr\/actualites\/#organization\",\"name\":\"Foot d'avant\",\"url\":\"https:\/\/footdavant.fr\/actualites\/\",\"logo\":{\"@type\":\"ImageObject\",\"inLanguage\":\"fr-FR\",\"@id\":\"https:\/\/footdavant.fr\/actualites\/#\/schema\/logo\/image\/\",\"url\":\"https:\/\/footdavant.fr\/actualites\/wp-content\/uploads\/2023\/09\/Copy-of-FootDavant-Logo.png\",\"contentUrl\":\"https:\/\/footdavant.fr\/actualites\/wp-content\/uploads\/2023\/09\/Copy-of-FootDavant-Logo.png\",\"width\":936,\"height\":549,\"caption\":\"Foot d'avant\"},\"image\":{\"@id\":\"https:\/\/footdavant.fr\/actualites\/#\/schema\/logo\/image\/\"},\"sameAs\":[\"https:\/\/www.facebook.com\/Footdavant\/\",\"https:\/\/twitter.com\/FootdavantFr\",\"https:\/\/www.instagram.com\/footdavant.fr\/\"]},{\"@type\":\"Person\",\"@id\":\"https:\/\/footdavant.fr\/actualites\/#\/schema\/person\/bc222566d95871b37e597b3ed3ba5e1d\",\"name\":\"Cl\u00e9ment\",\"image\":{\"@type\":\"ImageObject\",\"inLanguage\":\"fr-FR\",\"@id\":\"https:\/\/footdavant.fr\/actualites\/#\/schema\/person\/image\/\",\"url\":\"https:\/\/secure.gravatar.com\/avatar\/7728b29aac2719421e1a9159b2254c44?s=96&d=mm&r=g\",\"contentUrl\":\"https:\/\/secure.gravatar.com\/avatar\/7728b29aac2719421e1a9159b2254c44?s=96&d=mm&r=g\",\"caption\":\"Cl\u00e9ment\"},\"sameAs\":[\"https:\/\/footdavant.fr\/\"]}]}<\/script>\n<!-- \/ Yoast SEO plugin. -->","yoast_head_json":{"title":"Alonso d\u00e9fend sa d\u00e9cision de sacrifier Colwill en remplacement de Lacroix","robots":{"index":"index","follow":"follow","max-snippet":"max-snippet:-1","max-image-preview":"max-image-preview:large","max-video-preview":"max-video-preview:-1"},"canonical":"https:\/\/footdavant.fr\/actualites\/alonso-defend-sa-decision-de-sacrifier-colwill-en-remplacement-de-lacroix\/","og_locale":"fr_FR","og_type":"article","og_title":"Alonso d\u00e9fend sa d\u00e9cision de sacrifier Colwill en remplacement de Lacroix","og_description":"Xabi Alonso a d\u00e9fendu sa d\u00e9cision d&#39;utiliser Levi Colwill \u00e0 gauche de ses trois d\u00e9fenseurs, avec Maxence Lacroix au centre. Le travail d&#39;un manager est","og_url":"https:\/\/footdavant.fr\/actualites\/alonso-defend-sa-decision-de-sacrifier-colwill-en-remplacement-de-lacroix\/","og_site_name":"Foot d&#039;avant","article_publisher":"https:\/\/www.facebook.com\/Footdavant\/","article_published_time":"2026-09-06T06:48:17+00:00","article_modified_time":"2026-09-06T06:48:22+00:00","og_image":[{"width":2560,"height":1648,"url":"https:\/\/footdavant.fr\/actualites\/wp-content\/uploads\/2026\/09\/1788677298_Alonso-defend-sa-decision-de-sacrifier-Colwill-en-remplacement-de.jpg","type":"image\/jpeg"}],"author":"Cl\u00e9ment","twitter_card":"summary_large_image","twitter_creator":"@FootdavantFr","twitter_site":"@FootdavantFr","twitter_misc":{"\u00c9crit par":"Cl\u00e9ment","Dur\u00e9e de lecture estim\u00e9e":"2 minutes"},"schema":{"@context":"https:\/\/schema.org","@graph":[{"@type":"Article","@id":"https:\/\/footdavant.fr\/actualites\/alonso-defend-sa-decision-de-sacrifier-colwill-en-remplacement-de-lacroix\/#article","isPartOf":{"@id":"https:\/\/footdavant.fr\/actualites\/alonso-defend-sa-decision-de-sacrifier-colwill-en-remplacement-de-lacroix\/"},"author":{"name":"Cl\u00e9ment","@id":"https:\/\/footdavant.fr\/actualites\/#\/schema\/person\/bc222566d95871b37e597b3ed3ba5e1d"},"headline":"Alonso d\u00e9fend sa d\u00e9cision de sacrifier Colwill en remplacement de Lacroix","datePublished":"2026-09-06T06:48:17+00:00","dateModified":"2026-09-06T06:48:22+00:00","mainEntityOfPage":{"@id":"https:\/\/footdavant.fr\/actualites\/alonso-defend-sa-decision-de-sacrifier-colwill-en-remplacement-de-lacroix\/"},"wordCount":373,"publisher":{"@id":"https:\/\/footdavant.fr\/actualites\/#organization"},"keywords":["Alonso","Colwill","d\u00e9cision","d\u00e9fend","Lacroix","remplacement","sacrifier"],"articleSection":["Football"],"inLanguage":"fr-FR"},{"@type":"WebPage","@id":"https:\/\/footdavant.fr\/actualites\/alonso-defend-sa-decision-de-sacrifier-colwill-en-remplacement-de-lacroix\/","url":"https:\/\/footdavant.fr\/actualites\/alonso-defend-sa-decision-de-sacrifier-colwill-en-remplacement-de-lacroix\/","name":"Alonso d\u00e9fend sa d\u00e9cision de sacrifier Colwill en remplacement de Lacroix","isPartOf":{"@id":"https:\/\/footdavant.fr\/actualites\/#website"},"datePublished":"2026-09-06T06:48:17+00:00","dateModified":"2026-09-06T06:48:22+00:00","breadcrumb":{"@id":"https:\/\/footdavant.fr\/actualites\/alonso-defend-sa-decision-de-sacrifier-colwill-en-remplacement-de-lacroix\/#breadcrumb"},"inLanguage":"fr-FR","potentialAction":[{"@type":"ReadAction","target":["https:\/\/footdavant.fr\/actualites\/alonso-defend-sa-decision-de-sacrifier-colwill-en-remplacement-de-lacroix\/"]}]},{"@type":"BreadcrumbList","@id":"https:\/\/footdavant.fr\/actualites\/alonso-defend-sa-decision-de-sacrifier-colwill-en-remplacement-de-lacroix\/#breadcrumb","itemListElement":[{"@type":"ListItem","position":1,"name":"Accueil","item":"https:\/\/footdavant.fr\/actualites\/"},{"@type":"ListItem","position":2,"name":"Alonso d\u00e9fend sa d\u00e9cision de sacrifier Colwill en remplacement de Lacroix"}]},{"@type":"WebSite","@id":"https:\/\/footdavant.fr\/actualites\/#website","url":"https:\/\/footdavant.fr\/actualites\/","name":"Foot d'avant","description":"","publisher":{"@id":"https:\/\/footdavant.fr\/actualites\/#organization"},"potentialAction":[{"@type":"SearchAction","target":{"@type":"EntryPoint","urlTemplate":"https:\/\/footdavant.fr\/actualites\/?s={search_term_string}"},"query-input":"required name=search_term_string"}],"inLanguage":"fr-FR"},{"@type":"Organization","@id":"https:\/\/footdavant.fr\/actualites\/#organization","name":"Foot d'avant","url":"https:\/\/footdavant.fr\/actualites\/","logo":{"@type":"ImageObject","inLanguage":"fr-FR","@id":"https:\/\/footdavant.fr\/actualites\/#\/schema\/logo\/image\/","url":"https:\/\/footdavant.fr\/actualites\/wp-content\/uploads\/2023\/09\/Copy-of-FootDavant-Logo.png","contentUrl":"https:\/\/footdavant.fr\/actualites\/wp-content\/uploads\/2023\/09\/Copy-of-FootDavant-Logo.png","width":936,"height":549,"caption":"Foot d'avant"},"image":{"@id":"https:\/\/footdavant.fr\/actualites\/#\/schema\/logo\/image\/"},"sameAs":["https:\/\/www.facebook.com\/Footdavant\/","https:\/\/twitter.com\/FootdavantFr","https:\/\/www.instagram.com\/footdavant.fr\/"]},{"@type":"Person","@id":"https:\/\/footdavant.fr\/actualites\/#\/schema\/person\/bc222566d95871b37e597b3ed3ba5e1d","name":"Cl\u00e9ment","image":{"@type":"ImageObject","inLanguage":"fr-FR","@id":"https:\/\/footdavant.fr\/actualites\/#\/schema\/person\/image\/","url":"https:\/\/secure.gravatar.com\/avatar\/7728b29aac2719421e1a9159b2254c44?s=96&d=mm&r=g","contentUrl":"https:\/\/secure.gravatar.com\/avatar\/7728b29aac2719421e1a9159b2254c44?s=96&d=mm&r=g","caption":"Cl\u00e9ment"},"sameAs":["https:\/\/footdavant.fr\/"]}]}},"_links":{"self":[{"href":"https:\/\/footdavant.fr\/actualites\/wp-json\/wp\/v2\/posts\/41178"}],"collection":[{"href":"https:\/\/footdavant.fr\/actualites\/wp-json\/wp\/v2\/posts"}],"about":[{"href":"https:\/\/footdavant.fr\/actualites\/wp-json\/wp\/v2\/types\/post"}],"author":[{"embeddable":true,"href":"https:\/\/footdavant.fr\/actualites\/wp-json\/wp\/v2\/users\/1"}],"replies":[{"embeddable":true,"href":"https:\/\/footdavant.fr\/actualites\/wp-json\/wp\/v2\/comments?post=41178"}],"version-history":[{"count":1,"href":"https:\/\/footdavant.fr\/actualites\/wp-json\/wp\/v2\/posts\/41178\/revisions"}],"predecessor-version":[{"id":41180,"href":"https:\/\/footdavant.fr\/actualites\/wp-json\/wp\/v2\/posts\/41178\/revisions\/41180"}],"wp:featuredmedia":[{"embeddable":true,"href":"https:\/\/footdavant.fr\/actualites\/wp-json\/wp\/v2\/media\/41179"}],"wp:attachment":[{"href":"https:\/\/footdavant.fr\/actualites\/wp-json\/wp\/v2\/media?parent=41178"}],"wp:term":[{"taxonomy":"category","embeddable":true,"href":"https:\/\/footdavant.fr\/actualites\/wp-json\/wp\/v2\/categories?post=41178"},{"taxonomy":"post_tag","embeddable":true,"href":"https:\/\/footdavant.fr\/actualites\/wp-json\/wp\/v2\/tags?post=41178"}],"curies":[{"name":"wp","href":"https:\/\/api.w.org\/{rel}","templated":true}]}}