{"id":41181,"date":"2026-09-06T12:48:05","date_gmt":"2026-09-06T10:48:05","guid":{"rendered":"https:\/\/footdavant.fr\/actualites\/arteta-peut-il-profiter-des-premiers-jours-dalonso-lors-de-la-visite-de-chelsea\/"},"modified":"2026-09-06T12:48:07","modified_gmt":"2026-09-06T10:48:07","slug":"arteta-peut-il-profiter-des-premiers-jours-dalonso-lors-de-la-visite-de-chelsea","status":"publish","type":"post","link":"https:\/\/footdavant.fr\/actualites\/arteta-peut-il-profiter-des-premiers-jours-dalonso-lors-de-la-visite-de-chelsea\/","title":{"rendered":"Arteta peut-il profiter des \u00ab premiers jours \u00bb d&#39;Alonso lors de la visite de Chelsea ?"},"content":{"rendered":"<div>\n<p>Bonjour \u00e0 tous.<\/p>\n<p>C&#39;est Chelsea \u00e0 la maison cet apr\u00e8s-midi, et apr\u00e8s des ann\u00e9es d&#39;histoires entre Mikel Arteta et Pep Guardiola alors que nous rivalisions avec Man City, j&#39;ai le sentiment que nous devrons nous habituer \u00e0 la conversation entre Mikel Arteta et Xabi Alonso pendant quelques ann\u00e9es. Je sais que Chelsea est un club de fous et de salauds o\u00f9 les managers vont et viennent comme des navetteurs du lundi matin, mais je pense qu&#39;il est en fait assez intelligent et assez bon pour durer plus longtemps que la plupart.<\/p>\n<p>La mesure dans laquelle leur relation fait une diff\u00e9rence aujourd&#39;hui est une autre question, mais peut-\u00eatre un peu comme Villa lundi, c&#39;est aujourd&#39;hui un moment d\u00e9cent pour jouer \u00e0 Chelsea. Encore une fois, il ne faut rien prendre pour acquis, mais Alonso n&#39;a pas \u00e9t\u00e9 aux commandes depuis longtemps, et il y a certainement des choses sur lesquelles ils doivent travailler en termes de milieu de terrain et de d\u00e9fense, m\u00eame si leur ligne d&#39;attaque semble plut\u00f4t bonne. Ils en ont conc\u00e9d\u00e9 trois contre Brighton et deux contre Fulham, bien que lors de matchs qu&#39;ils ont gagn\u00e9s, donc je suis s\u00fbr que c&#39;est quelque chose que notre manager examinera lorsqu&#39;il constituera son \u00e9quipe aujourd&#39;hui.<\/p>\n<p>Je m&#39;attends \u00e0 quelques changements dans l&#39;\u00e9quipe, avec Ezri Konsa rempla\u00e7ant Cristhian Mosquera apr\u00e8s que l&#39;Espagnol se soit bless\u00e9 contre Villa. Konsa a l&#39;exp\u00e9rience pour, esp\u00e9rons-le, bien s&#39;int\u00e9grer aux c\u00f4t\u00e9s de Gabriel, et dans un match o\u00f9 je pense que nous aurons la majeure partie du ballon, sa qualit\u00e9 de passe sera importante. Je ne vois rien de diff\u00e9rent au milieu de terrain, m\u00eame si si Mikel Merino \u00e9tait dans les pens\u00e9es d&#39;Arteta, je ne serais pas surpris, mais ce seront tr\u00e8s probablement Declan Rice, Myles Lewis-Skelly et Martin Odegaard avec des doutes \u00e0 nouveau sur la forme physique de Bruno Guimaraes.<\/p>\n<p>Ensuite, \u00e0 gauche, je pense que nous verrons Eberechi Eze. Christos Tzolis a connu un match difficile la derni\u00e8re fois, et m\u00eame si je ne pense pas que ce soit n\u00e9cessairement une mauvaise chose, cela nous rappelle que la Premier League est un pas en avant. Eze a bien fait son entr\u00e9e, il a \u00e9t\u00e9 impliqu\u00e9 dans le but qui nous a aid\u00e9 \u00e0 marquer les trois points, et la r\u00e9alit\u00e9 de notre \u00e9quipe apr\u00e8s la fermeture de la fen\u00eatre est qu&#39;il est l&#39;une des deux principales options pour jouer l\u00e0-bas. Eze et Tzolis seront probablement les Trossard et Martinelli de cette saison (en termes de fa\u00e7on dont ils sont utilis\u00e9s, pas de style de jeu), et je pense que pour Eze en particulier, c&#39;est une r\u00e9elle opportunit\u00e9 de se faire une place dans cette \u00e9quipe.<\/p>\n<p>La saison derni\u00e8re, il a v\u00e9cu des moments tr\u00e8s importants et de bons matchs, mais il n\u2019a jamais vraiment eu l\u2019impression qu\u2019il \u00e9tait la personne id\u00e9ale \u00e0 un poste donn\u00e9. Maintenant, apr\u00e8s n\u2019avoir sign\u00e9 personne d\u2019autre pour le c\u00f4t\u00e9 gauche, nous avons besoin de lui l\u00e0-bas, et j\u2019esp\u00e8re que cette clart\u00e9 sera utile \u00e0 la fois pour lui et pour Arteta en ce qui concerne la saison \u00e0 venir. Il aura Kai Havertz et Bukayo Saka parmi les trois premiers avec lui, et esp\u00e9rons qu&#39;ils pourront faire ce dont nous avons besoin pour blesser cette \u00e9quipe de Chelsea et prendre les trois points.<\/p>\n<p>Lors de leur victoire contre Brighton le week-end dernier, Chelsea n\u2019avait que 26 % de possession, et seulement 38 % contre Fulham. Cela vous montre \u00e0 quel point vous pouvez encore blesser les \u00e9quipes qui dominent le ballon, et nous devrons \u00eatre tr\u00e8s attentifs aux contre-attaques et aux transitions contre elles aujourd&#39;hui, un domaine dans lequel je pensais que nous avions l&#39;air un peu suspects \u00e0 Villa Park. Mais ce n\u2019est g\u00e9n\u00e9ralement pas ainsi qu\u2019une \u00e9quipe de Xabi Alonso envisage de jouer. Lorsqu&#39;on lui a demand\u00e9 ce qu&#39;il attendait de Chelsea aujourd&#39;hui, Arteta a r\u00e9pondu :<\/p>\n<blockquote>\n<p>Cela d\u00e9pend de beaucoup de facteurs et l\u2019\u00e9tat du jeu est \u00e9norme, surtout parce que lors des deux matchs qu\u2019ils ont jou\u00e9s, ils ont marqu\u00e9 tr\u00e8s, tr\u00e8s t\u00f4t et cela change l\u2019\u00e9lan et le changement du jeu. Mais ils sont capables et il est capable de jouer de diff\u00e9rentes mani\u00e8res.<\/p>\n<\/blockquote>\n<p>Esp\u00e9rons que l&#39;attention port\u00e9e aux d\u00e9tails par le manager jouera un r\u00f4le, et alors que Chelsea commence \u00e0 en apprendre davantage sur ce que veut son nouveau manager, notre stabilit\u00e9 et notre qualit\u00e9 seront trop pour eux plus tard.<\/p>\n<p>D&#39;accord, je vais en rester l\u00e0 pour l&#39;instant. Comme toujours, nous vous proposerons plus tard une couverture du jeu en direct sur le blog, ainsi que tous les \u00e9l\u00e9ments d&#39;apr\u00e8s-match sur Arseblog News, tels que le rapport du match, les notes des joueurs, la r\u00e9action du manager, le r\u00e9sum\u00e9 des citations et bien plus encore. N&#39;oubliez pas le module de pr\u00e9visualisation sur Patreon, et nous aurons \u00e9galement un Arsecast Extra pour vous demain.<\/p>\n<p>On se retrouve plus tard pour le match.<\/p>\n<\/div>\n","protected":false},"excerpt":{"rendered":"<p>Bonjour \u00e0 tous. C&#39;est Chelsea \u00e0 la maison cet apr\u00e8s-midi, et apr\u00e8s des ann\u00e9es d&#39;histoires entre Mikel Arteta et Pep Guardiola alors que nous rivalisions<\/p>\n","protected":false},"author":1,"featured_media":41182,"comment_status":"closed","ping_status":"","sticky":false,"template":"","format":"standard","meta":{"footnotes":""},"categories":[3],"tags":[211,171,7021,12,55,64,1498,4786,4233,2152],"yoast_head":"<!-- This site is optimized with the Yoast SEO plugin v21.0 - https:\/\/yoast.com\/wordpress\/plugins\/seo\/ -->\n<title>Arteta peut-il profiter des \u00ab premiers jours \u00bb d&#039;Alonso lors de la visite de Chelsea ?<\/title>\n<meta name=\"robots\" content=\"index, follow, max-snippet:-1, max-image-preview:large, max-video-preview:-1\" \/>\n<link rel=\"canonical\" href=\"https:\/\/footdavant.fr\/actualites\/arteta-peut-il-profiter-des-premiers-jours-dalonso-lors-de-la-visite-de-chelsea\/\" \/>\n<meta property=\"og:locale\" content=\"fr_FR\" \/>\n<meta property=\"og:type\" content=\"article\" \/>\n<meta property=\"og:title\" content=\"Arteta peut-il profiter des \u00ab premiers jours \u00bb d&#039;Alonso lors de la visite de Chelsea ?\" \/>\n<meta property=\"og:description\" content=\"Bonjour \u00e0 tous. C&#039;est Chelsea \u00e0 la maison cet apr\u00e8s-midi, et apr\u00e8s des ann\u00e9es d&#039;histoires entre Mikel Arteta et Pep Guardiola alors que nous rivalisions\" \/>\n<meta property=\"og:url\" content=\"https:\/\/footdavant.fr\/actualites\/arteta-peut-il-profiter-des-premiers-jours-dalonso-lors-de-la-visite-de-chelsea\/\" \/>\n<meta property=\"og:site_name\" content=\"Foot d&#039;avant\" \/>\n<meta property=\"article:publisher\" content=\"https:\/\/www.facebook.com\/Footdavant\/\" \/>\n<meta property=\"article:published_time\" content=\"2026-09-06T10:48:05+00:00\" \/>\n<meta property=\"article:modified_time\" content=\"2026-09-06T10:48:07+00:00\" \/>\n<meta property=\"og:image\" content=\"https:\/\/footdavant.fr\/actualites\/wp-content\/uploads\/2026\/09\/Arteta-peut-il-profiter-des-premiers-jours-d39Alonso-lors.webp\" \/>\n\t<meta property=\"og:image:width\" content=\"1500\" \/>\n\t<meta property=\"og:image:height\" content=\"750\" \/>\n\t<meta property=\"og:image:type\" content=\"image\/webp\" \/>\n<meta name=\"author\" content=\"Cl\u00e9ment\" \/>\n<meta name=\"twitter:card\" content=\"summary_large_image\" \/>\n<meta name=\"twitter:creator\" content=\"@FootdavantFr\" \/>\n<meta name=\"twitter:site\" content=\"@FootdavantFr\" \/>\n<meta name=\"twitter:label1\" content=\"\u00c9crit par\" \/>\n\t<meta name=\"twitter:data1\" content=\"Cl\u00e9ment\" \/>\n\t<meta name=\"twitter:label2\" content=\"Dur\u00e9e de lecture estim\u00e9e\" \/>\n\t<meta name=\"twitter:data2\" content=\"5 minutes\" \/>\n<script type=\"application\/ld+json\" class=\"yoast-schema-graph\">{\"@context\":\"https:\/\/schema.org\",\"@graph\":[{\"@type\":\"Article\",\"@id\":\"https:\/\/footdavant.fr\/actualites\/arteta-peut-il-profiter-des-premiers-jours-dalonso-lors-de-la-visite-de-chelsea\/#article\",\"isPartOf\":{\"@id\":\"https:\/\/footdavant.fr\/actualites\/arteta-peut-il-profiter-des-premiers-jours-dalonso-lors-de-la-visite-de-chelsea\/\"},\"author\":{\"name\":\"Cl\u00e9ment\",\"@id\":\"https:\/\/footdavant.fr\/actualites\/#\/schema\/person\/bc222566d95871b37e597b3ed3ba5e1d\"},\"headline\":\"Arteta peut-il profiter des \u00ab premiers jours \u00bb d&#39;Alonso lors de la visite de Chelsea ?\",\"datePublished\":\"2026-09-06T10:48:05+00:00\",\"dateModified\":\"2026-09-06T10:48:07+00:00\",\"mainEntityOfPage\":{\"@id\":\"https:\/\/footdavant.fr\/actualites\/arteta-peut-il-profiter-des-premiers-jours-dalonso-lors-de-la-visite-de-chelsea\/\"},\"wordCount\":916,\"publisher\":{\"@id\":\"https:\/\/footdavant.fr\/actualites\/#organization\"},\"keywords\":[\"Arteta\",\"Chelsea\",\"d39Alonso\",\"des\",\"Jours\",\"lors\",\"peutil\",\"premiers\",\"profiter\",\"visite\"],\"articleSection\":[\"Football\"],\"inLanguage\":\"fr-FR\"},{\"@type\":\"WebPage\",\"@id\":\"https:\/\/footdavant.fr\/actualites\/arteta-peut-il-profiter-des-premiers-jours-dalonso-lors-de-la-visite-de-chelsea\/\",\"url\":\"https:\/\/footdavant.fr\/actualites\/arteta-peut-il-profiter-des-premiers-jours-dalonso-lors-de-la-visite-de-chelsea\/\",\"name\":\"Arteta peut-il profiter des \u00ab premiers jours \u00bb d&#39;Alonso lors de la visite de Chelsea ?\",\"isPartOf\":{\"@id\":\"https:\/\/footdavant.fr\/actualites\/#website\"},\"datePublished\":\"2026-09-06T10:48:05+00:00\",\"dateModified\":\"2026-09-06T10:48:07+00:00\",\"breadcrumb\":{\"@id\":\"https:\/\/footdavant.fr\/actualites\/arteta-peut-il-profiter-des-premiers-jours-dalonso-lors-de-la-visite-de-chelsea\/#breadcrumb\"},\"inLanguage\":\"fr-FR\",\"potentialAction\":[{\"@type\":\"ReadAction\",\"target\":[\"https:\/\/footdavant.fr\/actualites\/arteta-peut-il-profiter-des-premiers-jours-dalonso-lors-de-la-visite-de-chelsea\/\"]}]},{\"@type\":\"BreadcrumbList\",\"@id\":\"https:\/\/footdavant.fr\/actualites\/arteta-peut-il-profiter-des-premiers-jours-dalonso-lors-de-la-visite-de-chelsea\/#breadcrumb\",\"itemListElement\":[{\"@type\":\"ListItem\",\"position\":1,\"name\":\"Accueil\",\"item\":\"https:\/\/footdavant.fr\/actualites\/\"},{\"@type\":\"ListItem\",\"position\":2,\"name\":\"Arteta peut-il profiter des \u00ab premiers jours \u00bb d&#39;Alonso lors de la visite de Chelsea ?\"}]},{\"@type\":\"WebSite\",\"@id\":\"https:\/\/footdavant.fr\/actualites\/#website\",\"url\":\"https:\/\/footdavant.fr\/actualites\/\",\"name\":\"Foot d'avant\",\"description\":\"\",\"publisher\":{\"@id\":\"https:\/\/footdavant.fr\/actualites\/#organization\"},\"potentialAction\":[{\"@type\":\"SearchAction\",\"target\":{\"@type\":\"EntryPoint\",\"urlTemplate\":\"https:\/\/footdavant.fr\/actualites\/?s={search_term_string}\"},\"query-input\":\"required name=search_term_string\"}],\"inLanguage\":\"fr-FR\"},{\"@type\":\"Organization\",\"@id\":\"https:\/\/footdavant.fr\/actualites\/#organization\",\"name\":\"Foot d'avant\",\"url\":\"https:\/\/footdavant.fr\/actualites\/\",\"logo\":{\"@type\":\"ImageObject\",\"inLanguage\":\"fr-FR\",\"@id\":\"https:\/\/footdavant.fr\/actualites\/#\/schema\/logo\/image\/\",\"url\":\"https:\/\/footdavant.fr\/actualites\/wp-content\/uploads\/2023\/09\/Copy-of-FootDavant-Logo.png\",\"contentUrl\":\"https:\/\/footdavant.fr\/actualites\/wp-content\/uploads\/2023\/09\/Copy-of-FootDavant-Logo.png\",\"width\":936,\"height\":549,\"caption\":\"Foot d'avant\"},\"image\":{\"@id\":\"https:\/\/footdavant.fr\/actualites\/#\/schema\/logo\/image\/\"},\"sameAs\":[\"https:\/\/www.facebook.com\/Footdavant\/\",\"https:\/\/twitter.com\/FootdavantFr\",\"https:\/\/www.instagram.com\/footdavant.fr\/\"]},{\"@type\":\"Person\",\"@id\":\"https:\/\/footdavant.fr\/actualites\/#\/schema\/person\/bc222566d95871b37e597b3ed3ba5e1d\",\"name\":\"Cl\u00e9ment\",\"image\":{\"@type\":\"ImageObject\",\"inLanguage\":\"fr-FR\",\"@id\":\"https:\/\/footdavant.fr\/actualites\/#\/schema\/person\/image\/\",\"url\":\"https:\/\/secure.gravatar.com\/avatar\/7728b29aac2719421e1a9159b2254c44?s=96&d=mm&r=g\",\"contentUrl\":\"https:\/\/secure.gravatar.com\/avatar\/7728b29aac2719421e1a9159b2254c44?s=96&d=mm&r=g\",\"caption\":\"Cl\u00e9ment\"},\"sameAs\":[\"https:\/\/footdavant.fr\/\"]}]}<\/script>\n<!-- \/ Yoast SEO plugin. -->","yoast_head_json":{"title":"Arteta peut-il profiter des \u00ab premiers jours \u00bb d&#39;Alonso lors de la visite de Chelsea ?","robots":{"index":"index","follow":"follow","max-snippet":"max-snippet:-1","max-image-preview":"max-image-preview:large","max-video-preview":"max-video-preview:-1"},"canonical":"https:\/\/footdavant.fr\/actualites\/arteta-peut-il-profiter-des-premiers-jours-dalonso-lors-de-la-visite-de-chelsea\/","og_locale":"fr_FR","og_type":"article","og_title":"Arteta peut-il profiter des \u00ab premiers jours \u00bb d&#39;Alonso lors de la visite de Chelsea ?","og_description":"Bonjour \u00e0 tous. C&#39;est Chelsea \u00e0 la maison cet apr\u00e8s-midi, et apr\u00e8s des ann\u00e9es d&#39;histoires entre Mikel Arteta et Pep Guardiola alors que nous rivalisions","og_url":"https:\/\/footdavant.fr\/actualites\/arteta-peut-il-profiter-des-premiers-jours-dalonso-lors-de-la-visite-de-chelsea\/","og_site_name":"Foot d&#039;avant","article_publisher":"https:\/\/www.facebook.com\/Footdavant\/","article_published_time":"2026-09-06T10:48:05+00:00","article_modified_time":"2026-09-06T10:48:07+00:00","og_image":[{"width":1500,"height":750,"url":"https:\/\/footdavant.fr\/actualites\/wp-content\/uploads\/2026\/09\/Arteta-peut-il-profiter-des-premiers-jours-d39Alonso-lors.webp","type":"image\/webp"}],"author":"Cl\u00e9ment","twitter_card":"summary_large_image","twitter_creator":"@FootdavantFr","twitter_site":"@FootdavantFr","twitter_misc":{"\u00c9crit par":"Cl\u00e9ment","Dur\u00e9e de lecture estim\u00e9e":"5 minutes"},"schema":{"@context":"https:\/\/schema.org","@graph":[{"@type":"Article","@id":"https:\/\/footdavant.fr\/actualites\/arteta-peut-il-profiter-des-premiers-jours-dalonso-lors-de-la-visite-de-chelsea\/#article","isPartOf":{"@id":"https:\/\/footdavant.fr\/actualites\/arteta-peut-il-profiter-des-premiers-jours-dalonso-lors-de-la-visite-de-chelsea\/"},"author":{"name":"Cl\u00e9ment","@id":"https:\/\/footdavant.fr\/actualites\/#\/schema\/person\/bc222566d95871b37e597b3ed3ba5e1d"},"headline":"Arteta peut-il profiter des \u00ab premiers jours \u00bb d&#39;Alonso lors de la visite de Chelsea ?","datePublished":"2026-09-06T10:48:05+00:00","dateModified":"2026-09-06T10:48:07+00:00","mainEntityOfPage":{"@id":"https:\/\/footdavant.fr\/actualites\/arteta-peut-il-profiter-des-premiers-jours-dalonso-lors-de-la-visite-de-chelsea\/"},"wordCount":916,"publisher":{"@id":"https:\/\/footdavant.fr\/actualites\/#organization"},"keywords":["Arteta","Chelsea","d39Alonso","des","Jours","lors","peutil","premiers","profiter","visite"],"articleSection":["Football"],"inLanguage":"fr-FR"},{"@type":"WebPage","@id":"https:\/\/footdavant.fr\/actualites\/arteta-peut-il-profiter-des-premiers-jours-dalonso-lors-de-la-visite-de-chelsea\/","url":"https:\/\/footdavant.fr\/actualites\/arteta-peut-il-profiter-des-premiers-jours-dalonso-lors-de-la-visite-de-chelsea\/","name":"Arteta peut-il profiter des \u00ab premiers jours \u00bb d&#39;Alonso lors de la visite de Chelsea ?","isPartOf":{"@id":"https:\/\/footdavant.fr\/actualites\/#website"},"datePublished":"2026-09-06T10:48:05+00:00","dateModified":"2026-09-06T10:48:07+00:00","breadcrumb":{"@id":"https:\/\/footdavant.fr\/actualites\/arteta-peut-il-profiter-des-premiers-jours-dalonso-lors-de-la-visite-de-chelsea\/#breadcrumb"},"inLanguage":"fr-FR","potentialAction":[{"@type":"ReadAction","target":["https:\/\/footdavant.fr\/actualites\/arteta-peut-il-profiter-des-premiers-jours-dalonso-lors-de-la-visite-de-chelsea\/"]}]},{"@type":"BreadcrumbList","@id":"https:\/\/footdavant.fr\/actualites\/arteta-peut-il-profiter-des-premiers-jours-dalonso-lors-de-la-visite-de-chelsea\/#breadcrumb","itemListElement":[{"@type":"ListItem","position":1,"name":"Accueil","item":"https:\/\/footdavant.fr\/actualites\/"},{"@type":"ListItem","position":2,"name":"Arteta peut-il profiter des \u00ab premiers jours \u00bb d&#39;Alonso lors de la visite de Chelsea ?"}]},{"@type":"WebSite","@id":"https:\/\/footdavant.fr\/actualites\/#website","url":"https:\/\/footdavant.fr\/actualites\/","name":"Foot d'avant","description":"","publisher":{"@id":"https:\/\/footdavant.fr\/actualites\/#organization"},"potentialAction":[{"@type":"SearchAction","target":{"@type":"EntryPoint","urlTemplate":"https:\/\/footdavant.fr\/actualites\/?s={search_term_string}"},"query-input":"required name=search_term_string"}],"inLanguage":"fr-FR"},{"@type":"Organization","@id":"https:\/\/footdavant.fr\/actualites\/#organization","name":"Foot d'avant","url":"https:\/\/footdavant.fr\/actualites\/","logo":{"@type":"ImageObject","inLanguage":"fr-FR","@id":"https:\/\/footdavant.fr\/actualites\/#\/schema\/logo\/image\/","url":"https:\/\/footdavant.fr\/actualites\/wp-content\/uploads\/2023\/09\/Copy-of-FootDavant-Logo.png","contentUrl":"https:\/\/footdavant.fr\/actualites\/wp-content\/uploads\/2023\/09\/Copy-of-FootDavant-Logo.png","width":936,"height":549,"caption":"Foot d'avant"},"image":{"@id":"https:\/\/footdavant.fr\/actualites\/#\/schema\/logo\/image\/"},"sameAs":["https:\/\/www.facebook.com\/Footdavant\/","https:\/\/twitter.com\/FootdavantFr","https:\/\/www.instagram.com\/footdavant.fr\/"]},{"@type":"Person","@id":"https:\/\/footdavant.fr\/actualites\/#\/schema\/person\/bc222566d95871b37e597b3ed3ba5e1d","name":"Cl\u00e9ment","image":{"@type":"ImageObject","inLanguage":"fr-FR","@id":"https:\/\/footdavant.fr\/actualites\/#\/schema\/person\/image\/","url":"https:\/\/secure.gravatar.com\/avatar\/7728b29aac2719421e1a9159b2254c44?s=96&d=mm&r=g","contentUrl":"https:\/\/secure.gravatar.com\/avatar\/7728b29aac2719421e1a9159b2254c44?s=96&d=mm&r=g","caption":"Cl\u00e9ment"},"sameAs":["https:\/\/footdavant.fr\/"]}]}},"_links":{"self":[{"href":"https:\/\/footdavant.fr\/actualites\/wp-json\/wp\/v2\/posts\/41181"}],"collection":[{"href":"https:\/\/footdavant.fr\/actualites\/wp-json\/wp\/v2\/posts"}],"about":[{"href":"https:\/\/footdavant.fr\/actualites\/wp-json\/wp\/v2\/types\/post"}],"author":[{"embeddable":true,"href":"https:\/\/footdavant.fr\/actualites\/wp-json\/wp\/v2\/users\/1"}],"replies":[{"embeddable":true,"href":"https:\/\/footdavant.fr\/actualites\/wp-json\/wp\/v2\/comments?post=41181"}],"version-history":[{"count":1,"href":"https:\/\/footdavant.fr\/actualites\/wp-json\/wp\/v2\/posts\/41181\/revisions"}],"predecessor-version":[{"id":41183,"href":"https:\/\/footdavant.fr\/actualites\/wp-json\/wp\/v2\/posts\/41181\/revisions\/41183"}],"wp:featuredmedia":[{"embeddable":true,"href":"https:\/\/footdavant.fr\/actualites\/wp-json\/wp\/v2\/media\/41182"}],"wp:attachment":[{"href":"https:\/\/footdavant.fr\/actualites\/wp-json\/wp\/v2\/media?parent=41181"}],"wp:term":[{"taxonomy":"category","embeddable":true,"href":"https:\/\/footdavant.fr\/actualites\/wp-json\/wp\/v2\/categories?post=41181"},{"taxonomy":"post_tag","embeddable":true,"href":"https:\/\/footdavant.fr\/actualites\/wp-json\/wp\/v2\/tags?post=41181"}],"curies":[{"name":"wp","href":"https:\/\/api.w.org\/{rel}","templated":true}]}}