{"id":41184,"date":"2026-09-06T16:48:26","date_gmt":"2026-09-06T14:48:26","guid":{"rendered":"https:\/\/footdavant.fr\/actualites\/les-recruteurs-de-liverpool-ont-regarde-lamine-camara-lors-de-la-victoire-de-monaco-contre-le-psg\/"},"modified":"2026-09-06T16:48:28","modified_gmt":"2026-09-06T14:48:28","slug":"les-recruteurs-de-liverpool-ont-regarde-lamine-camara-lors-de-la-victoire-de-monaco-contre-le-psg","status":"publish","type":"post","link":"https:\/\/footdavant.fr\/actualites\/les-recruteurs-de-liverpool-ont-regarde-lamine-camara-lors-de-la-victoire-de-monaco-contre-le-psg\/","title":{"rendered":"Les recruteurs de Liverpool ont regard\u00e9 Lamine Camara lors de la victoire de Monaco contre le PSG"},"content":{"rendered":"<div id=\"article-body\">\n<!-- Article Start --><\/p>\n<p>Liverpool aurait eu des \u00e9claireurs pr\u00e9sents pour surveiller un milieu de terrain auquel ils se seraient int\u00e9ress\u00e9s pendant le mercato estival.<\/p>\n<p>Il y a eu des rapports plus t\u00f4t dans la semaine selon lesquels les dirigeants d&#39;Anfield avaient demand\u00e9 \u00e0 Monaco de retarder le projet de vente de Lamine Camara \u00e0 Chelsea apr\u00e8s que les deux clubs se soient mis d&#39;accord sur un accord de 47 millions de livres sterling \u00e0 la date limite sur lequel le club de Ligue 1 a finalement mis fin (Sky Sports).<\/p>\n<p>Le directeur sportif des Mon\u00e9gasques, Thiago Scuro, aurait d\u00e9clar\u00e9 au joueur de 22 ans qu&#39;il effectuerait un transfert majeur \u00ab\u00a0tr\u00e8s bient\u00f4t\u00a0\u00bb dans ce qui semble \u00eatre une tentative de le garder doux pour cette saison avant de lui accorder un transfert ailleurs en 2027.<\/p>\n<h2>Les \u00e9claireurs de Liverpool ont regard\u00e9 Camara vendredi soir<\/h2>\n<p>Selon Graeme Bailey pour TEAMtalk, Liverpool avait des \u00e9claireurs au Parc des Princes vendredi soir alors qu&#39;ils gardaient un \u0153il sur le milieu de terrain de Monaco lors de leur affrontement de Ligue 1 contre le Paris Saint-Germain.<\/p>\n<p>Camara aurait jou\u00e9 \u00ab\u00a0un r\u00f4le important\u00a0\u00bb puisque son \u00e9quipe est revenue par derri\u00e8re pour battre les champions d&#39;Europe 2-1 et poursuivre le mis\u00e9rable d\u00e9but de campagne du PSG.<\/p>\n<p>Les Reds restent des \u00ab\u00a0admirateurs de longue date\u00a0\u00bb de l&#39;international s\u00e9n\u00e9galais et continuent de suivre sa situation \u00ab\u00a0de pr\u00e8s\u00a0\u00bb.<\/p>\n<figure id=\"attachment_290144\" aria-describedby=\"caption-attachment-290144\" style=\"width: 713px\" class=\"wp-caption alignnone\"><picture><source type=\"image\/webp\" data- data-><\/source><\/picture><\/figure>\n<\/p>\n<h2>Camara \u00e9tait une puissance pour Monaco alors que le PSG s&#39;humiliait<\/h2>\n<p>Toute \u00e9cole de pens\u00e9e selon laquelle le joueur de 22 ans baisserait ses niveaux de performance en boudant s\u2019il ne parvenait pas \u00e0 passer en Premier League a \u00e9t\u00e9 bel et bien ferm\u00e9e vendredi soir.<\/p>\n<p>Les chiffres ci-dessous de Sofascore illustrent \u00e0 quel point Camara a jou\u00e9 de mani\u00e8re impressionnante lorsque Monaco a pris le scalp du PSG, le milieu de terrain \u00e9tant un tour de force pour son \u00e9quipe.<\/p>\n<table style=\"border-collapse: collapse; width: 78.6423%;\">\n<tbody>\n<tr>\n<td style=\"width: 45.9633%; text-align: center;\">Passes compl\u00e9t\u00e9es<\/td>\n<td style=\"width: 32.6803%; text-align: center;\">35\/38 (92% de r\u00e9ussite)<\/td>\n<\/tr>\n<tr>\n<td style=\"width: 45.9633%; text-align: center;\">Duels gagn\u00e9s<\/td>\n<td style=\"width: 32.6803%; text-align: center;\">12<\/td>\n<\/tr>\n<tr>\n<td style=\"width: 45.9633%; text-align: center;\">Tacles gagn\u00e9s<\/td>\n<td style=\"width: 32.6803%; text-align: center;\">7<\/td>\n<\/tr>\n<tr>\n<td style=\"width: 45.9633%; text-align: center;\">Balles longues et pr\u00e9cises<\/td>\n<td style=\"width: 32.6803%; text-align: center;\">3\/4<\/td>\n<\/tr>\n<tr>\n<td style=\"width: 45.9633%; text-align: center;\">Dribbles termin\u00e9s<\/td>\n<td style=\"width: 32.6803%; text-align: center;\">2<\/td>\n<\/tr>\n<tr>\n<td style=\"width: 45.9633%; text-align: center;\">Interceptions<\/td>\n<td style=\"width: 32.6803%; text-align: center;\">1<\/td>\n<\/tr>\n<\/tbody>\n<\/table>\n<p>Ces chiffres de plaqu\u00e9s et de duels gagn\u00e9s se d\u00e9marqueront des fans de Liverpool (et tr\u00e8s probablement aussi des \u00e9claireurs du LFC), de nombreux supporters estimant qu&#39;il y a un vide dans le onze de d\u00e9part d&#39;Andoni Iraola en termes de v\u00e9ritable bouclier de milieu de terrain d\u00e9fensif.<\/p>\n<p>Les Reds ne pourront pas signer Camara avant janvier au plus t\u00f4t, ce qui leur donne amplement l&#39;occasion de le regarder encore quelques fois avant la r\u00e9ouverture du march\u00e9 en hiver.<\/p>\n<p>Si la performance du joueur de 22 ans contre le PSG s&#39;av\u00e8re \u00eatre la norme pour lui cette saison, les g\u00e9ants du Merseyside doivent s&#39;assurer qu&#39;ils font partie des principaux pr\u00e9tendants pour l&#39;amener en Angleterre en 2027.<\/p>\n<p><!-- Article End -->\t\t\t\t<\/div>\n","protected":false},"excerpt":{"rendered":"<p>Liverpool aurait eu des \u00e9claireurs pr\u00e9sents pour surveiller un milieu de terrain auquel ils se seraient int\u00e9ress\u00e9s pendant le mercato estival. Il y a eu<\/p>\n","protected":false},"author":1,"featured_media":41185,"comment_status":"closed","ping_status":"","sticky":false,"template":"","format":"standard","meta":{"footnotes":""},"categories":[3],"tags":[12512,20,4088,93,53,64,2808,244,1656,1941,1131,26],"yoast_head":"<!-- This site is optimized with the Yoast SEO plugin v21.0 - https:\/\/yoast.com\/wordpress\/plugins\/seo\/ -->\n<title>Les recruteurs de Liverpool ont regard\u00e9 Lamine Camara lors de la victoire de Monaco contre le PSG<\/title>\n<meta name=\"robots\" content=\"index, follow, max-snippet:-1, max-image-preview:large, max-video-preview:-1\" \/>\n<link rel=\"canonical\" href=\"https:\/\/footdavant.fr\/actualites\/les-recruteurs-de-liverpool-ont-regarde-lamine-camara-lors-de-la-victoire-de-monaco-contre-le-psg\/\" \/>\n<meta property=\"og:locale\" content=\"fr_FR\" \/>\n<meta property=\"og:type\" content=\"article\" \/>\n<meta property=\"og:title\" content=\"Les recruteurs de Liverpool ont regard\u00e9 Lamine Camara lors de la victoire de Monaco contre le PSG\" \/>\n<meta property=\"og:description\" content=\"Liverpool aurait eu des \u00e9claireurs pr\u00e9sents pour surveiller un milieu de terrain auquel ils se seraient int\u00e9ress\u00e9s pendant le mercato estival. Il y a eu\" \/>\n<meta property=\"og:url\" content=\"https:\/\/footdavant.fr\/actualites\/les-recruteurs-de-liverpool-ont-regarde-lamine-camara-lors-de-la-victoire-de-monaco-contre-le-psg\/\" \/>\n<meta property=\"og:site_name\" content=\"Foot d&#039;avant\" \/>\n<meta property=\"article:publisher\" content=\"https:\/\/www.facebook.com\/Footdavant\/\" \/>\n<meta property=\"article:published_time\" content=\"2026-09-06T14:48:26+00:00\" \/>\n<meta property=\"article:modified_time\" content=\"2026-09-06T14:48:28+00:00\" \/>\n<meta property=\"og:image\" content=\"https:\/\/footdavant.fr\/actualites\/wp-content\/uploads\/2026\/09\/1788706107_Les-recruteurs-de-Liverpool-ont-regarde-Lamine-Camara-lors-de.jpg\" \/>\n\t<meta property=\"og:image:width\" content=\"1466\" \/>\n\t<meta property=\"og:image:height\" content=\"822\" \/>\n\t<meta property=\"og:image:type\" content=\"image\/jpeg\" \/>\n<meta name=\"author\" content=\"Cl\u00e9ment\" \/>\n<meta name=\"twitter:card\" content=\"summary_large_image\" \/>\n<meta name=\"twitter:creator\" content=\"@FootdavantFr\" \/>\n<meta name=\"twitter:site\" content=\"@FootdavantFr\" \/>\n<meta name=\"twitter:label1\" content=\"\u00c9crit par\" \/>\n\t<meta name=\"twitter:data1\" content=\"Cl\u00e9ment\" \/>\n\t<meta name=\"twitter:label2\" content=\"Dur\u00e9e de lecture estim\u00e9e\" \/>\n\t<meta name=\"twitter:data2\" content=\"2 minutes\" \/>\n<script type=\"application\/ld+json\" class=\"yoast-schema-graph\">{\"@context\":\"https:\/\/schema.org\",\"@graph\":[{\"@type\":\"Article\",\"@id\":\"https:\/\/footdavant.fr\/actualites\/les-recruteurs-de-liverpool-ont-regarde-lamine-camara-lors-de-la-victoire-de-monaco-contre-le-psg\/#article\",\"isPartOf\":{\"@id\":\"https:\/\/footdavant.fr\/actualites\/les-recruteurs-de-liverpool-ont-regarde-lamine-camara-lors-de-la-victoire-de-monaco-contre-le-psg\/\"},\"author\":{\"name\":\"Cl\u00e9ment\",\"@id\":\"https:\/\/footdavant.fr\/actualites\/#\/schema\/person\/bc222566d95871b37e597b3ed3ba5e1d\"},\"headline\":\"Les recruteurs de Liverpool ont regard\u00e9 Lamine Camara lors de la victoire de Monaco contre le PSG\",\"datePublished\":\"2026-09-06T14:48:26+00:00\",\"dateModified\":\"2026-09-06T14:48:28+00:00\",\"mainEntityOfPage\":{\"@id\":\"https:\/\/footdavant.fr\/actualites\/les-recruteurs-de-liverpool-ont-regarde-lamine-camara-lors-de-la-victoire-de-monaco-contre-le-psg\/\"},\"wordCount\":494,\"publisher\":{\"@id\":\"https:\/\/footdavant.fr\/actualites\/#organization\"},\"keywords\":[\"Camara\",\"contre\",\"Lamine\",\"les\",\"Liverpool\",\"lors\",\"Monaco\",\"ont\",\"PSG\",\"recruteurs\",\"Regarde\",\"victoire\"],\"articleSection\":[\"Football\"],\"inLanguage\":\"fr-FR\"},{\"@type\":\"WebPage\",\"@id\":\"https:\/\/footdavant.fr\/actualites\/les-recruteurs-de-liverpool-ont-regarde-lamine-camara-lors-de-la-victoire-de-monaco-contre-le-psg\/\",\"url\":\"https:\/\/footdavant.fr\/actualites\/les-recruteurs-de-liverpool-ont-regarde-lamine-camara-lors-de-la-victoire-de-monaco-contre-le-psg\/\",\"name\":\"Les recruteurs de Liverpool ont regard\u00e9 Lamine Camara lors de la victoire de Monaco contre le PSG\",\"isPartOf\":{\"@id\":\"https:\/\/footdavant.fr\/actualites\/#website\"},\"datePublished\":\"2026-09-06T14:48:26+00:00\",\"dateModified\":\"2026-09-06T14:48:28+00:00\",\"breadcrumb\":{\"@id\":\"https:\/\/footdavant.fr\/actualites\/les-recruteurs-de-liverpool-ont-regarde-lamine-camara-lors-de-la-victoire-de-monaco-contre-le-psg\/#breadcrumb\"},\"inLanguage\":\"fr-FR\",\"potentialAction\":[{\"@type\":\"ReadAction\",\"target\":[\"https:\/\/footdavant.fr\/actualites\/les-recruteurs-de-liverpool-ont-regarde-lamine-camara-lors-de-la-victoire-de-monaco-contre-le-psg\/\"]}]},{\"@type\":\"BreadcrumbList\",\"@id\":\"https:\/\/footdavant.fr\/actualites\/les-recruteurs-de-liverpool-ont-regarde-lamine-camara-lors-de-la-victoire-de-monaco-contre-le-psg\/#breadcrumb\",\"itemListElement\":[{\"@type\":\"ListItem\",\"position\":1,\"name\":\"Accueil\",\"item\":\"https:\/\/footdavant.fr\/actualites\/\"},{\"@type\":\"ListItem\",\"position\":2,\"name\":\"Les recruteurs de Liverpool ont regard\u00e9 Lamine Camara lors de la victoire de Monaco contre le PSG\"}]},{\"@type\":\"WebSite\",\"@id\":\"https:\/\/footdavant.fr\/actualites\/#website\",\"url\":\"https:\/\/footdavant.fr\/actualites\/\",\"name\":\"Foot d'avant\",\"description\":\"\",\"publisher\":{\"@id\":\"https:\/\/footdavant.fr\/actualites\/#organization\"},\"potentialAction\":[{\"@type\":\"SearchAction\",\"target\":{\"@type\":\"EntryPoint\",\"urlTemplate\":\"https:\/\/footdavant.fr\/actualites\/?s={search_term_string}\"},\"query-input\":\"required name=search_term_string\"}],\"inLanguage\":\"fr-FR\"},{\"@type\":\"Organization\",\"@id\":\"https:\/\/footdavant.fr\/actualites\/#organization\",\"name\":\"Foot d'avant\",\"url\":\"https:\/\/footdavant.fr\/actualites\/\",\"logo\":{\"@type\":\"ImageObject\",\"inLanguage\":\"fr-FR\",\"@id\":\"https:\/\/footdavant.fr\/actualites\/#\/schema\/logo\/image\/\",\"url\":\"https:\/\/footdavant.fr\/actualites\/wp-content\/uploads\/2023\/09\/Copy-of-FootDavant-Logo.png\",\"contentUrl\":\"https:\/\/footdavant.fr\/actualites\/wp-content\/uploads\/2023\/09\/Copy-of-FootDavant-Logo.png\",\"width\":936,\"height\":549,\"caption\":\"Foot d'avant\"},\"image\":{\"@id\":\"https:\/\/footdavant.fr\/actualites\/#\/schema\/logo\/image\/\"},\"sameAs\":[\"https:\/\/www.facebook.com\/Footdavant\/\",\"https:\/\/twitter.com\/FootdavantFr\",\"https:\/\/www.instagram.com\/footdavant.fr\/\"]},{\"@type\":\"Person\",\"@id\":\"https:\/\/footdavant.fr\/actualites\/#\/schema\/person\/bc222566d95871b37e597b3ed3ba5e1d\",\"name\":\"Cl\u00e9ment\",\"image\":{\"@type\":\"ImageObject\",\"inLanguage\":\"fr-FR\",\"@id\":\"https:\/\/footdavant.fr\/actualites\/#\/schema\/person\/image\/\",\"url\":\"https:\/\/secure.gravatar.com\/avatar\/7728b29aac2719421e1a9159b2254c44?s=96&d=mm&r=g\",\"contentUrl\":\"https:\/\/secure.gravatar.com\/avatar\/7728b29aac2719421e1a9159b2254c44?s=96&d=mm&r=g\",\"caption\":\"Cl\u00e9ment\"},\"sameAs\":[\"https:\/\/footdavant.fr\/\"]}]}<\/script>\n<!-- \/ Yoast SEO plugin. -->","yoast_head_json":{"title":"Les recruteurs de Liverpool ont regard\u00e9 Lamine Camara lors de la victoire de Monaco contre le PSG","robots":{"index":"index","follow":"follow","max-snippet":"max-snippet:-1","max-image-preview":"max-image-preview:large","max-video-preview":"max-video-preview:-1"},"canonical":"https:\/\/footdavant.fr\/actualites\/les-recruteurs-de-liverpool-ont-regarde-lamine-camara-lors-de-la-victoire-de-monaco-contre-le-psg\/","og_locale":"fr_FR","og_type":"article","og_title":"Les recruteurs de Liverpool ont regard\u00e9 Lamine Camara lors de la victoire de Monaco contre le PSG","og_description":"Liverpool aurait eu des \u00e9claireurs pr\u00e9sents pour surveiller un milieu de terrain auquel ils se seraient int\u00e9ress\u00e9s pendant le mercato estival. Il y a eu","og_url":"https:\/\/footdavant.fr\/actualites\/les-recruteurs-de-liverpool-ont-regarde-lamine-camara-lors-de-la-victoire-de-monaco-contre-le-psg\/","og_site_name":"Foot d&#039;avant","article_publisher":"https:\/\/www.facebook.com\/Footdavant\/","article_published_time":"2026-09-06T14:48:26+00:00","article_modified_time":"2026-09-06T14:48:28+00:00","og_image":[{"width":1466,"height":822,"url":"https:\/\/footdavant.fr\/actualites\/wp-content\/uploads\/2026\/09\/1788706107_Les-recruteurs-de-Liverpool-ont-regarde-Lamine-Camara-lors-de.jpg","type":"image\/jpeg"}],"author":"Cl\u00e9ment","twitter_card":"summary_large_image","twitter_creator":"@FootdavantFr","twitter_site":"@FootdavantFr","twitter_misc":{"\u00c9crit par":"Cl\u00e9ment","Dur\u00e9e de lecture estim\u00e9e":"2 minutes"},"schema":{"@context":"https:\/\/schema.org","@graph":[{"@type":"Article","@id":"https:\/\/footdavant.fr\/actualites\/les-recruteurs-de-liverpool-ont-regarde-lamine-camara-lors-de-la-victoire-de-monaco-contre-le-psg\/#article","isPartOf":{"@id":"https:\/\/footdavant.fr\/actualites\/les-recruteurs-de-liverpool-ont-regarde-lamine-camara-lors-de-la-victoire-de-monaco-contre-le-psg\/"},"author":{"name":"Cl\u00e9ment","@id":"https:\/\/footdavant.fr\/actualites\/#\/schema\/person\/bc222566d95871b37e597b3ed3ba5e1d"},"headline":"Les recruteurs de Liverpool ont regard\u00e9 Lamine Camara lors de la victoire de Monaco contre le PSG","datePublished":"2026-09-06T14:48:26+00:00","dateModified":"2026-09-06T14:48:28+00:00","mainEntityOfPage":{"@id":"https:\/\/footdavant.fr\/actualites\/les-recruteurs-de-liverpool-ont-regarde-lamine-camara-lors-de-la-victoire-de-monaco-contre-le-psg\/"},"wordCount":494,"publisher":{"@id":"https:\/\/footdavant.fr\/actualites\/#organization"},"keywords":["Camara","contre","Lamine","les","Liverpool","lors","Monaco","ont","PSG","recruteurs","Regarde","victoire"],"articleSection":["Football"],"inLanguage":"fr-FR"},{"@type":"WebPage","@id":"https:\/\/footdavant.fr\/actualites\/les-recruteurs-de-liverpool-ont-regarde-lamine-camara-lors-de-la-victoire-de-monaco-contre-le-psg\/","url":"https:\/\/footdavant.fr\/actualites\/les-recruteurs-de-liverpool-ont-regarde-lamine-camara-lors-de-la-victoire-de-monaco-contre-le-psg\/","name":"Les recruteurs de Liverpool ont regard\u00e9 Lamine Camara lors de la victoire de Monaco contre le PSG","isPartOf":{"@id":"https:\/\/footdavant.fr\/actualites\/#website"},"datePublished":"2026-09-06T14:48:26+00:00","dateModified":"2026-09-06T14:48:28+00:00","breadcrumb":{"@id":"https:\/\/footdavant.fr\/actualites\/les-recruteurs-de-liverpool-ont-regarde-lamine-camara-lors-de-la-victoire-de-monaco-contre-le-psg\/#breadcrumb"},"inLanguage":"fr-FR","potentialAction":[{"@type":"ReadAction","target":["https:\/\/footdavant.fr\/actualites\/les-recruteurs-de-liverpool-ont-regarde-lamine-camara-lors-de-la-victoire-de-monaco-contre-le-psg\/"]}]},{"@type":"BreadcrumbList","@id":"https:\/\/footdavant.fr\/actualites\/les-recruteurs-de-liverpool-ont-regarde-lamine-camara-lors-de-la-victoire-de-monaco-contre-le-psg\/#breadcrumb","itemListElement":[{"@type":"ListItem","position":1,"name":"Accueil","item":"https:\/\/footdavant.fr\/actualites\/"},{"@type":"ListItem","position":2,"name":"Les recruteurs de Liverpool ont regard\u00e9 Lamine Camara lors de la victoire de Monaco contre le PSG"}]},{"@type":"WebSite","@id":"https:\/\/footdavant.fr\/actualites\/#website","url":"https:\/\/footdavant.fr\/actualites\/","name":"Foot d'avant","description":"","publisher":{"@id":"https:\/\/footdavant.fr\/actualites\/#organization"},"potentialAction":[{"@type":"SearchAction","target":{"@type":"EntryPoint","urlTemplate":"https:\/\/footdavant.fr\/actualites\/?s={search_term_string}"},"query-input":"required name=search_term_string"}],"inLanguage":"fr-FR"},{"@type":"Organization","@id":"https:\/\/footdavant.fr\/actualites\/#organization","name":"Foot d'avant","url":"https:\/\/footdavant.fr\/actualites\/","logo":{"@type":"ImageObject","inLanguage":"fr-FR","@id":"https:\/\/footdavant.fr\/actualites\/#\/schema\/logo\/image\/","url":"https:\/\/footdavant.fr\/actualites\/wp-content\/uploads\/2023\/09\/Copy-of-FootDavant-Logo.png","contentUrl":"https:\/\/footdavant.fr\/actualites\/wp-content\/uploads\/2023\/09\/Copy-of-FootDavant-Logo.png","width":936,"height":549,"caption":"Foot d'avant"},"image":{"@id":"https:\/\/footdavant.fr\/actualites\/#\/schema\/logo\/image\/"},"sameAs":["https:\/\/www.facebook.com\/Footdavant\/","https:\/\/twitter.com\/FootdavantFr","https:\/\/www.instagram.com\/footdavant.fr\/"]},{"@type":"Person","@id":"https:\/\/footdavant.fr\/actualites\/#\/schema\/person\/bc222566d95871b37e597b3ed3ba5e1d","name":"Cl\u00e9ment","image":{"@type":"ImageObject","inLanguage":"fr-FR","@id":"https:\/\/footdavant.fr\/actualites\/#\/schema\/person\/image\/","url":"https:\/\/secure.gravatar.com\/avatar\/7728b29aac2719421e1a9159b2254c44?s=96&d=mm&r=g","contentUrl":"https:\/\/secure.gravatar.com\/avatar\/7728b29aac2719421e1a9159b2254c44?s=96&d=mm&r=g","caption":"Cl\u00e9ment"},"sameAs":["https:\/\/footdavant.fr\/"]}]}},"_links":{"self":[{"href":"https:\/\/footdavant.fr\/actualites\/wp-json\/wp\/v2\/posts\/41184"}],"collection":[{"href":"https:\/\/footdavant.fr\/actualites\/wp-json\/wp\/v2\/posts"}],"about":[{"href":"https:\/\/footdavant.fr\/actualites\/wp-json\/wp\/v2\/types\/post"}],"author":[{"embeddable":true,"href":"https:\/\/footdavant.fr\/actualites\/wp-json\/wp\/v2\/users\/1"}],"replies":[{"embeddable":true,"href":"https:\/\/footdavant.fr\/actualites\/wp-json\/wp\/v2\/comments?post=41184"}],"version-history":[{"count":1,"href":"https:\/\/footdavant.fr\/actualites\/wp-json\/wp\/v2\/posts\/41184\/revisions"}],"predecessor-version":[{"id":41186,"href":"https:\/\/footdavant.fr\/actualites\/wp-json\/wp\/v2\/posts\/41184\/revisions\/41186"}],"wp:featuredmedia":[{"embeddable":true,"href":"https:\/\/footdavant.fr\/actualites\/wp-json\/wp\/v2\/media\/41185"}],"wp:attachment":[{"href":"https:\/\/footdavant.fr\/actualites\/wp-json\/wp\/v2\/media?parent=41184"}],"wp:term":[{"taxonomy":"category","embeddable":true,"href":"https:\/\/footdavant.fr\/actualites\/wp-json\/wp\/v2\/categories?post=41184"},{"taxonomy":"post_tag","embeddable":true,"href":"https:\/\/footdavant.fr\/actualites\/wp-json\/wp\/v2\/tags?post=41184"}],"curies":[{"name":"wp","href":"https:\/\/api.w.org\/{rel}","templated":true}]}}