{"id":4228,"date":"2024-01-22T18:50:01","date_gmt":"2024-01-22T17:50:01","guid":{"rendered":"https:\/\/footdavant.fr\/actualites\/klopp-a-porte-un-coup-dur-a-lancien-patron-de-liverpool-contre-bournemouth-dimanche\/"},"modified":"2024-01-22T18:50:11","modified_gmt":"2024-01-22T17:50:11","slug":"klopp-a-porte-un-coup-dur-a-lancien-patron-de-liverpool-contre-bournemouth-dimanche","status":"publish","type":"post","link":"https:\/\/footdavant.fr\/actualites\/klopp-a-porte-un-coup-dur-a-lancien-patron-de-liverpool-contre-bournemouth-dimanche\/","title":{"rendered":"Klopp a port\u00e9 un coup dur \u00e0 l&rsquo;ancien patron de Liverpool contre Bournemouth dimanche"},"content":{"rendered":"<p><\/p>\n<div id=\"article-body\">\n<!-- Article Start --><\/p>\n<p>Les remplacements et les ajustements effectu\u00e9s par Jurgen Klopp lors de la victoire 4-0 de Liverpool \u00e0 Bournemouth dimanche ont \u00e9t\u00e9 un grand sujet de discussion par la suite, le patron des Reds \u00e9tant largement f\u00e9licit\u00e9 pour ses d\u00e9cisions tactiques.<\/p>\n<p>Cependant, un changement qu&rsquo;il a effectu\u00e9 dans les derni\u00e8res minutes au Vitality Stadium sera tomb\u00e9 comme un ballon de plomb avec son pr\u00e9d\u00e9cesseur dans l&rsquo;abri d&rsquo;Anfield, comme le souligne le Daily Mail.<\/p>\n<p>L&rsquo;arriv\u00e9e d&rsquo;Owen Beck \u2013 cibl\u00e9 par le Celtic de Brendan Rodgers \u2013 \u00e0 la 83e minute signifie qu&rsquo;il ne pourra pas jouer pour les champions d&rsquo;\u00c9cosse cette saison en raison de la d\u00e9cision de la FIFA qui interdit aux joueurs de jouer dans plus de deux clubs au cours de la m\u00eame saison. .<\/p>\n<p>Le jeune Gallois n&rsquo;\u00e9tait que r\u00e9cemment revenu dans son club parent apr\u00e8s une p\u00e9riode de pr\u00eat \u00e0 Dundee, la seule autre \u00e9quipe qui pouvait l\u00e9gitimement l&rsquo;aligner pour le reste de 2023\/24, bien qu&rsquo;ils aient depuis fait appel \u00e0 un arri\u00e8re gauche de remplacement, Owen Dodgson. .<\/p>\n<\/p>\n<p>M\u00eame avec Andy Robertson et Kostas Tsimikas tous deux absents en raison d&rsquo;une blessure, Beck avait attendu patiemment derri\u00e8re Joe Gomez pour ses d\u00e9buts en Premier League \u00e0 Liverpool jusqu&rsquo;au d\u00e9placement de dimanche sur la c\u00f4te sud.<\/p>\n<p>Une fois les deux arri\u00e8res gauches seniors naturels de retour, le joueur de 21 ans ne disposera probablement pas de trop de minutes \u00e0 Anfield, c&rsquo;est pourquoi son introduction tardive hier aura \u00e9t\u00e9 une \u00e9norme d\u00e9ception pour Rodgers et le Celtic.<\/p>\n<p>Cependant, comme tout manager, Klopp a tout \u00e0 fait le droit de proc\u00e9der aux remplacements qu\u2019il juge opportuns, quelles que soient les cons\u00e9quences que cela pourrait avoir pour les autres clubs.<\/p>\n<p>Alors que Liverpool avait termin\u00e9 le r\u00e9sultat au moment o\u00f9 Beck a \u00e9t\u00e9 pr\u00e9sent\u00e9 pour Conor Bradley (qui \u00e9tait sur un carton jaune) contre Bournemouth, cela semblait \u00eatre le sc\u00e9nario parfait pour faire appel au Gallois et lui offrir une premi\u00e8re apparition en Premier League.<\/p>\n<p>L&rsquo;implication continue des Reds dans quatre comp\u00e9titions pourrait encore permettre au joueur de 21 ans d&rsquo;obtenir quelques opportunit\u00e9s suppl\u00e9mentaires d&rsquo;ici la fin mai, justifiant ainsi pleinement la d\u00e9cision de le ramener \u00e0 Anfield au d\u00e9but du mois.<\/p>\n<\/p>\n<p><span class=\"embed-youtube\" style=\"text-align:center; display: block;\"><\/span><\/p>\n<p><!-- Article End -->\t\t\t\t<\/div>\n","protected":false},"excerpt":{"rendered":"<p>Les remplacements et les ajustements effectu\u00e9s par Jurgen Klopp lors de la victoire 4-0 de Liverpool \u00e0 Bournemouth dimanche ont \u00e9t\u00e9 un grand sujet de<\/p>\n","protected":false},"author":1,"featured_media":4229,"comment_status":"closed","ping_status":"","sticky":false,"template":"","format":"standard","meta":{"footnotes":""},"categories":[3],"tags":[54,20,489,506,2630,238,1302,53,231,594],"yoast_head":"<!-- This site is optimized with the Yoast SEO plugin v21.0 - https:\/\/yoast.com\/wordpress\/plugins\/seo\/ -->\n<title>Klopp a port\u00e9 un coup dur \u00e0 l&#039;ancien patron de Liverpool contre Bournemouth dimanche<\/title>\n<meta name=\"robots\" content=\"index, follow, max-snippet:-1, max-image-preview:large, max-video-preview:-1\" \/>\n<link rel=\"canonical\" href=\"https:\/\/footdavant.fr\/actualites\/klopp-a-porte-un-coup-dur-a-lancien-patron-de-liverpool-contre-bournemouth-dimanche\/\" \/>\n<meta property=\"og:locale\" content=\"fr_FR\" \/>\n<meta property=\"og:type\" content=\"article\" \/>\n<meta property=\"og:title\" content=\"Klopp a port\u00e9 un coup dur \u00e0 l&#039;ancien patron de Liverpool contre Bournemouth dimanche\" \/>\n<meta property=\"og:description\" content=\"Les remplacements et les ajustements effectu\u00e9s par Jurgen Klopp lors de la victoire 4-0 de Liverpool \u00e0 Bournemouth dimanche ont \u00e9t\u00e9 un grand sujet de\" \/>\n<meta property=\"og:url\" content=\"https:\/\/footdavant.fr\/actualites\/klopp-a-porte-un-coup-dur-a-lancien-patron-de-liverpool-contre-bournemouth-dimanche\/\" \/>\n<meta property=\"og:site_name\" content=\"Foot d&#039;avant\" \/>\n<meta property=\"article:publisher\" content=\"https:\/\/www.facebook.com\/Footdavant\/\" \/>\n<meta property=\"article:published_time\" content=\"2024-01-22T17:50:01+00:00\" \/>\n<meta property=\"article:modified_time\" content=\"2024-01-22T17:50:11+00:00\" \/>\n<meta property=\"og:image\" content=\"https:\/\/footdavant.fr\/actualites\/wp-content\/uploads\/2024\/01\/Klopp-a-porte-un-coup-dur-a-lancien-patron-de-scaled.jpg\" \/>\n\t<meta property=\"og:image:width\" content=\"2560\" \/>\n\t<meta property=\"og:image:height\" content=\"1644\" \/>\n\t<meta property=\"og:image:type\" content=\"image\/jpeg\" \/>\n<meta name=\"author\" content=\"Cl\u00e9ment\" \/>\n<meta name=\"twitter:card\" content=\"summary_large_image\" \/>\n<meta name=\"twitter:creator\" content=\"@FootdavantFr\" \/>\n<meta name=\"twitter:site\" content=\"@FootdavantFr\" \/>\n<meta name=\"twitter:label1\" content=\"\u00c9crit par\" \/>\n\t<meta name=\"twitter:data1\" content=\"Cl\u00e9ment\" \/>\n\t<meta name=\"twitter:label2\" content=\"Dur\u00e9e de lecture estim\u00e9e\" \/>\n\t<meta name=\"twitter:data2\" content=\"2 minutes\" \/>\n<script type=\"application\/ld+json\" class=\"yoast-schema-graph\">{\"@context\":\"https:\/\/schema.org\",\"@graph\":[{\"@type\":\"Article\",\"@id\":\"https:\/\/footdavant.fr\/actualites\/klopp-a-porte-un-coup-dur-a-lancien-patron-de-liverpool-contre-bournemouth-dimanche\/#article\",\"isPartOf\":{\"@id\":\"https:\/\/footdavant.fr\/actualites\/klopp-a-porte-un-coup-dur-a-lancien-patron-de-liverpool-contre-bournemouth-dimanche\/\"},\"author\":{\"name\":\"Cl\u00e9ment\",\"@id\":\"https:\/\/footdavant.fr\/actualites\/#\/schema\/person\/bc222566d95871b37e597b3ed3ba5e1d\"},\"headline\":\"Klopp a port\u00e9 un coup dur \u00e0 l&rsquo;ancien patron de Liverpool contre Bournemouth dimanche\",\"datePublished\":\"2024-01-22T17:50:01+00:00\",\"dateModified\":\"2024-01-22T17:50:11+00:00\",\"mainEntityOfPage\":{\"@id\":\"https:\/\/footdavant.fr\/actualites\/klopp-a-porte-un-coup-dur-a-lancien-patron-de-liverpool-contre-bournemouth-dimanche\/\"},\"wordCount\":397,\"publisher\":{\"@id\":\"https:\/\/footdavant.fr\/actualites\/#organization\"},\"keywords\":[\"Bournemouth\",\"contre\",\"coup\",\"dimanche\",\"dur\",\"Klopp\",\"Lancien\",\"Liverpool\",\"patron\",\"porte\"],\"articleSection\":[\"Football\"],\"inLanguage\":\"fr-FR\"},{\"@type\":\"WebPage\",\"@id\":\"https:\/\/footdavant.fr\/actualites\/klopp-a-porte-un-coup-dur-a-lancien-patron-de-liverpool-contre-bournemouth-dimanche\/\",\"url\":\"https:\/\/footdavant.fr\/actualites\/klopp-a-porte-un-coup-dur-a-lancien-patron-de-liverpool-contre-bournemouth-dimanche\/\",\"name\":\"Klopp a port\u00e9 un coup dur \u00e0 l'ancien patron de Liverpool contre Bournemouth dimanche\",\"isPartOf\":{\"@id\":\"https:\/\/footdavant.fr\/actualites\/#website\"},\"datePublished\":\"2024-01-22T17:50:01+00:00\",\"dateModified\":\"2024-01-22T17:50:11+00:00\",\"breadcrumb\":{\"@id\":\"https:\/\/footdavant.fr\/actualites\/klopp-a-porte-un-coup-dur-a-lancien-patron-de-liverpool-contre-bournemouth-dimanche\/#breadcrumb\"},\"inLanguage\":\"fr-FR\",\"potentialAction\":[{\"@type\":\"ReadAction\",\"target\":[\"https:\/\/footdavant.fr\/actualites\/klopp-a-porte-un-coup-dur-a-lancien-patron-de-liverpool-contre-bournemouth-dimanche\/\"]}]},{\"@type\":\"BreadcrumbList\",\"@id\":\"https:\/\/footdavant.fr\/actualites\/klopp-a-porte-un-coup-dur-a-lancien-patron-de-liverpool-contre-bournemouth-dimanche\/#breadcrumb\",\"itemListElement\":[{\"@type\":\"ListItem\",\"position\":1,\"name\":\"Accueil\",\"item\":\"https:\/\/footdavant.fr\/actualites\/\"},{\"@type\":\"ListItem\",\"position\":2,\"name\":\"Klopp a port\u00e9 un coup dur \u00e0 l&rsquo;ancien patron de Liverpool contre Bournemouth dimanche\"}]},{\"@type\":\"WebSite\",\"@id\":\"https:\/\/footdavant.fr\/actualites\/#website\",\"url\":\"https:\/\/footdavant.fr\/actualites\/\",\"name\":\"Foot d'avant\",\"description\":\"\",\"publisher\":{\"@id\":\"https:\/\/footdavant.fr\/actualites\/#organization\"},\"potentialAction\":[{\"@type\":\"SearchAction\",\"target\":{\"@type\":\"EntryPoint\",\"urlTemplate\":\"https:\/\/footdavant.fr\/actualites\/?s={search_term_string}\"},\"query-input\":\"required name=search_term_string\"}],\"inLanguage\":\"fr-FR\"},{\"@type\":\"Organization\",\"@id\":\"https:\/\/footdavant.fr\/actualites\/#organization\",\"name\":\"Foot d'avant\",\"url\":\"https:\/\/footdavant.fr\/actualites\/\",\"logo\":{\"@type\":\"ImageObject\",\"inLanguage\":\"fr-FR\",\"@id\":\"https:\/\/footdavant.fr\/actualites\/#\/schema\/logo\/image\/\",\"url\":\"https:\/\/footdavant.fr\/actualites\/wp-content\/uploads\/2023\/09\/Copy-of-FootDavant-Logo.png\",\"contentUrl\":\"https:\/\/footdavant.fr\/actualites\/wp-content\/uploads\/2023\/09\/Copy-of-FootDavant-Logo.png\",\"width\":936,\"height\":549,\"caption\":\"Foot d'avant\"},\"image\":{\"@id\":\"https:\/\/footdavant.fr\/actualites\/#\/schema\/logo\/image\/\"},\"sameAs\":[\"https:\/\/www.facebook.com\/Footdavant\/\",\"https:\/\/twitter.com\/FootdavantFr\",\"https:\/\/www.instagram.com\/footdavant.fr\/\"]},{\"@type\":\"Person\",\"@id\":\"https:\/\/footdavant.fr\/actualites\/#\/schema\/person\/bc222566d95871b37e597b3ed3ba5e1d\",\"name\":\"Cl\u00e9ment\",\"image\":{\"@type\":\"ImageObject\",\"inLanguage\":\"fr-FR\",\"@id\":\"https:\/\/footdavant.fr\/actualites\/#\/schema\/person\/image\/\",\"url\":\"https:\/\/secure.gravatar.com\/avatar\/7728b29aac2719421e1a9159b2254c44?s=96&d=mm&r=g\",\"contentUrl\":\"https:\/\/secure.gravatar.com\/avatar\/7728b29aac2719421e1a9159b2254c44?s=96&d=mm&r=g\",\"caption\":\"Cl\u00e9ment\"},\"sameAs\":[\"https:\/\/footdavant.fr\/\"]}]}<\/script>\n<!-- \/ Yoast SEO plugin. -->","yoast_head_json":{"title":"Klopp a port\u00e9 un coup dur \u00e0 l'ancien patron de Liverpool contre Bournemouth dimanche","robots":{"index":"index","follow":"follow","max-snippet":"max-snippet:-1","max-image-preview":"max-image-preview:large","max-video-preview":"max-video-preview:-1"},"canonical":"https:\/\/footdavant.fr\/actualites\/klopp-a-porte-un-coup-dur-a-lancien-patron-de-liverpool-contre-bournemouth-dimanche\/","og_locale":"fr_FR","og_type":"article","og_title":"Klopp a port\u00e9 un coup dur \u00e0 l'ancien patron de Liverpool contre Bournemouth dimanche","og_description":"Les remplacements et les ajustements effectu\u00e9s par Jurgen Klopp lors de la victoire 4-0 de Liverpool \u00e0 Bournemouth dimanche ont \u00e9t\u00e9 un grand sujet de","og_url":"https:\/\/footdavant.fr\/actualites\/klopp-a-porte-un-coup-dur-a-lancien-patron-de-liverpool-contre-bournemouth-dimanche\/","og_site_name":"Foot d&#039;avant","article_publisher":"https:\/\/www.facebook.com\/Footdavant\/","article_published_time":"2024-01-22T17:50:01+00:00","article_modified_time":"2024-01-22T17:50:11+00:00","og_image":[{"width":2560,"height":1644,"url":"https:\/\/footdavant.fr\/actualites\/wp-content\/uploads\/2024\/01\/Klopp-a-porte-un-coup-dur-a-lancien-patron-de-scaled.jpg","type":"image\/jpeg"}],"author":"Cl\u00e9ment","twitter_card":"summary_large_image","twitter_creator":"@FootdavantFr","twitter_site":"@FootdavantFr","twitter_misc":{"\u00c9crit par":"Cl\u00e9ment","Dur\u00e9e de lecture estim\u00e9e":"2 minutes"},"schema":{"@context":"https:\/\/schema.org","@graph":[{"@type":"Article","@id":"https:\/\/footdavant.fr\/actualites\/klopp-a-porte-un-coup-dur-a-lancien-patron-de-liverpool-contre-bournemouth-dimanche\/#article","isPartOf":{"@id":"https:\/\/footdavant.fr\/actualites\/klopp-a-porte-un-coup-dur-a-lancien-patron-de-liverpool-contre-bournemouth-dimanche\/"},"author":{"name":"Cl\u00e9ment","@id":"https:\/\/footdavant.fr\/actualites\/#\/schema\/person\/bc222566d95871b37e597b3ed3ba5e1d"},"headline":"Klopp a port\u00e9 un coup dur \u00e0 l&rsquo;ancien patron de Liverpool contre Bournemouth dimanche","datePublished":"2024-01-22T17:50:01+00:00","dateModified":"2024-01-22T17:50:11+00:00","mainEntityOfPage":{"@id":"https:\/\/footdavant.fr\/actualites\/klopp-a-porte-un-coup-dur-a-lancien-patron-de-liverpool-contre-bournemouth-dimanche\/"},"wordCount":397,"publisher":{"@id":"https:\/\/footdavant.fr\/actualites\/#organization"},"keywords":["Bournemouth","contre","coup","dimanche","dur","Klopp","Lancien","Liverpool","patron","porte"],"articleSection":["Football"],"inLanguage":"fr-FR"},{"@type":"WebPage","@id":"https:\/\/footdavant.fr\/actualites\/klopp-a-porte-un-coup-dur-a-lancien-patron-de-liverpool-contre-bournemouth-dimanche\/","url":"https:\/\/footdavant.fr\/actualites\/klopp-a-porte-un-coup-dur-a-lancien-patron-de-liverpool-contre-bournemouth-dimanche\/","name":"Klopp a port\u00e9 un coup dur \u00e0 l'ancien patron de Liverpool contre Bournemouth dimanche","isPartOf":{"@id":"https:\/\/footdavant.fr\/actualites\/#website"},"datePublished":"2024-01-22T17:50:01+00:00","dateModified":"2024-01-22T17:50:11+00:00","breadcrumb":{"@id":"https:\/\/footdavant.fr\/actualites\/klopp-a-porte-un-coup-dur-a-lancien-patron-de-liverpool-contre-bournemouth-dimanche\/#breadcrumb"},"inLanguage":"fr-FR","potentialAction":[{"@type":"ReadAction","target":["https:\/\/footdavant.fr\/actualites\/klopp-a-porte-un-coup-dur-a-lancien-patron-de-liverpool-contre-bournemouth-dimanche\/"]}]},{"@type":"BreadcrumbList","@id":"https:\/\/footdavant.fr\/actualites\/klopp-a-porte-un-coup-dur-a-lancien-patron-de-liverpool-contre-bournemouth-dimanche\/#breadcrumb","itemListElement":[{"@type":"ListItem","position":1,"name":"Accueil","item":"https:\/\/footdavant.fr\/actualites\/"},{"@type":"ListItem","position":2,"name":"Klopp a port\u00e9 un coup dur \u00e0 l&rsquo;ancien patron de Liverpool contre Bournemouth dimanche"}]},{"@type":"WebSite","@id":"https:\/\/footdavant.fr\/actualites\/#website","url":"https:\/\/footdavant.fr\/actualites\/","name":"Foot d'avant","description":"","publisher":{"@id":"https:\/\/footdavant.fr\/actualites\/#organization"},"potentialAction":[{"@type":"SearchAction","target":{"@type":"EntryPoint","urlTemplate":"https:\/\/footdavant.fr\/actualites\/?s={search_term_string}"},"query-input":"required name=search_term_string"}],"inLanguage":"fr-FR"},{"@type":"Organization","@id":"https:\/\/footdavant.fr\/actualites\/#organization","name":"Foot d'avant","url":"https:\/\/footdavant.fr\/actualites\/","logo":{"@type":"ImageObject","inLanguage":"fr-FR","@id":"https:\/\/footdavant.fr\/actualites\/#\/schema\/logo\/image\/","url":"https:\/\/footdavant.fr\/actualites\/wp-content\/uploads\/2023\/09\/Copy-of-FootDavant-Logo.png","contentUrl":"https:\/\/footdavant.fr\/actualites\/wp-content\/uploads\/2023\/09\/Copy-of-FootDavant-Logo.png","width":936,"height":549,"caption":"Foot d'avant"},"image":{"@id":"https:\/\/footdavant.fr\/actualites\/#\/schema\/logo\/image\/"},"sameAs":["https:\/\/www.facebook.com\/Footdavant\/","https:\/\/twitter.com\/FootdavantFr","https:\/\/www.instagram.com\/footdavant.fr\/"]},{"@type":"Person","@id":"https:\/\/footdavant.fr\/actualites\/#\/schema\/person\/bc222566d95871b37e597b3ed3ba5e1d","name":"Cl\u00e9ment","image":{"@type":"ImageObject","inLanguage":"fr-FR","@id":"https:\/\/footdavant.fr\/actualites\/#\/schema\/person\/image\/","url":"https:\/\/secure.gravatar.com\/avatar\/7728b29aac2719421e1a9159b2254c44?s=96&d=mm&r=g","contentUrl":"https:\/\/secure.gravatar.com\/avatar\/7728b29aac2719421e1a9159b2254c44?s=96&d=mm&r=g","caption":"Cl\u00e9ment"},"sameAs":["https:\/\/footdavant.fr\/"]}]}},"_links":{"self":[{"href":"https:\/\/footdavant.fr\/actualites\/wp-json\/wp\/v2\/posts\/4228"}],"collection":[{"href":"https:\/\/footdavant.fr\/actualites\/wp-json\/wp\/v2\/posts"}],"about":[{"href":"https:\/\/footdavant.fr\/actualites\/wp-json\/wp\/v2\/types\/post"}],"author":[{"embeddable":true,"href":"https:\/\/footdavant.fr\/actualites\/wp-json\/wp\/v2\/users\/1"}],"replies":[{"embeddable":true,"href":"https:\/\/footdavant.fr\/actualites\/wp-json\/wp\/v2\/comments?post=4228"}],"version-history":[{"count":1,"href":"https:\/\/footdavant.fr\/actualites\/wp-json\/wp\/v2\/posts\/4228\/revisions"}],"predecessor-version":[{"id":4230,"href":"https:\/\/footdavant.fr\/actualites\/wp-json\/wp\/v2\/posts\/4228\/revisions\/4230"}],"wp:featuredmedia":[{"embeddable":true,"href":"https:\/\/footdavant.fr\/actualites\/wp-json\/wp\/v2\/media\/4229"}],"wp:attachment":[{"href":"https:\/\/footdavant.fr\/actualites\/wp-json\/wp\/v2\/media?parent=4228"}],"wp:term":[{"taxonomy":"category","embeddable":true,"href":"https:\/\/footdavant.fr\/actualites\/wp-json\/wp\/v2\/categories?post=4228"},{"taxonomy":"post_tag","embeddable":true,"href":"https:\/\/footdavant.fr\/actualites\/wp-json\/wp\/v2\/tags?post=4228"}],"curies":[{"name":"wp","href":"https:\/\/api.w.org\/{rel}","templated":true}]}}