{"id":4234,"date":"2024-01-22T22:56:25","date_gmt":"2024-01-22T21:56:25","guid":{"rendered":"https:\/\/footdavant.fr\/actualites\/romo-dit-que-la-perte-la-plus-devastatrice-de-la-carriere-de-josh-allen\/"},"modified":"2024-01-22T22:56:25","modified_gmt":"2024-01-22T21:56:25","slug":"romo-dit-que-la-perte-la-plus-devastatrice-de-la-carriere-de-josh-allen","status":"publish","type":"post","link":"https:\/\/footdavant.fr\/actualites\/romo-dit-que-la-perte-la-plus-devastatrice-de-la-carriere-de-josh-allen\/","title":{"rendered":"Romo dit que la perte \u00ab la plus d\u00e9vastatrice \u00bb de la carri\u00e8re de Josh Allen"},"content":{"rendered":"<div>\n<p>Les cartes \u00e9taient finalement jou\u00e9es en faveur de Josh Allen.  Les Bills jouaient enfin \u00e0 domicile, les Chiefs n&rsquo;\u00e9taient pas le poids lourd dominant auquel nous \u00e9tions habitu\u00e9s, et Buffalo connaissait une s\u00e9quence assez chaude pour passer de 6-6 \u00e0 un pr\u00e9tendant l\u00e9gitime au Super Bowl.  Mais lors du dernier match du week-end de la NFL, Allen et les Bills ont ajout\u00e9 un autre chapitre malheureux \u00e0 leur histoire.<\/p>\n<h2>La plus grosse perte de la carri\u00e8re de Josh Allen dans la NFL ?<\/h2>\n<blockquote class=\"twitter-tweet\">\n<p dir=\"ltr\" lang=\"en\">Josh Allen a pass\u00e9 un moment avec Tyler Bass apr\u00e8s la d\u00e9faite des Bills \u2764\ufe0f<\/p>\n<p>(via <a rel=\"nofollow\" href=\"https:\/\/twitter.com\/NFL?ref_src=twsrc%5Etfw\">@NFL<\/a>) <a rel=\"nofollow\" href=\"https:\/\/t.co\/2SdNC2hAR7\">pic.twitter.com\/2SdNC2hAR7<\/a><\/p>\n<p>\u2013 Rapport du blanchisseur (@BleacherReport) <a rel=\"nofollow\" href=\"https:\/\/twitter.com\/BleacherReport\/status\/1749275573828898904?ref_src=twsrc%5Etfw\">22 janvier 2024<\/a><\/p>\n<\/blockquote>\n<p>Kansas City a toujours \u00e9t\u00e9 la colline infranchissable pour Allen et les Bills.  Depuis que lui et Patrick Mahomes ont pris la rel\u00e8ve en tant que quarts-arri\u00e8re de leurs \u00e9quipes respectives, Buffalo a une fiche de 0-2 dans les matchs \u00e9liminatoires entre les deux \u00e9quipes.  Il y a eu la d\u00e9faite du Championnat de l\u2019AFC en janvier 2021, qui a \u00e9t\u00e9 suivie par l\u2019\u00e9lectrisant \u00ab 13 secondes \u00bb des Chiefs, qui vit encore aujourd\u2019hui dans l\u2019infamie.<\/p>\n<p>Le troisi\u00e8me tour \u00e9tait cens\u00e9 \u00eatre celui d&rsquo;Allen.  La frustration et la col\u00e8re accumul\u00e9es au fil des ann\u00e9es apr\u00e8s avoir \u00e9t\u00e9 renvoy\u00e9 chez lui par la m\u00eame \u00e9quipe \u00e9taient probablement en \u00e9bullition, et le match de dimanche contre la NFL \u00e9tait celui qu&rsquo;il devait gagner s&rsquo;il voulait exercer ses d\u00e9mons du pass\u00e9 et enfin d\u00e9passer Mahomes et entreprise.<\/p>\n<p>Bien qu&rsquo;il soit le MVP incontest\u00e9 de son \u00e9quipe, il a encore une fois \u00e9chou\u00e9.  On lui a demand\u00e9 de tout faire, car il a r\u00e9ussi 168 verges et a effectu\u00e9 12 tentatives au sol sur le jeu (la plupart \u00e9tant con\u00e7ues) et il a repr\u00e9sent\u00e9 les trois touch\u00e9s de Buffalo.  Mais les co\u00e9quipiers ont commis une myriade d\u2019erreurs, notamment des passes manqu\u00e9es et des p\u00e9nalit\u00e9s.<\/p>\n<h2>Romo partage ses r\u00e9flexions sur la situation<\/h2>\n<blockquote class=\"twitter-tweet\">\n<p dir=\"ltr\" lang=\"en\">\u00ab\u00a0Cela va \u00eatre la perte la plus d\u00e9vastatrice de la carri\u00e8re de Josh Allen.\u00a0\u00bb  -Tony Romo <a rel=\"nofollow\" href=\"https:\/\/t.co\/UR6h5GJ30e\">pic.twitter.com\/UR6h5GJ30e<\/a><\/p>\n<p>\u2013 NFL sur CBS \ud83c\udfc8 (@NFLonCBS) <a rel=\"nofollow\" href=\"https:\/\/twitter.com\/NFLonCBS\/status\/1749273180185702412?ref_src=twsrc%5Etfw\">22 janvier 2024<\/a><\/p>\n<\/blockquote>\n<p>Mais la plus grosse erreur a bien s\u00fbr \u00e9t\u00e9 commise par le botteur Tyler Bass, dont la tentative de panier de 44 verges avec 1:47 restante a navigu\u00e9 large \u00e0 droite, apportant aux fans des Bills des images flashback de Scott Norwood et de quatre Super Bowls perdus de suite, l&rsquo;un des plus r\u00e9ussis. , mais les plus sombres, de l&rsquo;histoire de la franchise.<\/p>\n<p>Selon Ton Romo, pr\u00e9sentateur de CBS, celui-ci va piquer Allen pendant longtemps\u00a0:<\/p>\n<blockquote>\n<p>Ce sera la perte la plus d\u00e9vastatrice de la carri\u00e8re de Josh Allen.  Ils avaient des choses situ\u00e9es pour un avantage.  Ils sont \u00e0 la maison.  Ils ont travaill\u00e9 toute l\u2019ann\u00e9e, ils jouaient un excellent football\u2026 Il a tr\u00e8s bien jou\u00e9 aujourd\u2019hui.  Il a jou\u00e9 de mani\u00e8re exceptionnelle\u2026 Mais c&rsquo;est tellement difficile \u00e0 prendre si vous \u00eates Josh Allen parce que c&rsquo;est comme \u00ab que puis-je faire d&rsquo;autre ?<\/p>\n<\/blockquote>\n<p>Pour les Chiefs, ce sera \u00e0 Baltimore d&rsquo;affronter les Ravens au Championnat de l&rsquo;AFC dimanche prochain et d&rsquo;obtenir le droit de se qualifier pour le Super Bowl.<\/p>\n<p>En revanche, les Bills font face \u00e0 une intersaison pleine de questions.  L&rsquo;\u00e9quipe compte plus d&rsquo;une poign\u00e9e d&rsquo;agents libres et a de nombreux ajustements \u00e0 apporter pour cette intersaison, et ils auront du mal \u00e0 conserver tous leurs talents pour les ann\u00e9es \u00e0 venir.<\/p>\n<\/p><\/div>\n<p><script async src=\"https:\/\/platform.twitter.com\/widgets.js\" charset=\"utf-8\"><\/script><\/p>\n","protected":false},"excerpt":{"rendered":"<p>Les cartes \u00e9taient finalement jou\u00e9es en faveur de Josh Allen. Les Bills jouaient enfin \u00e0 domicile, les Chiefs n&rsquo;\u00e9taient pas le poids lourd dominant auquel<\/p>\n","protected":false},"author":1,"featured_media":4235,"comment_status":"closed","ping_status":"","sticky":false,"template":"","format":"standard","meta":{"footnotes":""},"categories":[3],"tags":[3247,597,3246,125,587,3245,3244],"yoast_head":"<!-- This site is optimized with the Yoast SEO plugin v21.0 - https:\/\/yoast.com\/wordpress\/plugins\/seo\/ -->\n<title>Romo dit que la perte \u00ab la plus d\u00e9vastatrice \u00bb de la carri\u00e8re de Josh Allen<\/title>\n<meta name=\"robots\" content=\"index, follow, max-snippet:-1, max-image-preview:large, max-video-preview:-1\" \/>\n<link rel=\"canonical\" href=\"https:\/\/footdavant.fr\/actualites\/romo-dit-que-la-perte-la-plus-devastatrice-de-la-carriere-de-josh-allen\/\" \/>\n<meta property=\"og:locale\" content=\"fr_FR\" \/>\n<meta property=\"og:type\" content=\"article\" \/>\n<meta property=\"og:title\" content=\"Romo dit que la perte \u00ab la plus d\u00e9vastatrice \u00bb de la carri\u00e8re de Josh Allen\" \/>\n<meta property=\"og:description\" content=\"Les cartes \u00e9taient finalement jou\u00e9es en faveur de Josh Allen. Les Bills jouaient enfin \u00e0 domicile, les Chiefs n&rsquo;\u00e9taient pas le poids lourd dominant auquel\" \/>\n<meta property=\"og:url\" content=\"https:\/\/footdavant.fr\/actualites\/romo-dit-que-la-perte-la-plus-devastatrice-de-la-carriere-de-josh-allen\/\" \/>\n<meta property=\"og:site_name\" content=\"Foot d&#039;avant\" \/>\n<meta property=\"article:publisher\" content=\"https:\/\/www.facebook.com\/Footdavant\/\" \/>\n<meta property=\"article:published_time\" content=\"2024-01-22T21:56:25+00:00\" \/>\n<meta property=\"og:image\" content=\"https:\/\/footdavant.fr\/actualites\/wp-content\/uploads\/2024\/01\/Romo-dit-que-la-perte-la-plus-devastatrice.jpeg\" \/>\n\t<meta property=\"og:image:width\" content=\"650\" \/>\n\t<meta property=\"og:image:height\" content=\"366\" \/>\n\t<meta property=\"og:image:type\" content=\"image\/jpeg\" \/>\n<meta name=\"author\" content=\"Cl\u00e9ment\" \/>\n<meta name=\"twitter:card\" content=\"summary_large_image\" \/>\n<meta name=\"twitter:creator\" content=\"@FootdavantFr\" \/>\n<meta name=\"twitter:site\" content=\"@FootdavantFr\" \/>\n<meta name=\"twitter:label1\" content=\"\u00c9crit par\" \/>\n\t<meta name=\"twitter:data1\" content=\"Cl\u00e9ment\" \/>\n\t<meta name=\"twitter:label2\" content=\"Dur\u00e9e de lecture estim\u00e9e\" \/>\n\t<meta name=\"twitter:data2\" content=\"3 minutes\" \/>\n<script type=\"application\/ld+json\" class=\"yoast-schema-graph\">{\"@context\":\"https:\/\/schema.org\",\"@graph\":[{\"@type\":\"Article\",\"@id\":\"https:\/\/footdavant.fr\/actualites\/romo-dit-que-la-perte-la-plus-devastatrice-de-la-carriere-de-josh-allen\/#article\",\"isPartOf\":{\"@id\":\"https:\/\/footdavant.fr\/actualites\/romo-dit-que-la-perte-la-plus-devastatrice-de-la-carriere-de-josh-allen\/\"},\"author\":{\"name\":\"Cl\u00e9ment\",\"@id\":\"https:\/\/footdavant.fr\/actualites\/#\/schema\/person\/bc222566d95871b37e597b3ed3ba5e1d\"},\"headline\":\"Romo dit que la perte \u00ab la plus d\u00e9vastatrice \u00bb de la carri\u00e8re de Josh Allen\",\"datePublished\":\"2024-01-22T21:56:25+00:00\",\"dateModified\":\"2024-01-22T21:56:25+00:00\",\"mainEntityOfPage\":{\"@id\":\"https:\/\/footdavant.fr\/actualites\/romo-dit-que-la-perte-la-plus-devastatrice-de-la-carriere-de-josh-allen\/\"},\"wordCount\":603,\"publisher\":{\"@id\":\"https:\/\/footdavant.fr\/actualites\/#organization\"},\"keywords\":[\"Allen\",\"carri\u00e8re\",\"d\u00e9vastatrice\",\"dit\",\"Josh\",\"perte\",\"Romo\"],\"articleSection\":[\"Football\"],\"inLanguage\":\"fr-FR\"},{\"@type\":\"WebPage\",\"@id\":\"https:\/\/footdavant.fr\/actualites\/romo-dit-que-la-perte-la-plus-devastatrice-de-la-carriere-de-josh-allen\/\",\"url\":\"https:\/\/footdavant.fr\/actualites\/romo-dit-que-la-perte-la-plus-devastatrice-de-la-carriere-de-josh-allen\/\",\"name\":\"Romo dit que la perte \u00ab la plus d\u00e9vastatrice \u00bb de la carri\u00e8re de Josh Allen\",\"isPartOf\":{\"@id\":\"https:\/\/footdavant.fr\/actualites\/#website\"},\"datePublished\":\"2024-01-22T21:56:25+00:00\",\"dateModified\":\"2024-01-22T21:56:25+00:00\",\"breadcrumb\":{\"@id\":\"https:\/\/footdavant.fr\/actualites\/romo-dit-que-la-perte-la-plus-devastatrice-de-la-carriere-de-josh-allen\/#breadcrumb\"},\"inLanguage\":\"fr-FR\",\"potentialAction\":[{\"@type\":\"ReadAction\",\"target\":[\"https:\/\/footdavant.fr\/actualites\/romo-dit-que-la-perte-la-plus-devastatrice-de-la-carriere-de-josh-allen\/\"]}]},{\"@type\":\"BreadcrumbList\",\"@id\":\"https:\/\/footdavant.fr\/actualites\/romo-dit-que-la-perte-la-plus-devastatrice-de-la-carriere-de-josh-allen\/#breadcrumb\",\"itemListElement\":[{\"@type\":\"ListItem\",\"position\":1,\"name\":\"Accueil\",\"item\":\"https:\/\/footdavant.fr\/actualites\/\"},{\"@type\":\"ListItem\",\"position\":2,\"name\":\"Romo dit que la perte \u00ab la plus d\u00e9vastatrice \u00bb de la carri\u00e8re de Josh Allen\"}]},{\"@type\":\"WebSite\",\"@id\":\"https:\/\/footdavant.fr\/actualites\/#website\",\"url\":\"https:\/\/footdavant.fr\/actualites\/\",\"name\":\"Foot d'avant\",\"description\":\"\",\"publisher\":{\"@id\":\"https:\/\/footdavant.fr\/actualites\/#organization\"},\"potentialAction\":[{\"@type\":\"SearchAction\",\"target\":{\"@type\":\"EntryPoint\",\"urlTemplate\":\"https:\/\/footdavant.fr\/actualites\/?s={search_term_string}\"},\"query-input\":\"required name=search_term_string\"}],\"inLanguage\":\"fr-FR\"},{\"@type\":\"Organization\",\"@id\":\"https:\/\/footdavant.fr\/actualites\/#organization\",\"name\":\"Foot d'avant\",\"url\":\"https:\/\/footdavant.fr\/actualites\/\",\"logo\":{\"@type\":\"ImageObject\",\"inLanguage\":\"fr-FR\",\"@id\":\"https:\/\/footdavant.fr\/actualites\/#\/schema\/logo\/image\/\",\"url\":\"https:\/\/footdavant.fr\/actualites\/wp-content\/uploads\/2023\/09\/Copy-of-FootDavant-Logo.png\",\"contentUrl\":\"https:\/\/footdavant.fr\/actualites\/wp-content\/uploads\/2023\/09\/Copy-of-FootDavant-Logo.png\",\"width\":936,\"height\":549,\"caption\":\"Foot d'avant\"},\"image\":{\"@id\":\"https:\/\/footdavant.fr\/actualites\/#\/schema\/logo\/image\/\"},\"sameAs\":[\"https:\/\/www.facebook.com\/Footdavant\/\",\"https:\/\/twitter.com\/FootdavantFr\",\"https:\/\/www.instagram.com\/footdavant.fr\/\"]},{\"@type\":\"Person\",\"@id\":\"https:\/\/footdavant.fr\/actualites\/#\/schema\/person\/bc222566d95871b37e597b3ed3ba5e1d\",\"name\":\"Cl\u00e9ment\",\"image\":{\"@type\":\"ImageObject\",\"inLanguage\":\"fr-FR\",\"@id\":\"https:\/\/footdavant.fr\/actualites\/#\/schema\/person\/image\/\",\"url\":\"https:\/\/secure.gravatar.com\/avatar\/7728b29aac2719421e1a9159b2254c44?s=96&d=mm&r=g\",\"contentUrl\":\"https:\/\/secure.gravatar.com\/avatar\/7728b29aac2719421e1a9159b2254c44?s=96&d=mm&r=g\",\"caption\":\"Cl\u00e9ment\"},\"sameAs\":[\"https:\/\/footdavant.fr\/\"]}]}<\/script>\n<!-- \/ Yoast SEO plugin. -->","yoast_head_json":{"title":"Romo dit que la perte \u00ab la plus d\u00e9vastatrice \u00bb de la carri\u00e8re de Josh Allen","robots":{"index":"index","follow":"follow","max-snippet":"max-snippet:-1","max-image-preview":"max-image-preview:large","max-video-preview":"max-video-preview:-1"},"canonical":"https:\/\/footdavant.fr\/actualites\/romo-dit-que-la-perte-la-plus-devastatrice-de-la-carriere-de-josh-allen\/","og_locale":"fr_FR","og_type":"article","og_title":"Romo dit que la perte \u00ab la plus d\u00e9vastatrice \u00bb de la carri\u00e8re de Josh Allen","og_description":"Les cartes \u00e9taient finalement jou\u00e9es en faveur de Josh Allen. Les Bills jouaient enfin \u00e0 domicile, les Chiefs n&rsquo;\u00e9taient pas le poids lourd dominant auquel","og_url":"https:\/\/footdavant.fr\/actualites\/romo-dit-que-la-perte-la-plus-devastatrice-de-la-carriere-de-josh-allen\/","og_site_name":"Foot d&#039;avant","article_publisher":"https:\/\/www.facebook.com\/Footdavant\/","article_published_time":"2024-01-22T21:56:25+00:00","og_image":[{"width":650,"height":366,"url":"https:\/\/footdavant.fr\/actualites\/wp-content\/uploads\/2024\/01\/Romo-dit-que-la-perte-la-plus-devastatrice.jpeg","type":"image\/jpeg"}],"author":"Cl\u00e9ment","twitter_card":"summary_large_image","twitter_creator":"@FootdavantFr","twitter_site":"@FootdavantFr","twitter_misc":{"\u00c9crit par":"Cl\u00e9ment","Dur\u00e9e de lecture estim\u00e9e":"3 minutes"},"schema":{"@context":"https:\/\/schema.org","@graph":[{"@type":"Article","@id":"https:\/\/footdavant.fr\/actualites\/romo-dit-que-la-perte-la-plus-devastatrice-de-la-carriere-de-josh-allen\/#article","isPartOf":{"@id":"https:\/\/footdavant.fr\/actualites\/romo-dit-que-la-perte-la-plus-devastatrice-de-la-carriere-de-josh-allen\/"},"author":{"name":"Cl\u00e9ment","@id":"https:\/\/footdavant.fr\/actualites\/#\/schema\/person\/bc222566d95871b37e597b3ed3ba5e1d"},"headline":"Romo dit que la perte \u00ab la plus d\u00e9vastatrice \u00bb de la carri\u00e8re de Josh Allen","datePublished":"2024-01-22T21:56:25+00:00","dateModified":"2024-01-22T21:56:25+00:00","mainEntityOfPage":{"@id":"https:\/\/footdavant.fr\/actualites\/romo-dit-que-la-perte-la-plus-devastatrice-de-la-carriere-de-josh-allen\/"},"wordCount":603,"publisher":{"@id":"https:\/\/footdavant.fr\/actualites\/#organization"},"keywords":["Allen","carri\u00e8re","d\u00e9vastatrice","dit","Josh","perte","Romo"],"articleSection":["Football"],"inLanguage":"fr-FR"},{"@type":"WebPage","@id":"https:\/\/footdavant.fr\/actualites\/romo-dit-que-la-perte-la-plus-devastatrice-de-la-carriere-de-josh-allen\/","url":"https:\/\/footdavant.fr\/actualites\/romo-dit-que-la-perte-la-plus-devastatrice-de-la-carriere-de-josh-allen\/","name":"Romo dit que la perte \u00ab la plus d\u00e9vastatrice \u00bb de la carri\u00e8re de Josh Allen","isPartOf":{"@id":"https:\/\/footdavant.fr\/actualites\/#website"},"datePublished":"2024-01-22T21:56:25+00:00","dateModified":"2024-01-22T21:56:25+00:00","breadcrumb":{"@id":"https:\/\/footdavant.fr\/actualites\/romo-dit-que-la-perte-la-plus-devastatrice-de-la-carriere-de-josh-allen\/#breadcrumb"},"inLanguage":"fr-FR","potentialAction":[{"@type":"ReadAction","target":["https:\/\/footdavant.fr\/actualites\/romo-dit-que-la-perte-la-plus-devastatrice-de-la-carriere-de-josh-allen\/"]}]},{"@type":"BreadcrumbList","@id":"https:\/\/footdavant.fr\/actualites\/romo-dit-que-la-perte-la-plus-devastatrice-de-la-carriere-de-josh-allen\/#breadcrumb","itemListElement":[{"@type":"ListItem","position":1,"name":"Accueil","item":"https:\/\/footdavant.fr\/actualites\/"},{"@type":"ListItem","position":2,"name":"Romo dit que la perte \u00ab la plus d\u00e9vastatrice \u00bb de la carri\u00e8re de Josh Allen"}]},{"@type":"WebSite","@id":"https:\/\/footdavant.fr\/actualites\/#website","url":"https:\/\/footdavant.fr\/actualites\/","name":"Foot d'avant","description":"","publisher":{"@id":"https:\/\/footdavant.fr\/actualites\/#organization"},"potentialAction":[{"@type":"SearchAction","target":{"@type":"EntryPoint","urlTemplate":"https:\/\/footdavant.fr\/actualites\/?s={search_term_string}"},"query-input":"required name=search_term_string"}],"inLanguage":"fr-FR"},{"@type":"Organization","@id":"https:\/\/footdavant.fr\/actualites\/#organization","name":"Foot d'avant","url":"https:\/\/footdavant.fr\/actualites\/","logo":{"@type":"ImageObject","inLanguage":"fr-FR","@id":"https:\/\/footdavant.fr\/actualites\/#\/schema\/logo\/image\/","url":"https:\/\/footdavant.fr\/actualites\/wp-content\/uploads\/2023\/09\/Copy-of-FootDavant-Logo.png","contentUrl":"https:\/\/footdavant.fr\/actualites\/wp-content\/uploads\/2023\/09\/Copy-of-FootDavant-Logo.png","width":936,"height":549,"caption":"Foot d'avant"},"image":{"@id":"https:\/\/footdavant.fr\/actualites\/#\/schema\/logo\/image\/"},"sameAs":["https:\/\/www.facebook.com\/Footdavant\/","https:\/\/twitter.com\/FootdavantFr","https:\/\/www.instagram.com\/footdavant.fr\/"]},{"@type":"Person","@id":"https:\/\/footdavant.fr\/actualites\/#\/schema\/person\/bc222566d95871b37e597b3ed3ba5e1d","name":"Cl\u00e9ment","image":{"@type":"ImageObject","inLanguage":"fr-FR","@id":"https:\/\/footdavant.fr\/actualites\/#\/schema\/person\/image\/","url":"https:\/\/secure.gravatar.com\/avatar\/7728b29aac2719421e1a9159b2254c44?s=96&d=mm&r=g","contentUrl":"https:\/\/secure.gravatar.com\/avatar\/7728b29aac2719421e1a9159b2254c44?s=96&d=mm&r=g","caption":"Cl\u00e9ment"},"sameAs":["https:\/\/footdavant.fr\/"]}]}},"_links":{"self":[{"href":"https:\/\/footdavant.fr\/actualites\/wp-json\/wp\/v2\/posts\/4234"}],"collection":[{"href":"https:\/\/footdavant.fr\/actualites\/wp-json\/wp\/v2\/posts"}],"about":[{"href":"https:\/\/footdavant.fr\/actualites\/wp-json\/wp\/v2\/types\/post"}],"author":[{"embeddable":true,"href":"https:\/\/footdavant.fr\/actualites\/wp-json\/wp\/v2\/users\/1"}],"replies":[{"embeddable":true,"href":"https:\/\/footdavant.fr\/actualites\/wp-json\/wp\/v2\/comments?post=4234"}],"version-history":[{"count":1,"href":"https:\/\/footdavant.fr\/actualites\/wp-json\/wp\/v2\/posts\/4234\/revisions"}],"predecessor-version":[{"id":4236,"href":"https:\/\/footdavant.fr\/actualites\/wp-json\/wp\/v2\/posts\/4234\/revisions\/4236"}],"wp:featuredmedia":[{"embeddable":true,"href":"https:\/\/footdavant.fr\/actualites\/wp-json\/wp\/v2\/media\/4235"}],"wp:attachment":[{"href":"https:\/\/footdavant.fr\/actualites\/wp-json\/wp\/v2\/media?parent=4234"}],"wp:term":[{"taxonomy":"category","embeddable":true,"href":"https:\/\/footdavant.fr\/actualites\/wp-json\/wp\/v2\/categories?post=4234"},{"taxonomy":"post_tag","embeddable":true,"href":"https:\/\/footdavant.fr\/actualites\/wp-json\/wp\/v2\/tags?post=4234"}],"curies":[{"name":"wp","href":"https:\/\/api.w.org\/{rel}","templated":true}]}}