{"id":4237,"date":"2024-01-23T00:48:03","date_gmt":"2024-01-22T23:48:03","guid":{"rendered":"https:\/\/footdavant.fr\/actualites\/sir-jim-ratcliffe-prevoit-damener-un-attaquant-delite-a-manchester-united-cet-ete\/"},"modified":"2024-01-23T00:48:04","modified_gmt":"2024-01-22T23:48:04","slug":"sir-jim-ratcliffe-prevoit-damener-un-attaquant-delite-a-manchester-united-cet-ete","status":"publish","type":"post","link":"https:\/\/footdavant.fr\/actualites\/sir-jim-ratcliffe-prevoit-damener-un-attaquant-delite-a-manchester-united-cet-ete\/","title":{"rendered":"Sir Jim Ratcliffe \u00ab\u00a0pr\u00e9voit d&rsquo;amener un attaquant d&rsquo;\u00e9lite \u00e0 Manchester United cet \u00e9t\u00e9\u00a0\u00bb"},"content":{"rendered":"<p>Le nouvel actionnaire minoritaire de Manchester United, Sir Jim Ratcliffe, ciblera un avant-centre d&rsquo;\u00e9lite cet \u00e9t\u00e9, selon un rapport.<\/p>\n<div id=\"article_body\" itemprop=\"articleBody\">\n<h3 class=\"firstPara\">\n<strong class=\"autotag\">Manchester United<\/strong>le nouvel actionnaire minoritaire de Monsieur <strong class=\"autotag\">Jim Ratcliffe<\/strong> aurait l&rsquo;intention d&rsquo;amener un avant-centre d&rsquo;\u00e9lite \u00e0 Old Trafford lors du mercato de cet \u00e9t\u00e9.<\/h3>\n<p>Ratcliffe \u00e9tait dans les tribunes pour le match nul 2-2 de Man United contre Tottenham Hotspur en Premier League dimanche apr\u00e8s-midi, un match qui a vu les deux <strong class=\"autotag\">Rasmus Hojlund<\/strong> et <strong class=\"autotag\">Marcus Rashford<\/strong> registre.<\/p>\n<p>Hojlund est le meilleur buteur de l&rsquo;\u00e9quipe cette saison avec sept, mais Rashford n&rsquo;en a que quatre, et les Red Devils manquent d&rsquo;options en tant qu&rsquo;avant-centre, avec <strong class=\"autotag\">Antoine Martial<\/strong> toujours \u00e0 l&rsquo;\u00e9cart.<\/p>\n<p>Martial n&rsquo;a qu&rsquo;un contrat \u00e0 Old Trafford jusqu&rsquo;\u00e0 cet \u00e9t\u00e9, et le Fran\u00e7ais devrait largement partir, ce qui ouvrira de la place dans l&rsquo;\u00e9quipe pour l&rsquo;arriv\u00e9e d&rsquo;un nouvel attaquant.<\/p>\n<p>Les Diables Rouges \u00e9taient fortement li\u00e9s \u00e0 <strong class=\"autotag\">Harry Kane<\/strong> l&rsquo;ann\u00e9e derni\u00e8re, mais le capitaine anglais a finalement d\u00e9m\u00e9nag\u00e9 \u00e0 <strong class=\"autotag\">Bayern Munich<\/strong> de Tottenham Hotspur, avec <strong class=\"autotag\">Erik Ten Hag<\/strong>L&rsquo;\u00e9quipe concentre ses efforts sur Hojlund.<\/p>\n<p class=\"imgI\">\n<p>Selon le <em>Norme du soir de Londres<\/em>Man United expose ses priorit\u00e9s pour le march\u00e9 estival, et un avant-centre de premier ordre est consid\u00e9r\u00e9 comme une n\u00e9cessit\u00e9 pour le club.<\/p>\n<p>Le rapport affirme que Ratcliffe souhaite recruter un attaquant \u00ab\u00a0d&rsquo;un niveau similaire \u00e0 celui de Kane\u00a0\u00bb, tandis qu&rsquo;un milieu de terrain central, un d\u00e9fenseur central et un arri\u00e8re droit seront \u00e9galement cibl\u00e9s \u00e0 la fin de la campagne.<\/p>\n<p><strong class=\"autotag\">Benfica<\/strong>c&rsquo;est <strong class=\"autotag\">Jo\u00e3o Neves<\/strong> est consid\u00e9r\u00e9 comme la principale cible du club au milieu de terrain, tandis que le Bayern <strong class=\"autotag\">Matthijs de Ligt<\/strong> et <strong class=\"autotag\">Barcelone<\/strong>c&rsquo;est <strong class=\"autotag\">Ronald Araujo<\/strong> sont apparemment sur la liste d\u00e9fensive.<\/p>\n<p>L&rsquo;accord de Ratcliffe pour acheter 25 % de Man United n&rsquo;a pas encore \u00e9t\u00e9 ratifi\u00e9 par la Premier League, mais il devrait avoir lieu le mois prochain, et Sir <strong class=\"autotag\">Dave Brailsford<\/strong>qui est le directeur des sports d&rsquo;INEOS, devrait jouer un r\u00f4le de premier plan \u00e0 Old Trafford \u00e0 l&rsquo;avenir.<\/p>\n<p class=\"imgI\"><img decoding=\"async\" loading=\"lazy\" class=\"l\" src=\"https:\/\/footdavant.fr\/actualites\/wp-content\/uploads\/2024\/01\/Sir-Jim-Ratcliffe-prevoit-damener-un-attaquant-delite-a-Manchester.jpg\" title=\"Le pr\u00e9sident d'Ineos, Jim Ratcliffe, est photographi\u00e9 \u00e0 Old Trafford \u00e0 Manchester, en Grande-Bretagne, le 17 mars 2023.\" alt=\"Le pr\u00e9sident d'Ineos, Jim Ratcliffe, est photographi\u00e9 \u00e0 Old Trafford \u00e0 Manchester, en Grande-Bretagne, le 17 mars 2023.\" width=\"640\" height=\"480\"><\/p>\n<p>Man United a marqu\u00e9 huit fois lors de ses quatre derniers matches toutes comp\u00e9titions confondues, mais l&rsquo;\u00e9quipe a connu des difficult\u00e9s d&rsquo;un point de vue offensif pendant une grande partie de la campagne.<\/p>\n<p><strong class=\"autotag\">Alexandre Garnacho<\/strong> a contribu\u00e9 cinq buts, mais <strong class=\"autotag\">Antoine<\/strong> et <strong class=\"autotag\">Facundo Pellistri<\/strong> n&rsquo;ont pas encore inscrit de but ni de passe d\u00e9cisive cette saison, alors que <strong class=\"autotag\">Jadon Sancho<\/strong> a \u00e9t\u00e9 autoris\u00e9 \u00e0 revenir au Borussia Dortmund en pr\u00eat.<\/p>\n<p>Les projets de Man United pour la fen\u00eatre estivale seront affect\u00e9s par leur classement au classement de la Premier League, car une absence de la Ligue des champions la saison prochaine r\u00e9duirait encore leur budget.<\/p>\n<p>Les 20 fois champions d&rsquo;Angleterre sont actuellement septi\u00e8mes de l&rsquo;\u00e9lite, \u00e0 huit points d&rsquo;Arsenal, quatri\u00e8me, et de Tottenham Hotspur, cinqui\u00e8me.<\/p>\n<p>L&rsquo;\u00e9quipe de Ten Hag affrontera Newport County au quatri\u00e8me tour de la FA Cup le 28 janvier avant d&rsquo;ouvrir le mois de f\u00e9vrier avec un d\u00e9placement \u00e0 Wolverhampton Wanderers en Premier League.<\/p>\n<\/div>\n","protected":false},"excerpt":{"rendered":"<p>Le nouvel actionnaire minoritaire de Manchester United, Sir Jim Ratcliffe, ciblera un avant-centre d&rsquo;\u00e9lite cet \u00e9t\u00e9, selon un rapport. Manchester Unitedle nouvel actionnaire minoritaire de<\/p>\n","protected":false},"author":1,"featured_media":4238,"comment_status":"closed","ping_status":"","sticky":false,"template":"","format":"standard","meta":{"footnotes":""},"categories":[5],"tags":[778,775,3248,1709,776,691,11,1417,692,690,13],"yoast_head":"<!-- This site is optimized with the Yoast SEO plugin v21.0 - https:\/\/yoast.com\/wordpress\/plugins\/seo\/ -->\n<title>Sir Jim Ratcliffe &quot;pr\u00e9voit d&#039;amener un attaquant d&#039;\u00e9lite \u00e0 Manchester United cet \u00e9t\u00e9&quot;<\/title>\n<meta name=\"robots\" content=\"index, follow, max-snippet:-1, max-image-preview:large, max-video-preview:-1\" \/>\n<link rel=\"canonical\" href=\"https:\/\/footdavant.fr\/actualites\/sir-jim-ratcliffe-prevoit-damener-un-attaquant-delite-a-manchester-united-cet-ete\/\" \/>\n<meta property=\"og:locale\" content=\"fr_FR\" \/>\n<meta property=\"og:type\" content=\"article\" \/>\n<meta property=\"og:title\" content=\"Sir Jim Ratcliffe &quot;pr\u00e9voit d&#039;amener un attaquant d&#039;\u00e9lite \u00e0 Manchester United cet \u00e9t\u00e9&quot;\" \/>\n<meta property=\"og:description\" content=\"Le nouvel actionnaire minoritaire de Manchester United, Sir Jim Ratcliffe, ciblera un avant-centre d&rsquo;\u00e9lite cet \u00e9t\u00e9, selon un rapport. Manchester Unitedle nouvel actionnaire minoritaire de\" \/>\n<meta property=\"og:url\" content=\"https:\/\/footdavant.fr\/actualites\/sir-jim-ratcliffe-prevoit-damener-un-attaquant-delite-a-manchester-united-cet-ete\/\" \/>\n<meta property=\"og:site_name\" content=\"Foot d&#039;avant\" \/>\n<meta property=\"article:publisher\" content=\"https:\/\/www.facebook.com\/Footdavant\/\" \/>\n<meta property=\"article:published_time\" content=\"2024-01-22T23:48:03+00:00\" \/>\n<meta property=\"article:modified_time\" content=\"2024-01-22T23:48:04+00:00\" \/>\n<meta property=\"og:image\" content=\"https:\/\/footdavant.fr\/actualites\/wp-content\/uploads\/2024\/01\/Sir-Jim-Ratcliffe-prevoit-damener-un-attaquant-delite-a-Manchester.JPG\" \/>\n\t<meta property=\"og:image:width\" content=\"640\" \/>\n\t<meta property=\"og:image:height\" content=\"480\" \/>\n\t<meta property=\"og:image:type\" content=\"image\/jpeg\" \/>\n<meta name=\"author\" content=\"Cl\u00e9ment\" \/>\n<meta name=\"twitter:card\" content=\"summary_large_image\" \/>\n<meta name=\"twitter:creator\" content=\"@FootdavantFr\" \/>\n<meta name=\"twitter:site\" content=\"@FootdavantFr\" \/>\n<meta name=\"twitter:label1\" content=\"\u00c9crit par\" \/>\n\t<meta name=\"twitter:data1\" content=\"Cl\u00e9ment\" \/>\n\t<meta name=\"twitter:label2\" content=\"Dur\u00e9e de lecture estim\u00e9e\" \/>\n\t<meta name=\"twitter:data2\" content=\"3 minutes\" \/>\n<script type=\"application\/ld+json\" class=\"yoast-schema-graph\">{\"@context\":\"https:\/\/schema.org\",\"@graph\":[{\"@type\":\"Article\",\"@id\":\"https:\/\/footdavant.fr\/actualites\/sir-jim-ratcliffe-prevoit-damener-un-attaquant-delite-a-manchester-united-cet-ete\/#article\",\"isPartOf\":{\"@id\":\"https:\/\/footdavant.fr\/actualites\/sir-jim-ratcliffe-prevoit-damener-un-attaquant-delite-a-manchester-united-cet-ete\/\"},\"author\":{\"name\":\"Cl\u00e9ment\",\"@id\":\"https:\/\/footdavant.fr\/actualites\/#\/schema\/person\/bc222566d95871b37e597b3ed3ba5e1d\"},\"headline\":\"Sir Jim Ratcliffe \u00ab\u00a0pr\u00e9voit d&rsquo;amener un attaquant d&rsquo;\u00e9lite \u00e0 Manchester United cet \u00e9t\u00e9\u00a0\u00bb\",\"datePublished\":\"2024-01-22T23:48:03+00:00\",\"dateModified\":\"2024-01-22T23:48:04+00:00\",\"mainEntityOfPage\":{\"@id\":\"https:\/\/footdavant.fr\/actualites\/sir-jim-ratcliffe-prevoit-damener-un-attaquant-delite-a-manchester-united-cet-ete\/\"},\"wordCount\":514,\"publisher\":{\"@id\":\"https:\/\/footdavant.fr\/actualites\/#organization\"},\"keywords\":[\"attaquant\",\"cet\",\"damener\",\"d\u00e9lite\",\"\u00e9t\u00e9\",\"Jim\",\"Manchester\",\"pr\u00e9voit\",\"Ratcliffe\",\"Sir\",\"United\"],\"articleSection\":[\"Premier League\"],\"inLanguage\":\"fr-FR\"},{\"@type\":\"WebPage\",\"@id\":\"https:\/\/footdavant.fr\/actualites\/sir-jim-ratcliffe-prevoit-damener-un-attaquant-delite-a-manchester-united-cet-ete\/\",\"url\":\"https:\/\/footdavant.fr\/actualites\/sir-jim-ratcliffe-prevoit-damener-un-attaquant-delite-a-manchester-united-cet-ete\/\",\"name\":\"Sir Jim Ratcliffe \\\"pr\u00e9voit d'amener un attaquant d'\u00e9lite \u00e0 Manchester United cet \u00e9t\u00e9\\\"\",\"isPartOf\":{\"@id\":\"https:\/\/footdavant.fr\/actualites\/#website\"},\"datePublished\":\"2024-01-22T23:48:03+00:00\",\"dateModified\":\"2024-01-22T23:48:04+00:00\",\"breadcrumb\":{\"@id\":\"https:\/\/footdavant.fr\/actualites\/sir-jim-ratcliffe-prevoit-damener-un-attaquant-delite-a-manchester-united-cet-ete\/#breadcrumb\"},\"inLanguage\":\"fr-FR\",\"potentialAction\":[{\"@type\":\"ReadAction\",\"target\":[\"https:\/\/footdavant.fr\/actualites\/sir-jim-ratcliffe-prevoit-damener-un-attaquant-delite-a-manchester-united-cet-ete\/\"]}]},{\"@type\":\"BreadcrumbList\",\"@id\":\"https:\/\/footdavant.fr\/actualites\/sir-jim-ratcliffe-prevoit-damener-un-attaquant-delite-a-manchester-united-cet-ete\/#breadcrumb\",\"itemListElement\":[{\"@type\":\"ListItem\",\"position\":1,\"name\":\"Accueil\",\"item\":\"https:\/\/footdavant.fr\/actualites\/\"},{\"@type\":\"ListItem\",\"position\":2,\"name\":\"Sir Jim Ratcliffe \u00ab\u00a0pr\u00e9voit d&rsquo;amener un attaquant d&rsquo;\u00e9lite \u00e0 Manchester United cet \u00e9t\u00e9\u00a0\u00bb\"}]},{\"@type\":\"WebSite\",\"@id\":\"https:\/\/footdavant.fr\/actualites\/#website\",\"url\":\"https:\/\/footdavant.fr\/actualites\/\",\"name\":\"Foot d'avant\",\"description\":\"\",\"publisher\":{\"@id\":\"https:\/\/footdavant.fr\/actualites\/#organization\"},\"potentialAction\":[{\"@type\":\"SearchAction\",\"target\":{\"@type\":\"EntryPoint\",\"urlTemplate\":\"https:\/\/footdavant.fr\/actualites\/?s={search_term_string}\"},\"query-input\":\"required name=search_term_string\"}],\"inLanguage\":\"fr-FR\"},{\"@type\":\"Organization\",\"@id\":\"https:\/\/footdavant.fr\/actualites\/#organization\",\"name\":\"Foot d'avant\",\"url\":\"https:\/\/footdavant.fr\/actualites\/\",\"logo\":{\"@type\":\"ImageObject\",\"inLanguage\":\"fr-FR\",\"@id\":\"https:\/\/footdavant.fr\/actualites\/#\/schema\/logo\/image\/\",\"url\":\"https:\/\/footdavant.fr\/actualites\/wp-content\/uploads\/2023\/09\/Copy-of-FootDavant-Logo.png\",\"contentUrl\":\"https:\/\/footdavant.fr\/actualites\/wp-content\/uploads\/2023\/09\/Copy-of-FootDavant-Logo.png\",\"width\":936,\"height\":549,\"caption\":\"Foot d'avant\"},\"image\":{\"@id\":\"https:\/\/footdavant.fr\/actualites\/#\/schema\/logo\/image\/\"},\"sameAs\":[\"https:\/\/www.facebook.com\/Footdavant\/\",\"https:\/\/twitter.com\/FootdavantFr\",\"https:\/\/www.instagram.com\/footdavant.fr\/\"]},{\"@type\":\"Person\",\"@id\":\"https:\/\/footdavant.fr\/actualites\/#\/schema\/person\/bc222566d95871b37e597b3ed3ba5e1d\",\"name\":\"Cl\u00e9ment\",\"image\":{\"@type\":\"ImageObject\",\"inLanguage\":\"fr-FR\",\"@id\":\"https:\/\/footdavant.fr\/actualites\/#\/schema\/person\/image\/\",\"url\":\"https:\/\/secure.gravatar.com\/avatar\/7728b29aac2719421e1a9159b2254c44?s=96&d=mm&r=g\",\"contentUrl\":\"https:\/\/secure.gravatar.com\/avatar\/7728b29aac2719421e1a9159b2254c44?s=96&d=mm&r=g\",\"caption\":\"Cl\u00e9ment\"},\"sameAs\":[\"https:\/\/footdavant.fr\/\"]}]}<\/script>\n<!-- \/ Yoast SEO plugin. -->","yoast_head_json":{"title":"Sir Jim Ratcliffe \"pr\u00e9voit d'amener un attaquant d'\u00e9lite \u00e0 Manchester United cet \u00e9t\u00e9\"","robots":{"index":"index","follow":"follow","max-snippet":"max-snippet:-1","max-image-preview":"max-image-preview:large","max-video-preview":"max-video-preview:-1"},"canonical":"https:\/\/footdavant.fr\/actualites\/sir-jim-ratcliffe-prevoit-damener-un-attaquant-delite-a-manchester-united-cet-ete\/","og_locale":"fr_FR","og_type":"article","og_title":"Sir Jim Ratcliffe \"pr\u00e9voit d'amener un attaquant d'\u00e9lite \u00e0 Manchester United cet \u00e9t\u00e9\"","og_description":"Le nouvel actionnaire minoritaire de Manchester United, Sir Jim Ratcliffe, ciblera un avant-centre d&rsquo;\u00e9lite cet \u00e9t\u00e9, selon un rapport. Manchester Unitedle nouvel actionnaire minoritaire de","og_url":"https:\/\/footdavant.fr\/actualites\/sir-jim-ratcliffe-prevoit-damener-un-attaquant-delite-a-manchester-united-cet-ete\/","og_site_name":"Foot d&#039;avant","article_publisher":"https:\/\/www.facebook.com\/Footdavant\/","article_published_time":"2024-01-22T23:48:03+00:00","article_modified_time":"2024-01-22T23:48:04+00:00","og_image":[{"width":640,"height":480,"url":"https:\/\/footdavant.fr\/actualites\/wp-content\/uploads\/2024\/01\/Sir-Jim-Ratcliffe-prevoit-damener-un-attaquant-delite-a-Manchester.JPG","type":"image\/jpeg"}],"author":"Cl\u00e9ment","twitter_card":"summary_large_image","twitter_creator":"@FootdavantFr","twitter_site":"@FootdavantFr","twitter_misc":{"\u00c9crit par":"Cl\u00e9ment","Dur\u00e9e de lecture estim\u00e9e":"3 minutes"},"schema":{"@context":"https:\/\/schema.org","@graph":[{"@type":"Article","@id":"https:\/\/footdavant.fr\/actualites\/sir-jim-ratcliffe-prevoit-damener-un-attaquant-delite-a-manchester-united-cet-ete\/#article","isPartOf":{"@id":"https:\/\/footdavant.fr\/actualites\/sir-jim-ratcliffe-prevoit-damener-un-attaquant-delite-a-manchester-united-cet-ete\/"},"author":{"name":"Cl\u00e9ment","@id":"https:\/\/footdavant.fr\/actualites\/#\/schema\/person\/bc222566d95871b37e597b3ed3ba5e1d"},"headline":"Sir Jim Ratcliffe \u00ab\u00a0pr\u00e9voit d&rsquo;amener un attaquant d&rsquo;\u00e9lite \u00e0 Manchester United cet \u00e9t\u00e9\u00a0\u00bb","datePublished":"2024-01-22T23:48:03+00:00","dateModified":"2024-01-22T23:48:04+00:00","mainEntityOfPage":{"@id":"https:\/\/footdavant.fr\/actualites\/sir-jim-ratcliffe-prevoit-damener-un-attaquant-delite-a-manchester-united-cet-ete\/"},"wordCount":514,"publisher":{"@id":"https:\/\/footdavant.fr\/actualites\/#organization"},"keywords":["attaquant","cet","damener","d\u00e9lite","\u00e9t\u00e9","Jim","Manchester","pr\u00e9voit","Ratcliffe","Sir","United"],"articleSection":["Premier League"],"inLanguage":"fr-FR"},{"@type":"WebPage","@id":"https:\/\/footdavant.fr\/actualites\/sir-jim-ratcliffe-prevoit-damener-un-attaquant-delite-a-manchester-united-cet-ete\/","url":"https:\/\/footdavant.fr\/actualites\/sir-jim-ratcliffe-prevoit-damener-un-attaquant-delite-a-manchester-united-cet-ete\/","name":"Sir Jim Ratcliffe \"pr\u00e9voit d'amener un attaquant d'\u00e9lite \u00e0 Manchester United cet \u00e9t\u00e9\"","isPartOf":{"@id":"https:\/\/footdavant.fr\/actualites\/#website"},"datePublished":"2024-01-22T23:48:03+00:00","dateModified":"2024-01-22T23:48:04+00:00","breadcrumb":{"@id":"https:\/\/footdavant.fr\/actualites\/sir-jim-ratcliffe-prevoit-damener-un-attaquant-delite-a-manchester-united-cet-ete\/#breadcrumb"},"inLanguage":"fr-FR","potentialAction":[{"@type":"ReadAction","target":["https:\/\/footdavant.fr\/actualites\/sir-jim-ratcliffe-prevoit-damener-un-attaquant-delite-a-manchester-united-cet-ete\/"]}]},{"@type":"BreadcrumbList","@id":"https:\/\/footdavant.fr\/actualites\/sir-jim-ratcliffe-prevoit-damener-un-attaquant-delite-a-manchester-united-cet-ete\/#breadcrumb","itemListElement":[{"@type":"ListItem","position":1,"name":"Accueil","item":"https:\/\/footdavant.fr\/actualites\/"},{"@type":"ListItem","position":2,"name":"Sir Jim Ratcliffe \u00ab\u00a0pr\u00e9voit d&rsquo;amener un attaquant d&rsquo;\u00e9lite \u00e0 Manchester United cet \u00e9t\u00e9\u00a0\u00bb"}]},{"@type":"WebSite","@id":"https:\/\/footdavant.fr\/actualites\/#website","url":"https:\/\/footdavant.fr\/actualites\/","name":"Foot d'avant","description":"","publisher":{"@id":"https:\/\/footdavant.fr\/actualites\/#organization"},"potentialAction":[{"@type":"SearchAction","target":{"@type":"EntryPoint","urlTemplate":"https:\/\/footdavant.fr\/actualites\/?s={search_term_string}"},"query-input":"required name=search_term_string"}],"inLanguage":"fr-FR"},{"@type":"Organization","@id":"https:\/\/footdavant.fr\/actualites\/#organization","name":"Foot d'avant","url":"https:\/\/footdavant.fr\/actualites\/","logo":{"@type":"ImageObject","inLanguage":"fr-FR","@id":"https:\/\/footdavant.fr\/actualites\/#\/schema\/logo\/image\/","url":"https:\/\/footdavant.fr\/actualites\/wp-content\/uploads\/2023\/09\/Copy-of-FootDavant-Logo.png","contentUrl":"https:\/\/footdavant.fr\/actualites\/wp-content\/uploads\/2023\/09\/Copy-of-FootDavant-Logo.png","width":936,"height":549,"caption":"Foot d'avant"},"image":{"@id":"https:\/\/footdavant.fr\/actualites\/#\/schema\/logo\/image\/"},"sameAs":["https:\/\/www.facebook.com\/Footdavant\/","https:\/\/twitter.com\/FootdavantFr","https:\/\/www.instagram.com\/footdavant.fr\/"]},{"@type":"Person","@id":"https:\/\/footdavant.fr\/actualites\/#\/schema\/person\/bc222566d95871b37e597b3ed3ba5e1d","name":"Cl\u00e9ment","image":{"@type":"ImageObject","inLanguage":"fr-FR","@id":"https:\/\/footdavant.fr\/actualites\/#\/schema\/person\/image\/","url":"https:\/\/secure.gravatar.com\/avatar\/7728b29aac2719421e1a9159b2254c44?s=96&d=mm&r=g","contentUrl":"https:\/\/secure.gravatar.com\/avatar\/7728b29aac2719421e1a9159b2254c44?s=96&d=mm&r=g","caption":"Cl\u00e9ment"},"sameAs":["https:\/\/footdavant.fr\/"]}]}},"_links":{"self":[{"href":"https:\/\/footdavant.fr\/actualites\/wp-json\/wp\/v2\/posts\/4237"}],"collection":[{"href":"https:\/\/footdavant.fr\/actualites\/wp-json\/wp\/v2\/posts"}],"about":[{"href":"https:\/\/footdavant.fr\/actualites\/wp-json\/wp\/v2\/types\/post"}],"author":[{"embeddable":true,"href":"https:\/\/footdavant.fr\/actualites\/wp-json\/wp\/v2\/users\/1"}],"replies":[{"embeddable":true,"href":"https:\/\/footdavant.fr\/actualites\/wp-json\/wp\/v2\/comments?post=4237"}],"version-history":[{"count":1,"href":"https:\/\/footdavant.fr\/actualites\/wp-json\/wp\/v2\/posts\/4237\/revisions"}],"predecessor-version":[{"id":4239,"href":"https:\/\/footdavant.fr\/actualites\/wp-json\/wp\/v2\/posts\/4237\/revisions\/4239"}],"wp:featuredmedia":[{"embeddable":true,"href":"https:\/\/footdavant.fr\/actualites\/wp-json\/wp\/v2\/media\/4238"}],"wp:attachment":[{"href":"https:\/\/footdavant.fr\/actualites\/wp-json\/wp\/v2\/media?parent=4237"}],"wp:term":[{"taxonomy":"category","embeddable":true,"href":"https:\/\/footdavant.fr\/actualites\/wp-json\/wp\/v2\/categories?post=4237"},{"taxonomy":"post_tag","embeddable":true,"href":"https:\/\/footdavant.fr\/actualites\/wp-json\/wp\/v2\/tags?post=4237"}],"curies":[{"name":"wp","href":"https:\/\/api.w.org\/{rel}","templated":true}]}}