{"id":424,"date":"2023-11-06T19:23:18","date_gmt":"2023-11-06T18:23:18","guid":{"rendered":"https:\/\/footdavant.fr\/actualites\/luis-diaz-de-liverpool-supplie-les-ravisseurs-de-liberer-son-pere-des-que-possible\/"},"modified":"2023-11-06T19:23:19","modified_gmt":"2023-11-06T18:23:19","slug":"luis-diaz-de-liverpool-supplie-les-ravisseurs-de-liberer-son-pere-des-que-possible","status":"publish","type":"post","link":"https:\/\/footdavant.fr\/actualites\/luis-diaz-de-liverpool-supplie-les-ravisseurs-de-liberer-son-pere-des-que-possible\/","title":{"rendered":"Luis Diaz, de Liverpool, supplie les ravisseurs de lib\u00e9rer son p\u00e8re \u00ab\u00a0d\u00e8s que possible\u00a0\u00bb"},"content":{"rendered":"<p>L&rsquo;attaquant de Liverpool Luis Diaz supplie le groupe de gu\u00e9rilla colombien ELN de lib\u00e9rer son p\u00e8re apr\u00e8s que ses parents ont \u00e9t\u00e9 enlev\u00e9s sous la menace d&rsquo;une arme \u00e0 Barrancas la semaine derni\u00e8re.<\/p>\n<div id=\"article_body\" itemprop=\"articleBody\">\n<h3 class=\"firstPara\">\n<strong class=\"autotag\">Liverpool<\/strong> ailier <strong class=\"autotag\">Luis D\u00edaz<\/strong> a publiquement exhort\u00e9 l&rsquo;Arm\u00e9e de lib\u00e9ration nationale (ELN) \u00e0 lib\u00e9rer son p\u00e8re <strong class=\"autotag\">Luis Manuel D\u00edaz<\/strong> suite au terrible enl\u00e8vement du week-end dernier.<\/h3>\n<p>Le joueur de 26 ans a travers\u00e9 une p\u00e9riode tr\u00e8s p\u00e9nible en dehors du terrain apr\u00e8s que ses parents ont \u00e9t\u00e9 enlev\u00e9s sous la menace d&rsquo;une arme \u00e0 Barrancas le week-end dernier, d\u00e9clenchant une recherche importante pour retrouver le couple.<\/p>\n<p>Alors que Diaz \u00e9tait absent lors de la victoire 3-0 du week-end dernier contre Nottingham Forest, o\u00f9 <strong class=\"autotag\">Diogo Jota<\/strong> a brandi un maillot pour soutenir son co\u00e9quipier apr\u00e8s avoir marqu\u00e9, la nouvelle rassurante a \u00e9clat\u00e9 selon laquelle sa m\u00e8re avait \u00e9t\u00e9 secourue.<\/p>\n<p>Cependant, le p\u00e8re de Diaz n&rsquo;a pas \u00e9t\u00e9 lib\u00e9r\u00e9 plus d&rsquo;une semaine plus tard, et l&rsquo;ancien joueur de Porto \u00e9tait de nouveau absent de l&rsquo;\u00e9quipe des Reds lors de la victoire 2-1 de la Coupe EFL contre Bournemouth en huiti\u00e8mes de finale, mercredi.<\/p>\n<p>Depuis, les autorit\u00e9s colombiennes n\u00e9gocient la lib\u00e9ration de Diaz senior avec l&rsquo;ELN, d\u00e9sign\u00e9 coupable de l&rsquo;enl\u00e8vement la semaine derni\u00e8re, et le patron de Liverpool. <strong class=\"autotag\">J\u00fcrgen Klopp<\/strong> a confirm\u00e9 que les pourparlers de paix vont dans la bonne direction.<\/p>\n<p class=\"imgI\">\n<p>L&rsquo;ELN a \u00e9galement publi\u00e9 une d\u00e9claration aux m\u00e9dias locaux confirmant que le processus de lib\u00e9ration du p\u00e8re de Diaz avait commenc\u00e9 et que l&rsquo;international colombien \u00e9tait revenu \u00e0 l&rsquo;action lors du choc de dimanche en Premier League contre Luton Town apr\u00e8s quelques jours d&rsquo;entra\u00eenement.<\/p>\n<p>Sans surprise, Diaz a \u00e9t\u00e9 nomm\u00e9 sur le banc de Kenilworth Road, o\u00f9 <strong class=\"autotag\">Tahith Chong<\/strong>Le premier match de &lsquo;s \u00e0 la 80e minute s&rsquo;av\u00e9rerait apparemment d\u00e9cisif, mais le Sud-Am\u00e9ricain a \u00e9t\u00e9 introduit dans les braises mourantes et a trouv\u00e9 le coin inf\u00e9rieur avec une t\u00eate dans le temps additionnel pour voler un point aux Reds dans un match nul 1-1.<\/p>\n<p>Diaz a soulev\u00e9 son maillot de Liverpool pour r\u00e9v\u00e9ler un message de soutien \u00e0 son p\u00e8re lors des c\u00e9l\u00e9brations, et Klopp a rendu hommage \u00e0 la contribution \u00ab\u00a0\u00e9motionnelle\u00a0\u00bb de l&rsquo;ailier \u00e0 plein temps, tout en admettant que le \u00ab\u00a0vrai probl\u00e8me\u00a0\u00bb n&rsquo;avait pas encore \u00e9t\u00e9 r\u00e9solu.<\/p>\n<p>Apr\u00e8s le match nul de dimanche, D\u00edaz a implor\u00e9 l&rsquo;ELN de lib\u00e9rer son p\u00e8re \u00ab\u00a0imm\u00e9diatement\u00a0\u00bb, d\u00e9clarant dans un communiqu\u00e9 : \u00ab\u00a0Ce n&rsquo;est pas le joueur qui parle. Aujourd&rsquo;hui, c&rsquo;est Lucho D\u00edaz, le fils de Lu\u00eds Manuel D\u00edaz. Man\u00e9, mon p\u00e8re, un travailleur acharn\u00e9, un pilier de la famille. .. il est maintenant kidnapp\u00e9.<\/p>\n<p>\u00ab\u00a0Je demande \u00e0 l&rsquo;ELN de lib\u00e9rer mon p\u00e8re au plus vite. Je demande \u00e9galement aux associations internationales d&rsquo;y travailler afin de garantir sa libert\u00e9.<\/p>\n<p class=\"imgI\"><img decoding=\"async\" loading=\"lazy\" class=\"l\" src=\"https:\/\/footdavant.fr\/actualites\/wp-content\/uploads\/2023\/11\/Luis-Diaz-de-Liverpool-supplie-les-ravisseurs-de-liberer-son.JPG\" title=\"L'attaquant de Liverpool Luis Diaz le 21 octobre 2023\" alt=\"L'attaquant de Liverpool Luis Diaz le 21 octobre 2023\" width=\"640\" height=\"480\"><\/p>\n<p>\u00ab\u00a0Chaque seconde, chaque minute, notre anxi\u00e9t\u00e9 grandit. Ma m\u00e8re, mes fr\u00e8res et moi sommes d\u00e9sesp\u00e9r\u00e9s, anxieux et n&rsquo;avons pas de mots pour d\u00e9crire ce que nous ressentons. Cette souffrance ne prendra fin que lorsque nous l&rsquo;aurons \u00e0 la maison.<\/p>\n<p>\u00ab\u00a0Je les supplie de le lib\u00e9rer imm\u00e9diatement, en respectant son int\u00e9grit\u00e9 et en mettant fin \u00e0 cette douloureuse attente. Au nom de l&rsquo;amour et de la compassion, nous leur demandons de reconsid\u00e9rer leurs actions et de nous permettre de le r\u00e9cup\u00e9rer.\u00a0\u00bb<\/p>\n<p>Une r\u00e9compense d&rsquo;environ 40 000 \u00a3 a \u00e9t\u00e9 offerte \u00e0 toute personne poss\u00e9dant des informations sur le sort de Luis Manuel Diaz, alors que le gouvernement colombien poursuit son importante op\u00e9ration militaire visant \u00e0 lib\u00e9rer le p\u00e8re de l&rsquo;homme de Liverpool.<\/p>\n<p>Diaz a fait 59 apparitions pour Liverpool depuis son arriv\u00e9e de Porto lors du mercato de janvier 2022, marquant 15 buts et fournissant neuf passes d\u00e9cisives dans le processus.<\/p>\n<\/div>\n","protected":false},"excerpt":{"rendered":"<p>L&rsquo;attaquant de Liverpool Luis Diaz supplie le groupe de gu\u00e9rilla colombien ELN de lib\u00e9rer son p\u00e8re apr\u00e8s que ses parents ont \u00e9t\u00e9 enlev\u00e9s sous la<\/p>\n","protected":false},"author":1,"featured_media":425,"comment_status":"closed","ping_status":"","sticky":false,"template":"","format":"standard","meta":{"footnotes":""},"categories":[5],"tags":[12,241,93,615,53,240,616,614,86,613],"yoast_head":"<!-- This site is optimized with the Yoast SEO plugin v21.0 - https:\/\/yoast.com\/wordpress\/plugins\/seo\/ -->\n<title>Luis Diaz, de Liverpool, supplie les ravisseurs de lib\u00e9rer son p\u00e8re &quot;d\u00e8s que possible&quot;<\/title>\n<meta name=\"robots\" content=\"index, follow, max-snippet:-1, max-image-preview:large, max-video-preview:-1\" \/>\n<link rel=\"canonical\" href=\"https:\/\/footdavant.fr\/actualites\/luis-diaz-de-liverpool-supplie-les-ravisseurs-de-liberer-son-pere-des-que-possible\/\" \/>\n<meta property=\"og:locale\" content=\"fr_FR\" \/>\n<meta property=\"og:type\" content=\"article\" \/>\n<meta property=\"og:title\" content=\"Luis Diaz, de Liverpool, supplie les ravisseurs de lib\u00e9rer son p\u00e8re &quot;d\u00e8s que possible&quot;\" \/>\n<meta property=\"og:description\" content=\"L&rsquo;attaquant de Liverpool Luis Diaz supplie le groupe de gu\u00e9rilla colombien ELN de lib\u00e9rer son p\u00e8re apr\u00e8s que ses parents ont \u00e9t\u00e9 enlev\u00e9s sous la\" \/>\n<meta property=\"og:url\" content=\"https:\/\/footdavant.fr\/actualites\/luis-diaz-de-liverpool-supplie-les-ravisseurs-de-liberer-son-pere-des-que-possible\/\" \/>\n<meta property=\"og:site_name\" content=\"Foot d&#039;avant\" \/>\n<meta property=\"article:publisher\" content=\"https:\/\/www.facebook.com\/Footdavant\/\" \/>\n<meta property=\"article:published_time\" content=\"2023-11-06T18:23:18+00:00\" \/>\n<meta property=\"article:modified_time\" content=\"2023-11-06T18:23:19+00:00\" \/>\n<meta property=\"og:image\" content=\"https:\/\/footdavant.fr\/actualites\/wp-content\/uploads\/2023\/11\/Luis-Diaz-de-Liverpool-supplie-les-ravisseurs-de-liberer-son.jpg\" \/>\n\t<meta property=\"og:image:width\" content=\"640\" \/>\n\t<meta property=\"og:image:height\" content=\"480\" \/>\n\t<meta property=\"og:image:type\" content=\"image\/jpeg\" \/>\n<meta name=\"author\" content=\"Cl\u00e9ment\" \/>\n<meta name=\"twitter:card\" content=\"summary_large_image\" \/>\n<meta name=\"twitter:creator\" content=\"@FootdavantFr\" \/>\n<meta name=\"twitter:site\" content=\"@FootdavantFr\" \/>\n<meta name=\"twitter:label1\" content=\"\u00c9crit par\" \/>\n\t<meta name=\"twitter:data1\" content=\"Cl\u00e9ment\" \/>\n\t<meta name=\"twitter:label2\" content=\"Dur\u00e9e de lecture estim\u00e9e\" \/>\n\t<meta name=\"twitter:data2\" content=\"3 minutes\" \/>\n<script type=\"application\/ld+json\" class=\"yoast-schema-graph\">{\"@context\":\"https:\/\/schema.org\",\"@graph\":[{\"@type\":\"Article\",\"@id\":\"https:\/\/footdavant.fr\/actualites\/luis-diaz-de-liverpool-supplie-les-ravisseurs-de-liberer-son-pere-des-que-possible\/#article\",\"isPartOf\":{\"@id\":\"https:\/\/footdavant.fr\/actualites\/luis-diaz-de-liverpool-supplie-les-ravisseurs-de-liberer-son-pere-des-que-possible\/\"},\"author\":{\"name\":\"Cl\u00e9ment\",\"@id\":\"https:\/\/footdavant.fr\/actualites\/#\/schema\/person\/bc222566d95871b37e597b3ed3ba5e1d\"},\"headline\":\"Luis Diaz, de Liverpool, supplie les ravisseurs de lib\u00e9rer son p\u00e8re \u00ab\u00a0d\u00e8s que possible\u00a0\u00bb\",\"datePublished\":\"2023-11-06T18:23:18+00:00\",\"dateModified\":\"2023-11-06T18:23:19+00:00\",\"mainEntityOfPage\":{\"@id\":\"https:\/\/footdavant.fr\/actualites\/luis-diaz-de-liverpool-supplie-les-ravisseurs-de-liberer-son-pere-des-que-possible\/\"},\"wordCount\":676,\"publisher\":{\"@id\":\"https:\/\/footdavant.fr\/actualites\/#organization\"},\"keywords\":[\"des\",\"Diaz\",\"les\",\"lib\u00e9rer\",\"Liverpool\",\"Luis\",\"p\u00e8re\",\"ravisseurs\",\"son\",\"supplie\"],\"articleSection\":[\"Premier League\"],\"inLanguage\":\"fr-FR\"},{\"@type\":\"WebPage\",\"@id\":\"https:\/\/footdavant.fr\/actualites\/luis-diaz-de-liverpool-supplie-les-ravisseurs-de-liberer-son-pere-des-que-possible\/\",\"url\":\"https:\/\/footdavant.fr\/actualites\/luis-diaz-de-liverpool-supplie-les-ravisseurs-de-liberer-son-pere-des-que-possible\/\",\"name\":\"Luis Diaz, de Liverpool, supplie les ravisseurs de lib\u00e9rer son p\u00e8re \\\"d\u00e8s que possible\\\"\",\"isPartOf\":{\"@id\":\"https:\/\/footdavant.fr\/actualites\/#website\"},\"datePublished\":\"2023-11-06T18:23:18+00:00\",\"dateModified\":\"2023-11-06T18:23:19+00:00\",\"breadcrumb\":{\"@id\":\"https:\/\/footdavant.fr\/actualites\/luis-diaz-de-liverpool-supplie-les-ravisseurs-de-liberer-son-pere-des-que-possible\/#breadcrumb\"},\"inLanguage\":\"fr-FR\",\"potentialAction\":[{\"@type\":\"ReadAction\",\"target\":[\"https:\/\/footdavant.fr\/actualites\/luis-diaz-de-liverpool-supplie-les-ravisseurs-de-liberer-son-pere-des-que-possible\/\"]}]},{\"@type\":\"BreadcrumbList\",\"@id\":\"https:\/\/footdavant.fr\/actualites\/luis-diaz-de-liverpool-supplie-les-ravisseurs-de-liberer-son-pere-des-que-possible\/#breadcrumb\",\"itemListElement\":[{\"@type\":\"ListItem\",\"position\":1,\"name\":\"Accueil\",\"item\":\"https:\/\/footdavant.fr\/actualites\/\"},{\"@type\":\"ListItem\",\"position\":2,\"name\":\"Luis Diaz, de Liverpool, supplie les ravisseurs de lib\u00e9rer son p\u00e8re \u00ab\u00a0d\u00e8s que possible\u00a0\u00bb\"}]},{\"@type\":\"WebSite\",\"@id\":\"https:\/\/footdavant.fr\/actualites\/#website\",\"url\":\"https:\/\/footdavant.fr\/actualites\/\",\"name\":\"Foot d'avant\",\"description\":\"\",\"publisher\":{\"@id\":\"https:\/\/footdavant.fr\/actualites\/#organization\"},\"potentialAction\":[{\"@type\":\"SearchAction\",\"target\":{\"@type\":\"EntryPoint\",\"urlTemplate\":\"https:\/\/footdavant.fr\/actualites\/?s={search_term_string}\"},\"query-input\":\"required name=search_term_string\"}],\"inLanguage\":\"fr-FR\"},{\"@type\":\"Organization\",\"@id\":\"https:\/\/footdavant.fr\/actualites\/#organization\",\"name\":\"Foot d'avant\",\"url\":\"https:\/\/footdavant.fr\/actualites\/\",\"logo\":{\"@type\":\"ImageObject\",\"inLanguage\":\"fr-FR\",\"@id\":\"https:\/\/footdavant.fr\/actualites\/#\/schema\/logo\/image\/\",\"url\":\"https:\/\/footdavant.fr\/actualites\/wp-content\/uploads\/2023\/09\/Copy-of-FootDavant-Logo.png\",\"contentUrl\":\"https:\/\/footdavant.fr\/actualites\/wp-content\/uploads\/2023\/09\/Copy-of-FootDavant-Logo.png\",\"width\":936,\"height\":549,\"caption\":\"Foot d'avant\"},\"image\":{\"@id\":\"https:\/\/footdavant.fr\/actualites\/#\/schema\/logo\/image\/\"},\"sameAs\":[\"https:\/\/www.facebook.com\/Footdavant\/\",\"https:\/\/twitter.com\/FootdavantFr\",\"https:\/\/www.instagram.com\/footdavant.fr\/\"]},{\"@type\":\"Person\",\"@id\":\"https:\/\/footdavant.fr\/actualites\/#\/schema\/person\/bc222566d95871b37e597b3ed3ba5e1d\",\"name\":\"Cl\u00e9ment\",\"image\":{\"@type\":\"ImageObject\",\"inLanguage\":\"fr-FR\",\"@id\":\"https:\/\/footdavant.fr\/actualites\/#\/schema\/person\/image\/\",\"url\":\"https:\/\/secure.gravatar.com\/avatar\/7728b29aac2719421e1a9159b2254c44?s=96&d=mm&r=g\",\"contentUrl\":\"https:\/\/secure.gravatar.com\/avatar\/7728b29aac2719421e1a9159b2254c44?s=96&d=mm&r=g\",\"caption\":\"Cl\u00e9ment\"},\"sameAs\":[\"https:\/\/footdavant.fr\/\"]}]}<\/script>\n<!-- \/ Yoast SEO plugin. -->","yoast_head_json":{"title":"Luis Diaz, de Liverpool, supplie les ravisseurs de lib\u00e9rer son p\u00e8re \"d\u00e8s que possible\"","robots":{"index":"index","follow":"follow","max-snippet":"max-snippet:-1","max-image-preview":"max-image-preview:large","max-video-preview":"max-video-preview:-1"},"canonical":"https:\/\/footdavant.fr\/actualites\/luis-diaz-de-liverpool-supplie-les-ravisseurs-de-liberer-son-pere-des-que-possible\/","og_locale":"fr_FR","og_type":"article","og_title":"Luis Diaz, de Liverpool, supplie les ravisseurs de lib\u00e9rer son p\u00e8re \"d\u00e8s que possible\"","og_description":"L&rsquo;attaquant de Liverpool Luis Diaz supplie le groupe de gu\u00e9rilla colombien ELN de lib\u00e9rer son p\u00e8re apr\u00e8s que ses parents ont \u00e9t\u00e9 enlev\u00e9s sous la","og_url":"https:\/\/footdavant.fr\/actualites\/luis-diaz-de-liverpool-supplie-les-ravisseurs-de-liberer-son-pere-des-que-possible\/","og_site_name":"Foot d&#039;avant","article_publisher":"https:\/\/www.facebook.com\/Footdavant\/","article_published_time":"2023-11-06T18:23:18+00:00","article_modified_time":"2023-11-06T18:23:19+00:00","og_image":[{"width":640,"height":480,"url":"https:\/\/footdavant.fr\/actualites\/wp-content\/uploads\/2023\/11\/Luis-Diaz-de-Liverpool-supplie-les-ravisseurs-de-liberer-son.jpg","type":"image\/jpeg"}],"author":"Cl\u00e9ment","twitter_card":"summary_large_image","twitter_creator":"@FootdavantFr","twitter_site":"@FootdavantFr","twitter_misc":{"\u00c9crit par":"Cl\u00e9ment","Dur\u00e9e de lecture estim\u00e9e":"3 minutes"},"schema":{"@context":"https:\/\/schema.org","@graph":[{"@type":"Article","@id":"https:\/\/footdavant.fr\/actualites\/luis-diaz-de-liverpool-supplie-les-ravisseurs-de-liberer-son-pere-des-que-possible\/#article","isPartOf":{"@id":"https:\/\/footdavant.fr\/actualites\/luis-diaz-de-liverpool-supplie-les-ravisseurs-de-liberer-son-pere-des-que-possible\/"},"author":{"name":"Cl\u00e9ment","@id":"https:\/\/footdavant.fr\/actualites\/#\/schema\/person\/bc222566d95871b37e597b3ed3ba5e1d"},"headline":"Luis Diaz, de Liverpool, supplie les ravisseurs de lib\u00e9rer son p\u00e8re \u00ab\u00a0d\u00e8s que possible\u00a0\u00bb","datePublished":"2023-11-06T18:23:18+00:00","dateModified":"2023-11-06T18:23:19+00:00","mainEntityOfPage":{"@id":"https:\/\/footdavant.fr\/actualites\/luis-diaz-de-liverpool-supplie-les-ravisseurs-de-liberer-son-pere-des-que-possible\/"},"wordCount":676,"publisher":{"@id":"https:\/\/footdavant.fr\/actualites\/#organization"},"keywords":["des","Diaz","les","lib\u00e9rer","Liverpool","Luis","p\u00e8re","ravisseurs","son","supplie"],"articleSection":["Premier League"],"inLanguage":"fr-FR"},{"@type":"WebPage","@id":"https:\/\/footdavant.fr\/actualites\/luis-diaz-de-liverpool-supplie-les-ravisseurs-de-liberer-son-pere-des-que-possible\/","url":"https:\/\/footdavant.fr\/actualites\/luis-diaz-de-liverpool-supplie-les-ravisseurs-de-liberer-son-pere-des-que-possible\/","name":"Luis Diaz, de Liverpool, supplie les ravisseurs de lib\u00e9rer son p\u00e8re \"d\u00e8s que possible\"","isPartOf":{"@id":"https:\/\/footdavant.fr\/actualites\/#website"},"datePublished":"2023-11-06T18:23:18+00:00","dateModified":"2023-11-06T18:23:19+00:00","breadcrumb":{"@id":"https:\/\/footdavant.fr\/actualites\/luis-diaz-de-liverpool-supplie-les-ravisseurs-de-liberer-son-pere-des-que-possible\/#breadcrumb"},"inLanguage":"fr-FR","potentialAction":[{"@type":"ReadAction","target":["https:\/\/footdavant.fr\/actualites\/luis-diaz-de-liverpool-supplie-les-ravisseurs-de-liberer-son-pere-des-que-possible\/"]}]},{"@type":"BreadcrumbList","@id":"https:\/\/footdavant.fr\/actualites\/luis-diaz-de-liverpool-supplie-les-ravisseurs-de-liberer-son-pere-des-que-possible\/#breadcrumb","itemListElement":[{"@type":"ListItem","position":1,"name":"Accueil","item":"https:\/\/footdavant.fr\/actualites\/"},{"@type":"ListItem","position":2,"name":"Luis Diaz, de Liverpool, supplie les ravisseurs de lib\u00e9rer son p\u00e8re \u00ab\u00a0d\u00e8s que possible\u00a0\u00bb"}]},{"@type":"WebSite","@id":"https:\/\/footdavant.fr\/actualites\/#website","url":"https:\/\/footdavant.fr\/actualites\/","name":"Foot d'avant","description":"","publisher":{"@id":"https:\/\/footdavant.fr\/actualites\/#organization"},"potentialAction":[{"@type":"SearchAction","target":{"@type":"EntryPoint","urlTemplate":"https:\/\/footdavant.fr\/actualites\/?s={search_term_string}"},"query-input":"required name=search_term_string"}],"inLanguage":"fr-FR"},{"@type":"Organization","@id":"https:\/\/footdavant.fr\/actualites\/#organization","name":"Foot d'avant","url":"https:\/\/footdavant.fr\/actualites\/","logo":{"@type":"ImageObject","inLanguage":"fr-FR","@id":"https:\/\/footdavant.fr\/actualites\/#\/schema\/logo\/image\/","url":"https:\/\/footdavant.fr\/actualites\/wp-content\/uploads\/2023\/09\/Copy-of-FootDavant-Logo.png","contentUrl":"https:\/\/footdavant.fr\/actualites\/wp-content\/uploads\/2023\/09\/Copy-of-FootDavant-Logo.png","width":936,"height":549,"caption":"Foot d'avant"},"image":{"@id":"https:\/\/footdavant.fr\/actualites\/#\/schema\/logo\/image\/"},"sameAs":["https:\/\/www.facebook.com\/Footdavant\/","https:\/\/twitter.com\/FootdavantFr","https:\/\/www.instagram.com\/footdavant.fr\/"]},{"@type":"Person","@id":"https:\/\/footdavant.fr\/actualites\/#\/schema\/person\/bc222566d95871b37e597b3ed3ba5e1d","name":"Cl\u00e9ment","image":{"@type":"ImageObject","inLanguage":"fr-FR","@id":"https:\/\/footdavant.fr\/actualites\/#\/schema\/person\/image\/","url":"https:\/\/secure.gravatar.com\/avatar\/7728b29aac2719421e1a9159b2254c44?s=96&d=mm&r=g","contentUrl":"https:\/\/secure.gravatar.com\/avatar\/7728b29aac2719421e1a9159b2254c44?s=96&d=mm&r=g","caption":"Cl\u00e9ment"},"sameAs":["https:\/\/footdavant.fr\/"]}]}},"_links":{"self":[{"href":"https:\/\/footdavant.fr\/actualites\/wp-json\/wp\/v2\/posts\/424"}],"collection":[{"href":"https:\/\/footdavant.fr\/actualites\/wp-json\/wp\/v2\/posts"}],"about":[{"href":"https:\/\/footdavant.fr\/actualites\/wp-json\/wp\/v2\/types\/post"}],"author":[{"embeddable":true,"href":"https:\/\/footdavant.fr\/actualites\/wp-json\/wp\/v2\/users\/1"}],"replies":[{"embeddable":true,"href":"https:\/\/footdavant.fr\/actualites\/wp-json\/wp\/v2\/comments?post=424"}],"version-history":[{"count":1,"href":"https:\/\/footdavant.fr\/actualites\/wp-json\/wp\/v2\/posts\/424\/revisions"}],"predecessor-version":[{"id":426,"href":"https:\/\/footdavant.fr\/actualites\/wp-json\/wp\/v2\/posts\/424\/revisions\/426"}],"wp:featuredmedia":[{"embeddable":true,"href":"https:\/\/footdavant.fr\/actualites\/wp-json\/wp\/v2\/media\/425"}],"wp:attachment":[{"href":"https:\/\/footdavant.fr\/actualites\/wp-json\/wp\/v2\/media?parent=424"}],"wp:term":[{"taxonomy":"category","embeddable":true,"href":"https:\/\/footdavant.fr\/actualites\/wp-json\/wp\/v2\/categories?post=424"},{"taxonomy":"post_tag","embeddable":true,"href":"https:\/\/footdavant.fr\/actualites\/wp-json\/wp\/v2\/tags?post=424"}],"curies":[{"name":"wp","href":"https:\/\/api.w.org\/{rel}","templated":true}]}}