{"id":4240,"date":"2024-01-23T02:48:33","date_gmt":"2024-01-23T01:48:33","guid":{"rendered":"https:\/\/footdavant.fr\/actualites\/francesco-farioli-apparait-comme-une-cible-manageriale-surprise-en-cas-de-limogeage-derik-ten-hag\/"},"modified":"2024-01-23T02:48:35","modified_gmt":"2024-01-23T01:48:35","slug":"francesco-farioli-apparait-comme-une-cible-manageriale-surprise-en-cas-de-limogeage-derik-ten-hag","status":"publish","type":"post","link":"https:\/\/footdavant.fr\/actualites\/francesco-farioli-apparait-comme-une-cible-manageriale-surprise-en-cas-de-limogeage-derik-ten-hag\/","title":{"rendered":"Francesco Farioli appara\u00eet comme une cible manag\u00e9riale surprise en cas de limogeage d&rsquo;Erik ten Hag &#8211;"},"content":{"rendered":"<div id=\"penci-post-entry-inner\">\n<p>\t\t\t<i class=\"penci-post-countview-number-check\" style=\"display:none\">20<\/i><\/p>\n<p><!--Article Start--><br \/>On attendait beaucoup d&rsquo;Erik ten Hag apr\u00e8s une premi\u00e8re saison fantastique au cours de laquelle le N\u00e9erlandais a guid\u00e9 Manchester United vers la Ligue des champions et a mis fin \u00e0 six ann\u00e9es de disette de troph\u00e9e alors que les Red Devils remportaient la Coupe Carabao.<\/p>\n<p>Malgr\u00e9 quelques signatures importantes, l&rsquo;\u00e9quipe n&rsquo;a tout simplement pas suivi la tactique du manager, laissant tomber l&rsquo;\u00e9quipe, tandis que les blessures ont \u00e9galement jou\u00e9 un r\u00f4le majeur dans les r\u00e9sultats d\u00e9cevants.<\/p>\n<p>United s&rsquo;est \u00e9cras\u00e9 hors d&rsquo;Europe de mani\u00e8re humiliante, terminant dernier de son groupe de Ligue des champions tout en sortant \u00e9galement de la Coupe Carabao au quatri\u00e8me tour.<\/p>\n<p>Les 20 fois champions de la ligue anglaise risquent \u00e9galement de rater leur qualification pour la premi\u00e8re comp\u00e9tition de clubs d&rsquo;Europe, car ils occupent actuellement une modeste huiti\u00e8me place, \u00e0 11 points d&rsquo;Aston Villa, quatri\u00e8me au classement.<\/p>\n<h5>La position d&rsquo;EtH n&rsquo;est pas s\u00fbre<\/h5>\n<p>Les Glazers, qui se sont toujours souci\u00e9s davantage des finances que des r\u00e9sultats sur le terrain, ne sont plus pr\u00eats \u00e0 prendre les devants \u00e0 Old Trafford, INEOS ayant r\u00e9cemment obtenu une participation de 25 % dans le club.<\/p>\n<p>Sir Jim Ratcliffe a pr\u00e9vu une refonte majeure en coulisses avec Omar Berrada d\u00e9j\u00e0 nomm\u00e9 nouveau PDG tandis que d&rsquo;autres changements sont en cours.<\/p>\n<p>Un autre grand changement pr\u00e9vu est l&rsquo;arriv\u00e9e d&rsquo;un nouveau manager, surtout si les r\u00e9sultats ne montrent aucune am\u00e9lioration maintenant que les stars bless\u00e9es reviennent lentement dans l&rsquo;\u00e9quipe premi\u00e8re.<\/p>\n<p><em>La personne du peuple<\/em> a d\u00e9j\u00e0 couvert des rapports nous liant \u00e0 une attaque contre Roberto de Zerbi et Graham Potter si Ten Hag recevait ses ordres de marche.<\/p>\n<p>TeamTalk a d\u00e9sormais ajout\u00e9 un tout nouveau nom, Francesco Farioli.  L&rsquo;Italien dirige actuellement l&rsquo;OGC Nice en Ligue 1 et est \u00ab tr\u00e8s appr\u00e9ci\u00e9 \u00bb par la direction d&rsquo;INEOS.<\/p>\n<p>Le club fran\u00e7ais est \u00e9galement sous l&rsquo;\u00e9gide du g\u00e9ant p\u00e9trochimique britannique et l&rsquo;entra\u00eeneur de 34 ans place Nice \u00e0 une improbable deuxi\u00e8me place du classement de la ligue, \u00e0 huit points du Paris Saint-Germain et en huiti\u00e8mes de finale de la Coupe de France. .<\/p>\n<h5>Francesco Farioli, un pr\u00e9tendant surprise<\/h5>\n<p>\u00ab TEAMtalk peut r\u00e9v\u00e9ler en exclusivit\u00e9 que Ratcliffe a les yeux riv\u00e9s sur plusieurs candidats potentiels \u00e0 la direction.<\/p>\n<p>\u00ab\u00a0Graham Potter, Roberto De Zerbi et Francesco Farioli font partie des noms qui ont \u00e9t\u00e9 continuellement \u00e9voqu\u00e9s par les proches du club.\u00a0\u00bb<\/p>\n<p>Farioli a travaill\u00e9 avec De Zerbi dans le pass\u00e9, lors de son s\u00e9jour \u00e0 Benevento et Sassuolo, tout en \u00e9tant manager des clubs turcs Fatih Karag\u00fcmr\u00fck et Alanyaspor.<\/p>\n<p>Ratliffe a l\u2019intention d\u2019\u00e9largir le spectre des clubs et l\u2019\u00e9change de talents de l\u2019int\u00e9rieur constituera un excellent mod\u00e8le commercial, le City Football Group r\u00e9coltant d\u00e9j\u00e0 ses fruits.<\/p>\n<p><!-- AI CONTENT END 3 --><\/p><\/div>\n","protected":false},"excerpt":{"rendered":"<p>20 On attendait beaucoup d&rsquo;Erik ten Hag apr\u00e8s une premi\u00e8re saison fantastique au cours de laquelle le N\u00e9erlandais a guid\u00e9 Manchester United vers la Ligue<\/p>\n","protected":false},"author":1,"featured_media":4241,"comment_status":"closed","ping_status":"","sticky":false,"template":"","format":"standard","meta":{"footnotes":""},"categories":[3],"tags":[1254,2539,508,990,261,3250,3249,192,2679,3251,2666,191,92],"yoast_head":"<!-- This site is optimized with the Yoast SEO plugin v21.0 - https:\/\/yoast.com\/wordpress\/plugins\/seo\/ -->\n<title>Francesco Farioli appara\u00eet comme une cible manag\u00e9riale surprise en cas de limogeage d&#039;Erik ten Hag -<\/title>\n<meta name=\"robots\" content=\"index, follow, max-snippet:-1, max-image-preview:large, max-video-preview:-1\" \/>\n<link rel=\"canonical\" href=\"https:\/\/footdavant.fr\/actualites\/francesco-farioli-apparait-comme-une-cible-manageriale-surprise-en-cas-de-limogeage-derik-ten-hag\/\" \/>\n<meta property=\"og:locale\" content=\"fr_FR\" \/>\n<meta property=\"og:type\" content=\"article\" \/>\n<meta property=\"og:title\" content=\"Francesco Farioli appara\u00eet comme une cible manag\u00e9riale surprise en cas de limogeage d&#039;Erik ten Hag -\" \/>\n<meta property=\"og:description\" content=\"20 On attendait beaucoup d&rsquo;Erik ten Hag apr\u00e8s une premi\u00e8re saison fantastique au cours de laquelle le N\u00e9erlandais a guid\u00e9 Manchester United vers la Ligue\" \/>\n<meta property=\"og:url\" content=\"https:\/\/footdavant.fr\/actualites\/francesco-farioli-apparait-comme-une-cible-manageriale-surprise-en-cas-de-limogeage-derik-ten-hag\/\" \/>\n<meta property=\"og:site_name\" content=\"Foot d&#039;avant\" \/>\n<meta property=\"article:publisher\" content=\"https:\/\/www.facebook.com\/Footdavant\/\" \/>\n<meta property=\"article:published_time\" content=\"2024-01-23T01:48:33+00:00\" \/>\n<meta property=\"article:modified_time\" content=\"2024-01-23T01:48:35+00:00\" \/>\n<meta property=\"og:image\" content=\"https:\/\/footdavant.fr\/actualites\/wp-content\/uploads\/2024\/01\/Francesco-Farioli-apparait-comme-une-cible-manageriale-surprise-en-cas.jpg\" \/>\n\t<meta property=\"og:image:width\" content=\"1600\" \/>\n\t<meta property=\"og:image:height\" content=\"700\" \/>\n\t<meta property=\"og:image:type\" content=\"image\/jpeg\" \/>\n<meta name=\"author\" content=\"Cl\u00e9ment\" \/>\n<meta name=\"twitter:card\" content=\"summary_large_image\" \/>\n<meta name=\"twitter:creator\" content=\"@FootdavantFr\" \/>\n<meta name=\"twitter:site\" content=\"@FootdavantFr\" \/>\n<meta name=\"twitter:label1\" content=\"\u00c9crit par\" \/>\n\t<meta name=\"twitter:data1\" content=\"Cl\u00e9ment\" \/>\n\t<meta name=\"twitter:label2\" content=\"Dur\u00e9e de lecture estim\u00e9e\" \/>\n\t<meta name=\"twitter:data2\" content=\"2 minutes\" \/>\n<script type=\"application\/ld+json\" class=\"yoast-schema-graph\">{\"@context\":\"https:\/\/schema.org\",\"@graph\":[{\"@type\":\"Article\",\"@id\":\"https:\/\/footdavant.fr\/actualites\/francesco-farioli-apparait-comme-une-cible-manageriale-surprise-en-cas-de-limogeage-derik-ten-hag\/#article\",\"isPartOf\":{\"@id\":\"https:\/\/footdavant.fr\/actualites\/francesco-farioli-apparait-comme-une-cible-manageriale-surprise-en-cas-de-limogeage-derik-ten-hag\/\"},\"author\":{\"name\":\"Cl\u00e9ment\",\"@id\":\"https:\/\/footdavant.fr\/actualites\/#\/schema\/person\/bc222566d95871b37e597b3ed3ba5e1d\"},\"headline\":\"Francesco Farioli appara\u00eet comme une cible manag\u00e9riale surprise en cas de limogeage d&rsquo;Erik ten Hag &#8211;\",\"datePublished\":\"2024-01-23T01:48:33+00:00\",\"dateModified\":\"2024-01-23T01:48:35+00:00\",\"mainEntityOfPage\":{\"@id\":\"https:\/\/footdavant.fr\/actualites\/francesco-farioli-apparait-comme-une-cible-manageriale-surprise-en-cas-de-limogeage-derik-ten-hag\/\"},\"wordCount\":498,\"publisher\":{\"@id\":\"https:\/\/footdavant.fr\/actualites\/#organization\"},\"keywords\":[\"appara\u00eet\",\"cas\",\"cible\",\"comme\",\"dErik\",\"Farioli\",\"Francesco\",\"Hag\",\"limogeage\",\"manag\u00e9riale\",\"surprise\",\"ten\",\"une\"],\"articleSection\":[\"Football\"],\"inLanguage\":\"fr-FR\"},{\"@type\":\"WebPage\",\"@id\":\"https:\/\/footdavant.fr\/actualites\/francesco-farioli-apparait-comme-une-cible-manageriale-surprise-en-cas-de-limogeage-derik-ten-hag\/\",\"url\":\"https:\/\/footdavant.fr\/actualites\/francesco-farioli-apparait-comme-une-cible-manageriale-surprise-en-cas-de-limogeage-derik-ten-hag\/\",\"name\":\"Francesco Farioli appara\u00eet comme une cible manag\u00e9riale surprise en cas de limogeage d'Erik ten Hag -\",\"isPartOf\":{\"@id\":\"https:\/\/footdavant.fr\/actualites\/#website\"},\"datePublished\":\"2024-01-23T01:48:33+00:00\",\"dateModified\":\"2024-01-23T01:48:35+00:00\",\"breadcrumb\":{\"@id\":\"https:\/\/footdavant.fr\/actualites\/francesco-farioli-apparait-comme-une-cible-manageriale-surprise-en-cas-de-limogeage-derik-ten-hag\/#breadcrumb\"},\"inLanguage\":\"fr-FR\",\"potentialAction\":[{\"@type\":\"ReadAction\",\"target\":[\"https:\/\/footdavant.fr\/actualites\/francesco-farioli-apparait-comme-une-cible-manageriale-surprise-en-cas-de-limogeage-derik-ten-hag\/\"]}]},{\"@type\":\"BreadcrumbList\",\"@id\":\"https:\/\/footdavant.fr\/actualites\/francesco-farioli-apparait-comme-une-cible-manageriale-surprise-en-cas-de-limogeage-derik-ten-hag\/#breadcrumb\",\"itemListElement\":[{\"@type\":\"ListItem\",\"position\":1,\"name\":\"Accueil\",\"item\":\"https:\/\/footdavant.fr\/actualites\/\"},{\"@type\":\"ListItem\",\"position\":2,\"name\":\"Francesco Farioli appara\u00eet comme une cible manag\u00e9riale surprise en cas de limogeage d&rsquo;Erik ten Hag &#8211;\"}]},{\"@type\":\"WebSite\",\"@id\":\"https:\/\/footdavant.fr\/actualites\/#website\",\"url\":\"https:\/\/footdavant.fr\/actualites\/\",\"name\":\"Foot d'avant\",\"description\":\"\",\"publisher\":{\"@id\":\"https:\/\/footdavant.fr\/actualites\/#organization\"},\"potentialAction\":[{\"@type\":\"SearchAction\",\"target\":{\"@type\":\"EntryPoint\",\"urlTemplate\":\"https:\/\/footdavant.fr\/actualites\/?s={search_term_string}\"},\"query-input\":\"required name=search_term_string\"}],\"inLanguage\":\"fr-FR\"},{\"@type\":\"Organization\",\"@id\":\"https:\/\/footdavant.fr\/actualites\/#organization\",\"name\":\"Foot d'avant\",\"url\":\"https:\/\/footdavant.fr\/actualites\/\",\"logo\":{\"@type\":\"ImageObject\",\"inLanguage\":\"fr-FR\",\"@id\":\"https:\/\/footdavant.fr\/actualites\/#\/schema\/logo\/image\/\",\"url\":\"https:\/\/footdavant.fr\/actualites\/wp-content\/uploads\/2023\/09\/Copy-of-FootDavant-Logo.png\",\"contentUrl\":\"https:\/\/footdavant.fr\/actualites\/wp-content\/uploads\/2023\/09\/Copy-of-FootDavant-Logo.png\",\"width\":936,\"height\":549,\"caption\":\"Foot d'avant\"},\"image\":{\"@id\":\"https:\/\/footdavant.fr\/actualites\/#\/schema\/logo\/image\/\"},\"sameAs\":[\"https:\/\/www.facebook.com\/Footdavant\/\",\"https:\/\/twitter.com\/FootdavantFr\",\"https:\/\/www.instagram.com\/footdavant.fr\/\"]},{\"@type\":\"Person\",\"@id\":\"https:\/\/footdavant.fr\/actualites\/#\/schema\/person\/bc222566d95871b37e597b3ed3ba5e1d\",\"name\":\"Cl\u00e9ment\",\"image\":{\"@type\":\"ImageObject\",\"inLanguage\":\"fr-FR\",\"@id\":\"https:\/\/footdavant.fr\/actualites\/#\/schema\/person\/image\/\",\"url\":\"https:\/\/secure.gravatar.com\/avatar\/7728b29aac2719421e1a9159b2254c44?s=96&d=mm&r=g\",\"contentUrl\":\"https:\/\/secure.gravatar.com\/avatar\/7728b29aac2719421e1a9159b2254c44?s=96&d=mm&r=g\",\"caption\":\"Cl\u00e9ment\"},\"sameAs\":[\"https:\/\/footdavant.fr\/\"]}]}<\/script>\n<!-- \/ Yoast SEO plugin. -->","yoast_head_json":{"title":"Francesco Farioli appara\u00eet comme une cible manag\u00e9riale surprise en cas de limogeage d'Erik ten Hag -","robots":{"index":"index","follow":"follow","max-snippet":"max-snippet:-1","max-image-preview":"max-image-preview:large","max-video-preview":"max-video-preview:-1"},"canonical":"https:\/\/footdavant.fr\/actualites\/francesco-farioli-apparait-comme-une-cible-manageriale-surprise-en-cas-de-limogeage-derik-ten-hag\/","og_locale":"fr_FR","og_type":"article","og_title":"Francesco Farioli appara\u00eet comme une cible manag\u00e9riale surprise en cas de limogeage d'Erik ten Hag -","og_description":"20 On attendait beaucoup d&rsquo;Erik ten Hag apr\u00e8s une premi\u00e8re saison fantastique au cours de laquelle le N\u00e9erlandais a guid\u00e9 Manchester United vers la Ligue","og_url":"https:\/\/footdavant.fr\/actualites\/francesco-farioli-apparait-comme-une-cible-manageriale-surprise-en-cas-de-limogeage-derik-ten-hag\/","og_site_name":"Foot d&#039;avant","article_publisher":"https:\/\/www.facebook.com\/Footdavant\/","article_published_time":"2024-01-23T01:48:33+00:00","article_modified_time":"2024-01-23T01:48:35+00:00","og_image":[{"width":1600,"height":700,"url":"https:\/\/footdavant.fr\/actualites\/wp-content\/uploads\/2024\/01\/Francesco-Farioli-apparait-comme-une-cible-manageriale-surprise-en-cas.jpg","type":"image\/jpeg"}],"author":"Cl\u00e9ment","twitter_card":"summary_large_image","twitter_creator":"@FootdavantFr","twitter_site":"@FootdavantFr","twitter_misc":{"\u00c9crit par":"Cl\u00e9ment","Dur\u00e9e de lecture estim\u00e9e":"2 minutes"},"schema":{"@context":"https:\/\/schema.org","@graph":[{"@type":"Article","@id":"https:\/\/footdavant.fr\/actualites\/francesco-farioli-apparait-comme-une-cible-manageriale-surprise-en-cas-de-limogeage-derik-ten-hag\/#article","isPartOf":{"@id":"https:\/\/footdavant.fr\/actualites\/francesco-farioli-apparait-comme-une-cible-manageriale-surprise-en-cas-de-limogeage-derik-ten-hag\/"},"author":{"name":"Cl\u00e9ment","@id":"https:\/\/footdavant.fr\/actualites\/#\/schema\/person\/bc222566d95871b37e597b3ed3ba5e1d"},"headline":"Francesco Farioli appara\u00eet comme une cible manag\u00e9riale surprise en cas de limogeage d&rsquo;Erik ten Hag &#8211;","datePublished":"2024-01-23T01:48:33+00:00","dateModified":"2024-01-23T01:48:35+00:00","mainEntityOfPage":{"@id":"https:\/\/footdavant.fr\/actualites\/francesco-farioli-apparait-comme-une-cible-manageriale-surprise-en-cas-de-limogeage-derik-ten-hag\/"},"wordCount":498,"publisher":{"@id":"https:\/\/footdavant.fr\/actualites\/#organization"},"keywords":["appara\u00eet","cas","cible","comme","dErik","Farioli","Francesco","Hag","limogeage","manag\u00e9riale","surprise","ten","une"],"articleSection":["Football"],"inLanguage":"fr-FR"},{"@type":"WebPage","@id":"https:\/\/footdavant.fr\/actualites\/francesco-farioli-apparait-comme-une-cible-manageriale-surprise-en-cas-de-limogeage-derik-ten-hag\/","url":"https:\/\/footdavant.fr\/actualites\/francesco-farioli-apparait-comme-une-cible-manageriale-surprise-en-cas-de-limogeage-derik-ten-hag\/","name":"Francesco Farioli appara\u00eet comme une cible manag\u00e9riale surprise en cas de limogeage d'Erik ten Hag -","isPartOf":{"@id":"https:\/\/footdavant.fr\/actualites\/#website"},"datePublished":"2024-01-23T01:48:33+00:00","dateModified":"2024-01-23T01:48:35+00:00","breadcrumb":{"@id":"https:\/\/footdavant.fr\/actualites\/francesco-farioli-apparait-comme-une-cible-manageriale-surprise-en-cas-de-limogeage-derik-ten-hag\/#breadcrumb"},"inLanguage":"fr-FR","potentialAction":[{"@type":"ReadAction","target":["https:\/\/footdavant.fr\/actualites\/francesco-farioli-apparait-comme-une-cible-manageriale-surprise-en-cas-de-limogeage-derik-ten-hag\/"]}]},{"@type":"BreadcrumbList","@id":"https:\/\/footdavant.fr\/actualites\/francesco-farioli-apparait-comme-une-cible-manageriale-surprise-en-cas-de-limogeage-derik-ten-hag\/#breadcrumb","itemListElement":[{"@type":"ListItem","position":1,"name":"Accueil","item":"https:\/\/footdavant.fr\/actualites\/"},{"@type":"ListItem","position":2,"name":"Francesco Farioli appara\u00eet comme une cible manag\u00e9riale surprise en cas de limogeage d&rsquo;Erik ten Hag &#8211;"}]},{"@type":"WebSite","@id":"https:\/\/footdavant.fr\/actualites\/#website","url":"https:\/\/footdavant.fr\/actualites\/","name":"Foot d'avant","description":"","publisher":{"@id":"https:\/\/footdavant.fr\/actualites\/#organization"},"potentialAction":[{"@type":"SearchAction","target":{"@type":"EntryPoint","urlTemplate":"https:\/\/footdavant.fr\/actualites\/?s={search_term_string}"},"query-input":"required name=search_term_string"}],"inLanguage":"fr-FR"},{"@type":"Organization","@id":"https:\/\/footdavant.fr\/actualites\/#organization","name":"Foot d'avant","url":"https:\/\/footdavant.fr\/actualites\/","logo":{"@type":"ImageObject","inLanguage":"fr-FR","@id":"https:\/\/footdavant.fr\/actualites\/#\/schema\/logo\/image\/","url":"https:\/\/footdavant.fr\/actualites\/wp-content\/uploads\/2023\/09\/Copy-of-FootDavant-Logo.png","contentUrl":"https:\/\/footdavant.fr\/actualites\/wp-content\/uploads\/2023\/09\/Copy-of-FootDavant-Logo.png","width":936,"height":549,"caption":"Foot d'avant"},"image":{"@id":"https:\/\/footdavant.fr\/actualites\/#\/schema\/logo\/image\/"},"sameAs":["https:\/\/www.facebook.com\/Footdavant\/","https:\/\/twitter.com\/FootdavantFr","https:\/\/www.instagram.com\/footdavant.fr\/"]},{"@type":"Person","@id":"https:\/\/footdavant.fr\/actualites\/#\/schema\/person\/bc222566d95871b37e597b3ed3ba5e1d","name":"Cl\u00e9ment","image":{"@type":"ImageObject","inLanguage":"fr-FR","@id":"https:\/\/footdavant.fr\/actualites\/#\/schema\/person\/image\/","url":"https:\/\/secure.gravatar.com\/avatar\/7728b29aac2719421e1a9159b2254c44?s=96&d=mm&r=g","contentUrl":"https:\/\/secure.gravatar.com\/avatar\/7728b29aac2719421e1a9159b2254c44?s=96&d=mm&r=g","caption":"Cl\u00e9ment"},"sameAs":["https:\/\/footdavant.fr\/"]}]}},"_links":{"self":[{"href":"https:\/\/footdavant.fr\/actualites\/wp-json\/wp\/v2\/posts\/4240"}],"collection":[{"href":"https:\/\/footdavant.fr\/actualites\/wp-json\/wp\/v2\/posts"}],"about":[{"href":"https:\/\/footdavant.fr\/actualites\/wp-json\/wp\/v2\/types\/post"}],"author":[{"embeddable":true,"href":"https:\/\/footdavant.fr\/actualites\/wp-json\/wp\/v2\/users\/1"}],"replies":[{"embeddable":true,"href":"https:\/\/footdavant.fr\/actualites\/wp-json\/wp\/v2\/comments?post=4240"}],"version-history":[{"count":1,"href":"https:\/\/footdavant.fr\/actualites\/wp-json\/wp\/v2\/posts\/4240\/revisions"}],"predecessor-version":[{"id":4242,"href":"https:\/\/footdavant.fr\/actualites\/wp-json\/wp\/v2\/posts\/4240\/revisions\/4242"}],"wp:featuredmedia":[{"embeddable":true,"href":"https:\/\/footdavant.fr\/actualites\/wp-json\/wp\/v2\/media\/4241"}],"wp:attachment":[{"href":"https:\/\/footdavant.fr\/actualites\/wp-json\/wp\/v2\/media?parent=4240"}],"wp:term":[{"taxonomy":"category","embeddable":true,"href":"https:\/\/footdavant.fr\/actualites\/wp-json\/wp\/v2\/categories?post=4240"},{"taxonomy":"post_tag","embeddable":true,"href":"https:\/\/footdavant.fr\/actualites\/wp-json\/wp\/v2\/tags?post=4240"}],"curies":[{"name":"wp","href":"https:\/\/api.w.org\/{rel}","templated":true}]}}