{"id":4249,"date":"2024-01-23T06:48:23","date_gmt":"2024-01-23T05:48:23","guid":{"rendered":"https:\/\/footdavant.fr\/actualites\/pochettino-doit-lancer-quatre-attaquants-et-se-rendre-a-boro-mardi\/"},"modified":"2024-01-23T06:48:26","modified_gmt":"2024-01-23T05:48:26","slug":"pochettino-doit-lancer-quatre-attaquants-et-se-rendre-a-boro-mardi","status":"publish","type":"post","link":"https:\/\/footdavant.fr\/actualites\/pochettino-doit-lancer-quatre-attaquants-et-se-rendre-a-boro-mardi\/","title":{"rendered":"Pochettino doit lancer quatre attaquants et se rendre \u00e0 Boro mardi \u2013"},"content":{"rendered":"<div id=\"mvp-content-main\">\n<p>J&rsquo;adorerais voir Mauricio Pochettino se lancer dans le jongleur mardi soir en faisant preuve de courage et en \u00e9tant audacieux avec son onze de d\u00e9part.<\/p>\n<p>Je ne pense pas qu&rsquo;il le fera du tout, mais je pense qu&rsquo;il devrait le faire.<\/p>\n<p>Il faudra marquer au moins deux buts mardi pour pouvoir se qualifier sans avoir la douloureuse chance des tirs au but.  Si nous gagnons 2-0, nous nous qualifierons dans 90 minutes, et m\u00eame si je pense que nous le ferons quelle que soit la composition choisie (dans des limites raisonnables), pourquoi ne pas nous donner les meilleures chances de le faire avec une formation offensive ?<\/p>\n<p>Nous savons qu\u2019ils seront t\u00eatus et joueront dans un bloc bas avec des corps derri\u00e8re le ballon et seront compacts.  En termes plus simples, on parle \u00e9galement de garer le bus.  Ils chercheront \u00e0 r\u00e9duire et \u00e0 combler les \u00e9carts, ce qui rendra presque impossible pour Chelsea d\u2019essayer de se qualifier.<\/p>\n<p>Deux choses seront donc essentielles pour moi : la largeur et la pr\u00e9sence d\u2019une bo\u00eete.<\/p>\n<p>C\u2019est pourquoi notre prochain num\u00e9ro 9 que nous signerons doit simplement avoir une pr\u00e9sence physique et \u00eatre une menace dans les airs.  Nous sommes confront\u00e9s \u00e0 tellement de blocs bas dans cette ligue et quand essayer de les \u00e9puiser avec des passes et la possession ne fonctionne pas, on peut emprunter la voie \u00e0 suivre.<\/p>\n<p>Quand je parle de la premi\u00e8re voie, je ne parle pas n\u00e9cessairement de faire avancer le ballon \u00e0 chaque fois que nous l&rsquo;obtenons, je veux dire de jouer davantage directement.  Ainsi, les ailiers battent les joueurs, font des centres dans la surface et ont juste le courage de faire passer le ballon ou de couper les d\u00e9fenseurs avec une passe.<\/p>\n<p>Chelsea a besoin de Broja mardi, sans aucun doute pour moi.  Je sais que beaucoup d&rsquo;entre vous ne l&rsquo;\u00e9valuent pas, et comme je l&rsquo;ai dit, je ne suis m\u00eame pas contre sa vente.  Mais c&rsquo;est le seul joueur avec la pr\u00e9sence physique dont nous avons besoin de la part de notre num\u00e9ro 9, surtout face \u00e0 un bloc bas.<\/p>\n<div id=\"attachment_40879\" style=\"width: 2570px\" class=\"wp-caption alignnone\">\n<p id=\"caption-attachment-40879\" class=\"wp-caption-text\">Photo de Gaspafotos\/MB Media\/Getty Images<\/p>\n<\/div>\n<p>Une de nos armes demain soir doit simplement utiliser la largeur et traverser Broja dans la bo\u00eete.  Nous aurons \u00e9galement besoin de lui pour essayer de consolider leur ligne de fond et \u00eatre une nuisance \u00e0 marquer et \u00e0 suivre, permettant, esp\u00e9rons-le, \u00e0 d&rsquo;autres espaces de s&rsquo;ouvrir \u00e0 des joueurs comme Cole Palmer et Mykhailo Mudryk.<\/p>\n<p>Je mentionne Mudryk parce que pour moi, il doit commencer demain, mais pas \u00e0 la place de Raheem Sterling, AUSSI BIEN que Raheem Sterling.<\/p>\n<p>J&rsquo;irais avec ceci :<\/p>\n<p><img loading=\"lazy\" decoding=\"async\" class=\"alignnone size-full wp-image-40935\" src=\"https:\/\/footdavant.fr\/actualites\/wp-content\/uploads\/2024\/01\/Pochettino-doit-lancer-quatre-attaquants-et-se-rendre-a-Boro.png\" alt=\"Chelsea XI\" width=\"480\" height=\"600\"  ><\/p>\n<p>Honn\u00eatement, cela me semble trop logique.  Je ne sais pas pourquoi Poch ne voudrait pas opter pour quelque chose comme \u00e7a, mais je doute fort qu&rsquo;il le fasse.<\/p>\n<p>Je pense que je suis peut-\u00eatre ambitieux avec Ben Chilwell qui commence.  Il n&rsquo;a pas encore d\u00e9but\u00e9 un match depuis son retour de blessure.  Mais s\u2019il est \u00e9valu\u00e9 et jug\u00e9 suffisamment apte pour commencer, alors il DOIT simplement commencer parce que nous avons besoin de cette large menace, comme mentionn\u00e9 ci-dessus.  Chilwell peut livrer des centres d\u00e9cents dans la surface pour Broja et Palmer, et m\u00eame Sterling.  Gilchrist pourrait alors assurer la stabilit\u00e9 d\u00e9fensive de l\u2019autre c\u00f4t\u00e9 en ne bombardant pas autant vers l\u2019avant et en transformant notre d\u00e9fense en d\u00e9fense \u00e0 trois.<\/p>\n<p>Palmer avec un 10 pour moi va toujours le rendre plus dangereux, et cela permet \u00e0 nos trois milieux offensifs de commencer le match et \u00e0 Sterling \u00e9tant sur la droite de frapper quelques centres.<\/p>\n<div id=\"attachment_40923\" style=\"width: 2570px\" class=\"wp-caption alignnone\"><img loading=\"lazy\" decoding=\"async\" aria-describedby=\"caption-attachment-40923\" class=\"wp-image-40923 size-full\" src=\"https:\/\/footdavant.fr\/actualites\/wp-content\/uploads\/2024\/01\/Pochettino-doit-lancer-quatre-attaquants-et-se-rendre-a-Boro.jpeg\" alt=\"Cole Palmer, Chelsea\" width=\"2560\" height=\"1706\"  ><\/p>\n<p id=\"caption-attachment-40923\" class=\"wp-caption-text\">Photo de Chelsea FC via Getty Images<\/p>\n<\/div>\n<p>Conor Gallagher sort parce que pour moi, comme je l&rsquo;ai dit la semaine derni\u00e8re, je pense simplement que lorsqu&rsquo;il joue en 10, il g\u00eane notre attaque.  Les gens savent que j&rsquo;appr\u00e9cie vraiment ses forces et ses atouts, mais il ne devrait pas commencer avec un 10 pour moi, surtout pas contre Palmer et quand il est en forme, Nkunku.<\/p>\n<p>Je n&rsquo;ai m\u00eame pas mentionn\u00e9 Carney Chukwuemeka, qui peut \u00e9galement \u00eatre une menace en jouant en 10 et devrait \u00eatre au-dessus de Gallagher, du moins dans cette position.<\/p>\n<\/p>\n<p>Alors s&rsquo;il vous pla\u00eet Poch, soyez courageux, placez un attaquant suppl\u00e9mentaire et plus naturel sur le terrain et c&rsquo;est parti pour ce premier but pour calmer les nerfs et rendre le jeu plus ouvert.  Si nous marquons deux buts et qu&rsquo;ils commencent \u00e0 nous attaquer, nous pourrions alors proc\u00e9der \u00e0 un changement tactique pour consolider les choses.<\/p>\n<p>Mais d\u2019ici l\u00e0, nous courons apr\u00e8s ce match et nous devons y aller et nous assurer de ne pas les laisser tenir bon trop longtemps.  Plus cela durera sans perc\u00e9e, plus il sera difficile de les briser.<\/p>\n<p>Nous savons tous que Poch ne l\u00e2chera sans aucun doute Gallagher demain soir.<\/p>\n<div class=\"feature-box\">Si vous souhaitez figurer sur Talk Chelsea.<\/div>\n<p>\t\t\t\t\t\t\t\t\t<!--mvp-post-tags--><\/p><\/div>\n","protected":false},"excerpt":{"rendered":"<p>J&rsquo;adorerais voir Mauricio Pochettino se lancer dans le jongleur mardi soir en faisant preuve de courage et en \u00e9tant audacieux avec son onze de d\u00e9part.<\/p>\n","protected":false},"author":1,"featured_media":4250,"comment_status":"closed","ping_status":"","sticky":false,"template":"","format":"standard","meta":{"footnotes":""},"categories":[3],"tags":[1431,3252,578,1005,2001,47,373,2664],"yoast_head":"<!-- This site is optimized with the Yoast SEO plugin v21.0 - https:\/\/yoast.com\/wordpress\/plugins\/seo\/ -->\n<title>Pochettino doit lancer quatre attaquants et se rendre \u00e0 Boro mardi \u2013<\/title>\n<meta name=\"robots\" content=\"index, follow, max-snippet:-1, max-image-preview:large, max-video-preview:-1\" \/>\n<link rel=\"canonical\" href=\"https:\/\/footdavant.fr\/actualites\/pochettino-doit-lancer-quatre-attaquants-et-se-rendre-a-boro-mardi\/\" \/>\n<meta property=\"og:locale\" content=\"fr_FR\" \/>\n<meta property=\"og:type\" content=\"article\" \/>\n<meta property=\"og:title\" content=\"Pochettino doit lancer quatre attaquants et se rendre \u00e0 Boro mardi \u2013\" \/>\n<meta property=\"og:description\" content=\"J&rsquo;adorerais voir Mauricio Pochettino se lancer dans le jongleur mardi soir en faisant preuve de courage et en \u00e9tant audacieux avec son onze de d\u00e9part.\" \/>\n<meta property=\"og:url\" content=\"https:\/\/footdavant.fr\/actualites\/pochettino-doit-lancer-quatre-attaquants-et-se-rendre-a-boro-mardi\/\" \/>\n<meta property=\"og:site_name\" content=\"Foot d&#039;avant\" \/>\n<meta property=\"article:publisher\" content=\"https:\/\/www.facebook.com\/Footdavant\/\" \/>\n<meta property=\"article:published_time\" content=\"2024-01-23T05:48:23+00:00\" \/>\n<meta property=\"article:modified_time\" content=\"2024-01-23T05:48:26+00:00\" \/>\n<meta property=\"og:image\" content=\"https:\/\/footdavant.fr\/actualites\/wp-content\/uploads\/2024\/01\/Pochettino-doit-lancer-quatre-attaquants-et-se-rendre-a-Boro.webp.webp\" \/>\n\t<meta property=\"og:image:width\" content=\"2442\" \/>\n\t<meta property=\"og:image:height\" content=\"1374\" \/>\n\t<meta property=\"og:image:type\" content=\"image\/webp\" \/>\n<meta name=\"author\" content=\"Cl\u00e9ment\" \/>\n<meta name=\"twitter:card\" content=\"summary_large_image\" \/>\n<meta name=\"twitter:creator\" content=\"@FootdavantFr\" \/>\n<meta name=\"twitter:site\" content=\"@FootdavantFr\" \/>\n<meta name=\"twitter:label1\" content=\"\u00c9crit par\" \/>\n\t<meta name=\"twitter:data1\" content=\"Cl\u00e9ment\" \/>\n\t<meta name=\"twitter:label2\" content=\"Dur\u00e9e de lecture estim\u00e9e\" \/>\n\t<meta name=\"twitter:data2\" content=\"4 minutes\" \/>\n<script type=\"application\/ld+json\" class=\"yoast-schema-graph\">{\"@context\":\"https:\/\/schema.org\",\"@graph\":[{\"@type\":\"Article\",\"@id\":\"https:\/\/footdavant.fr\/actualites\/pochettino-doit-lancer-quatre-attaquants-et-se-rendre-a-boro-mardi\/#article\",\"isPartOf\":{\"@id\":\"https:\/\/footdavant.fr\/actualites\/pochettino-doit-lancer-quatre-attaquants-et-se-rendre-a-boro-mardi\/\"},\"author\":{\"name\":\"Cl\u00e9ment\",\"@id\":\"https:\/\/footdavant.fr\/actualites\/#\/schema\/person\/bc222566d95871b37e597b3ed3ba5e1d\"},\"headline\":\"Pochettino doit lancer quatre attaquants et se rendre \u00e0 Boro mardi \u2013\",\"datePublished\":\"2024-01-23T05:48:23+00:00\",\"dateModified\":\"2024-01-23T05:48:26+00:00\",\"mainEntityOfPage\":{\"@id\":\"https:\/\/footdavant.fr\/actualites\/pochettino-doit-lancer-quatre-attaquants-et-se-rendre-a-boro-mardi\/\"},\"wordCount\":832,\"publisher\":{\"@id\":\"https:\/\/footdavant.fr\/actualites\/#organization\"},\"keywords\":[\"attaquants\",\"Boro\",\"doit\",\"lancer\",\"mardi\",\"Pochettino\",\"quatre\",\"rendre\"],\"articleSection\":[\"Football\"],\"inLanguage\":\"fr-FR\"},{\"@type\":\"WebPage\",\"@id\":\"https:\/\/footdavant.fr\/actualites\/pochettino-doit-lancer-quatre-attaquants-et-se-rendre-a-boro-mardi\/\",\"url\":\"https:\/\/footdavant.fr\/actualites\/pochettino-doit-lancer-quatre-attaquants-et-se-rendre-a-boro-mardi\/\",\"name\":\"Pochettino doit lancer quatre attaquants et se rendre \u00e0 Boro mardi \u2013\",\"isPartOf\":{\"@id\":\"https:\/\/footdavant.fr\/actualites\/#website\"},\"datePublished\":\"2024-01-23T05:48:23+00:00\",\"dateModified\":\"2024-01-23T05:48:26+00:00\",\"breadcrumb\":{\"@id\":\"https:\/\/footdavant.fr\/actualites\/pochettino-doit-lancer-quatre-attaquants-et-se-rendre-a-boro-mardi\/#breadcrumb\"},\"inLanguage\":\"fr-FR\",\"potentialAction\":[{\"@type\":\"ReadAction\",\"target\":[\"https:\/\/footdavant.fr\/actualites\/pochettino-doit-lancer-quatre-attaquants-et-se-rendre-a-boro-mardi\/\"]}]},{\"@type\":\"BreadcrumbList\",\"@id\":\"https:\/\/footdavant.fr\/actualites\/pochettino-doit-lancer-quatre-attaquants-et-se-rendre-a-boro-mardi\/#breadcrumb\",\"itemListElement\":[{\"@type\":\"ListItem\",\"position\":1,\"name\":\"Accueil\",\"item\":\"https:\/\/footdavant.fr\/actualites\/\"},{\"@type\":\"ListItem\",\"position\":2,\"name\":\"Pochettino doit lancer quatre attaquants et se rendre \u00e0 Boro mardi \u2013\"}]},{\"@type\":\"WebSite\",\"@id\":\"https:\/\/footdavant.fr\/actualites\/#website\",\"url\":\"https:\/\/footdavant.fr\/actualites\/\",\"name\":\"Foot d'avant\",\"description\":\"\",\"publisher\":{\"@id\":\"https:\/\/footdavant.fr\/actualites\/#organization\"},\"potentialAction\":[{\"@type\":\"SearchAction\",\"target\":{\"@type\":\"EntryPoint\",\"urlTemplate\":\"https:\/\/footdavant.fr\/actualites\/?s={search_term_string}\"},\"query-input\":\"required name=search_term_string\"}],\"inLanguage\":\"fr-FR\"},{\"@type\":\"Organization\",\"@id\":\"https:\/\/footdavant.fr\/actualites\/#organization\",\"name\":\"Foot d'avant\",\"url\":\"https:\/\/footdavant.fr\/actualites\/\",\"logo\":{\"@type\":\"ImageObject\",\"inLanguage\":\"fr-FR\",\"@id\":\"https:\/\/footdavant.fr\/actualites\/#\/schema\/logo\/image\/\",\"url\":\"https:\/\/footdavant.fr\/actualites\/wp-content\/uploads\/2023\/09\/Copy-of-FootDavant-Logo.png\",\"contentUrl\":\"https:\/\/footdavant.fr\/actualites\/wp-content\/uploads\/2023\/09\/Copy-of-FootDavant-Logo.png\",\"width\":936,\"height\":549,\"caption\":\"Foot d'avant\"},\"image\":{\"@id\":\"https:\/\/footdavant.fr\/actualites\/#\/schema\/logo\/image\/\"},\"sameAs\":[\"https:\/\/www.facebook.com\/Footdavant\/\",\"https:\/\/twitter.com\/FootdavantFr\",\"https:\/\/www.instagram.com\/footdavant.fr\/\"]},{\"@type\":\"Person\",\"@id\":\"https:\/\/footdavant.fr\/actualites\/#\/schema\/person\/bc222566d95871b37e597b3ed3ba5e1d\",\"name\":\"Cl\u00e9ment\",\"image\":{\"@type\":\"ImageObject\",\"inLanguage\":\"fr-FR\",\"@id\":\"https:\/\/footdavant.fr\/actualites\/#\/schema\/person\/image\/\",\"url\":\"https:\/\/secure.gravatar.com\/avatar\/7728b29aac2719421e1a9159b2254c44?s=96&d=mm&r=g\",\"contentUrl\":\"https:\/\/secure.gravatar.com\/avatar\/7728b29aac2719421e1a9159b2254c44?s=96&d=mm&r=g\",\"caption\":\"Cl\u00e9ment\"},\"sameAs\":[\"https:\/\/footdavant.fr\/\"]}]}<\/script>\n<!-- \/ Yoast SEO plugin. -->","yoast_head_json":{"title":"Pochettino doit lancer quatre attaquants et se rendre \u00e0 Boro mardi \u2013","robots":{"index":"index","follow":"follow","max-snippet":"max-snippet:-1","max-image-preview":"max-image-preview:large","max-video-preview":"max-video-preview:-1"},"canonical":"https:\/\/footdavant.fr\/actualites\/pochettino-doit-lancer-quatre-attaquants-et-se-rendre-a-boro-mardi\/","og_locale":"fr_FR","og_type":"article","og_title":"Pochettino doit lancer quatre attaquants et se rendre \u00e0 Boro mardi \u2013","og_description":"J&rsquo;adorerais voir Mauricio Pochettino se lancer dans le jongleur mardi soir en faisant preuve de courage et en \u00e9tant audacieux avec son onze de d\u00e9part.","og_url":"https:\/\/footdavant.fr\/actualites\/pochettino-doit-lancer-quatre-attaquants-et-se-rendre-a-boro-mardi\/","og_site_name":"Foot d&#039;avant","article_publisher":"https:\/\/www.facebook.com\/Footdavant\/","article_published_time":"2024-01-23T05:48:23+00:00","article_modified_time":"2024-01-23T05:48:26+00:00","og_image":[{"width":2442,"height":1374,"url":"https:\/\/footdavant.fr\/actualites\/wp-content\/uploads\/2024\/01\/Pochettino-doit-lancer-quatre-attaquants-et-se-rendre-a-Boro.webp.webp","type":"image\/webp"}],"author":"Cl\u00e9ment","twitter_card":"summary_large_image","twitter_creator":"@FootdavantFr","twitter_site":"@FootdavantFr","twitter_misc":{"\u00c9crit par":"Cl\u00e9ment","Dur\u00e9e de lecture estim\u00e9e":"4 minutes"},"schema":{"@context":"https:\/\/schema.org","@graph":[{"@type":"Article","@id":"https:\/\/footdavant.fr\/actualites\/pochettino-doit-lancer-quatre-attaquants-et-se-rendre-a-boro-mardi\/#article","isPartOf":{"@id":"https:\/\/footdavant.fr\/actualites\/pochettino-doit-lancer-quatre-attaquants-et-se-rendre-a-boro-mardi\/"},"author":{"name":"Cl\u00e9ment","@id":"https:\/\/footdavant.fr\/actualites\/#\/schema\/person\/bc222566d95871b37e597b3ed3ba5e1d"},"headline":"Pochettino doit lancer quatre attaquants et se rendre \u00e0 Boro mardi \u2013","datePublished":"2024-01-23T05:48:23+00:00","dateModified":"2024-01-23T05:48:26+00:00","mainEntityOfPage":{"@id":"https:\/\/footdavant.fr\/actualites\/pochettino-doit-lancer-quatre-attaquants-et-se-rendre-a-boro-mardi\/"},"wordCount":832,"publisher":{"@id":"https:\/\/footdavant.fr\/actualites\/#organization"},"keywords":["attaquants","Boro","doit","lancer","mardi","Pochettino","quatre","rendre"],"articleSection":["Football"],"inLanguage":"fr-FR"},{"@type":"WebPage","@id":"https:\/\/footdavant.fr\/actualites\/pochettino-doit-lancer-quatre-attaquants-et-se-rendre-a-boro-mardi\/","url":"https:\/\/footdavant.fr\/actualites\/pochettino-doit-lancer-quatre-attaquants-et-se-rendre-a-boro-mardi\/","name":"Pochettino doit lancer quatre attaquants et se rendre \u00e0 Boro mardi \u2013","isPartOf":{"@id":"https:\/\/footdavant.fr\/actualites\/#website"},"datePublished":"2024-01-23T05:48:23+00:00","dateModified":"2024-01-23T05:48:26+00:00","breadcrumb":{"@id":"https:\/\/footdavant.fr\/actualites\/pochettino-doit-lancer-quatre-attaquants-et-se-rendre-a-boro-mardi\/#breadcrumb"},"inLanguage":"fr-FR","potentialAction":[{"@type":"ReadAction","target":["https:\/\/footdavant.fr\/actualites\/pochettino-doit-lancer-quatre-attaquants-et-se-rendre-a-boro-mardi\/"]}]},{"@type":"BreadcrumbList","@id":"https:\/\/footdavant.fr\/actualites\/pochettino-doit-lancer-quatre-attaquants-et-se-rendre-a-boro-mardi\/#breadcrumb","itemListElement":[{"@type":"ListItem","position":1,"name":"Accueil","item":"https:\/\/footdavant.fr\/actualites\/"},{"@type":"ListItem","position":2,"name":"Pochettino doit lancer quatre attaquants et se rendre \u00e0 Boro mardi \u2013"}]},{"@type":"WebSite","@id":"https:\/\/footdavant.fr\/actualites\/#website","url":"https:\/\/footdavant.fr\/actualites\/","name":"Foot d'avant","description":"","publisher":{"@id":"https:\/\/footdavant.fr\/actualites\/#organization"},"potentialAction":[{"@type":"SearchAction","target":{"@type":"EntryPoint","urlTemplate":"https:\/\/footdavant.fr\/actualites\/?s={search_term_string}"},"query-input":"required name=search_term_string"}],"inLanguage":"fr-FR"},{"@type":"Organization","@id":"https:\/\/footdavant.fr\/actualites\/#organization","name":"Foot d'avant","url":"https:\/\/footdavant.fr\/actualites\/","logo":{"@type":"ImageObject","inLanguage":"fr-FR","@id":"https:\/\/footdavant.fr\/actualites\/#\/schema\/logo\/image\/","url":"https:\/\/footdavant.fr\/actualites\/wp-content\/uploads\/2023\/09\/Copy-of-FootDavant-Logo.png","contentUrl":"https:\/\/footdavant.fr\/actualites\/wp-content\/uploads\/2023\/09\/Copy-of-FootDavant-Logo.png","width":936,"height":549,"caption":"Foot d'avant"},"image":{"@id":"https:\/\/footdavant.fr\/actualites\/#\/schema\/logo\/image\/"},"sameAs":["https:\/\/www.facebook.com\/Footdavant\/","https:\/\/twitter.com\/FootdavantFr","https:\/\/www.instagram.com\/footdavant.fr\/"]},{"@type":"Person","@id":"https:\/\/footdavant.fr\/actualites\/#\/schema\/person\/bc222566d95871b37e597b3ed3ba5e1d","name":"Cl\u00e9ment","image":{"@type":"ImageObject","inLanguage":"fr-FR","@id":"https:\/\/footdavant.fr\/actualites\/#\/schema\/person\/image\/","url":"https:\/\/secure.gravatar.com\/avatar\/7728b29aac2719421e1a9159b2254c44?s=96&d=mm&r=g","contentUrl":"https:\/\/secure.gravatar.com\/avatar\/7728b29aac2719421e1a9159b2254c44?s=96&d=mm&r=g","caption":"Cl\u00e9ment"},"sameAs":["https:\/\/footdavant.fr\/"]}]}},"_links":{"self":[{"href":"https:\/\/footdavant.fr\/actualites\/wp-json\/wp\/v2\/posts\/4249"}],"collection":[{"href":"https:\/\/footdavant.fr\/actualites\/wp-json\/wp\/v2\/posts"}],"about":[{"href":"https:\/\/footdavant.fr\/actualites\/wp-json\/wp\/v2\/types\/post"}],"author":[{"embeddable":true,"href":"https:\/\/footdavant.fr\/actualites\/wp-json\/wp\/v2\/users\/1"}],"replies":[{"embeddable":true,"href":"https:\/\/footdavant.fr\/actualites\/wp-json\/wp\/v2\/comments?post=4249"}],"version-history":[{"count":1,"href":"https:\/\/footdavant.fr\/actualites\/wp-json\/wp\/v2\/posts\/4249\/revisions"}],"predecessor-version":[{"id":4251,"href":"https:\/\/footdavant.fr\/actualites\/wp-json\/wp\/v2\/posts\/4249\/revisions\/4251"}],"wp:featuredmedia":[{"embeddable":true,"href":"https:\/\/footdavant.fr\/actualites\/wp-json\/wp\/v2\/media\/4250"}],"wp:attachment":[{"href":"https:\/\/footdavant.fr\/actualites\/wp-json\/wp\/v2\/media?parent=4249"}],"wp:term":[{"taxonomy":"category","embeddable":true,"href":"https:\/\/footdavant.fr\/actualites\/wp-json\/wp\/v2\/categories?post=4249"},{"taxonomy":"post_tag","embeddable":true,"href":"https:\/\/footdavant.fr\/actualites\/wp-json\/wp\/v2\/tags?post=4249"}],"curies":[{"name":"wp","href":"https:\/\/api.w.org\/{rel}","templated":true}]}}