{"id":432,"date":"2023-11-06T23:09:28","date_gmt":"2023-11-06T22:09:28","guid":{"rendered":"https:\/\/footdavant.fr\/actualites\/jurgen-klopp-legalisation-de-luis-diaz-est-merveilleuse-emouvante-et-fantastique\/"},"modified":"2023-11-06T23:09:29","modified_gmt":"2023-11-06T22:09:29","slug":"jurgen-klopp-legalisation-de-luis-diaz-est-merveilleuse-emouvante-et-fantastique","status":"publish","type":"post","link":"https:\/\/footdavant.fr\/actualites\/jurgen-klopp-legalisation-de-luis-diaz-est-merveilleuse-emouvante-et-fantastique\/","title":{"rendered":"Jurgen Klopp : \u00ab\u00a0L&rsquo;\u00e9galisation de Luis Diaz est merveilleuse, \u00e9mouvante et fantastique\u00a0\u00bb"},"content":{"rendered":"<p>Jurgen Klopp rend hommage \u00e0 Luis Diaz apr\u00e8s son \u00e9galisation \u00ab\u00a0\u00e9motionnelle\u00a0\u00bb contre Luton Town mais conc\u00e8de que le \u00ab\u00a0vrai probl\u00e8me\u00a0\u00bb n&rsquo;est pas encore r\u00e9solu.<\/p>\n<div id=\"article_body\" itemprop=\"articleBody\">\n<h3 class=\"firstPara\">\n<strong class=\"autotag\">Liverpool<\/strong> directeur <strong class=\"autotag\">J\u00fcrgen Klopp<\/strong> salu\u00e9 <strong class=\"autotag\">Luis D\u00edaz<\/strong>l&rsquo;\u00e9galisation contre <strong class=\"autotag\">Ville de Luton<\/strong> lors du match nul 1-1 de dimanche en Premier League, l&rsquo;a qualifi\u00e9 de \u00ab\u00a0merveilleux\u00a0\u00bb, \u00ab\u00a0\u00e9motionnel\u00a0\u00bb et \u00ab\u00a0fantastique\u00a0\u00bb, mais a reconnu que le \u00ab\u00a0vrai probl\u00e8me\u00a0\u00bb reste non r\u00e9solu alors qu&rsquo;il attend des nouvelles sur la s\u00e9curit\u00e9 de son p\u00e8re.<\/h3>\n<p>L&rsquo;international colombien est revenu dans l&rsquo;\u00e9quipe de la journ\u00e9e \u00e0 Kenilworth Road une semaine apr\u00e8s que ses parents ont \u00e9t\u00e9 kidnapp\u00e9s par un gang arm\u00e9 dans son pays natal, bien que sa m\u00e8re ait \u00e9t\u00e9 secourue quelques heures plus tard.<\/p>\n<p>Cependant, Diaz n&rsquo;a pas \u00e9t\u00e9 lib\u00e9r\u00e9 par ses ravisseurs, qui sont confirm\u00e9s comme \u00e9tant le groupe de gu\u00e9rilla ELN, bien que la faction ait d\u00e9clar\u00e9 plus t\u00f4t cette semaine qu&rsquo;elle entamerait le processus pour le lib\u00e9rer.<\/p>\n<p>L&rsquo;ancien homme de Porto s&rsquo;\u00e9tait entra\u00een\u00e9 avant la confrontation avec les Hatters, et apr\u00e8s avoir donn\u00e9 le feu vert \u00e0 Klopp, il a \u00e9t\u00e9 inclus parmi les rempla\u00e7ants dimanche soir, mais Liverpool a eu du mal \u00e0 se mesurer aux visiteurs nouvellement promus.<\/p>\n<p>Luton \u00e9tait sur le point d&rsquo;\u00eatre boulevers\u00e9 quand <strong class=\"autotag\">Tahith Chong<\/strong> a termin\u00e9 une contre-attaque radicale \u00e0 la 80e minute, apr\u00e8s quoi Diaz a \u00e9t\u00e9 introduit et nivel\u00e9 de fa\u00e7on spectaculaire dans le temps additionnel avec une t\u00eate en boucle dans le coin inf\u00e9rieur.<\/p>\n<p class=\"imgI\">\n<p>Les c\u00e9l\u00e9brations de Diaz ont \u00e9t\u00e9 \u00e9touff\u00e9es, bien qu&rsquo;il ait soulev\u00e9 sa chemise pour r\u00e9v\u00e9ler un message de soutien \u00e0 son p\u00e8re, et Klopp \u00e9tait r\u00e9ticent \u00e0 se r\u00e9jouir trop longtemps du retard de l&rsquo;ailier alors que son p\u00e8re reste \u00e0 la merci de ses ravisseurs.<\/p>\n<p>\u00ab\u00a0C&rsquo;est \u00e9mouvant et c&rsquo;est fantastique. Mais le vrai probl\u00e8me n&rsquo;est pas r\u00e9solu. Nous voulions donner \u2013 et il voulait aussi \u2013 \u00e0 Lucho l&rsquo;opportunit\u00e9 d&rsquo;\u00eatre un peu distrait des autres choses\u00a0\u00bb, a d\u00e9clar\u00e9 Klopp lors de sa conf\u00e9rence de presse d&rsquo;apr\u00e8s-match. .<\/p>\n<p>\u00ab\u00a0Il ne peut rien faire, il attend tout le temps, toute la famille attend tout le temps. Et donc il s&rsquo;est entra\u00een\u00e9 plusieurs fois avec nous et il \u00e9tait alors de bonne humeur, et c&rsquo;est bien pour lui. Je pense que le Les signes en provenance de Colombie sont plut\u00f4t positifs, optimistes, mais ce que nous voulons tous entendre, c&rsquo;est que cela ne s&rsquo;est pas encore produit. <\/p>\n<p>\u00ab\u00a0Apr\u00e8s le match, aucun mot n&rsquo;\u00e9tait n\u00e9cessaire. Nous nous sommes juste fait un c\u00e2lin. Nous savons comment il va \u2013 OK mais nous attendons d\u00e9sesp\u00e9r\u00e9ment la bonne nouvelle. C&rsquo;est tout. Nous avons eu des moments comme celui-ci dans le pass\u00e9. <\/p>\n<p>\u00ab\u00a0Je comprends \u00e0 100% que c&rsquo;est une belle histoire, honn\u00eatement, et c&rsquo;est super positif et formidable pour lui, mais ces choses passent. La vraie information dont nous avons besoin est une information diff\u00e9rente.\u00a0\u00bb<\/p>\n<p class=\"imgI\"><img decoding=\"async\" loading=\"lazy\" class=\"l\" src=\"https:\/\/footdavant.fr\/actualites\/wp-content\/uploads\/2023\/11\/1699308568_116_Jurgen-Klopp-Legalisation-de-Luis-Diaz-est-merveilleuse-emouvante.JPG\" title=\"Tahith Chong de Luton Town marque contre Liverpool le 5 novembre 2023\" alt=\"Tahith Chong de Luton Town marque contre Liverpool le 5 novembre 2023\" width=\"640\" height=\"480\"><\/p>\n<p>Avant le moment d\u00e9cisif de Diaz, Liverpool n&rsquo;avait pas r\u00e9ussi \u00e0 convertir ses nombreuses p\u00e9riodes de possession en quoi que ce soit de significatif, \u00e9tant refus\u00e9 par une combinaison de <strong class=\"autotag\">Thomas Kaminsky<\/strong> et les boiseries dans la premi\u00e8re moiti\u00e9.<\/p>\n<p>Klopp \u00e9tait particuli\u00e8rement irrit\u00e9 par le manque de contre-pressing de son \u00e9quipe lors des 45 premi\u00e8res minutes, ce que l&rsquo;Allemand a admis avoir pris \u00ab\u00a0personnellement\u00a0\u00bb car son \u00e9quipe n&rsquo;a pas r\u00e9ussi \u00e0 trouver ses chaussures de tir.<\/p>\n<p>\u00ab\u00a0Ce que je n&rsquo;ai pas aim\u00e9, surtout en premi\u00e8re mi-temps, c&rsquo;est que nous avions 0,0 [per cent] le contre-pressing et c&rsquo;est quelque chose que je prends personnellement, pour \u00eatre honn\u00eate\u00a0\u00bb, a ajout\u00e9 l&rsquo;entra\u00eeneur des Reds.<\/p>\n<p>\u00ab\u00a0J&rsquo;ai dit aux gar\u00e7ons, ce n&rsquo;est pas OK, mais parce que je sais qu&rsquo;ils veulent r\u00e9ellement le faire, la question est alors pourquoi ne l&rsquo;ont-ils pas fait ? Alors je dois comprendre cela. Mais je le ferai, ce n&rsquo;est probablement pas sorcier. mais que je dois le regarder en arri\u00e8re. J&rsquo;ai assez de temps pour \u00e7a.<\/p>\n<p>Apr\u00e8s la fin de leur s\u00e9rie de quatre victoires, Liverpool visera \u00e0 se remettre sur les rails lors de son d\u00e9placement \u00e0 Toulouse lors de la comp\u00e9tition de Ligue Europa jeudi, trois jours avant que Brentford ne se rende \u00e0 Anfield en Premier League.<\/p>\n<\/div>\n","protected":false},"excerpt":{"rendered":"<p>Jurgen Klopp rend hommage \u00e0 Luis Diaz apr\u00e8s son \u00e9galisation \u00ab\u00a0\u00e9motionnelle\u00a0\u00bb contre Luton Town mais conc\u00e8de que le \u00ab\u00a0vrai probl\u00e8me\u00a0\u00bb n&rsquo;est pas encore r\u00e9solu. Liverpool<\/p>\n","protected":false},"author":1,"featured_media":433,"comment_status":"closed","ping_status":"","sticky":false,"template":"","format":"standard","meta":{"footnotes":""},"categories":[5],"tags":[241,623,217,624,237,238,621,240,622],"yoast_head":"<!-- This site is optimized with the Yoast SEO plugin v21.0 - https:\/\/yoast.com\/wordpress\/plugins\/seo\/ -->\n<title>Jurgen Klopp : &quot;L&#039;\u00e9galisation de Luis Diaz est merveilleuse, \u00e9mouvante et fantastique&quot;<\/title>\n<meta name=\"robots\" content=\"index, follow, max-snippet:-1, max-image-preview:large, max-video-preview:-1\" \/>\n<link rel=\"canonical\" href=\"https:\/\/footdavant.fr\/actualites\/jurgen-klopp-legalisation-de-luis-diaz-est-merveilleuse-emouvante-et-fantastique\/\" \/>\n<meta property=\"og:locale\" content=\"fr_FR\" \/>\n<meta property=\"og:type\" content=\"article\" \/>\n<meta property=\"og:title\" content=\"Jurgen Klopp : &quot;L&#039;\u00e9galisation de Luis Diaz est merveilleuse, \u00e9mouvante et fantastique&quot;\" \/>\n<meta property=\"og:description\" content=\"Jurgen Klopp rend hommage \u00e0 Luis Diaz apr\u00e8s son \u00e9galisation \u00ab\u00a0\u00e9motionnelle\u00a0\u00bb contre Luton Town mais conc\u00e8de que le \u00ab\u00a0vrai probl\u00e8me\u00a0\u00bb n&rsquo;est pas encore r\u00e9solu. Liverpool\" \/>\n<meta property=\"og:url\" content=\"https:\/\/footdavant.fr\/actualites\/jurgen-klopp-legalisation-de-luis-diaz-est-merveilleuse-emouvante-et-fantastique\/\" \/>\n<meta property=\"og:site_name\" content=\"Foot d&#039;avant\" \/>\n<meta property=\"article:publisher\" content=\"https:\/\/www.facebook.com\/Footdavant\/\" \/>\n<meta property=\"article:published_time\" content=\"2023-11-06T22:09:28+00:00\" \/>\n<meta property=\"article:modified_time\" content=\"2023-11-06T22:09:29+00:00\" \/>\n<meta property=\"og:image\" content=\"https:\/\/footdavant.fr\/actualites\/wp-content\/uploads\/2023\/11\/Jurgen-Klopp-Legalisation-de-Luis-Diaz-est-merveilleuse-emouvante.JPG\" \/>\n\t<meta property=\"og:image:width\" content=\"640\" \/>\n\t<meta property=\"og:image:height\" content=\"480\" \/>\n\t<meta property=\"og:image:type\" content=\"image\/jpeg\" \/>\n<meta name=\"author\" content=\"Cl\u00e9ment\" \/>\n<meta name=\"twitter:card\" content=\"summary_large_image\" \/>\n<meta name=\"twitter:creator\" content=\"@FootdavantFr\" \/>\n<meta name=\"twitter:site\" content=\"@FootdavantFr\" \/>\n<meta name=\"twitter:label1\" content=\"\u00c9crit par\" \/>\n\t<meta name=\"twitter:data1\" content=\"Cl\u00e9ment\" \/>\n\t<meta name=\"twitter:label2\" content=\"Dur\u00e9e de lecture estim\u00e9e\" \/>\n\t<meta name=\"twitter:data2\" content=\"4 minutes\" \/>\n<script type=\"application\/ld+json\" class=\"yoast-schema-graph\">{\"@context\":\"https:\/\/schema.org\",\"@graph\":[{\"@type\":\"Article\",\"@id\":\"https:\/\/footdavant.fr\/actualites\/jurgen-klopp-legalisation-de-luis-diaz-est-merveilleuse-emouvante-et-fantastique\/#article\",\"isPartOf\":{\"@id\":\"https:\/\/footdavant.fr\/actualites\/jurgen-klopp-legalisation-de-luis-diaz-est-merveilleuse-emouvante-et-fantastique\/\"},\"author\":{\"name\":\"Cl\u00e9ment\",\"@id\":\"https:\/\/footdavant.fr\/actualites\/#\/schema\/person\/bc222566d95871b37e597b3ed3ba5e1d\"},\"headline\":\"Jurgen Klopp : \u00ab\u00a0L&rsquo;\u00e9galisation de Luis Diaz est merveilleuse, \u00e9mouvante et fantastique\u00a0\u00bb\",\"datePublished\":\"2023-11-06T22:09:28+00:00\",\"dateModified\":\"2023-11-06T22:09:29+00:00\",\"mainEntityOfPage\":{\"@id\":\"https:\/\/footdavant.fr\/actualites\/jurgen-klopp-legalisation-de-luis-diaz-est-merveilleuse-emouvante-et-fantastique\/\"},\"wordCount\":737,\"publisher\":{\"@id\":\"https:\/\/footdavant.fr\/actualites\/#organization\"},\"keywords\":[\"Diaz\",\"\u00e9mouvante\",\"est\",\"fantastique\",\"Jurgen\",\"Klopp\",\"L\u00e9galisation\",\"Luis\",\"merveilleuse\"],\"articleSection\":[\"Premier League\"],\"inLanguage\":\"fr-FR\"},{\"@type\":\"WebPage\",\"@id\":\"https:\/\/footdavant.fr\/actualites\/jurgen-klopp-legalisation-de-luis-diaz-est-merveilleuse-emouvante-et-fantastique\/\",\"url\":\"https:\/\/footdavant.fr\/actualites\/jurgen-klopp-legalisation-de-luis-diaz-est-merveilleuse-emouvante-et-fantastique\/\",\"name\":\"Jurgen Klopp : \\\"L'\u00e9galisation de Luis Diaz est merveilleuse, \u00e9mouvante et fantastique\\\"\",\"isPartOf\":{\"@id\":\"https:\/\/footdavant.fr\/actualites\/#website\"},\"datePublished\":\"2023-11-06T22:09:28+00:00\",\"dateModified\":\"2023-11-06T22:09:29+00:00\",\"breadcrumb\":{\"@id\":\"https:\/\/footdavant.fr\/actualites\/jurgen-klopp-legalisation-de-luis-diaz-est-merveilleuse-emouvante-et-fantastique\/#breadcrumb\"},\"inLanguage\":\"fr-FR\",\"potentialAction\":[{\"@type\":\"ReadAction\",\"target\":[\"https:\/\/footdavant.fr\/actualites\/jurgen-klopp-legalisation-de-luis-diaz-est-merveilleuse-emouvante-et-fantastique\/\"]}]},{\"@type\":\"BreadcrumbList\",\"@id\":\"https:\/\/footdavant.fr\/actualites\/jurgen-klopp-legalisation-de-luis-diaz-est-merveilleuse-emouvante-et-fantastique\/#breadcrumb\",\"itemListElement\":[{\"@type\":\"ListItem\",\"position\":1,\"name\":\"Accueil\",\"item\":\"https:\/\/footdavant.fr\/actualites\/\"},{\"@type\":\"ListItem\",\"position\":2,\"name\":\"Jurgen Klopp : \u00ab\u00a0L&rsquo;\u00e9galisation de Luis Diaz est merveilleuse, \u00e9mouvante et fantastique\u00a0\u00bb\"}]},{\"@type\":\"WebSite\",\"@id\":\"https:\/\/footdavant.fr\/actualites\/#website\",\"url\":\"https:\/\/footdavant.fr\/actualites\/\",\"name\":\"Foot d'avant\",\"description\":\"\",\"publisher\":{\"@id\":\"https:\/\/footdavant.fr\/actualites\/#organization\"},\"potentialAction\":[{\"@type\":\"SearchAction\",\"target\":{\"@type\":\"EntryPoint\",\"urlTemplate\":\"https:\/\/footdavant.fr\/actualites\/?s={search_term_string}\"},\"query-input\":\"required name=search_term_string\"}],\"inLanguage\":\"fr-FR\"},{\"@type\":\"Organization\",\"@id\":\"https:\/\/footdavant.fr\/actualites\/#organization\",\"name\":\"Foot d'avant\",\"url\":\"https:\/\/footdavant.fr\/actualites\/\",\"logo\":{\"@type\":\"ImageObject\",\"inLanguage\":\"fr-FR\",\"@id\":\"https:\/\/footdavant.fr\/actualites\/#\/schema\/logo\/image\/\",\"url\":\"https:\/\/footdavant.fr\/actualites\/wp-content\/uploads\/2023\/09\/Copy-of-FootDavant-Logo.png\",\"contentUrl\":\"https:\/\/footdavant.fr\/actualites\/wp-content\/uploads\/2023\/09\/Copy-of-FootDavant-Logo.png\",\"width\":936,\"height\":549,\"caption\":\"Foot d'avant\"},\"image\":{\"@id\":\"https:\/\/footdavant.fr\/actualites\/#\/schema\/logo\/image\/\"},\"sameAs\":[\"https:\/\/www.facebook.com\/Footdavant\/\",\"https:\/\/twitter.com\/FootdavantFr\",\"https:\/\/www.instagram.com\/footdavant.fr\/\"]},{\"@type\":\"Person\",\"@id\":\"https:\/\/footdavant.fr\/actualites\/#\/schema\/person\/bc222566d95871b37e597b3ed3ba5e1d\",\"name\":\"Cl\u00e9ment\",\"image\":{\"@type\":\"ImageObject\",\"inLanguage\":\"fr-FR\",\"@id\":\"https:\/\/footdavant.fr\/actualites\/#\/schema\/person\/image\/\",\"url\":\"https:\/\/secure.gravatar.com\/avatar\/7728b29aac2719421e1a9159b2254c44?s=96&d=mm&r=g\",\"contentUrl\":\"https:\/\/secure.gravatar.com\/avatar\/7728b29aac2719421e1a9159b2254c44?s=96&d=mm&r=g\",\"caption\":\"Cl\u00e9ment\"},\"sameAs\":[\"https:\/\/footdavant.fr\/\"]}]}<\/script>\n<!-- \/ Yoast SEO plugin. -->","yoast_head_json":{"title":"Jurgen Klopp : \"L'\u00e9galisation de Luis Diaz est merveilleuse, \u00e9mouvante et fantastique\"","robots":{"index":"index","follow":"follow","max-snippet":"max-snippet:-1","max-image-preview":"max-image-preview:large","max-video-preview":"max-video-preview:-1"},"canonical":"https:\/\/footdavant.fr\/actualites\/jurgen-klopp-legalisation-de-luis-diaz-est-merveilleuse-emouvante-et-fantastique\/","og_locale":"fr_FR","og_type":"article","og_title":"Jurgen Klopp : \"L'\u00e9galisation de Luis Diaz est merveilleuse, \u00e9mouvante et fantastique\"","og_description":"Jurgen Klopp rend hommage \u00e0 Luis Diaz apr\u00e8s son \u00e9galisation \u00ab\u00a0\u00e9motionnelle\u00a0\u00bb contre Luton Town mais conc\u00e8de que le \u00ab\u00a0vrai probl\u00e8me\u00a0\u00bb n&rsquo;est pas encore r\u00e9solu. Liverpool","og_url":"https:\/\/footdavant.fr\/actualites\/jurgen-klopp-legalisation-de-luis-diaz-est-merveilleuse-emouvante-et-fantastique\/","og_site_name":"Foot d&#039;avant","article_publisher":"https:\/\/www.facebook.com\/Footdavant\/","article_published_time":"2023-11-06T22:09:28+00:00","article_modified_time":"2023-11-06T22:09:29+00:00","og_image":[{"width":640,"height":480,"url":"https:\/\/footdavant.fr\/actualites\/wp-content\/uploads\/2023\/11\/Jurgen-Klopp-Legalisation-de-Luis-Diaz-est-merveilleuse-emouvante.JPG","type":"image\/jpeg"}],"author":"Cl\u00e9ment","twitter_card":"summary_large_image","twitter_creator":"@FootdavantFr","twitter_site":"@FootdavantFr","twitter_misc":{"\u00c9crit par":"Cl\u00e9ment","Dur\u00e9e de lecture estim\u00e9e":"4 minutes"},"schema":{"@context":"https:\/\/schema.org","@graph":[{"@type":"Article","@id":"https:\/\/footdavant.fr\/actualites\/jurgen-klopp-legalisation-de-luis-diaz-est-merveilleuse-emouvante-et-fantastique\/#article","isPartOf":{"@id":"https:\/\/footdavant.fr\/actualites\/jurgen-klopp-legalisation-de-luis-diaz-est-merveilleuse-emouvante-et-fantastique\/"},"author":{"name":"Cl\u00e9ment","@id":"https:\/\/footdavant.fr\/actualites\/#\/schema\/person\/bc222566d95871b37e597b3ed3ba5e1d"},"headline":"Jurgen Klopp : \u00ab\u00a0L&rsquo;\u00e9galisation de Luis Diaz est merveilleuse, \u00e9mouvante et fantastique\u00a0\u00bb","datePublished":"2023-11-06T22:09:28+00:00","dateModified":"2023-11-06T22:09:29+00:00","mainEntityOfPage":{"@id":"https:\/\/footdavant.fr\/actualites\/jurgen-klopp-legalisation-de-luis-diaz-est-merveilleuse-emouvante-et-fantastique\/"},"wordCount":737,"publisher":{"@id":"https:\/\/footdavant.fr\/actualites\/#organization"},"keywords":["Diaz","\u00e9mouvante","est","fantastique","Jurgen","Klopp","L\u00e9galisation","Luis","merveilleuse"],"articleSection":["Premier League"],"inLanguage":"fr-FR"},{"@type":"WebPage","@id":"https:\/\/footdavant.fr\/actualites\/jurgen-klopp-legalisation-de-luis-diaz-est-merveilleuse-emouvante-et-fantastique\/","url":"https:\/\/footdavant.fr\/actualites\/jurgen-klopp-legalisation-de-luis-diaz-est-merveilleuse-emouvante-et-fantastique\/","name":"Jurgen Klopp : \"L'\u00e9galisation de Luis Diaz est merveilleuse, \u00e9mouvante et fantastique\"","isPartOf":{"@id":"https:\/\/footdavant.fr\/actualites\/#website"},"datePublished":"2023-11-06T22:09:28+00:00","dateModified":"2023-11-06T22:09:29+00:00","breadcrumb":{"@id":"https:\/\/footdavant.fr\/actualites\/jurgen-klopp-legalisation-de-luis-diaz-est-merveilleuse-emouvante-et-fantastique\/#breadcrumb"},"inLanguage":"fr-FR","potentialAction":[{"@type":"ReadAction","target":["https:\/\/footdavant.fr\/actualites\/jurgen-klopp-legalisation-de-luis-diaz-est-merveilleuse-emouvante-et-fantastique\/"]}]},{"@type":"BreadcrumbList","@id":"https:\/\/footdavant.fr\/actualites\/jurgen-klopp-legalisation-de-luis-diaz-est-merveilleuse-emouvante-et-fantastique\/#breadcrumb","itemListElement":[{"@type":"ListItem","position":1,"name":"Accueil","item":"https:\/\/footdavant.fr\/actualites\/"},{"@type":"ListItem","position":2,"name":"Jurgen Klopp : \u00ab\u00a0L&rsquo;\u00e9galisation de Luis Diaz est merveilleuse, \u00e9mouvante et fantastique\u00a0\u00bb"}]},{"@type":"WebSite","@id":"https:\/\/footdavant.fr\/actualites\/#website","url":"https:\/\/footdavant.fr\/actualites\/","name":"Foot d'avant","description":"","publisher":{"@id":"https:\/\/footdavant.fr\/actualites\/#organization"},"potentialAction":[{"@type":"SearchAction","target":{"@type":"EntryPoint","urlTemplate":"https:\/\/footdavant.fr\/actualites\/?s={search_term_string}"},"query-input":"required name=search_term_string"}],"inLanguage":"fr-FR"},{"@type":"Organization","@id":"https:\/\/footdavant.fr\/actualites\/#organization","name":"Foot d'avant","url":"https:\/\/footdavant.fr\/actualites\/","logo":{"@type":"ImageObject","inLanguage":"fr-FR","@id":"https:\/\/footdavant.fr\/actualites\/#\/schema\/logo\/image\/","url":"https:\/\/footdavant.fr\/actualites\/wp-content\/uploads\/2023\/09\/Copy-of-FootDavant-Logo.png","contentUrl":"https:\/\/footdavant.fr\/actualites\/wp-content\/uploads\/2023\/09\/Copy-of-FootDavant-Logo.png","width":936,"height":549,"caption":"Foot d'avant"},"image":{"@id":"https:\/\/footdavant.fr\/actualites\/#\/schema\/logo\/image\/"},"sameAs":["https:\/\/www.facebook.com\/Footdavant\/","https:\/\/twitter.com\/FootdavantFr","https:\/\/www.instagram.com\/footdavant.fr\/"]},{"@type":"Person","@id":"https:\/\/footdavant.fr\/actualites\/#\/schema\/person\/bc222566d95871b37e597b3ed3ba5e1d","name":"Cl\u00e9ment","image":{"@type":"ImageObject","inLanguage":"fr-FR","@id":"https:\/\/footdavant.fr\/actualites\/#\/schema\/person\/image\/","url":"https:\/\/secure.gravatar.com\/avatar\/7728b29aac2719421e1a9159b2254c44?s=96&d=mm&r=g","contentUrl":"https:\/\/secure.gravatar.com\/avatar\/7728b29aac2719421e1a9159b2254c44?s=96&d=mm&r=g","caption":"Cl\u00e9ment"},"sameAs":["https:\/\/footdavant.fr\/"]}]}},"_links":{"self":[{"href":"https:\/\/footdavant.fr\/actualites\/wp-json\/wp\/v2\/posts\/432"}],"collection":[{"href":"https:\/\/footdavant.fr\/actualites\/wp-json\/wp\/v2\/posts"}],"about":[{"href":"https:\/\/footdavant.fr\/actualites\/wp-json\/wp\/v2\/types\/post"}],"author":[{"embeddable":true,"href":"https:\/\/footdavant.fr\/actualites\/wp-json\/wp\/v2\/users\/1"}],"replies":[{"embeddable":true,"href":"https:\/\/footdavant.fr\/actualites\/wp-json\/wp\/v2\/comments?post=432"}],"version-history":[{"count":1,"href":"https:\/\/footdavant.fr\/actualites\/wp-json\/wp\/v2\/posts\/432\/revisions"}],"predecessor-version":[{"id":434,"href":"https:\/\/footdavant.fr\/actualites\/wp-json\/wp\/v2\/posts\/432\/revisions\/434"}],"wp:featuredmedia":[{"embeddable":true,"href":"https:\/\/footdavant.fr\/actualites\/wp-json\/wp\/v2\/media\/433"}],"wp:attachment":[{"href":"https:\/\/footdavant.fr\/actualites\/wp-json\/wp\/v2\/media?parent=432"}],"wp:term":[{"taxonomy":"category","embeddable":true,"href":"https:\/\/footdavant.fr\/actualites\/wp-json\/wp\/v2\/categories?post=432"},{"taxonomy":"post_tag","embeddable":true,"href":"https:\/\/footdavant.fr\/actualites\/wp-json\/wp\/v2\/tags?post=432"}],"curies":[{"name":"wp","href":"https:\/\/api.w.org\/{rel}","templated":true}]}}