{"id":46,"date":"2023-10-30T10:28:58","date_gmt":"2023-10-30T09:28:58","guid":{"rendered":"https:\/\/footdavant.fr\/actualites\/pochettino-reviendra-a-la-configuration-habituelle-pour-brentford\/"},"modified":"2023-10-30T10:28:59","modified_gmt":"2023-10-30T09:28:59","slug":"pochettino-reviendra-a-la-configuration-habituelle-pour-brentford","status":"publish","type":"post","link":"https:\/\/footdavant.fr\/actualites\/pochettino-reviendra-a-la-configuration-habituelle-pour-brentford\/","title":{"rendered":"Pochettino reviendra \u00e0 la configuration habituelle pour Brentford \u2013"},"content":{"rendered":"<div id=\"mvp-content-main\">\n<p>Chelsea est de retour en Premier League ce week-end et encore une fois, c&rsquo;est contre un club londonien.<\/p>\n<p>Brentford effectue son court d\u00e9placement \u00e0 Stamford Bridge pour affronter Chelsea pour le coup d&rsquo;envoi de 12h30 devant les cam\u00e9ras de t\u00e9l\u00e9vision.<\/p>\n<p>Chelsea est apr\u00e8s quatre matchs sans d\u00e9faite, en remportant trois d&rsquo;entre eux, ce qui se place dans une position l\u00e9g\u00e8rement meilleure en championnat en 10e position.<\/p>\n<p>Brentford n&rsquo;a remport\u00e9 qu&rsquo;un seul match lors de ses cinq derniers matchs et, apr\u00e8s neuf matchs, est devenu le sp\u00e9cialiste du tirage au sort, obtenant la majorit\u00e9, en perdant trois et en gagnant deux.<\/p>\n<p>Ils sont en baisse de la 14e place, mais \u00e0 seulement deux points de Chelsea.<\/p>\n<p>Chelsea n\u2019est actuellement qu\u2019\u00e0 quatre points du top six et une victoire fera des merveilles.<\/p>\n<p>Chelsea a une forte probabilit\u00e9 de victoire de 59 % pour ce match, tandis que Brentford n&rsquo;en a que 18 %.<\/p>\n<p>Lors de leur dernier match, Brentford a battu Burnley 3-0, mais les visiteurs ont fait expulser un joueur.  Ils ont perdu contre Everton et Newcastle cette saison.<\/p>\n<p>Sur le papier, Chelsea sera consid\u00e9r\u00e9 comme le favori pour celui-ci, mais il ne faut pas prendre cela pour acquis car Brentford est une tr\u00e8s bonne \u00e9quipe et est plus que capable de venir \u00e0 The Bridge et d&rsquo;obtenir un r\u00e9sultat samedi.<\/p>\n<p>Ils ont un bon manager en la personne de Thomas Frank et nous savons qu&rsquo;ils arriveront tr\u00e8s organis\u00e9s, difficiles \u00e0 briser, pleinement pr\u00eats pour le match et pr\u00eats \u00e0 \u00e9galer notre \u00e9nergie et notre intensit\u00e9.<\/p>\n<p>Contre Burnley, ils se sont mis en place dans une formation 4-3-3, qui, je l&rsquo;esp\u00e8re, correspondra \u00e0 notre propre formation ce week-end.<\/p>\n<p>Ce luminaire apporte probablement l\u2019un de ceux avec le moins d\u2019histoire.  Chelsea et Brentford ne se sont rencontr\u00e9s que 19 fois dans leur histoire, Chelsea en remportant 10 et en perdant 6.<\/p>\n<p>Mais c\u2019est Brentford qui a r\u00e9cemment pris le dessus sur Chelsea, s\u2019imposant 2-0 \u00e0 Stamford Bridge en avril et \u00e9tant invaincu contre Chelsea tout au long de 2022, y compris une victoire 4-1 contre Chelsea \u00e0 The Bridge.<\/p>\n<p>Il est temps de recommencer \u00e0 battre Brentford, Chelsea !<\/p>\n<p>En ce qui concerne la composition de d\u00e9part de Mauricio Pochettino, il devient d\u00e9sormais assez difficile de d\u00e9terminer \u2013 surtout apr\u00e8s la composition surprise qu&rsquo;il a choisie contre Arsenal ;  une masterclass tactique qui a fonctionn\u00e9 \u00e0 merveille et aurait d\u00fb nous voir gagner la partie.<\/p>\n<p>Mais ira-t-il pour \u00e7a contre Brentford ?  Ou \u00e9tait-ce juste pour emp\u00eacher Arsenal de contr\u00f4ler le jeu au milieu du parc ?  Je pense que c&rsquo;\u00e9tait probablement la derni\u00e8re solution, et je peux voir quelque chose comme ceci d\u00e8s le d\u00e9part samedi\u00a0:<\/p>\n<div id=\"attachment_40661\" style=\"width: 562px\" class=\"wp-caption alignnone\"><img data-lazy-fallback=\"1\" aria-describedby=\"caption-attachment-40661\" decoding=\"async\" loading=\"lazy\" class=\"size-full wp-image-40661\" src=\"https:\/\/footdavant.fr\/actualites\/wp-content\/uploads\/2023\/10\/1698658138_187_Pochettino-reviendra-a-la-configuration-habituelle-pour-Brentford-\u2013.png\" alt=\"Chelsea XI contre Brentford\" width=\"552\" height=\"527\"  ><\/p>\n<p id=\"caption-attachment-40661\" class=\"wp-caption-text\">Chelsea XI contre Brentford<\/p>\n<\/div>\n<p>Il y a des d\u00e9cisions tr\u00e8s difficiles ici, principalement si Mykhailo Mudryk commence ou Raheem Sterling.  Ou si nous ne nous retrouvions pas \u00e0 nouveau avec un attaquant pur et simple et que Sterling, Mudryk et Palmer commen\u00e7aient tous les trois.  Une partie de moi pense que nous pourrions revoir \u00e7a, tu sais ?  Avec Palmer jouant plus au centre, l\u00e0 o\u00f9 il est meilleur \u00e0 mon avis.  Donc je suis un peu partag\u00e9, je pense qu&rsquo;on pourrait le voir en y r\u00e9fl\u00e9chissant.<\/p>\n<p>L&rsquo;autre gros appel est \u00e0 l&rsquo;arri\u00e8re avec Axel Disasi ou Marc Cucurella comme titulaires.  Je pense que les deux ont \u00e9t\u00e9 bons lors de leurs derniers matchs, c&rsquo;est donc une d\u00e9cision tr\u00e8s difficile \u00e0 prendre.  Je pr\u00e9f\u00e8re Levi Colwill au centre, donc je pense que j&rsquo;utiliserais Cucurella \u00e0 l&rsquo;arri\u00e8re gauche.  Il y a m\u00eame un appel selon lequel Cucurella s&rsquo;est rendu impossible \u00e0 laisser tomber en ce moment ?<\/p>\n<p>Beaucoup de d\u00e9cisions importantes \u00e0 prendre pour Pochettino et encore une fois, je suis content que ce soit lui et pas moi.<\/p>\n<p>Armando Broja s&rsquo;est entra\u00een\u00e9 cette semaine et devrait \u00eatre disponible, il y a donc m\u00eame une chance qu&rsquo;il soit int\u00e9gr\u00e9.<\/p>\n<p>Et le r\u00e9sultat, et je le murmure, je suis en fait confiant dans une victoire de Chelsea.  Je pars pour 2-0 \u00e0 Chelsea !<\/p>\n<div class=\"feature-box\">Si vous souhaitez figurer sur Talk Chelsea.<\/div>\n<p>\t\t\t\t\t\t\t\t\t<!--mvp-post-tags--><\/p><\/div>\n","protected":false},"excerpt":{"rendered":"<p>Chelsea est de retour en Premier League ce week-end et encore une fois, c&rsquo;est contre un club londonien. Brentford effectue son court d\u00e9placement \u00e0 Stamford<\/p>\n","protected":false},"author":1,"featured_media":47,"comment_status":"closed","ping_status":"","sticky":false,"template":"","format":"standard","meta":{"footnotes":""},"categories":[3],"tags":[52,49,50,47,51,48],"yoast_head":"<!-- This site is optimized with the Yoast SEO plugin v21.0 - https:\/\/yoast.com\/wordpress\/plugins\/seo\/ -->\n<title>Pochettino reviendra \u00e0 la configuration habituelle pour Brentford \u2013<\/title>\n<meta name=\"robots\" content=\"index, follow, max-snippet:-1, max-image-preview:large, max-video-preview:-1\" \/>\n<link rel=\"canonical\" href=\"https:\/\/footdavant.fr\/actualites\/pochettino-reviendra-a-la-configuration-habituelle-pour-brentford\/\" \/>\n<meta property=\"og:locale\" content=\"fr_FR\" \/>\n<meta property=\"og:type\" content=\"article\" \/>\n<meta property=\"og:title\" content=\"Pochettino reviendra \u00e0 la configuration habituelle pour Brentford \u2013\" \/>\n<meta property=\"og:description\" content=\"Chelsea est de retour en Premier League ce week-end et encore une fois, c&rsquo;est contre un club londonien. Brentford effectue son court d\u00e9placement \u00e0 Stamford\" \/>\n<meta property=\"og:url\" content=\"https:\/\/footdavant.fr\/actualites\/pochettino-reviendra-a-la-configuration-habituelle-pour-brentford\/\" \/>\n<meta property=\"og:site_name\" content=\"Foot d&#039;avant\" \/>\n<meta property=\"article:publisher\" content=\"https:\/\/www.facebook.com\/Footdavant\/\" \/>\n<meta property=\"article:published_time\" content=\"2023-10-30T09:28:58+00:00\" \/>\n<meta property=\"article:modified_time\" content=\"2023-10-30T09:28:59+00:00\" \/>\n<meta property=\"og:image\" content=\"https:\/\/footdavant.fr\/actualites\/wp-content\/uploads\/2023\/10\/Pochettino-reviendra-a-la-configuration-habituelle-pour-Brentford-\u2013.jpg\" \/>\n\t<meta property=\"og:image:width\" content=\"1000\" \/>\n\t<meta property=\"og:image:height\" content=\"600\" \/>\n\t<meta property=\"og:image:type\" content=\"image\/jpeg\" \/>\n<meta name=\"author\" content=\"Cl\u00e9ment\" \/>\n<meta name=\"twitter:card\" content=\"summary_large_image\" \/>\n<meta name=\"twitter:creator\" content=\"@FootdavantFr\" \/>\n<meta name=\"twitter:site\" content=\"@FootdavantFr\" \/>\n<meta name=\"twitter:label1\" content=\"\u00c9crit par\" \/>\n\t<meta name=\"twitter:data1\" content=\"Cl\u00e9ment\" \/>\n\t<meta name=\"twitter:label2\" content=\"Dur\u00e9e de lecture estim\u00e9e\" \/>\n\t<meta name=\"twitter:data2\" content=\"3 minutes\" \/>\n<script type=\"application\/ld+json\" class=\"yoast-schema-graph\">{\"@context\":\"https:\/\/schema.org\",\"@graph\":[{\"@type\":\"Article\",\"@id\":\"https:\/\/footdavant.fr\/actualites\/pochettino-reviendra-a-la-configuration-habituelle-pour-brentford\/#article\",\"isPartOf\":{\"@id\":\"https:\/\/footdavant.fr\/actualites\/pochettino-reviendra-a-la-configuration-habituelle-pour-brentford\/\"},\"author\":{\"name\":\"Cl\u00e9ment\",\"@id\":\"https:\/\/footdavant.fr\/actualites\/#\/schema\/person\/bc222566d95871b37e597b3ed3ba5e1d\"},\"headline\":\"Pochettino reviendra \u00e0 la configuration habituelle pour Brentford \u2013\",\"datePublished\":\"2023-10-30T09:28:58+00:00\",\"dateModified\":\"2023-10-30T09:28:59+00:00\",\"mainEntityOfPage\":{\"@id\":\"https:\/\/footdavant.fr\/actualites\/pochettino-reviendra-a-la-configuration-habituelle-pour-brentford\/\"},\"wordCount\":700,\"publisher\":{\"@id\":\"https:\/\/footdavant.fr\/actualites\/#organization\"},\"keywords\":[\"Brentford\",\"configuration\",\"habituelle\",\"Pochettino\",\"pour\",\"reviendra\"],\"articleSection\":[\"Football\"],\"inLanguage\":\"fr-FR\"},{\"@type\":\"WebPage\",\"@id\":\"https:\/\/footdavant.fr\/actualites\/pochettino-reviendra-a-la-configuration-habituelle-pour-brentford\/\",\"url\":\"https:\/\/footdavant.fr\/actualites\/pochettino-reviendra-a-la-configuration-habituelle-pour-brentford\/\",\"name\":\"Pochettino reviendra \u00e0 la configuration habituelle pour Brentford \u2013\",\"isPartOf\":{\"@id\":\"https:\/\/footdavant.fr\/actualites\/#website\"},\"datePublished\":\"2023-10-30T09:28:58+00:00\",\"dateModified\":\"2023-10-30T09:28:59+00:00\",\"breadcrumb\":{\"@id\":\"https:\/\/footdavant.fr\/actualites\/pochettino-reviendra-a-la-configuration-habituelle-pour-brentford\/#breadcrumb\"},\"inLanguage\":\"fr-FR\",\"potentialAction\":[{\"@type\":\"ReadAction\",\"target\":[\"https:\/\/footdavant.fr\/actualites\/pochettino-reviendra-a-la-configuration-habituelle-pour-brentford\/\"]}]},{\"@type\":\"BreadcrumbList\",\"@id\":\"https:\/\/footdavant.fr\/actualites\/pochettino-reviendra-a-la-configuration-habituelle-pour-brentford\/#breadcrumb\",\"itemListElement\":[{\"@type\":\"ListItem\",\"position\":1,\"name\":\"Accueil\",\"item\":\"https:\/\/footdavant.fr\/actualites\/\"},{\"@type\":\"ListItem\",\"position\":2,\"name\":\"Pochettino reviendra \u00e0 la configuration habituelle pour Brentford \u2013\"}]},{\"@type\":\"WebSite\",\"@id\":\"https:\/\/footdavant.fr\/actualites\/#website\",\"url\":\"https:\/\/footdavant.fr\/actualites\/\",\"name\":\"Foot d'avant\",\"description\":\"\",\"publisher\":{\"@id\":\"https:\/\/footdavant.fr\/actualites\/#organization\"},\"potentialAction\":[{\"@type\":\"SearchAction\",\"target\":{\"@type\":\"EntryPoint\",\"urlTemplate\":\"https:\/\/footdavant.fr\/actualites\/?s={search_term_string}\"},\"query-input\":\"required name=search_term_string\"}],\"inLanguage\":\"fr-FR\"},{\"@type\":\"Organization\",\"@id\":\"https:\/\/footdavant.fr\/actualites\/#organization\",\"name\":\"Foot d'avant\",\"url\":\"https:\/\/footdavant.fr\/actualites\/\",\"logo\":{\"@type\":\"ImageObject\",\"inLanguage\":\"fr-FR\",\"@id\":\"https:\/\/footdavant.fr\/actualites\/#\/schema\/logo\/image\/\",\"url\":\"https:\/\/footdavant.fr\/actualites\/wp-content\/uploads\/2023\/09\/Copy-of-FootDavant-Logo.png\",\"contentUrl\":\"https:\/\/footdavant.fr\/actualites\/wp-content\/uploads\/2023\/09\/Copy-of-FootDavant-Logo.png\",\"width\":936,\"height\":549,\"caption\":\"Foot d'avant\"},\"image\":{\"@id\":\"https:\/\/footdavant.fr\/actualites\/#\/schema\/logo\/image\/\"},\"sameAs\":[\"https:\/\/www.facebook.com\/Footdavant\/\",\"https:\/\/twitter.com\/FootdavantFr\",\"https:\/\/www.instagram.com\/footdavant.fr\/\"]},{\"@type\":\"Person\",\"@id\":\"https:\/\/footdavant.fr\/actualites\/#\/schema\/person\/bc222566d95871b37e597b3ed3ba5e1d\",\"name\":\"Cl\u00e9ment\",\"image\":{\"@type\":\"ImageObject\",\"inLanguage\":\"fr-FR\",\"@id\":\"https:\/\/footdavant.fr\/actualites\/#\/schema\/person\/image\/\",\"url\":\"https:\/\/secure.gravatar.com\/avatar\/7728b29aac2719421e1a9159b2254c44?s=96&d=mm&r=g\",\"contentUrl\":\"https:\/\/secure.gravatar.com\/avatar\/7728b29aac2719421e1a9159b2254c44?s=96&d=mm&r=g\",\"caption\":\"Cl\u00e9ment\"},\"sameAs\":[\"https:\/\/footdavant.fr\/\"]}]}<\/script>\n<!-- \/ Yoast SEO plugin. -->","yoast_head_json":{"title":"Pochettino reviendra \u00e0 la configuration habituelle pour Brentford \u2013","robots":{"index":"index","follow":"follow","max-snippet":"max-snippet:-1","max-image-preview":"max-image-preview:large","max-video-preview":"max-video-preview:-1"},"canonical":"https:\/\/footdavant.fr\/actualites\/pochettino-reviendra-a-la-configuration-habituelle-pour-brentford\/","og_locale":"fr_FR","og_type":"article","og_title":"Pochettino reviendra \u00e0 la configuration habituelle pour Brentford \u2013","og_description":"Chelsea est de retour en Premier League ce week-end et encore une fois, c&rsquo;est contre un club londonien. Brentford effectue son court d\u00e9placement \u00e0 Stamford","og_url":"https:\/\/footdavant.fr\/actualites\/pochettino-reviendra-a-la-configuration-habituelle-pour-brentford\/","og_site_name":"Foot d&#039;avant","article_publisher":"https:\/\/www.facebook.com\/Footdavant\/","article_published_time":"2023-10-30T09:28:58+00:00","article_modified_time":"2023-10-30T09:28:59+00:00","og_image":[{"width":1000,"height":600,"url":"https:\/\/footdavant.fr\/actualites\/wp-content\/uploads\/2023\/10\/Pochettino-reviendra-a-la-configuration-habituelle-pour-Brentford-\u2013.jpg","type":"image\/jpeg"}],"author":"Cl\u00e9ment","twitter_card":"summary_large_image","twitter_creator":"@FootdavantFr","twitter_site":"@FootdavantFr","twitter_misc":{"\u00c9crit par":"Cl\u00e9ment","Dur\u00e9e de lecture estim\u00e9e":"3 minutes"},"schema":{"@context":"https:\/\/schema.org","@graph":[{"@type":"Article","@id":"https:\/\/footdavant.fr\/actualites\/pochettino-reviendra-a-la-configuration-habituelle-pour-brentford\/#article","isPartOf":{"@id":"https:\/\/footdavant.fr\/actualites\/pochettino-reviendra-a-la-configuration-habituelle-pour-brentford\/"},"author":{"name":"Cl\u00e9ment","@id":"https:\/\/footdavant.fr\/actualites\/#\/schema\/person\/bc222566d95871b37e597b3ed3ba5e1d"},"headline":"Pochettino reviendra \u00e0 la configuration habituelle pour Brentford \u2013","datePublished":"2023-10-30T09:28:58+00:00","dateModified":"2023-10-30T09:28:59+00:00","mainEntityOfPage":{"@id":"https:\/\/footdavant.fr\/actualites\/pochettino-reviendra-a-la-configuration-habituelle-pour-brentford\/"},"wordCount":700,"publisher":{"@id":"https:\/\/footdavant.fr\/actualites\/#organization"},"keywords":["Brentford","configuration","habituelle","Pochettino","pour","reviendra"],"articleSection":["Football"],"inLanguage":"fr-FR"},{"@type":"WebPage","@id":"https:\/\/footdavant.fr\/actualites\/pochettino-reviendra-a-la-configuration-habituelle-pour-brentford\/","url":"https:\/\/footdavant.fr\/actualites\/pochettino-reviendra-a-la-configuration-habituelle-pour-brentford\/","name":"Pochettino reviendra \u00e0 la configuration habituelle pour Brentford \u2013","isPartOf":{"@id":"https:\/\/footdavant.fr\/actualites\/#website"},"datePublished":"2023-10-30T09:28:58+00:00","dateModified":"2023-10-30T09:28:59+00:00","breadcrumb":{"@id":"https:\/\/footdavant.fr\/actualites\/pochettino-reviendra-a-la-configuration-habituelle-pour-brentford\/#breadcrumb"},"inLanguage":"fr-FR","potentialAction":[{"@type":"ReadAction","target":["https:\/\/footdavant.fr\/actualites\/pochettino-reviendra-a-la-configuration-habituelle-pour-brentford\/"]}]},{"@type":"BreadcrumbList","@id":"https:\/\/footdavant.fr\/actualites\/pochettino-reviendra-a-la-configuration-habituelle-pour-brentford\/#breadcrumb","itemListElement":[{"@type":"ListItem","position":1,"name":"Accueil","item":"https:\/\/footdavant.fr\/actualites\/"},{"@type":"ListItem","position":2,"name":"Pochettino reviendra \u00e0 la configuration habituelle pour Brentford \u2013"}]},{"@type":"WebSite","@id":"https:\/\/footdavant.fr\/actualites\/#website","url":"https:\/\/footdavant.fr\/actualites\/","name":"Foot d'avant","description":"","publisher":{"@id":"https:\/\/footdavant.fr\/actualites\/#organization"},"potentialAction":[{"@type":"SearchAction","target":{"@type":"EntryPoint","urlTemplate":"https:\/\/footdavant.fr\/actualites\/?s={search_term_string}"},"query-input":"required name=search_term_string"}],"inLanguage":"fr-FR"},{"@type":"Organization","@id":"https:\/\/footdavant.fr\/actualites\/#organization","name":"Foot d'avant","url":"https:\/\/footdavant.fr\/actualites\/","logo":{"@type":"ImageObject","inLanguage":"fr-FR","@id":"https:\/\/footdavant.fr\/actualites\/#\/schema\/logo\/image\/","url":"https:\/\/footdavant.fr\/actualites\/wp-content\/uploads\/2023\/09\/Copy-of-FootDavant-Logo.png","contentUrl":"https:\/\/footdavant.fr\/actualites\/wp-content\/uploads\/2023\/09\/Copy-of-FootDavant-Logo.png","width":936,"height":549,"caption":"Foot d'avant"},"image":{"@id":"https:\/\/footdavant.fr\/actualites\/#\/schema\/logo\/image\/"},"sameAs":["https:\/\/www.facebook.com\/Footdavant\/","https:\/\/twitter.com\/FootdavantFr","https:\/\/www.instagram.com\/footdavant.fr\/"]},{"@type":"Person","@id":"https:\/\/footdavant.fr\/actualites\/#\/schema\/person\/bc222566d95871b37e597b3ed3ba5e1d","name":"Cl\u00e9ment","image":{"@type":"ImageObject","inLanguage":"fr-FR","@id":"https:\/\/footdavant.fr\/actualites\/#\/schema\/person\/image\/","url":"https:\/\/secure.gravatar.com\/avatar\/7728b29aac2719421e1a9159b2254c44?s=96&d=mm&r=g","contentUrl":"https:\/\/secure.gravatar.com\/avatar\/7728b29aac2719421e1a9159b2254c44?s=96&d=mm&r=g","caption":"Cl\u00e9ment"},"sameAs":["https:\/\/footdavant.fr\/"]}]}},"_links":{"self":[{"href":"https:\/\/footdavant.fr\/actualites\/wp-json\/wp\/v2\/posts\/46"}],"collection":[{"href":"https:\/\/footdavant.fr\/actualites\/wp-json\/wp\/v2\/posts"}],"about":[{"href":"https:\/\/footdavant.fr\/actualites\/wp-json\/wp\/v2\/types\/post"}],"author":[{"embeddable":true,"href":"https:\/\/footdavant.fr\/actualites\/wp-json\/wp\/v2\/users\/1"}],"replies":[{"embeddable":true,"href":"https:\/\/footdavant.fr\/actualites\/wp-json\/wp\/v2\/comments?post=46"}],"version-history":[{"count":1,"href":"https:\/\/footdavant.fr\/actualites\/wp-json\/wp\/v2\/posts\/46\/revisions"}],"predecessor-version":[{"id":48,"href":"https:\/\/footdavant.fr\/actualites\/wp-json\/wp\/v2\/posts\/46\/revisions\/48"}],"wp:featuredmedia":[{"embeddable":true,"href":"https:\/\/footdavant.fr\/actualites\/wp-json\/wp\/v2\/media\/47"}],"wp:attachment":[{"href":"https:\/\/footdavant.fr\/actualites\/wp-json\/wp\/v2\/media?parent=46"}],"wp:term":[{"taxonomy":"category","embeddable":true,"href":"https:\/\/footdavant.fr\/actualites\/wp-json\/wp\/v2\/categories?post=46"},{"taxonomy":"post_tag","embeddable":true,"href":"https:\/\/footdavant.fr\/actualites\/wp-json\/wp\/v2\/tags?post=46"}],"curies":[{"name":"wp","href":"https:\/\/api.w.org\/{rel}","templated":true}]}}