{"id":483,"date":"2023-11-07T18:17:09","date_gmt":"2023-11-07T17:17:09","guid":{"rendered":"https:\/\/footdavant.fr\/actualites\/le-real-madrid-donne-la-priorite-a-kylian-mbappe-plutot-qua-erling-haaland\/"},"modified":"2023-11-07T18:17:09","modified_gmt":"2023-11-07T17:17:09","slug":"le-real-madrid-donne-la-priorite-a-kylian-mbappe-plutot-qua-erling-haaland","status":"publish","type":"post","link":"https:\/\/footdavant.fr\/actualites\/le-real-madrid-donne-la-priorite-a-kylian-mbappe-plutot-qua-erling-haaland\/","title":{"rendered":"Le Real Madrid \u00ab\u00a0donne la priorit\u00e9 \u00e0 Kylian Mbapp\u00e9 plut\u00f4t qu&rsquo;\u00e0 Erling Haaland\u00a0\u00bb"},"content":{"rendered":"<p>Le Real Madrid donne la priorit\u00e9 \u00e0 Kylian Mbappe du Paris Saint-Germain plut\u00f4t qu&rsquo;\u00e0 Erling Haaland de Manchester City en 2024, selon un rapport.<\/p>\n<div id=\"article_body\" itemprop=\"articleBody\">\n<h3 class=\"firstPara\">\n<strong class=\"autotag\">Real Madrid<\/strong> auraient d\u00e9cid\u00e9 de donner la priorit\u00e9 \u00e0 un d\u00e9m\u00e9nagement pour <strong class=\"autotag\">Paris Saint Germain<\/strong>c&rsquo;est <strong class=\"autotag\">Kylian Mbapp\u00e9<\/strong> sur <strong class=\"autotag\">Manchester City<\/strong>c&rsquo;est <strong class=\"autotag\">Erling Haaland<\/strong> en 2024.<\/h3>\n<p>Los Blancos ont \u00e9tonnamment fait leurs adieux \u00e0 <strong class=\"autotag\">Karim Benzema<\/strong> apr\u00e8s 14 ans de service lors du mercato estival, alors que le vainqueur du Ballon d&rsquo;Or 2022 a rejoint Al-Ittihad, d\u00e9tenteur de la Saudi Pro League.<\/p>\n<p>Benzema devait continuer dans la c\u00e9l\u00e8bre bande blanche jusqu&rsquo;\u00e0 l&rsquo;expiration de son contrat \u00e0 l&rsquo;\u00e9t\u00e9 2024, mais son d\u00e9part a forc\u00e9 le Real \u00e0 entrer sur le march\u00e9 des attaquants et \u00e0 conclure un accord de pr\u00eat pour l&rsquo;Espanyol. <strong class=\"autotag\">Joselu<\/strong> a \u00e9t\u00e9 s\u00e9curis\u00e9.<\/p>\n<p>Cependant, le d\u00e9part de Benzema a vu <strong class=\"autotag\">Carlo Ancelotti<\/strong> passer \u00e0 une force de frappe de deux hommes pour la saison 2023-24, avec Joselu aux prises <strong class=\"autotag\">Rodrygo<\/strong> et <strong class=\"autotag\">Vinicius Junior<\/strong> pour mener l&rsquo;attaque.<\/p>\n<p>Rodrygo a admis qu&rsquo;il avait du mal \u00e0 s&rsquo;adapter aux nouvelles exigences qui lui sont impos\u00e9es cette saison, car l&rsquo;international br\u00e9silien n&rsquo;a marqu\u00e9 que deux buts en 14 matches tous tournois confondus cette saison.<\/p>\n<p class=\"imgI\">\n<p>Au lieu de cela, la principale menace du Real Madrid cette saison a \u00e9t\u00e9 le vainqueur du Troph\u00e9e Kopa. <strong class=\"autotag\">Jude Bellingham<\/strong>qui a fait un d\u00e9but de vie exceptionnel au Bernabeu avec 13 buts en autant de matchs de Liga et de Ligue des Champions.<\/p>\n<p>Malgr\u00e9 les exploits impr\u00e9vus du joueur de 20 ans, le Real devrait puiser dans son tr\u00e9sor pour recruter un attaquant tr\u00e8s lucratif l&rsquo;ann\u00e9e prochaine, Mbappe et Haaland \u00e9tant consid\u00e9r\u00e9s comme leurs deux principales cibles.<\/p>\n<p>Un accord pour Mbapp\u00e9 semble cependant plus r\u00e9alisable et, selon <em>L&rsquo;Equipe<\/em> &#8211; via <em>Mercato \u00e0 pied<\/em> -Vrai pr\u00e9sident <strong class=\"autotag\">Florentino P\u00e9rez<\/strong> estime que l\u2019attaquant du PSG conviendrait mieux \u00e0 son club que Haaland.<\/p>\n<p>Perez pense apparemment que l&rsquo;arriv\u00e9e de Mbappe aiderait \u00e0 continuer \u00e0 tirer le meilleur parti de Bellingham, malgr\u00e9 la relation productive de l&rsquo;Anglais avec Haaland pendant ses ann\u00e9es au Borussia Dortmund.<\/p>\n<p>On s&rsquo;attend \u00e0 ce que Mbappe troque Paris contre la Liga depuis plusieurs ann\u00e9es, seulement pour que le PSG bloque les approches du Real en 2021 avant de lier le joueur de 24 ans \u00e0 un nouveau contrat l&rsquo;ann\u00e9e derni\u00e8re.<\/p>\n<p class=\"imgI\"><img decoding=\"async\" loading=\"lazy\" class=\"l\" src=\"https:\/\/footdavant.fr\/actualites\/wp-content\/uploads\/2023\/11\/Le-Real-Madrid-donne-la-priorite-a-Kylian-Mbappe-plutot.jpg\" title=\"Erling Haaland de Manchester City marque son premier but sur penalty le 29 octobre 2023\" alt=\"Erling Haaland de Manchester City marque son premier but sur penalty le 29 octobre 2023\" width=\"640\" height=\"480\"><\/p>\n<p>Cependant, Mbappe est maintenant dans les 12 derniers mois de son mandat, et le vainqueur de la Coupe du monde a \u00e9t\u00e9 transf\u00e9r\u00e9 par le PSG cet \u00e9t\u00e9 apr\u00e8s avoir inform\u00e9 le club qu&rsquo;il ne d\u00e9clencherait pas sa prolongation de 12 mois.<\/p>\n<p>Mbapp\u00e9 a \u00e9t\u00e9 r\u00e9trograd\u00e9 au sein d&rsquo;un groupe de joueurs en disgr\u00e2ce surnomm\u00e9s les \u00ab\u00a0ind\u00e9sirables\u00a0\u00bb, mais il a finalement \u00e9t\u00e9 autoris\u00e9 \u00e0 revenir. <strong class=\"autotag\">Luis Enrique<\/strong>apr\u00e8s avoir eu des entretiens productifs avec les pouvoirs en place.<\/p>\n<p>L&rsquo;ancienne starlette mon\u00e9gasque &#8211; qui a \u00e9galement fait l&rsquo;objet d&rsquo;une offre record du monde d&rsquo;Al-Hilal au cours de l&rsquo;\u00e9t\u00e9 &#8211; a d\u00e9but\u00e9 la saison 2023-24 alors qu&rsquo;il compte encha\u00eener avec 12 buts en 13 matches, mais sa situation contractuelle reste en suspens.<\/p>\n<p>Une prolongation n\u2019aurait cependant pas \u00e9t\u00e9 exclue et le Real a publi\u00e9 cette semaine une d\u00e9claration niant cat\u00e9goriquement les affirmations selon lesquelles ils auraient d\u00e9j\u00e0 entam\u00e9 des pourparlers avec son entourage sur un transfert en 2024.<\/p>\n<p>De plus, Los Blancos devront peut-\u00eatre repousser l&rsquo;int\u00e9r\u00eat de Liverpool s&rsquo;ils veulent enfin amener Mbappe dans la capitale espagnole, les Reds \u00e9tant optimistes quant \u00e0 la conclusion d&rsquo;un accord s&rsquo;il quitte le Parc des Princes pour rien.<\/p>\n<\/div>\n","protected":false},"excerpt":{"rendered":"<p>Le Real Madrid donne la priorit\u00e9 \u00e0 Kylian Mbappe du Paris Saint-Germain plut\u00f4t qu&rsquo;\u00e0 Erling Haaland de Manchester City en 2024, selon un rapport. Real<\/p>\n","protected":false},"author":1,"featured_media":484,"comment_status":"closed","ping_status":"","sticky":false,"template":"","format":"standard","meta":{"footnotes":""},"categories":[5],"tags":[672,36,37,62,303,63,674,673,675,302],"yoast_head":"<!-- This site is optimized with the Yoast SEO plugin v21.0 - https:\/\/yoast.com\/wordpress\/plugins\/seo\/ -->\n<title>Le Real Madrid &quot;donne la priorit\u00e9 \u00e0 Kylian Mbapp\u00e9 plut\u00f4t qu&#039;\u00e0 Erling Haaland&quot;<\/title>\n<meta name=\"robots\" content=\"index, follow, max-snippet:-1, max-image-preview:large, max-video-preview:-1\" \/>\n<link rel=\"canonical\" href=\"https:\/\/footdavant.fr\/actualites\/le-real-madrid-donne-la-priorite-a-kylian-mbappe-plutot-qua-erling-haaland\/\" \/>\n<meta property=\"og:locale\" content=\"fr_FR\" \/>\n<meta property=\"og:type\" content=\"article\" \/>\n<meta property=\"og:title\" content=\"Le Real Madrid &quot;donne la priorit\u00e9 \u00e0 Kylian Mbapp\u00e9 plut\u00f4t qu&#039;\u00e0 Erling Haaland&quot;\" \/>\n<meta property=\"og:description\" content=\"Le Real Madrid donne la priorit\u00e9 \u00e0 Kylian Mbappe du Paris Saint-Germain plut\u00f4t qu&rsquo;\u00e0 Erling Haaland de Manchester City en 2024, selon un rapport. Real\" \/>\n<meta property=\"og:url\" content=\"https:\/\/footdavant.fr\/actualites\/le-real-madrid-donne-la-priorite-a-kylian-mbappe-plutot-qua-erling-haaland\/\" \/>\n<meta property=\"og:site_name\" content=\"Foot d&#039;avant\" \/>\n<meta property=\"article:publisher\" content=\"https:\/\/www.facebook.com\/Footdavant\/\" \/>\n<meta property=\"article:published_time\" content=\"2023-11-07T17:17:09+00:00\" \/>\n<meta property=\"og:image\" content=\"https:\/\/footdavant.fr\/actualites\/wp-content\/uploads\/2023\/11\/Le-Real-Madrid-donne-la-priorite-a-Kylian-Mbappe-plutot.JPG\" \/>\n\t<meta property=\"og:image:width\" content=\"640\" \/>\n\t<meta property=\"og:image:height\" content=\"480\" \/>\n\t<meta property=\"og:image:type\" content=\"image\/jpeg\" \/>\n<meta name=\"author\" content=\"Cl\u00e9ment\" \/>\n<meta name=\"twitter:card\" content=\"summary_large_image\" \/>\n<meta name=\"twitter:creator\" content=\"@FootdavantFr\" \/>\n<meta name=\"twitter:site\" content=\"@FootdavantFr\" \/>\n<meta name=\"twitter:label1\" content=\"\u00c9crit par\" \/>\n\t<meta name=\"twitter:data1\" content=\"Cl\u00e9ment\" \/>\n\t<meta name=\"twitter:label2\" content=\"Dur\u00e9e de lecture estim\u00e9e\" \/>\n\t<meta name=\"twitter:data2\" content=\"3 minutes\" \/>\n<script type=\"application\/ld+json\" class=\"yoast-schema-graph\">{\"@context\":\"https:\/\/schema.org\",\"@graph\":[{\"@type\":\"Article\",\"@id\":\"https:\/\/footdavant.fr\/actualites\/le-real-madrid-donne-la-priorite-a-kylian-mbappe-plutot-qua-erling-haaland\/#article\",\"isPartOf\":{\"@id\":\"https:\/\/footdavant.fr\/actualites\/le-real-madrid-donne-la-priorite-a-kylian-mbappe-plutot-qua-erling-haaland\/\"},\"author\":{\"name\":\"Cl\u00e9ment\",\"@id\":\"https:\/\/footdavant.fr\/actualites\/#\/schema\/person\/bc222566d95871b37e597b3ed3ba5e1d\"},\"headline\":\"Le Real Madrid \u00ab\u00a0donne la priorit\u00e9 \u00e0 Kylian Mbapp\u00e9 plut\u00f4t qu&rsquo;\u00e0 Erling Haaland\u00a0\u00bb\",\"datePublished\":\"2023-11-07T17:17:09+00:00\",\"dateModified\":\"2023-11-07T17:17:09+00:00\",\"mainEntityOfPage\":{\"@id\":\"https:\/\/footdavant.fr\/actualites\/le-real-madrid-donne-la-priorite-a-kylian-mbappe-plutot-qua-erling-haaland\/\"},\"wordCount\":600,\"publisher\":{\"@id\":\"https:\/\/footdavant.fr\/actualites\/#organization\"},\"keywords\":[\"donne\",\"Erling\",\"Haaland\",\"Kylian\",\"Madrid\",\"Mbappe\",\"plut\u00f4t\",\"priorit\u00e9\",\"qu\u00e0\",\"Real\"],\"articleSection\":[\"Premier League\"],\"inLanguage\":\"fr-FR\"},{\"@type\":\"WebPage\",\"@id\":\"https:\/\/footdavant.fr\/actualites\/le-real-madrid-donne-la-priorite-a-kylian-mbappe-plutot-qua-erling-haaland\/\",\"url\":\"https:\/\/footdavant.fr\/actualites\/le-real-madrid-donne-la-priorite-a-kylian-mbappe-plutot-qua-erling-haaland\/\",\"name\":\"Le Real Madrid \\\"donne la priorit\u00e9 \u00e0 Kylian Mbapp\u00e9 plut\u00f4t qu'\u00e0 Erling Haaland\\\"\",\"isPartOf\":{\"@id\":\"https:\/\/footdavant.fr\/actualites\/#website\"},\"datePublished\":\"2023-11-07T17:17:09+00:00\",\"dateModified\":\"2023-11-07T17:17:09+00:00\",\"breadcrumb\":{\"@id\":\"https:\/\/footdavant.fr\/actualites\/le-real-madrid-donne-la-priorite-a-kylian-mbappe-plutot-qua-erling-haaland\/#breadcrumb\"},\"inLanguage\":\"fr-FR\",\"potentialAction\":[{\"@type\":\"ReadAction\",\"target\":[\"https:\/\/footdavant.fr\/actualites\/le-real-madrid-donne-la-priorite-a-kylian-mbappe-plutot-qua-erling-haaland\/\"]}]},{\"@type\":\"BreadcrumbList\",\"@id\":\"https:\/\/footdavant.fr\/actualites\/le-real-madrid-donne-la-priorite-a-kylian-mbappe-plutot-qua-erling-haaland\/#breadcrumb\",\"itemListElement\":[{\"@type\":\"ListItem\",\"position\":1,\"name\":\"Accueil\",\"item\":\"https:\/\/footdavant.fr\/actualites\/\"},{\"@type\":\"ListItem\",\"position\":2,\"name\":\"Le Real Madrid \u00ab\u00a0donne la priorit\u00e9 \u00e0 Kylian Mbapp\u00e9 plut\u00f4t qu&rsquo;\u00e0 Erling Haaland\u00a0\u00bb\"}]},{\"@type\":\"WebSite\",\"@id\":\"https:\/\/footdavant.fr\/actualites\/#website\",\"url\":\"https:\/\/footdavant.fr\/actualites\/\",\"name\":\"Foot d'avant\",\"description\":\"\",\"publisher\":{\"@id\":\"https:\/\/footdavant.fr\/actualites\/#organization\"},\"potentialAction\":[{\"@type\":\"SearchAction\",\"target\":{\"@type\":\"EntryPoint\",\"urlTemplate\":\"https:\/\/footdavant.fr\/actualites\/?s={search_term_string}\"},\"query-input\":\"required name=search_term_string\"}],\"inLanguage\":\"fr-FR\"},{\"@type\":\"Organization\",\"@id\":\"https:\/\/footdavant.fr\/actualites\/#organization\",\"name\":\"Foot d'avant\",\"url\":\"https:\/\/footdavant.fr\/actualites\/\",\"logo\":{\"@type\":\"ImageObject\",\"inLanguage\":\"fr-FR\",\"@id\":\"https:\/\/footdavant.fr\/actualites\/#\/schema\/logo\/image\/\",\"url\":\"https:\/\/footdavant.fr\/actualites\/wp-content\/uploads\/2023\/09\/Copy-of-FootDavant-Logo.png\",\"contentUrl\":\"https:\/\/footdavant.fr\/actualites\/wp-content\/uploads\/2023\/09\/Copy-of-FootDavant-Logo.png\",\"width\":936,\"height\":549,\"caption\":\"Foot d'avant\"},\"image\":{\"@id\":\"https:\/\/footdavant.fr\/actualites\/#\/schema\/logo\/image\/\"},\"sameAs\":[\"https:\/\/www.facebook.com\/Footdavant\/\",\"https:\/\/twitter.com\/FootdavantFr\",\"https:\/\/www.instagram.com\/footdavant.fr\/\"]},{\"@type\":\"Person\",\"@id\":\"https:\/\/footdavant.fr\/actualites\/#\/schema\/person\/bc222566d95871b37e597b3ed3ba5e1d\",\"name\":\"Cl\u00e9ment\",\"image\":{\"@type\":\"ImageObject\",\"inLanguage\":\"fr-FR\",\"@id\":\"https:\/\/footdavant.fr\/actualites\/#\/schema\/person\/image\/\",\"url\":\"https:\/\/secure.gravatar.com\/avatar\/7728b29aac2719421e1a9159b2254c44?s=96&d=mm&r=g\",\"contentUrl\":\"https:\/\/secure.gravatar.com\/avatar\/7728b29aac2719421e1a9159b2254c44?s=96&d=mm&r=g\",\"caption\":\"Cl\u00e9ment\"},\"sameAs\":[\"https:\/\/footdavant.fr\/\"]}]}<\/script>\n<!-- \/ Yoast SEO plugin. -->","yoast_head_json":{"title":"Le Real Madrid \"donne la priorit\u00e9 \u00e0 Kylian Mbapp\u00e9 plut\u00f4t qu'\u00e0 Erling Haaland\"","robots":{"index":"index","follow":"follow","max-snippet":"max-snippet:-1","max-image-preview":"max-image-preview:large","max-video-preview":"max-video-preview:-1"},"canonical":"https:\/\/footdavant.fr\/actualites\/le-real-madrid-donne-la-priorite-a-kylian-mbappe-plutot-qua-erling-haaland\/","og_locale":"fr_FR","og_type":"article","og_title":"Le Real Madrid \"donne la priorit\u00e9 \u00e0 Kylian Mbapp\u00e9 plut\u00f4t qu'\u00e0 Erling Haaland\"","og_description":"Le Real Madrid donne la priorit\u00e9 \u00e0 Kylian Mbappe du Paris Saint-Germain plut\u00f4t qu&rsquo;\u00e0 Erling Haaland de Manchester City en 2024, selon un rapport. Real","og_url":"https:\/\/footdavant.fr\/actualites\/le-real-madrid-donne-la-priorite-a-kylian-mbappe-plutot-qua-erling-haaland\/","og_site_name":"Foot d&#039;avant","article_publisher":"https:\/\/www.facebook.com\/Footdavant\/","article_published_time":"2023-11-07T17:17:09+00:00","og_image":[{"width":640,"height":480,"url":"https:\/\/footdavant.fr\/actualites\/wp-content\/uploads\/2023\/11\/Le-Real-Madrid-donne-la-priorite-a-Kylian-Mbappe-plutot.JPG","type":"image\/jpeg"}],"author":"Cl\u00e9ment","twitter_card":"summary_large_image","twitter_creator":"@FootdavantFr","twitter_site":"@FootdavantFr","twitter_misc":{"\u00c9crit par":"Cl\u00e9ment","Dur\u00e9e de lecture estim\u00e9e":"3 minutes"},"schema":{"@context":"https:\/\/schema.org","@graph":[{"@type":"Article","@id":"https:\/\/footdavant.fr\/actualites\/le-real-madrid-donne-la-priorite-a-kylian-mbappe-plutot-qua-erling-haaland\/#article","isPartOf":{"@id":"https:\/\/footdavant.fr\/actualites\/le-real-madrid-donne-la-priorite-a-kylian-mbappe-plutot-qua-erling-haaland\/"},"author":{"name":"Cl\u00e9ment","@id":"https:\/\/footdavant.fr\/actualites\/#\/schema\/person\/bc222566d95871b37e597b3ed3ba5e1d"},"headline":"Le Real Madrid \u00ab\u00a0donne la priorit\u00e9 \u00e0 Kylian Mbapp\u00e9 plut\u00f4t qu&rsquo;\u00e0 Erling Haaland\u00a0\u00bb","datePublished":"2023-11-07T17:17:09+00:00","dateModified":"2023-11-07T17:17:09+00:00","mainEntityOfPage":{"@id":"https:\/\/footdavant.fr\/actualites\/le-real-madrid-donne-la-priorite-a-kylian-mbappe-plutot-qua-erling-haaland\/"},"wordCount":600,"publisher":{"@id":"https:\/\/footdavant.fr\/actualites\/#organization"},"keywords":["donne","Erling","Haaland","Kylian","Madrid","Mbappe","plut\u00f4t","priorit\u00e9","qu\u00e0","Real"],"articleSection":["Premier League"],"inLanguage":"fr-FR"},{"@type":"WebPage","@id":"https:\/\/footdavant.fr\/actualites\/le-real-madrid-donne-la-priorite-a-kylian-mbappe-plutot-qua-erling-haaland\/","url":"https:\/\/footdavant.fr\/actualites\/le-real-madrid-donne-la-priorite-a-kylian-mbappe-plutot-qua-erling-haaland\/","name":"Le Real Madrid \"donne la priorit\u00e9 \u00e0 Kylian Mbapp\u00e9 plut\u00f4t qu'\u00e0 Erling Haaland\"","isPartOf":{"@id":"https:\/\/footdavant.fr\/actualites\/#website"},"datePublished":"2023-11-07T17:17:09+00:00","dateModified":"2023-11-07T17:17:09+00:00","breadcrumb":{"@id":"https:\/\/footdavant.fr\/actualites\/le-real-madrid-donne-la-priorite-a-kylian-mbappe-plutot-qua-erling-haaland\/#breadcrumb"},"inLanguage":"fr-FR","potentialAction":[{"@type":"ReadAction","target":["https:\/\/footdavant.fr\/actualites\/le-real-madrid-donne-la-priorite-a-kylian-mbappe-plutot-qua-erling-haaland\/"]}]},{"@type":"BreadcrumbList","@id":"https:\/\/footdavant.fr\/actualites\/le-real-madrid-donne-la-priorite-a-kylian-mbappe-plutot-qua-erling-haaland\/#breadcrumb","itemListElement":[{"@type":"ListItem","position":1,"name":"Accueil","item":"https:\/\/footdavant.fr\/actualites\/"},{"@type":"ListItem","position":2,"name":"Le Real Madrid \u00ab\u00a0donne la priorit\u00e9 \u00e0 Kylian Mbapp\u00e9 plut\u00f4t qu&rsquo;\u00e0 Erling Haaland\u00a0\u00bb"}]},{"@type":"WebSite","@id":"https:\/\/footdavant.fr\/actualites\/#website","url":"https:\/\/footdavant.fr\/actualites\/","name":"Foot d'avant","description":"","publisher":{"@id":"https:\/\/footdavant.fr\/actualites\/#organization"},"potentialAction":[{"@type":"SearchAction","target":{"@type":"EntryPoint","urlTemplate":"https:\/\/footdavant.fr\/actualites\/?s={search_term_string}"},"query-input":"required name=search_term_string"}],"inLanguage":"fr-FR"},{"@type":"Organization","@id":"https:\/\/footdavant.fr\/actualites\/#organization","name":"Foot d'avant","url":"https:\/\/footdavant.fr\/actualites\/","logo":{"@type":"ImageObject","inLanguage":"fr-FR","@id":"https:\/\/footdavant.fr\/actualites\/#\/schema\/logo\/image\/","url":"https:\/\/footdavant.fr\/actualites\/wp-content\/uploads\/2023\/09\/Copy-of-FootDavant-Logo.png","contentUrl":"https:\/\/footdavant.fr\/actualites\/wp-content\/uploads\/2023\/09\/Copy-of-FootDavant-Logo.png","width":936,"height":549,"caption":"Foot d'avant"},"image":{"@id":"https:\/\/footdavant.fr\/actualites\/#\/schema\/logo\/image\/"},"sameAs":["https:\/\/www.facebook.com\/Footdavant\/","https:\/\/twitter.com\/FootdavantFr","https:\/\/www.instagram.com\/footdavant.fr\/"]},{"@type":"Person","@id":"https:\/\/footdavant.fr\/actualites\/#\/schema\/person\/bc222566d95871b37e597b3ed3ba5e1d","name":"Cl\u00e9ment","image":{"@type":"ImageObject","inLanguage":"fr-FR","@id":"https:\/\/footdavant.fr\/actualites\/#\/schema\/person\/image\/","url":"https:\/\/secure.gravatar.com\/avatar\/7728b29aac2719421e1a9159b2254c44?s=96&d=mm&r=g","contentUrl":"https:\/\/secure.gravatar.com\/avatar\/7728b29aac2719421e1a9159b2254c44?s=96&d=mm&r=g","caption":"Cl\u00e9ment"},"sameAs":["https:\/\/footdavant.fr\/"]}]}},"_links":{"self":[{"href":"https:\/\/footdavant.fr\/actualites\/wp-json\/wp\/v2\/posts\/483"}],"collection":[{"href":"https:\/\/footdavant.fr\/actualites\/wp-json\/wp\/v2\/posts"}],"about":[{"href":"https:\/\/footdavant.fr\/actualites\/wp-json\/wp\/v2\/types\/post"}],"author":[{"embeddable":true,"href":"https:\/\/footdavant.fr\/actualites\/wp-json\/wp\/v2\/users\/1"}],"replies":[{"embeddable":true,"href":"https:\/\/footdavant.fr\/actualites\/wp-json\/wp\/v2\/comments?post=483"}],"version-history":[{"count":1,"href":"https:\/\/footdavant.fr\/actualites\/wp-json\/wp\/v2\/posts\/483\/revisions"}],"predecessor-version":[{"id":485,"href":"https:\/\/footdavant.fr\/actualites\/wp-json\/wp\/v2\/posts\/483\/revisions\/485"}],"wp:featuredmedia":[{"embeddable":true,"href":"https:\/\/footdavant.fr\/actualites\/wp-json\/wp\/v2\/media\/484"}],"wp:attachment":[{"href":"https:\/\/footdavant.fr\/actualites\/wp-json\/wp\/v2\/media?parent=483"}],"wp:term":[{"taxonomy":"category","embeddable":true,"href":"https:\/\/footdavant.fr\/actualites\/wp-json\/wp\/v2\/categories?post=483"},{"taxonomy":"post_tag","embeddable":true,"href":"https:\/\/footdavant.fr\/actualites\/wp-json\/wp\/v2\/tags?post=483"}],"curies":[{"name":"wp","href":"https:\/\/api.w.org\/{rel}","templated":true}]}}