{"id":492,"date":"2023-11-07T20:50:16","date_gmt":"2023-11-07T19:50:16","guid":{"rendered":"https:\/\/footdavant.fr\/actualites\/erik-ten-hag-salue-harry-maguire-pour-sa-performance-massive\/"},"modified":"2023-11-07T20:50:17","modified_gmt":"2023-11-07T19:50:17","slug":"erik-ten-hag-salue-harry-maguire-pour-sa-performance-massive","status":"publish","type":"post","link":"https:\/\/footdavant.fr\/actualites\/erik-ten-hag-salue-harry-maguire-pour-sa-performance-massive\/","title":{"rendered":"Erik ten Hag salue Harry Maguire pour sa performance \u00ab\u00a0massive\u00a0\u00bb"},"content":{"rendered":"<p>L&rsquo;entra\u00eeneur-chef de Manchester United, Erik Ten Hag, f\u00e9licite Harry Maguire pour sa performance lors de la victoire 1-0 contre Fulham samedi.<\/p>\n<div id=\"article_body\" itemprop=\"articleBody\">\n<h3 class=\"firstPara\">\n<strong class=\"autotag\">Manchester United<\/strong> l&rsquo;entra\u00eeneur-chef <strong class=\"autotag\">Erik Ten Hag<\/strong> a rendu hommage \u00e0 <strong class=\"autotag\">Harry Maguire<\/strong> pour sa performance lors de la victoire 1-0 de samedi contre Fulham en Premier League.<\/h3>\n<p>L&rsquo;international anglais a \u00e9t\u00e9 jug\u00e9 exc\u00e9dentaire par rapport aux besoins d&rsquo;Old Trafford cet \u00e9t\u00e9, avec <strong class=\"autotag\">West Ham United<\/strong> on dit qu&rsquo;une offre a \u00e9t\u00e9 accept\u00e9e pour lui.<\/p>\n<p>Maguire, cependant, a refus\u00e9 l&rsquo;opportunit\u00e9 de rejoindre les Hammers en faveur de se battre pour revenir dans le premier XI \u00e0 Man United.<\/p>\n<p>Une blessure \u00e0 <strong class=\"autotag\">Lisandro Martinez<\/strong> a ouvert la porte au retour de l&rsquo;ancien jeune de Sheffield United, et il a \u00e9t\u00e9 omnipr\u00e9sent lors des derniers matches, commen\u00e7ant les six derniers matches de l&rsquo;\u00e9quipe toutes comp\u00e9titions confondues.<\/p>\n<p><strong class=\"autotag\">Rapha\u00ebl Varane<\/strong> a encore eu des probl\u00e8mes de condition physique cette saison, et le Fran\u00e7ais a \u00e9galement \u00e9t\u00e9 laiss\u00e9 de c\u00f4t\u00e9, avec <strong class=\"autotag\">Jonny Evans<\/strong> et Maguire devant lui lors du derby de Manchester le week-end dernier.<\/p>\n<p class=\"imgI\">\n<p>Avec Martinez absent suite \u00e0 une op\u00e9ration au pied, il y a un argument selon lequel Maguire est d\u00e9sormais le d\u00e9fenseur central de premier choix en raison de sa forme impressionnante, et il sera dans le onze contre Copenhague en Ligue des champions mercredi soir s&rsquo;il est disponible pour s\u00e9lection.<\/p>\n<p>Le joueur de 30 ans a r\u00e9alis\u00e9 une solide performance contre Fulham samedi, surmontant un premier coup au visage afin de jouer un r\u00f4le cl\u00e9 pour que son \u00e9quipe garde sa cage inviol\u00e9e.<\/p>\n<p>Ten Hag, s&rsquo;exprimant lors de sa conf\u00e9rence de presse d&rsquo;apr\u00e8s-match, a fait l&rsquo;\u00e9loge de l&rsquo;Anglais pour sa \u00ab\u00a0tr\u00e8s bonne performance\u00a0\u00bb \u00e0 Craven Cottage.<\/p>\n<p>\u00ab\u00a0[Maguire] jouait \u00e0 un jeu massif, massif.  Une tr\u00e8s bonne prestation.  Il a fait preuve de leadership et, dans et hors de la possession, il \u00e9tait tr\u00e8s bon, donc je suis tr\u00e8s satisfait de la performance de Harry\u00a0\u00bb, a d\u00e9clar\u00e9 l&rsquo;entra\u00eeneur.<\/p>\n<p class=\"imgI\"><img decoding=\"async\" loading=\"lazy\" class=\"l\" src=\"https:\/\/footdavant.fr\/actualites\/wp-content\/uploads\/2023\/11\/Erik-ten-Hag-salue-Harry-Maguire-pour-sa-performance-massive.jpg\" title=\"Erik Ten Hag, manager de Manchester United, photographi\u00e9 avant le match du 21 octobre 2023\" alt=\"Erik Ten Hag, manager de Manchester United, photographi\u00e9 avant le match du 21 octobre 2023\" width=\"640\" height=\"480\"><\/p>\n<p>Man United a de grandes d\u00e9cisions \u00e0 prendre en ce qui concerne ses postes de d\u00e9fenseur central l&rsquo;ann\u00e9e prochaine, car Maguire n&rsquo;a qu&rsquo;un contrat \u00e0 Old Trafford jusqu&rsquo;en juin 2025, avec une option de 12 mois suppl\u00e9mentaires.<\/p>\n<p>Evans est en fin de contrat l&rsquo;ann\u00e9e prochaine, tout comme <strong class=\"autotag\">Victor Lindelof<\/strong>m\u00eame si le club devrait activer une prolongation d&rsquo;un an pour conserver l&rsquo;international su\u00e9dois.<\/p>\n<p>Martinez est consid\u00e9r\u00e9 comme un joueur essentiel pour l\u2019avenir du club, mais Varane est actuellement fortement li\u00e9 \u00e0 un passage en Arabie Saoudite.<\/p>\n<p>L&rsquo;ancien international fran\u00e7ais a \u00e9t\u00e9 remplac\u00e9 tardivement contre Fulham samedi, et Ten Hag doit maintenant d\u00e9cider s&rsquo;il doit le faire venir contre Copenhague ou rester avec Evans aux c\u00f4t\u00e9s de Maguire.<\/p>\n<p>Lindelof \u00e9tait absent contre <strong class=\"autotag\">Marc Silva<\/strong>pour cause de maladie, mais il devrait revenir pour le match europ\u00e9en, donnant \u00e0 Ten Hag une autre option au milieu de la d\u00e9fense.<\/p>\n<\/div>\n","protected":false},"excerpt":{"rendered":"<p>L&rsquo;entra\u00eeneur-chef de Manchester United, Erik Ten Hag, f\u00e9licite Harry Maguire pour sa performance lors de la victoire 1-0 contre Fulham samedi. Manchester United l&rsquo;entra\u00eeneur-chef Erik<\/p>\n","protected":false},"author":1,"featured_media":493,"comment_status":"closed","ping_status":"","sticky":false,"template":"","format":"standard","meta":{"footnotes":""},"categories":[5],"tags":[190,192,32,33,683,81,51,193,191],"yoast_head":"<!-- This site is optimized with the Yoast SEO plugin v21.0 - https:\/\/yoast.com\/wordpress\/plugins\/seo\/ -->\n<title>Erik ten Hag salue Harry Maguire pour sa performance &quot;massive&quot;<\/title>\n<meta name=\"robots\" content=\"index, follow, max-snippet:-1, max-image-preview:large, max-video-preview:-1\" \/>\n<link rel=\"canonical\" href=\"https:\/\/footdavant.fr\/actualites\/erik-ten-hag-salue-harry-maguire-pour-sa-performance-massive\/\" \/>\n<meta property=\"og:locale\" content=\"fr_FR\" \/>\n<meta property=\"og:type\" content=\"article\" \/>\n<meta property=\"og:title\" content=\"Erik ten Hag salue Harry Maguire pour sa performance &quot;massive&quot;\" \/>\n<meta property=\"og:description\" content=\"L&rsquo;entra\u00eeneur-chef de Manchester United, Erik Ten Hag, f\u00e9licite Harry Maguire pour sa performance lors de la victoire 1-0 contre Fulham samedi. Manchester United l&rsquo;entra\u00eeneur-chef Erik\" \/>\n<meta property=\"og:url\" content=\"https:\/\/footdavant.fr\/actualites\/erik-ten-hag-salue-harry-maguire-pour-sa-performance-massive\/\" \/>\n<meta property=\"og:site_name\" content=\"Foot d&#039;avant\" \/>\n<meta property=\"article:publisher\" content=\"https:\/\/www.facebook.com\/Footdavant\/\" \/>\n<meta property=\"article:published_time\" content=\"2023-11-07T19:50:16+00:00\" \/>\n<meta property=\"article:modified_time\" content=\"2023-11-07T19:50:17+00:00\" \/>\n<meta property=\"og:image\" content=\"https:\/\/footdavant.fr\/actualites\/wp-content\/uploads\/2023\/11\/Erik-ten-Hag-salue-Harry-Maguire-pour-sa-performance-massive.JPG\" \/>\n\t<meta property=\"og:image:width\" content=\"640\" \/>\n\t<meta property=\"og:image:height\" content=\"480\" \/>\n\t<meta property=\"og:image:type\" content=\"image\/jpeg\" \/>\n<meta name=\"author\" content=\"Cl\u00e9ment\" \/>\n<meta name=\"twitter:card\" content=\"summary_large_image\" \/>\n<meta name=\"twitter:creator\" content=\"@FootdavantFr\" \/>\n<meta name=\"twitter:site\" content=\"@FootdavantFr\" \/>\n<meta name=\"twitter:label1\" content=\"\u00c9crit par\" \/>\n\t<meta name=\"twitter:data1\" content=\"Cl\u00e9ment\" \/>\n\t<meta name=\"twitter:label2\" content=\"Dur\u00e9e de lecture estim\u00e9e\" \/>\n\t<meta name=\"twitter:data2\" content=\"2 minutes\" \/>\n<script type=\"application\/ld+json\" class=\"yoast-schema-graph\">{\"@context\":\"https:\/\/schema.org\",\"@graph\":[{\"@type\":\"Article\",\"@id\":\"https:\/\/footdavant.fr\/actualites\/erik-ten-hag-salue-harry-maguire-pour-sa-performance-massive\/#article\",\"isPartOf\":{\"@id\":\"https:\/\/footdavant.fr\/actualites\/erik-ten-hag-salue-harry-maguire-pour-sa-performance-massive\/\"},\"author\":{\"name\":\"Cl\u00e9ment\",\"@id\":\"https:\/\/footdavant.fr\/actualites\/#\/schema\/person\/bc222566d95871b37e597b3ed3ba5e1d\"},\"headline\":\"Erik ten Hag salue Harry Maguire pour sa performance \u00ab\u00a0massive\u00a0\u00bb\",\"datePublished\":\"2023-11-07T19:50:16+00:00\",\"dateModified\":\"2023-11-07T19:50:17+00:00\",\"mainEntityOfPage\":{\"@id\":\"https:\/\/footdavant.fr\/actualites\/erik-ten-hag-salue-harry-maguire-pour-sa-performance-massive\/\"},\"wordCount\":503,\"publisher\":{\"@id\":\"https:\/\/footdavant.fr\/actualites\/#organization\"},\"keywords\":[\"Erik\",\"Hag\",\"Harry\",\"Maguire\",\"massive\",\"performance\",\"pour\",\"salue\",\"ten\"],\"articleSection\":[\"Premier League\"],\"inLanguage\":\"fr-FR\"},{\"@type\":\"WebPage\",\"@id\":\"https:\/\/footdavant.fr\/actualites\/erik-ten-hag-salue-harry-maguire-pour-sa-performance-massive\/\",\"url\":\"https:\/\/footdavant.fr\/actualites\/erik-ten-hag-salue-harry-maguire-pour-sa-performance-massive\/\",\"name\":\"Erik ten Hag salue Harry Maguire pour sa performance \\\"massive\\\"\",\"isPartOf\":{\"@id\":\"https:\/\/footdavant.fr\/actualites\/#website\"},\"datePublished\":\"2023-11-07T19:50:16+00:00\",\"dateModified\":\"2023-11-07T19:50:17+00:00\",\"breadcrumb\":{\"@id\":\"https:\/\/footdavant.fr\/actualites\/erik-ten-hag-salue-harry-maguire-pour-sa-performance-massive\/#breadcrumb\"},\"inLanguage\":\"fr-FR\",\"potentialAction\":[{\"@type\":\"ReadAction\",\"target\":[\"https:\/\/footdavant.fr\/actualites\/erik-ten-hag-salue-harry-maguire-pour-sa-performance-massive\/\"]}]},{\"@type\":\"BreadcrumbList\",\"@id\":\"https:\/\/footdavant.fr\/actualites\/erik-ten-hag-salue-harry-maguire-pour-sa-performance-massive\/#breadcrumb\",\"itemListElement\":[{\"@type\":\"ListItem\",\"position\":1,\"name\":\"Accueil\",\"item\":\"https:\/\/footdavant.fr\/actualites\/\"},{\"@type\":\"ListItem\",\"position\":2,\"name\":\"Erik ten Hag salue Harry Maguire pour sa performance \u00ab\u00a0massive\u00a0\u00bb\"}]},{\"@type\":\"WebSite\",\"@id\":\"https:\/\/footdavant.fr\/actualites\/#website\",\"url\":\"https:\/\/footdavant.fr\/actualites\/\",\"name\":\"Foot d'avant\",\"description\":\"\",\"publisher\":{\"@id\":\"https:\/\/footdavant.fr\/actualites\/#organization\"},\"potentialAction\":[{\"@type\":\"SearchAction\",\"target\":{\"@type\":\"EntryPoint\",\"urlTemplate\":\"https:\/\/footdavant.fr\/actualites\/?s={search_term_string}\"},\"query-input\":\"required name=search_term_string\"}],\"inLanguage\":\"fr-FR\"},{\"@type\":\"Organization\",\"@id\":\"https:\/\/footdavant.fr\/actualites\/#organization\",\"name\":\"Foot d'avant\",\"url\":\"https:\/\/footdavant.fr\/actualites\/\",\"logo\":{\"@type\":\"ImageObject\",\"inLanguage\":\"fr-FR\",\"@id\":\"https:\/\/footdavant.fr\/actualites\/#\/schema\/logo\/image\/\",\"url\":\"https:\/\/footdavant.fr\/actualites\/wp-content\/uploads\/2023\/09\/Copy-of-FootDavant-Logo.png\",\"contentUrl\":\"https:\/\/footdavant.fr\/actualites\/wp-content\/uploads\/2023\/09\/Copy-of-FootDavant-Logo.png\",\"width\":936,\"height\":549,\"caption\":\"Foot d'avant\"},\"image\":{\"@id\":\"https:\/\/footdavant.fr\/actualites\/#\/schema\/logo\/image\/\"},\"sameAs\":[\"https:\/\/www.facebook.com\/Footdavant\/\",\"https:\/\/twitter.com\/FootdavantFr\",\"https:\/\/www.instagram.com\/footdavant.fr\/\"]},{\"@type\":\"Person\",\"@id\":\"https:\/\/footdavant.fr\/actualites\/#\/schema\/person\/bc222566d95871b37e597b3ed3ba5e1d\",\"name\":\"Cl\u00e9ment\",\"image\":{\"@type\":\"ImageObject\",\"inLanguage\":\"fr-FR\",\"@id\":\"https:\/\/footdavant.fr\/actualites\/#\/schema\/person\/image\/\",\"url\":\"https:\/\/secure.gravatar.com\/avatar\/7728b29aac2719421e1a9159b2254c44?s=96&d=mm&r=g\",\"contentUrl\":\"https:\/\/secure.gravatar.com\/avatar\/7728b29aac2719421e1a9159b2254c44?s=96&d=mm&r=g\",\"caption\":\"Cl\u00e9ment\"},\"sameAs\":[\"https:\/\/footdavant.fr\/\"]}]}<\/script>\n<!-- \/ Yoast SEO plugin. -->","yoast_head_json":{"title":"Erik ten Hag salue Harry Maguire pour sa performance \"massive\"","robots":{"index":"index","follow":"follow","max-snippet":"max-snippet:-1","max-image-preview":"max-image-preview:large","max-video-preview":"max-video-preview:-1"},"canonical":"https:\/\/footdavant.fr\/actualites\/erik-ten-hag-salue-harry-maguire-pour-sa-performance-massive\/","og_locale":"fr_FR","og_type":"article","og_title":"Erik ten Hag salue Harry Maguire pour sa performance \"massive\"","og_description":"L&rsquo;entra\u00eeneur-chef de Manchester United, Erik Ten Hag, f\u00e9licite Harry Maguire pour sa performance lors de la victoire 1-0 contre Fulham samedi. Manchester United l&rsquo;entra\u00eeneur-chef Erik","og_url":"https:\/\/footdavant.fr\/actualites\/erik-ten-hag-salue-harry-maguire-pour-sa-performance-massive\/","og_site_name":"Foot d&#039;avant","article_publisher":"https:\/\/www.facebook.com\/Footdavant\/","article_published_time":"2023-11-07T19:50:16+00:00","article_modified_time":"2023-11-07T19:50:17+00:00","og_image":[{"width":640,"height":480,"url":"https:\/\/footdavant.fr\/actualites\/wp-content\/uploads\/2023\/11\/Erik-ten-Hag-salue-Harry-Maguire-pour-sa-performance-massive.JPG","type":"image\/jpeg"}],"author":"Cl\u00e9ment","twitter_card":"summary_large_image","twitter_creator":"@FootdavantFr","twitter_site":"@FootdavantFr","twitter_misc":{"\u00c9crit par":"Cl\u00e9ment","Dur\u00e9e de lecture estim\u00e9e":"2 minutes"},"schema":{"@context":"https:\/\/schema.org","@graph":[{"@type":"Article","@id":"https:\/\/footdavant.fr\/actualites\/erik-ten-hag-salue-harry-maguire-pour-sa-performance-massive\/#article","isPartOf":{"@id":"https:\/\/footdavant.fr\/actualites\/erik-ten-hag-salue-harry-maguire-pour-sa-performance-massive\/"},"author":{"name":"Cl\u00e9ment","@id":"https:\/\/footdavant.fr\/actualites\/#\/schema\/person\/bc222566d95871b37e597b3ed3ba5e1d"},"headline":"Erik ten Hag salue Harry Maguire pour sa performance \u00ab\u00a0massive\u00a0\u00bb","datePublished":"2023-11-07T19:50:16+00:00","dateModified":"2023-11-07T19:50:17+00:00","mainEntityOfPage":{"@id":"https:\/\/footdavant.fr\/actualites\/erik-ten-hag-salue-harry-maguire-pour-sa-performance-massive\/"},"wordCount":503,"publisher":{"@id":"https:\/\/footdavant.fr\/actualites\/#organization"},"keywords":["Erik","Hag","Harry","Maguire","massive","performance","pour","salue","ten"],"articleSection":["Premier League"],"inLanguage":"fr-FR"},{"@type":"WebPage","@id":"https:\/\/footdavant.fr\/actualites\/erik-ten-hag-salue-harry-maguire-pour-sa-performance-massive\/","url":"https:\/\/footdavant.fr\/actualites\/erik-ten-hag-salue-harry-maguire-pour-sa-performance-massive\/","name":"Erik ten Hag salue Harry Maguire pour sa performance \"massive\"","isPartOf":{"@id":"https:\/\/footdavant.fr\/actualites\/#website"},"datePublished":"2023-11-07T19:50:16+00:00","dateModified":"2023-11-07T19:50:17+00:00","breadcrumb":{"@id":"https:\/\/footdavant.fr\/actualites\/erik-ten-hag-salue-harry-maguire-pour-sa-performance-massive\/#breadcrumb"},"inLanguage":"fr-FR","potentialAction":[{"@type":"ReadAction","target":["https:\/\/footdavant.fr\/actualites\/erik-ten-hag-salue-harry-maguire-pour-sa-performance-massive\/"]}]},{"@type":"BreadcrumbList","@id":"https:\/\/footdavant.fr\/actualites\/erik-ten-hag-salue-harry-maguire-pour-sa-performance-massive\/#breadcrumb","itemListElement":[{"@type":"ListItem","position":1,"name":"Accueil","item":"https:\/\/footdavant.fr\/actualites\/"},{"@type":"ListItem","position":2,"name":"Erik ten Hag salue Harry Maguire pour sa performance \u00ab\u00a0massive\u00a0\u00bb"}]},{"@type":"WebSite","@id":"https:\/\/footdavant.fr\/actualites\/#website","url":"https:\/\/footdavant.fr\/actualites\/","name":"Foot d'avant","description":"","publisher":{"@id":"https:\/\/footdavant.fr\/actualites\/#organization"},"potentialAction":[{"@type":"SearchAction","target":{"@type":"EntryPoint","urlTemplate":"https:\/\/footdavant.fr\/actualites\/?s={search_term_string}"},"query-input":"required name=search_term_string"}],"inLanguage":"fr-FR"},{"@type":"Organization","@id":"https:\/\/footdavant.fr\/actualites\/#organization","name":"Foot d'avant","url":"https:\/\/footdavant.fr\/actualites\/","logo":{"@type":"ImageObject","inLanguage":"fr-FR","@id":"https:\/\/footdavant.fr\/actualites\/#\/schema\/logo\/image\/","url":"https:\/\/footdavant.fr\/actualites\/wp-content\/uploads\/2023\/09\/Copy-of-FootDavant-Logo.png","contentUrl":"https:\/\/footdavant.fr\/actualites\/wp-content\/uploads\/2023\/09\/Copy-of-FootDavant-Logo.png","width":936,"height":549,"caption":"Foot d'avant"},"image":{"@id":"https:\/\/footdavant.fr\/actualites\/#\/schema\/logo\/image\/"},"sameAs":["https:\/\/www.facebook.com\/Footdavant\/","https:\/\/twitter.com\/FootdavantFr","https:\/\/www.instagram.com\/footdavant.fr\/"]},{"@type":"Person","@id":"https:\/\/footdavant.fr\/actualites\/#\/schema\/person\/bc222566d95871b37e597b3ed3ba5e1d","name":"Cl\u00e9ment","image":{"@type":"ImageObject","inLanguage":"fr-FR","@id":"https:\/\/footdavant.fr\/actualites\/#\/schema\/person\/image\/","url":"https:\/\/secure.gravatar.com\/avatar\/7728b29aac2719421e1a9159b2254c44?s=96&d=mm&r=g","contentUrl":"https:\/\/secure.gravatar.com\/avatar\/7728b29aac2719421e1a9159b2254c44?s=96&d=mm&r=g","caption":"Cl\u00e9ment"},"sameAs":["https:\/\/footdavant.fr\/"]}]}},"_links":{"self":[{"href":"https:\/\/footdavant.fr\/actualites\/wp-json\/wp\/v2\/posts\/492"}],"collection":[{"href":"https:\/\/footdavant.fr\/actualites\/wp-json\/wp\/v2\/posts"}],"about":[{"href":"https:\/\/footdavant.fr\/actualites\/wp-json\/wp\/v2\/types\/post"}],"author":[{"embeddable":true,"href":"https:\/\/footdavant.fr\/actualites\/wp-json\/wp\/v2\/users\/1"}],"replies":[{"embeddable":true,"href":"https:\/\/footdavant.fr\/actualites\/wp-json\/wp\/v2\/comments?post=492"}],"version-history":[{"count":1,"href":"https:\/\/footdavant.fr\/actualites\/wp-json\/wp\/v2\/posts\/492\/revisions"}],"predecessor-version":[{"id":494,"href":"https:\/\/footdavant.fr\/actualites\/wp-json\/wp\/v2\/posts\/492\/revisions\/494"}],"wp:featuredmedia":[{"embeddable":true,"href":"https:\/\/footdavant.fr\/actualites\/wp-json\/wp\/v2\/media\/493"}],"wp:attachment":[{"href":"https:\/\/footdavant.fr\/actualites\/wp-json\/wp\/v2\/media?parent=492"}],"wp:term":[{"taxonomy":"category","embeddable":true,"href":"https:\/\/footdavant.fr\/actualites\/wp-json\/wp\/v2\/categories?post=492"},{"taxonomy":"post_tag","embeddable":true,"href":"https:\/\/footdavant.fr\/actualites\/wp-json\/wp\/v2\/tags?post=492"}],"curies":[{"name":"wp","href":"https:\/\/api.w.org\/{rel}","templated":true}]}}