{"id":5047,"date":"2024-02-14T00:51:21","date_gmt":"2024-02-13T23:51:21","guid":{"rendered":"https:\/\/footdavant.fr\/actualites\/mauricio-pochettino-fait-le-point-sur-le-trio-defensif-de-chelsea\/"},"modified":"2024-02-14T00:51:21","modified_gmt":"2024-02-13T23:51:21","slug":"mauricio-pochettino-fait-le-point-sur-le-trio-defensif-de-chelsea","status":"publish","type":"post","link":"https:\/\/footdavant.fr\/actualites\/mauricio-pochettino-fait-le-point-sur-le-trio-defensif-de-chelsea\/","title":{"rendered":"Mauricio Pochettino fait le point sur le trio d\u00e9fensif de Chelsea"},"content":{"rendered":"<p>L&rsquo;entra\u00eeneur-chef de Chelsea, Mauricio Pochettino, sugg\u00e8re qu&rsquo;il doit \u00eatre patient quant \u00e0 savoir si trois joueurs d\u00e9fensifs peuvent \u00eatre disponibles pour le match \u00e0 Crystal Palace.<\/p>\n<div id=\"article_body\" itemprop=\"articleBody\">\n<h3 class=\"firstPara\">\n<strong class=\"autotag\">Mauricio Pochettino<\/strong> a r\u00e9v\u00e9l\u00e9 que des d\u00e9cisions n&rsquo;ont pas encore \u00e9t\u00e9 prises concernant les dates de retour de trois des <strong class=\"autotag\">Chelsea<\/strong>Les joueurs \u00e0 l&rsquo;esprit d\u00e9fensif.<\/h3>\n<p>Mercredi soir, les Blues ont renou\u00e9 avec la victoire avec une victoire m\u00e9rit\u00e9e 3-1 sur Aston Villa lors de la rediffusion du quatri\u00e8me tour de la FA Cup.<\/p>\n<p>Cependant, au lendemain de cette rencontre, des doutes subsistent quant \u00e0 la forme physique de plusieurs d\u00e9fenseurs, dont <strong class=\"autotag\">Beno\u00eet Badiashile<\/strong>qui a \u00e9t\u00e9 bless\u00e9 lors des phases finales.<\/p>\n<p>Le Fran\u00e7ais avait impressionn\u00e9 aux c\u00f4t\u00e9s <strong class=\"autotag\">Axel Disasi<\/strong> avant de tomber \u00e0 cause de ce qui semblait \u00eatre un probl\u00e8me \u00e0 l&rsquo;aine, le for\u00e7ant \u00e0 se retirer \u00e0 trois minutes de la fin.<\/p>\n<p><strong class=\"autotag\">Levi Colwill<\/strong> est \u00e9galement rest\u00e9 un absent notable pour le quatri\u00e8me match cons\u00e9cutif en raison de ce qui a \u00e9t\u00e9 initialement d\u00e9crit comme une blessure mineure au tendon.<\/p>\n<p class=\"imgI\">\n<p>Sur une note plus positive, <strong class=\"autotag\">Trevoh Chalobah<\/strong> a fait pression pour faire son retour apr\u00e8s un probl\u00e8me \u00e0 la cuisse apr\u00e8s avoir \u00e9chou\u00e9 \u00e0 faire une apparition en comp\u00e9tition tout au long de la saison 2023-24.<\/p>\n<p>S&rsquo;exprimant en conf\u00e9rence de presse vendredi, Pochettino a comment\u00e9 le trio, laissant entendre qu&rsquo;il attendait toujours des r\u00e9ponses de l&rsquo;\u00e9quipe m\u00e9dicale du club.<\/p>\n<p>Pochettino a d\u00e9clar\u00e9 aux journalistes : \u00ab\u00a0Badiashile, nous devons l&rsquo;\u00e9valuer. Nous devons attendre le scan. Peut-\u00eatre Levi Colwill, nous devons attendre dimanche pour voir s&rsquo;il est possible d&rsquo;\u00eatre disponible.<\/p>\n<p>\u00ab\u00a0Trevoh Chalobah, il va bien, il s&rsquo;entra\u00eene avec l&rsquo;\u00e9quipe. Rien \u00e0 mettre \u00e0 jour pour le moment.\u00a0\u00bb<\/p>\n<p class=\"imgI\"><img decoding=\"async\" loading=\"lazy\" class=\"l\" src=\"https:\/\/footdavant.fr\/actualites\/wp-content\/uploads\/2024\/02\/1707868281_315_Mauricio-Pochettino-fait-le-point-sur-le-trio-defensif-de.JPG\" title=\"Levi Colwill de Chelsea c\u00e9l\u00e8bre apr\u00e8s le match du 25 ao\u00fbt 2023\" alt=\"Levi Colwill de Chelsea c\u00e9l\u00e8bre apr\u00e8s le match du 25 ao\u00fbt 2023\" width=\"640\" height=\"480\"><\/p>\n<p>Colwill et Chalobah ont chacun \u00e9t\u00e9 retir\u00e9s de la mise \u00e0 jour officielle sur les blessures du club, ce qui pourrait indiquer qu&rsquo;ils devraient \u00eatre disponibles pour le match de Premier League de lundi contre Crystal Palace \u00e0 Selhurst Park.<\/p>\n<p>Si Badiashile, comme pr\u00e9vu, est exclu, le duo sera en comp\u00e9tition avec <strong class=\"autotag\">Thiago Silva<\/strong> pour figurer aux c\u00f4t\u00e9s d&rsquo;Axel Disasi au milieu de la ligne arri\u00e8re.<\/p>\n<p>Avec <strong class=\"autotag\">Ben Chilwell<\/strong> Ayant prouv\u00e9 sa forme physique depuis son retour d&rsquo;une blessure aux ischio-jambiers, Colwill n&rsquo;est actuellement pas oblig\u00e9 de suppl\u00e9er \u00e0 l&rsquo;arri\u00e8re gauche, comme il l&rsquo;a fait pendant une grande partie de la saison.<\/p>\n<p>Alors que <strong class=\"autotag\">Malo Gusto<\/strong> s&rsquo;est r\u00e9cemment repos\u00e9 en raison d&rsquo;une fatigue musculaire, l&rsquo;arri\u00e8re droit a depuis disput\u00e9 216 minutes de football en trois apparitions en une semaine.<\/p>\n<\/div>\n","protected":false},"excerpt":{"rendered":"<p>L&rsquo;entra\u00eeneur-chef de Chelsea, Mauricio Pochettino, sugg\u00e8re qu&rsquo;il doit \u00eatre patient quant \u00e0 savoir si trois joueurs d\u00e9fensifs peuvent \u00eatre disponibles pour le match \u00e0 Crystal<\/p>\n","protected":false},"author":1,"featured_media":5048,"comment_status":"closed","ping_status":"","sticky":false,"template":"","format":"standard","meta":{"footnotes":""},"categories":[5],"tags":[171,2285,152,592,47,153,103,845],"yoast_head":"<!-- This site is optimized with the Yoast SEO plugin v21.0 - https:\/\/yoast.com\/wordpress\/plugins\/seo\/ -->\n<title>Mauricio Pochettino fait le point sur le trio d\u00e9fensif de Chelsea<\/title>\n<meta name=\"robots\" content=\"index, follow, max-snippet:-1, max-image-preview:large, max-video-preview:-1\" \/>\n<link rel=\"canonical\" href=\"https:\/\/footdavant.fr\/actualites\/mauricio-pochettino-fait-le-point-sur-le-trio-defensif-de-chelsea\/\" \/>\n<meta property=\"og:locale\" content=\"fr_FR\" \/>\n<meta property=\"og:type\" content=\"article\" \/>\n<meta property=\"og:title\" content=\"Mauricio Pochettino fait le point sur le trio d\u00e9fensif de Chelsea\" \/>\n<meta property=\"og:description\" content=\"L&rsquo;entra\u00eeneur-chef de Chelsea, Mauricio Pochettino, sugg\u00e8re qu&rsquo;il doit \u00eatre patient quant \u00e0 savoir si trois joueurs d\u00e9fensifs peuvent \u00eatre disponibles pour le match \u00e0 Crystal\" \/>\n<meta property=\"og:url\" content=\"https:\/\/footdavant.fr\/actualites\/mauricio-pochettino-fait-le-point-sur-le-trio-defensif-de-chelsea\/\" \/>\n<meta property=\"og:site_name\" content=\"Foot d&#039;avant\" \/>\n<meta property=\"article:publisher\" content=\"https:\/\/www.facebook.com\/Footdavant\/\" \/>\n<meta property=\"article:published_time\" content=\"2024-02-13T23:51:21+00:00\" \/>\n<meta property=\"og:image\" content=\"https:\/\/footdavant.fr\/actualites\/wp-content\/uploads\/2024\/02\/Mauricio-Pochettino-fait-le-point-sur-le-trio-defensif-de.JPG\" \/>\n\t<meta property=\"og:image:width\" content=\"640\" \/>\n\t<meta property=\"og:image:height\" content=\"480\" \/>\n\t<meta property=\"og:image:type\" content=\"image\/jpeg\" \/>\n<meta name=\"author\" content=\"Cl\u00e9ment\" \/>\n<meta name=\"twitter:card\" content=\"summary_large_image\" \/>\n<meta name=\"twitter:creator\" content=\"@FootdavantFr\" \/>\n<meta name=\"twitter:site\" content=\"@FootdavantFr\" \/>\n<meta name=\"twitter:label1\" content=\"\u00c9crit par\" \/>\n\t<meta name=\"twitter:data1\" content=\"Cl\u00e9ment\" \/>\n\t<meta name=\"twitter:label2\" content=\"Dur\u00e9e de lecture estim\u00e9e\" \/>\n\t<meta name=\"twitter:data2\" content=\"2 minutes\" \/>\n<script type=\"application\/ld+json\" class=\"yoast-schema-graph\">{\"@context\":\"https:\/\/schema.org\",\"@graph\":[{\"@type\":\"Article\",\"@id\":\"https:\/\/footdavant.fr\/actualites\/mauricio-pochettino-fait-le-point-sur-le-trio-defensif-de-chelsea\/#article\",\"isPartOf\":{\"@id\":\"https:\/\/footdavant.fr\/actualites\/mauricio-pochettino-fait-le-point-sur-le-trio-defensif-de-chelsea\/\"},\"author\":{\"name\":\"Cl\u00e9ment\",\"@id\":\"https:\/\/footdavant.fr\/actualites\/#\/schema\/person\/bc222566d95871b37e597b3ed3ba5e1d\"},\"headline\":\"Mauricio Pochettino fait le point sur le trio d\u00e9fensif de Chelsea\",\"datePublished\":\"2024-02-13T23:51:21+00:00\",\"dateModified\":\"2024-02-13T23:51:21+00:00\",\"mainEntityOfPage\":{\"@id\":\"https:\/\/footdavant.fr\/actualites\/mauricio-pochettino-fait-le-point-sur-le-trio-defensif-de-chelsea\/\"},\"wordCount\":440,\"publisher\":{\"@id\":\"https:\/\/footdavant.fr\/actualites\/#organization\"},\"keywords\":[\"Chelsea\",\"d\u00e9fensif\",\"fait\",\"Mauricio\",\"Pochettino\",\"point\",\"sur\",\"trio\"],\"articleSection\":[\"Premier League\"],\"inLanguage\":\"fr-FR\"},{\"@type\":\"WebPage\",\"@id\":\"https:\/\/footdavant.fr\/actualites\/mauricio-pochettino-fait-le-point-sur-le-trio-defensif-de-chelsea\/\",\"url\":\"https:\/\/footdavant.fr\/actualites\/mauricio-pochettino-fait-le-point-sur-le-trio-defensif-de-chelsea\/\",\"name\":\"Mauricio Pochettino fait le point sur le trio d\u00e9fensif de Chelsea\",\"isPartOf\":{\"@id\":\"https:\/\/footdavant.fr\/actualites\/#website\"},\"datePublished\":\"2024-02-13T23:51:21+00:00\",\"dateModified\":\"2024-02-13T23:51:21+00:00\",\"breadcrumb\":{\"@id\":\"https:\/\/footdavant.fr\/actualites\/mauricio-pochettino-fait-le-point-sur-le-trio-defensif-de-chelsea\/#breadcrumb\"},\"inLanguage\":\"fr-FR\",\"potentialAction\":[{\"@type\":\"ReadAction\",\"target\":[\"https:\/\/footdavant.fr\/actualites\/mauricio-pochettino-fait-le-point-sur-le-trio-defensif-de-chelsea\/\"]}]},{\"@type\":\"BreadcrumbList\",\"@id\":\"https:\/\/footdavant.fr\/actualites\/mauricio-pochettino-fait-le-point-sur-le-trio-defensif-de-chelsea\/#breadcrumb\",\"itemListElement\":[{\"@type\":\"ListItem\",\"position\":1,\"name\":\"Accueil\",\"item\":\"https:\/\/footdavant.fr\/actualites\/\"},{\"@type\":\"ListItem\",\"position\":2,\"name\":\"Mauricio Pochettino fait le point sur le trio d\u00e9fensif de Chelsea\"}]},{\"@type\":\"WebSite\",\"@id\":\"https:\/\/footdavant.fr\/actualites\/#website\",\"url\":\"https:\/\/footdavant.fr\/actualites\/\",\"name\":\"Foot d'avant\",\"description\":\"\",\"publisher\":{\"@id\":\"https:\/\/footdavant.fr\/actualites\/#organization\"},\"potentialAction\":[{\"@type\":\"SearchAction\",\"target\":{\"@type\":\"EntryPoint\",\"urlTemplate\":\"https:\/\/footdavant.fr\/actualites\/?s={search_term_string}\"},\"query-input\":\"required name=search_term_string\"}],\"inLanguage\":\"fr-FR\"},{\"@type\":\"Organization\",\"@id\":\"https:\/\/footdavant.fr\/actualites\/#organization\",\"name\":\"Foot d'avant\",\"url\":\"https:\/\/footdavant.fr\/actualites\/\",\"logo\":{\"@type\":\"ImageObject\",\"inLanguage\":\"fr-FR\",\"@id\":\"https:\/\/footdavant.fr\/actualites\/#\/schema\/logo\/image\/\",\"url\":\"https:\/\/footdavant.fr\/actualites\/wp-content\/uploads\/2023\/09\/Copy-of-FootDavant-Logo.png\",\"contentUrl\":\"https:\/\/footdavant.fr\/actualites\/wp-content\/uploads\/2023\/09\/Copy-of-FootDavant-Logo.png\",\"width\":936,\"height\":549,\"caption\":\"Foot d'avant\"},\"image\":{\"@id\":\"https:\/\/footdavant.fr\/actualites\/#\/schema\/logo\/image\/\"},\"sameAs\":[\"https:\/\/www.facebook.com\/Footdavant\/\",\"https:\/\/twitter.com\/FootdavantFr\",\"https:\/\/www.instagram.com\/footdavant.fr\/\"]},{\"@type\":\"Person\",\"@id\":\"https:\/\/footdavant.fr\/actualites\/#\/schema\/person\/bc222566d95871b37e597b3ed3ba5e1d\",\"name\":\"Cl\u00e9ment\",\"image\":{\"@type\":\"ImageObject\",\"inLanguage\":\"fr-FR\",\"@id\":\"https:\/\/footdavant.fr\/actualites\/#\/schema\/person\/image\/\",\"url\":\"https:\/\/secure.gravatar.com\/avatar\/7728b29aac2719421e1a9159b2254c44?s=96&d=mm&r=g\",\"contentUrl\":\"https:\/\/secure.gravatar.com\/avatar\/7728b29aac2719421e1a9159b2254c44?s=96&d=mm&r=g\",\"caption\":\"Cl\u00e9ment\"},\"sameAs\":[\"https:\/\/footdavant.fr\/\"]}]}<\/script>\n<!-- \/ Yoast SEO plugin. -->","yoast_head_json":{"title":"Mauricio Pochettino fait le point sur le trio d\u00e9fensif de Chelsea","robots":{"index":"index","follow":"follow","max-snippet":"max-snippet:-1","max-image-preview":"max-image-preview:large","max-video-preview":"max-video-preview:-1"},"canonical":"https:\/\/footdavant.fr\/actualites\/mauricio-pochettino-fait-le-point-sur-le-trio-defensif-de-chelsea\/","og_locale":"fr_FR","og_type":"article","og_title":"Mauricio Pochettino fait le point sur le trio d\u00e9fensif de Chelsea","og_description":"L&rsquo;entra\u00eeneur-chef de Chelsea, Mauricio Pochettino, sugg\u00e8re qu&rsquo;il doit \u00eatre patient quant \u00e0 savoir si trois joueurs d\u00e9fensifs peuvent \u00eatre disponibles pour le match \u00e0 Crystal","og_url":"https:\/\/footdavant.fr\/actualites\/mauricio-pochettino-fait-le-point-sur-le-trio-defensif-de-chelsea\/","og_site_name":"Foot d&#039;avant","article_publisher":"https:\/\/www.facebook.com\/Footdavant\/","article_published_time":"2024-02-13T23:51:21+00:00","og_image":[{"width":640,"height":480,"url":"https:\/\/footdavant.fr\/actualites\/wp-content\/uploads\/2024\/02\/Mauricio-Pochettino-fait-le-point-sur-le-trio-defensif-de.JPG","type":"image\/jpeg"}],"author":"Cl\u00e9ment","twitter_card":"summary_large_image","twitter_creator":"@FootdavantFr","twitter_site":"@FootdavantFr","twitter_misc":{"\u00c9crit par":"Cl\u00e9ment","Dur\u00e9e de lecture estim\u00e9e":"2 minutes"},"schema":{"@context":"https:\/\/schema.org","@graph":[{"@type":"Article","@id":"https:\/\/footdavant.fr\/actualites\/mauricio-pochettino-fait-le-point-sur-le-trio-defensif-de-chelsea\/#article","isPartOf":{"@id":"https:\/\/footdavant.fr\/actualites\/mauricio-pochettino-fait-le-point-sur-le-trio-defensif-de-chelsea\/"},"author":{"name":"Cl\u00e9ment","@id":"https:\/\/footdavant.fr\/actualites\/#\/schema\/person\/bc222566d95871b37e597b3ed3ba5e1d"},"headline":"Mauricio Pochettino fait le point sur le trio d\u00e9fensif de Chelsea","datePublished":"2024-02-13T23:51:21+00:00","dateModified":"2024-02-13T23:51:21+00:00","mainEntityOfPage":{"@id":"https:\/\/footdavant.fr\/actualites\/mauricio-pochettino-fait-le-point-sur-le-trio-defensif-de-chelsea\/"},"wordCount":440,"publisher":{"@id":"https:\/\/footdavant.fr\/actualites\/#organization"},"keywords":["Chelsea","d\u00e9fensif","fait","Mauricio","Pochettino","point","sur","trio"],"articleSection":["Premier League"],"inLanguage":"fr-FR"},{"@type":"WebPage","@id":"https:\/\/footdavant.fr\/actualites\/mauricio-pochettino-fait-le-point-sur-le-trio-defensif-de-chelsea\/","url":"https:\/\/footdavant.fr\/actualites\/mauricio-pochettino-fait-le-point-sur-le-trio-defensif-de-chelsea\/","name":"Mauricio Pochettino fait le point sur le trio d\u00e9fensif de Chelsea","isPartOf":{"@id":"https:\/\/footdavant.fr\/actualites\/#website"},"datePublished":"2024-02-13T23:51:21+00:00","dateModified":"2024-02-13T23:51:21+00:00","breadcrumb":{"@id":"https:\/\/footdavant.fr\/actualites\/mauricio-pochettino-fait-le-point-sur-le-trio-defensif-de-chelsea\/#breadcrumb"},"inLanguage":"fr-FR","potentialAction":[{"@type":"ReadAction","target":["https:\/\/footdavant.fr\/actualites\/mauricio-pochettino-fait-le-point-sur-le-trio-defensif-de-chelsea\/"]}]},{"@type":"BreadcrumbList","@id":"https:\/\/footdavant.fr\/actualites\/mauricio-pochettino-fait-le-point-sur-le-trio-defensif-de-chelsea\/#breadcrumb","itemListElement":[{"@type":"ListItem","position":1,"name":"Accueil","item":"https:\/\/footdavant.fr\/actualites\/"},{"@type":"ListItem","position":2,"name":"Mauricio Pochettino fait le point sur le trio d\u00e9fensif de Chelsea"}]},{"@type":"WebSite","@id":"https:\/\/footdavant.fr\/actualites\/#website","url":"https:\/\/footdavant.fr\/actualites\/","name":"Foot d'avant","description":"","publisher":{"@id":"https:\/\/footdavant.fr\/actualites\/#organization"},"potentialAction":[{"@type":"SearchAction","target":{"@type":"EntryPoint","urlTemplate":"https:\/\/footdavant.fr\/actualites\/?s={search_term_string}"},"query-input":"required name=search_term_string"}],"inLanguage":"fr-FR"},{"@type":"Organization","@id":"https:\/\/footdavant.fr\/actualites\/#organization","name":"Foot d'avant","url":"https:\/\/footdavant.fr\/actualites\/","logo":{"@type":"ImageObject","inLanguage":"fr-FR","@id":"https:\/\/footdavant.fr\/actualites\/#\/schema\/logo\/image\/","url":"https:\/\/footdavant.fr\/actualites\/wp-content\/uploads\/2023\/09\/Copy-of-FootDavant-Logo.png","contentUrl":"https:\/\/footdavant.fr\/actualites\/wp-content\/uploads\/2023\/09\/Copy-of-FootDavant-Logo.png","width":936,"height":549,"caption":"Foot d'avant"},"image":{"@id":"https:\/\/footdavant.fr\/actualites\/#\/schema\/logo\/image\/"},"sameAs":["https:\/\/www.facebook.com\/Footdavant\/","https:\/\/twitter.com\/FootdavantFr","https:\/\/www.instagram.com\/footdavant.fr\/"]},{"@type":"Person","@id":"https:\/\/footdavant.fr\/actualites\/#\/schema\/person\/bc222566d95871b37e597b3ed3ba5e1d","name":"Cl\u00e9ment","image":{"@type":"ImageObject","inLanguage":"fr-FR","@id":"https:\/\/footdavant.fr\/actualites\/#\/schema\/person\/image\/","url":"https:\/\/secure.gravatar.com\/avatar\/7728b29aac2719421e1a9159b2254c44?s=96&d=mm&r=g","contentUrl":"https:\/\/secure.gravatar.com\/avatar\/7728b29aac2719421e1a9159b2254c44?s=96&d=mm&r=g","caption":"Cl\u00e9ment"},"sameAs":["https:\/\/footdavant.fr\/"]}]}},"_links":{"self":[{"href":"https:\/\/footdavant.fr\/actualites\/wp-json\/wp\/v2\/posts\/5047"}],"collection":[{"href":"https:\/\/footdavant.fr\/actualites\/wp-json\/wp\/v2\/posts"}],"about":[{"href":"https:\/\/footdavant.fr\/actualites\/wp-json\/wp\/v2\/types\/post"}],"author":[{"embeddable":true,"href":"https:\/\/footdavant.fr\/actualites\/wp-json\/wp\/v2\/users\/1"}],"replies":[{"embeddable":true,"href":"https:\/\/footdavant.fr\/actualites\/wp-json\/wp\/v2\/comments?post=5047"}],"version-history":[{"count":1,"href":"https:\/\/footdavant.fr\/actualites\/wp-json\/wp\/v2\/posts\/5047\/revisions"}],"predecessor-version":[{"id":5049,"href":"https:\/\/footdavant.fr\/actualites\/wp-json\/wp\/v2\/posts\/5047\/revisions\/5049"}],"wp:featuredmedia":[{"embeddable":true,"href":"https:\/\/footdavant.fr\/actualites\/wp-json\/wp\/v2\/media\/5048"}],"wp:attachment":[{"href":"https:\/\/footdavant.fr\/actualites\/wp-json\/wp\/v2\/media?parent=5047"}],"wp:term":[{"taxonomy":"category","embeddable":true,"href":"https:\/\/footdavant.fr\/actualites\/wp-json\/wp\/v2\/categories?post=5047"},{"taxonomy":"post_tag","embeddable":true,"href":"https:\/\/footdavant.fr\/actualites\/wp-json\/wp\/v2\/tags?post=5047"}],"curies":[{"name":"wp","href":"https:\/\/api.w.org\/{rel}","templated":true}]}}