{"id":5050,"date":"2024-02-14T02:48:47","date_gmt":"2024-02-14T01:48:47","guid":{"rendered":"https:\/\/footdavant.fr\/actualites\/saka-et-le-futur\/"},"modified":"2024-02-14T02:48:49","modified_gmt":"2024-02-14T01:48:49","slug":"saka-et-le-futur","status":"publish","type":"post","link":"https:\/\/footdavant.fr\/actualites\/saka-et-le-futur\/","title":{"rendered":"Saka, et le futur\u2026"},"content":{"rendered":"<p>Bonjour \u00e0 tous.<\/p>\n<p>J&rsquo;esp\u00e8re que vous vous sentez toujours bien apr\u00e8s cette racl\u00e9e que nous avons inflig\u00e9e \u00e0 West Ham dimanche.  Comme toujours, le r\u00e9sum\u00e9 des citations d&rsquo;Andrew est une bonne lecture.  Le regard sombre et \u00e0 mille m\u00e8tres des pens\u00e9es de Vladimir Coufal \u00e9tait apparent dans le format texte.  Je ne sais pas s&rsquo;il a un chien, mais s&rsquo;il en a un, m\u00eame l&rsquo;amour pur et sans m\u00e9lange que vous recevez du meilleur ami de l&rsquo;homme ne lui aurait \u00e9t\u00e9 d&rsquo;aucun r\u00e9confort dimanche soir.<\/p>\n<p>J&rsquo;ai \u00e9galement beaucoup appr\u00e9ci\u00e9 les r\u00e9flexions de Bukayo Saka lors de son entretien avec Sky.  Apr\u00e8s avoir marqu\u00e9 ses 50e et 51e buts pour le club et r\u00e9alis\u00e9 100 buts au total, il a d\u00e9clar\u00e9 :<\/p>\n<blockquote>\n<p>Pour \u00eatre honn\u00eate, je suis vraiment heureux d\u2019y parvenir, mais je ne suis pas s\u00fbr de pouvoir l\u2019\u00eatre aujourd\u2019hui.  J&rsquo;ai rat\u00e9 quelques occasions que je pensais pouvoir marquer, vous savez, mais c&rsquo;est \u00e9videmment un grand exploit, donc j&rsquo;en suis fier.<\/p>\n<\/blockquote>\n<p>La discussion sur la qualit\u00e9 de Bukayo Saka est en quelque sorte redondante \u00e0 ce stade.  N&rsquo;importe qui ayant des yeux peut le constater par lui-m\u00eame et, pour l&rsquo;augmenter, il peut observer sa production.  Pour le club et le pays jusqu&rsquo;\u00e0 pr\u00e9sent cette saison, il compte 20 buts et 14 passes d\u00e9cisives, et comme je l&rsquo;ai dit hier, nous n&rsquo;avons pas l&rsquo;impression de l&rsquo;avoir vu \u00e0 son meilleur niveau.  Ce qui rend ce genre de production d\u2019un jeune de 22 ans encore plus impressionnant.<\/p>\n<p>La question est vraiment : \u00e0 quel point Bukayo Saka peut-il devenir bon ?  Il est clairement tr\u00e8s ambitieux et tr\u00e8s motiv\u00e9, disant apr\u00e8s West Ham :<\/p>\n<blockquote>\n<p>J&rsquo;ai mes propres objectifs.  Je sais que les m\u00e9dias aiment beaucoup comparer les joueurs mais j\u2019essaie juste de rester dans ma voie et de rester concentr\u00e9 sur ce que je voulais accomplir en d\u00e9but de saison.  J&rsquo;y vais toujours et j&rsquo;en ai encore pas mal \u00e0 faire.<\/p>\n<\/blockquote>\n<p>Je suis s\u00fbr que ces objectifs sont un m\u00e9lange d&rsquo;objectifs individuels et collectifs.  Peut-\u00eatre qu&rsquo;il cherche \u00e0 atteindre la barre des 20 buts, quelque chose dont je pense qu&rsquo;il est capable, et cela le mettrait dans le m\u00e9lange avec certains des meilleurs attaquants de tous les temps \u00e0 avoir jou\u00e9 en Premier League.  Ajoutez \u00e0 cela plus de passes d\u00e9cisives (il en a 11 en Premier League et en Ligue des champions combin\u00e9es) et nous avons un joueur qui contribue \u00e0 un nombre important de buts au cours d&rsquo;une saison.  Ce qui pourrait ensuite alimenter ces objectifs collectifs qui consisteront \u00e0 permettre \u00e0 Arsenal de r\u00e9ussir et de remporter un troph\u00e9e.<\/p>\n<p>Il n&rsquo;est pas non plus surprenant qu&rsquo;il soit notre joueur le plus fautif, tant en Premier League qu&rsquo;en Ligue des Champions, avec une moyenne de 2,4 fautes par match en Europe et de 2,1 au niveau national.  C\u2019est malheureusement ce qui arrive aux meilleurs joueurs.  Nous nous inqui\u00e9tons tous de la fr\u00e9quence \u00e0 laquelle il re\u00e7oit des coups de pied, mais c&rsquo;est une cons\u00e9quence directe de sa dangerosit\u00e9.  Je pense que cela t\u00e9moigne de sa mentalit\u00e9 qu&rsquo;il ne s&rsquo;est jamais laiss\u00e9 intimider ou intimider par certains des traitements physiques qu&rsquo;il a re\u00e7us.  Il va se relever, repartir, et sa r\u00e9ponse est d&rsquo;essayer de blesser l&rsquo;adversaire en retour\u2026 avec le ballon.<\/p>\n<p>Le penalty contre West Ham dimanche \u00e9tait \u00e9galement une autre petite d\u00e9monstration de son caract\u00e8re.  Il a rat\u00e9 un moment crucial la saison derni\u00e8re, et m\u00eame si le reste de cette campagne s&rsquo;est d\u00e9roul\u00e9 comme il l&rsquo;a fait pour d&rsquo;autres raisons, cela a d\u00fb \u00eatre dans son esprit.  La saison derni\u00e8re, nous \u00e9tions \u00e0 2-1, il aurait pu faire 3-1, mais nous avons fait match nul 2-2.  Dimanche, c&rsquo;\u00e9tait 1-0, une autre sorte de tournant dans le match, et il \u00e9tait pr\u00eat \u00e0 prendre ses responsabilit\u00e9s.  Rien de tout cela \u00ab\u00a0C&rsquo;est moi qui ai \u00e9t\u00e9 victime d&rsquo;une faute pour que quelqu&rsquo;un d&rsquo;autre puisse le prendre\u00a0\u00bb (ce qui ressemblait toujours un peu plus \u00e0 la superstition qu&rsquo;autre chose).<\/p>\n<p>Tout cela pour dire que ce que nous avons avec Saka maintenant est tellement excitant, et ce que nous pourrions obtenir s&rsquo;il continue sur cet arc le sera encore plus.  Nous voyons un joueur de l\u2019Arsenal Academy non seulement percer pour son club et son pays, mais devenir potentiellement l\u2019un des meilleurs joueurs du monde.  \u00c0 quand remonte la derni\u00e8re fois que cela s\u2019est produit ?  Cesc Fabregas?  Pour autant, son arriv\u00e9e \u00e0 16 ans en provenance de Barcelone le place-t-il dans une cat\u00e9gorie l\u00e9g\u00e8rement diff\u00e9rente ?  Je suppose que vous devez reconna\u00eetre Ashley Cole, m\u00eame si l\u2019endroit o\u00f9 il s\u2019est retrouv\u00e9 (et comment) laisse une pression \u00e9vidente sur son h\u00e9ritage \u00e0 Arsenal.  Avant \u00e7a, c&rsquo;est Liam Brady ?<\/p>\n<p>C&rsquo;est une entreprise \u00e0 garder, et compte tenu de ce que nous savons de son d\u00e9sir de continuer \u00e0 s&rsquo;am\u00e9liorer et \u00e0 contribuer, peut-\u00eatre que l&rsquo;un de ses objectifs individuels est de devenir le meilleur jamais sorti de Hale End.  Et quel privil\u00e8ge ce sera de le voir essayer de r\u00e9aliser cela.<\/p>\n<p>Jusqu&rsquo;\u00e0 demain.<\/p>\n<\/p>\n<p>L&rsquo;article Saka et le futur\u2026 est apparu en premier sur Arseblog\u2026 un blog d&rsquo;Arsenal.<\/p>\n","protected":false},"excerpt":{"rendered":"<p>Bonjour \u00e0 tous. J&rsquo;esp\u00e8re que vous vous sentez toujours bien apr\u00e8s cette racl\u00e9e que nous avons inflig\u00e9e \u00e0 West Ham dimanche. Comme toujours, le r\u00e9sum\u00e9<\/p>\n","protected":false},"author":1,"featured_media":5051,"comment_status":"closed","ping_status":"","sticky":false,"template":"","format":"standard","meta":{"footnotes":""},"categories":[3],"tags":[3665,185],"yoast_head":"<!-- This site is optimized with the Yoast SEO plugin v21.0 - https:\/\/yoast.com\/wordpress\/plugins\/seo\/ -->\n<title>Saka, et le futur\u2026<\/title>\n<meta name=\"robots\" content=\"index, follow, max-snippet:-1, max-image-preview:large, max-video-preview:-1\" \/>\n<link rel=\"canonical\" href=\"https:\/\/footdavant.fr\/actualites\/saka-et-le-futur\/\" \/>\n<meta property=\"og:locale\" content=\"fr_FR\" \/>\n<meta property=\"og:type\" content=\"article\" \/>\n<meta property=\"og:title\" content=\"Saka, et le futur\u2026\" \/>\n<meta property=\"og:description\" content=\"Bonjour \u00e0 tous. J&rsquo;esp\u00e8re que vous vous sentez toujours bien apr\u00e8s cette racl\u00e9e que nous avons inflig\u00e9e \u00e0 West Ham dimanche. Comme toujours, le r\u00e9sum\u00e9\" \/>\n<meta property=\"og:url\" content=\"https:\/\/footdavant.fr\/actualites\/saka-et-le-futur\/\" \/>\n<meta property=\"og:site_name\" content=\"Foot d&#039;avant\" \/>\n<meta property=\"article:publisher\" content=\"https:\/\/www.facebook.com\/Footdavant\/\" \/>\n<meta property=\"article:published_time\" content=\"2024-02-14T01:48:47+00:00\" \/>\n<meta property=\"article:modified_time\" content=\"2024-02-14T01:48:49+00:00\" \/>\n<meta property=\"og:image\" content=\"https:\/\/footdavant.fr\/actualites\/wp-content\/uploads\/2024\/02\/Saka-et-le-futur\u2026.jpg\" \/>\n\t<meta property=\"og:image:width\" content=\"1500\" \/>\n\t<meta property=\"og:image:height\" content=\"750\" \/>\n\t<meta property=\"og:image:type\" content=\"image\/jpeg\" \/>\n<meta name=\"author\" content=\"Cl\u00e9ment\" \/>\n<meta name=\"twitter:card\" content=\"summary_large_image\" \/>\n<meta name=\"twitter:creator\" content=\"@FootdavantFr\" \/>\n<meta name=\"twitter:site\" content=\"@FootdavantFr\" \/>\n<meta name=\"twitter:label1\" content=\"\u00c9crit par\" \/>\n\t<meta name=\"twitter:data1\" content=\"Cl\u00e9ment\" \/>\n\t<meta name=\"twitter:label2\" content=\"Dur\u00e9e de lecture estim\u00e9e\" \/>\n\t<meta name=\"twitter:data2\" content=\"4 minutes\" \/>\n<script type=\"application\/ld+json\" class=\"yoast-schema-graph\">{\"@context\":\"https:\/\/schema.org\",\"@graph\":[{\"@type\":\"Article\",\"@id\":\"https:\/\/footdavant.fr\/actualites\/saka-et-le-futur\/#article\",\"isPartOf\":{\"@id\":\"https:\/\/footdavant.fr\/actualites\/saka-et-le-futur\/\"},\"author\":{\"name\":\"Cl\u00e9ment\",\"@id\":\"https:\/\/footdavant.fr\/actualites\/#\/schema\/person\/bc222566d95871b37e597b3ed3ba5e1d\"},\"headline\":\"Saka, et le futur\u2026\",\"datePublished\":\"2024-02-14T01:48:47+00:00\",\"dateModified\":\"2024-02-14T01:48:49+00:00\",\"mainEntityOfPage\":{\"@id\":\"https:\/\/footdavant.fr\/actualites\/saka-et-le-futur\/\"},\"wordCount\":883,\"publisher\":{\"@id\":\"https:\/\/footdavant.fr\/actualites\/#organization\"},\"keywords\":[\"futur\",\"Saka\"],\"articleSection\":[\"Football\"],\"inLanguage\":\"fr-FR\"},{\"@type\":\"WebPage\",\"@id\":\"https:\/\/footdavant.fr\/actualites\/saka-et-le-futur\/\",\"url\":\"https:\/\/footdavant.fr\/actualites\/saka-et-le-futur\/\",\"name\":\"Saka, et le futur\u2026\",\"isPartOf\":{\"@id\":\"https:\/\/footdavant.fr\/actualites\/#website\"},\"datePublished\":\"2024-02-14T01:48:47+00:00\",\"dateModified\":\"2024-02-14T01:48:49+00:00\",\"breadcrumb\":{\"@id\":\"https:\/\/footdavant.fr\/actualites\/saka-et-le-futur\/#breadcrumb\"},\"inLanguage\":\"fr-FR\",\"potentialAction\":[{\"@type\":\"ReadAction\",\"target\":[\"https:\/\/footdavant.fr\/actualites\/saka-et-le-futur\/\"]}]},{\"@type\":\"BreadcrumbList\",\"@id\":\"https:\/\/footdavant.fr\/actualites\/saka-et-le-futur\/#breadcrumb\",\"itemListElement\":[{\"@type\":\"ListItem\",\"position\":1,\"name\":\"Accueil\",\"item\":\"https:\/\/footdavant.fr\/actualites\/\"},{\"@type\":\"ListItem\",\"position\":2,\"name\":\"Saka, et le futur\u2026\"}]},{\"@type\":\"WebSite\",\"@id\":\"https:\/\/footdavant.fr\/actualites\/#website\",\"url\":\"https:\/\/footdavant.fr\/actualites\/\",\"name\":\"Foot d'avant\",\"description\":\"\",\"publisher\":{\"@id\":\"https:\/\/footdavant.fr\/actualites\/#organization\"},\"potentialAction\":[{\"@type\":\"SearchAction\",\"target\":{\"@type\":\"EntryPoint\",\"urlTemplate\":\"https:\/\/footdavant.fr\/actualites\/?s={search_term_string}\"},\"query-input\":\"required name=search_term_string\"}],\"inLanguage\":\"fr-FR\"},{\"@type\":\"Organization\",\"@id\":\"https:\/\/footdavant.fr\/actualites\/#organization\",\"name\":\"Foot d'avant\",\"url\":\"https:\/\/footdavant.fr\/actualites\/\",\"logo\":{\"@type\":\"ImageObject\",\"inLanguage\":\"fr-FR\",\"@id\":\"https:\/\/footdavant.fr\/actualites\/#\/schema\/logo\/image\/\",\"url\":\"https:\/\/footdavant.fr\/actualites\/wp-content\/uploads\/2023\/09\/Copy-of-FootDavant-Logo.png\",\"contentUrl\":\"https:\/\/footdavant.fr\/actualites\/wp-content\/uploads\/2023\/09\/Copy-of-FootDavant-Logo.png\",\"width\":936,\"height\":549,\"caption\":\"Foot d'avant\"},\"image\":{\"@id\":\"https:\/\/footdavant.fr\/actualites\/#\/schema\/logo\/image\/\"},\"sameAs\":[\"https:\/\/www.facebook.com\/Footdavant\/\",\"https:\/\/twitter.com\/FootdavantFr\",\"https:\/\/www.instagram.com\/footdavant.fr\/\"]},{\"@type\":\"Person\",\"@id\":\"https:\/\/footdavant.fr\/actualites\/#\/schema\/person\/bc222566d95871b37e597b3ed3ba5e1d\",\"name\":\"Cl\u00e9ment\",\"image\":{\"@type\":\"ImageObject\",\"inLanguage\":\"fr-FR\",\"@id\":\"https:\/\/footdavant.fr\/actualites\/#\/schema\/person\/image\/\",\"url\":\"https:\/\/secure.gravatar.com\/avatar\/7728b29aac2719421e1a9159b2254c44?s=96&d=mm&r=g\",\"contentUrl\":\"https:\/\/secure.gravatar.com\/avatar\/7728b29aac2719421e1a9159b2254c44?s=96&d=mm&r=g\",\"caption\":\"Cl\u00e9ment\"},\"sameAs\":[\"https:\/\/footdavant.fr\/\"]}]}<\/script>\n<!-- \/ Yoast SEO plugin. -->","yoast_head_json":{"title":"Saka, et le futur\u2026","robots":{"index":"index","follow":"follow","max-snippet":"max-snippet:-1","max-image-preview":"max-image-preview:large","max-video-preview":"max-video-preview:-1"},"canonical":"https:\/\/footdavant.fr\/actualites\/saka-et-le-futur\/","og_locale":"fr_FR","og_type":"article","og_title":"Saka, et le futur\u2026","og_description":"Bonjour \u00e0 tous. J&rsquo;esp\u00e8re que vous vous sentez toujours bien apr\u00e8s cette racl\u00e9e que nous avons inflig\u00e9e \u00e0 West Ham dimanche. Comme toujours, le r\u00e9sum\u00e9","og_url":"https:\/\/footdavant.fr\/actualites\/saka-et-le-futur\/","og_site_name":"Foot d&#039;avant","article_publisher":"https:\/\/www.facebook.com\/Footdavant\/","article_published_time":"2024-02-14T01:48:47+00:00","article_modified_time":"2024-02-14T01:48:49+00:00","og_image":[{"width":1500,"height":750,"url":"https:\/\/footdavant.fr\/actualites\/wp-content\/uploads\/2024\/02\/Saka-et-le-futur\u2026.jpg","type":"image\/jpeg"}],"author":"Cl\u00e9ment","twitter_card":"summary_large_image","twitter_creator":"@FootdavantFr","twitter_site":"@FootdavantFr","twitter_misc":{"\u00c9crit par":"Cl\u00e9ment","Dur\u00e9e de lecture estim\u00e9e":"4 minutes"},"schema":{"@context":"https:\/\/schema.org","@graph":[{"@type":"Article","@id":"https:\/\/footdavant.fr\/actualites\/saka-et-le-futur\/#article","isPartOf":{"@id":"https:\/\/footdavant.fr\/actualites\/saka-et-le-futur\/"},"author":{"name":"Cl\u00e9ment","@id":"https:\/\/footdavant.fr\/actualites\/#\/schema\/person\/bc222566d95871b37e597b3ed3ba5e1d"},"headline":"Saka, et le futur\u2026","datePublished":"2024-02-14T01:48:47+00:00","dateModified":"2024-02-14T01:48:49+00:00","mainEntityOfPage":{"@id":"https:\/\/footdavant.fr\/actualites\/saka-et-le-futur\/"},"wordCount":883,"publisher":{"@id":"https:\/\/footdavant.fr\/actualites\/#organization"},"keywords":["futur","Saka"],"articleSection":["Football"],"inLanguage":"fr-FR"},{"@type":"WebPage","@id":"https:\/\/footdavant.fr\/actualites\/saka-et-le-futur\/","url":"https:\/\/footdavant.fr\/actualites\/saka-et-le-futur\/","name":"Saka, et le futur\u2026","isPartOf":{"@id":"https:\/\/footdavant.fr\/actualites\/#website"},"datePublished":"2024-02-14T01:48:47+00:00","dateModified":"2024-02-14T01:48:49+00:00","breadcrumb":{"@id":"https:\/\/footdavant.fr\/actualites\/saka-et-le-futur\/#breadcrumb"},"inLanguage":"fr-FR","potentialAction":[{"@type":"ReadAction","target":["https:\/\/footdavant.fr\/actualites\/saka-et-le-futur\/"]}]},{"@type":"BreadcrumbList","@id":"https:\/\/footdavant.fr\/actualites\/saka-et-le-futur\/#breadcrumb","itemListElement":[{"@type":"ListItem","position":1,"name":"Accueil","item":"https:\/\/footdavant.fr\/actualites\/"},{"@type":"ListItem","position":2,"name":"Saka, et le futur\u2026"}]},{"@type":"WebSite","@id":"https:\/\/footdavant.fr\/actualites\/#website","url":"https:\/\/footdavant.fr\/actualites\/","name":"Foot d'avant","description":"","publisher":{"@id":"https:\/\/footdavant.fr\/actualites\/#organization"},"potentialAction":[{"@type":"SearchAction","target":{"@type":"EntryPoint","urlTemplate":"https:\/\/footdavant.fr\/actualites\/?s={search_term_string}"},"query-input":"required name=search_term_string"}],"inLanguage":"fr-FR"},{"@type":"Organization","@id":"https:\/\/footdavant.fr\/actualites\/#organization","name":"Foot d'avant","url":"https:\/\/footdavant.fr\/actualites\/","logo":{"@type":"ImageObject","inLanguage":"fr-FR","@id":"https:\/\/footdavant.fr\/actualites\/#\/schema\/logo\/image\/","url":"https:\/\/footdavant.fr\/actualites\/wp-content\/uploads\/2023\/09\/Copy-of-FootDavant-Logo.png","contentUrl":"https:\/\/footdavant.fr\/actualites\/wp-content\/uploads\/2023\/09\/Copy-of-FootDavant-Logo.png","width":936,"height":549,"caption":"Foot d'avant"},"image":{"@id":"https:\/\/footdavant.fr\/actualites\/#\/schema\/logo\/image\/"},"sameAs":["https:\/\/www.facebook.com\/Footdavant\/","https:\/\/twitter.com\/FootdavantFr","https:\/\/www.instagram.com\/footdavant.fr\/"]},{"@type":"Person","@id":"https:\/\/footdavant.fr\/actualites\/#\/schema\/person\/bc222566d95871b37e597b3ed3ba5e1d","name":"Cl\u00e9ment","image":{"@type":"ImageObject","inLanguage":"fr-FR","@id":"https:\/\/footdavant.fr\/actualites\/#\/schema\/person\/image\/","url":"https:\/\/secure.gravatar.com\/avatar\/7728b29aac2719421e1a9159b2254c44?s=96&d=mm&r=g","contentUrl":"https:\/\/secure.gravatar.com\/avatar\/7728b29aac2719421e1a9159b2254c44?s=96&d=mm&r=g","caption":"Cl\u00e9ment"},"sameAs":["https:\/\/footdavant.fr\/"]}]}},"_links":{"self":[{"href":"https:\/\/footdavant.fr\/actualites\/wp-json\/wp\/v2\/posts\/5050"}],"collection":[{"href":"https:\/\/footdavant.fr\/actualites\/wp-json\/wp\/v2\/posts"}],"about":[{"href":"https:\/\/footdavant.fr\/actualites\/wp-json\/wp\/v2\/types\/post"}],"author":[{"embeddable":true,"href":"https:\/\/footdavant.fr\/actualites\/wp-json\/wp\/v2\/users\/1"}],"replies":[{"embeddable":true,"href":"https:\/\/footdavant.fr\/actualites\/wp-json\/wp\/v2\/comments?post=5050"}],"version-history":[{"count":1,"href":"https:\/\/footdavant.fr\/actualites\/wp-json\/wp\/v2\/posts\/5050\/revisions"}],"predecessor-version":[{"id":5052,"href":"https:\/\/footdavant.fr\/actualites\/wp-json\/wp\/v2\/posts\/5050\/revisions\/5052"}],"wp:featuredmedia":[{"embeddable":true,"href":"https:\/\/footdavant.fr\/actualites\/wp-json\/wp\/v2\/media\/5051"}],"wp:attachment":[{"href":"https:\/\/footdavant.fr\/actualites\/wp-json\/wp\/v2\/media?parent=5050"}],"wp:term":[{"taxonomy":"category","embeddable":true,"href":"https:\/\/footdavant.fr\/actualites\/wp-json\/wp\/v2\/categories?post=5050"},{"taxonomy":"post_tag","embeddable":true,"href":"https:\/\/footdavant.fr\/actualites\/wp-json\/wp\/v2\/tags?post=5050"}],"curies":[{"name":"wp","href":"https:\/\/api.w.org\/{rel}","templated":true}]}}