{"id":5056,"date":"2024-02-14T04:55:55","date_gmt":"2024-02-14T03:55:55","guid":{"rendered":"https:\/\/footdavant.fr\/actualites\/le-president-de-naples-revele-lechec-de-la-decision-de-radu-dragusin-de-tottenham-hotspur\/"},"modified":"2024-02-14T04:55:57","modified_gmt":"2024-02-14T03:55:57","slug":"le-president-de-naples-revele-lechec-de-la-decision-de-radu-dragusin-de-tottenham-hotspur","status":"publish","type":"post","link":"https:\/\/footdavant.fr\/actualites\/le-president-de-naples-revele-lechec-de-la-decision-de-radu-dragusin-de-tottenham-hotspur\/","title":{"rendered":"Le pr\u00e9sident de Naples r\u00e9v\u00e8le l&rsquo;\u00e9chec de la d\u00e9cision de Radu Dragusin de Tottenham Hotspur"},"content":{"rendered":"<p>Le pr\u00e9sident de Naples, Aurelio De Laurentiis, confirme que son \u00e9quipe a tent\u00e9 sans succ\u00e8s de d\u00e9tourner le transfert de Tottenham Hotspur en janvier pour le d\u00e9fenseur roumain Radu Dragusin.<\/p>\n<div id=\"article_body\" itemprop=\"articleBody\">\n<h3 class=\"firstPara\">\n<strong class=\"autotag\">Naples<\/strong> pr\u00e9sident <strong class=\"autotag\">Aurelio De Laurentiis<\/strong> a confirm\u00e9 que les champions italiens avaient tent\u00e9 sans succ\u00e8s de d\u00e9tourner <strong class=\"autotag\">Tottenham Hotspur<\/strong>c&rsquo;est un geste pour <strong class=\"autotag\">Radu Dragousine<\/strong> le mois dernier.<\/h3>\n<p>L&rsquo;international roumain \u00e9tait un favori lors du mercato de janvier apr\u00e8s s&rsquo;\u00eatre fait conna\u00eetre avec <strong class=\"autotag\">G\u00eanes<\/strong>marquant deux buts lors de ses 19 premi\u00e8res apparitions en Serie A de la nouvelle saison.<\/p>\n<p>Tottenham et le Bayern Munich se livraient une vive bataille pour la signature de Dragusin, mais le joueur de 22 ans a finalement d\u00e9cid\u00e9 de faire progresser sa carri\u00e8re dans le nord de Londres, les Spurs ayant conclu un premier accord de 21,4 millions de livres sterling avec G\u00eanes.<\/p>\n<p>Dragusin a sign\u00e9 un contrat \u00e0 long terme avec Tottenham jusqu&rsquo;\u00e0 l&rsquo;\u00e9t\u00e9 2030, et lui et son agent ont r\u00e9v\u00e9l\u00e9 qu&rsquo;il avait rejet\u00e9 l&rsquo;opportunit\u00e9 de d\u00e9m\u00e9nager au Bayern afin de rejoindre <strong class=\"autotag\">Ange Postecoglou<\/strong>du c\u00f4t\u00e9.<\/p>\n<p>Malgr\u00e9 l&rsquo;int\u00e9r\u00eat de Naples et de l&rsquo;AC Milan, Dragusin a \u00e9galement refus\u00e9 l&rsquo;opportunit\u00e9 de rester en Serie A, et le pr\u00e9sident des Partenopei s&rsquo;est ouvert \u00e0 la poursuite de son \u00e9quipe pour <em>Quartier Naples<\/em>.<\/p>\n<p class=\"imgI\">\n<p>Comme cit\u00e9 par le <em>Norme du soir<\/em>De Laurentiis a affirm\u00e9 que Naples offrait \u00e0 Dragusin un meilleur package financier que le Bayern et Tottenham, mais l&rsquo;international roumain avait \u00e0 c\u0153ur de d\u00e9m\u00e9nager au nord de Londres.<\/p>\n<p>\u00ab\u00a0Je lui avais offert plus qu&rsquo;\u00e0 quiconque : personne ne lui avait donn\u00e9 les chiffres que nous lui aurions garantis\u00a0\u00bb, a d\u00e9clar\u00e9 De Laurentiis.  \u00ab\u00a0G\u00eanes m&rsquo;a r\u00e9pondu : &lsquo;Le Bayern Munich est aussi l\u00e0, mais le gar\u00e7on veut vraiment l&rsquo;Angleterre&rsquo;. <\/p>\n<p>\u00ab\u00a0Ce n&rsquo;\u00e9tait pas une question d&rsquo;argent, car \u00e7a ne se passe pas toujours comme \u00e7a quand on essaie de recruter un footballeur. S&rsquo;ils vous disent que le talent que vous souhaitez embaucher se voit ailleurs, aspire \u00e0 certaines ligues, vous pouvez\u00a0\u00bb \u00ab\u00a0Je n&rsquo;ai pas pu m&#8217;emp\u00eacher d&rsquo;arr\u00eater. Nous avons fait notre part, mais son choix \u00e9tait diff\u00e9rent.\u00a0\u00bb<\/p>\n<p>Dragusin \u00e9tait l&rsquo;un des trois nouveaux visages \u00e0 rejoindre Tottenham lors du mercato de janvier. <strong class=\"autotag\">Timo Werner<\/strong> arriv\u00e9 en pr\u00eat du RB Leipzig, tandis que le milieu de terrain su\u00e9dois <strong class=\"autotag\">Lucas Bergvall<\/strong> a snob\u00e9 Barcelone pour signer pour les Lilywhites, bien qu&rsquo;il ne rejoindra officiellement le Djurgardens IF que cet \u00e9t\u00e9.<\/p>\n<p>L&rsquo;ancien produit de l&rsquo;acad\u00e9mie de la Juventus a d\u00e9j\u00e0 disput\u00e9 trois matches de Premier League avec Tottenham, sortant du banc lors de matches successifs contre Brentford, Manchester United et Everton, mais il attend toujours sa premi\u00e8re titularisation.<\/p>\n<p class=\"imgI\"><img decoding=\"async\" loading=\"lazy\" class=\"l\" src=\"https:\/\/footdavant.fr\/actualites\/wp-content\/uploads\/2024\/02\/1707882955_586_Le-president-de-Naples-revele-lechec-de-la-decision-de.jpg\" title=\"Ange Postecoglou, manager de Tottenham Hotspur, photographi\u00e9 le 26 janvier 2024\" alt=\"Ange Postecoglou, manager de Tottenham Hotspur, photographi\u00e9 le 26 janvier 2024\" width=\"640\" height=\"480\"><\/p>\n<p>L&rsquo;entra\u00eeneur-chef des Spurs, Postecoglou, a rapidement choisi <strong class=\"autotag\">Cristian Romero<\/strong> et signature d&rsquo;\u00e9t\u00e9 <strong class=\"autotag\">Micky van de Ven<\/strong> comme son duo central de premier choix, m\u00eame si les blessures et les suspensions ont limit\u00e9 leur temps de jeu pendant la p\u00e9riode des f\u00eates.<\/p>\n<p>Postecoglou avait <strong class=\"autotag\">\u00c9ric Dier<\/strong> disponible comme option d&rsquo;urgence, mais les arri\u00e8res lat\u00e9raux Ben Davies et <strong class=\"autotag\">Emerson Royal<\/strong> \u00e9taient souvent pr\u00e9f\u00e9r\u00e9s devant <strong class=\"autotag\">Guglielmo Vicaire<\/strong>conduisant Dier \u00e0 chercher une sortie du stade Tottenham Hotspur.<\/p>\n<p>Apr\u00e8s que le Bayern ait \u00e9chou\u00e9 dans ses efforts pour battre les Spurs gr\u00e2ce \u00e0 la signature de Dragusin, les champions allemands ont pr\u00eat\u00e9 Dier jusqu&rsquo;\u00e0 la fin de la saison, date \u00e0 laquelle son contrat avec Tottenham expirera.<\/p>\n<p>Dier devrait officiellement faire son s\u00e9jour \u00e0 Tottenham lorsque son contrat expirera, et le Bayern a la possibilit\u00e9 de garder l&rsquo;Anglais dans les livres pendant 12 mois suppl\u00e9mentaires.<\/p>\n<p>Le joueur de 30 ans a \u00e9galement fait trois apparitions pour son nouveau club, commen\u00e7ant chacune de ses deux derni\u00e8res victoires en Bundesliga contre Augsbourg et le Borussia M\u00f6nchengladbach.<\/p>\n<\/div>\n","protected":false},"excerpt":{"rendered":"<p>Le pr\u00e9sident de Naples, Aurelio De Laurentiis, confirme que son \u00e9quipe a tent\u00e9 sans succ\u00e8s de d\u00e9tourner le transfert de Tottenham Hotspur en janvier pour<\/p>\n","protected":false},"author":1,"featured_media":5057,"comment_status":"closed","ping_status":"","sticky":false,"template":"","format":"standard","meta":{"footnotes":""},"categories":[5],"tags":[497,1675,69,1344,551,1527,1674,415,68],"yoast_head":"<!-- This site is optimized with the Yoast SEO plugin v21.0 - https:\/\/yoast.com\/wordpress\/plugins\/seo\/ -->\n<title>Le pr\u00e9sident de Naples r\u00e9v\u00e8le l&#039;\u00e9chec de la d\u00e9cision de Radu Dragusin de Tottenham Hotspur<\/title>\n<meta name=\"robots\" content=\"index, follow, max-snippet:-1, max-image-preview:large, max-video-preview:-1\" \/>\n<link rel=\"canonical\" href=\"https:\/\/footdavant.fr\/actualites\/le-president-de-naples-revele-lechec-de-la-decision-de-radu-dragusin-de-tottenham-hotspur\/\" \/>\n<meta property=\"og:locale\" content=\"fr_FR\" \/>\n<meta property=\"og:type\" content=\"article\" \/>\n<meta property=\"og:title\" content=\"Le pr\u00e9sident de Naples r\u00e9v\u00e8le l&#039;\u00e9chec de la d\u00e9cision de Radu Dragusin de Tottenham Hotspur\" \/>\n<meta property=\"og:description\" content=\"Le pr\u00e9sident de Naples, Aurelio De Laurentiis, confirme que son \u00e9quipe a tent\u00e9 sans succ\u00e8s de d\u00e9tourner le transfert de Tottenham Hotspur en janvier pour\" \/>\n<meta property=\"og:url\" content=\"https:\/\/footdavant.fr\/actualites\/le-president-de-naples-revele-lechec-de-la-decision-de-radu-dragusin-de-tottenham-hotspur\/\" \/>\n<meta property=\"og:site_name\" content=\"Foot d&#039;avant\" \/>\n<meta property=\"article:publisher\" content=\"https:\/\/www.facebook.com\/Footdavant\/\" \/>\n<meta property=\"article:published_time\" content=\"2024-02-14T03:55:55+00:00\" \/>\n<meta property=\"article:modified_time\" content=\"2024-02-14T03:55:57+00:00\" \/>\n<meta property=\"og:image\" content=\"https:\/\/footdavant.fr\/actualites\/wp-content\/uploads\/2024\/02\/Le-president-de-Naples-revele-lechec-de-la-decision-de.jpg\" \/>\n\t<meta property=\"og:image:width\" content=\"640\" \/>\n\t<meta property=\"og:image:height\" content=\"480\" \/>\n\t<meta property=\"og:image:type\" content=\"image\/jpeg\" \/>\n<meta name=\"author\" content=\"Cl\u00e9ment\" \/>\n<meta name=\"twitter:card\" content=\"summary_large_image\" \/>\n<meta name=\"twitter:creator\" content=\"@FootdavantFr\" \/>\n<meta name=\"twitter:site\" content=\"@FootdavantFr\" \/>\n<meta name=\"twitter:label1\" content=\"\u00c9crit par\" \/>\n\t<meta name=\"twitter:data1\" content=\"Cl\u00e9ment\" \/>\n\t<meta name=\"twitter:label2\" content=\"Dur\u00e9e de lecture estim\u00e9e\" \/>\n\t<meta name=\"twitter:data2\" content=\"3 minutes\" \/>\n<script type=\"application\/ld+json\" class=\"yoast-schema-graph\">{\"@context\":\"https:\/\/schema.org\",\"@graph\":[{\"@type\":\"Article\",\"@id\":\"https:\/\/footdavant.fr\/actualites\/le-president-de-naples-revele-lechec-de-la-decision-de-radu-dragusin-de-tottenham-hotspur\/#article\",\"isPartOf\":{\"@id\":\"https:\/\/footdavant.fr\/actualites\/le-president-de-naples-revele-lechec-de-la-decision-de-radu-dragusin-de-tottenham-hotspur\/\"},\"author\":{\"name\":\"Cl\u00e9ment\",\"@id\":\"https:\/\/footdavant.fr\/actualites\/#\/schema\/person\/bc222566d95871b37e597b3ed3ba5e1d\"},\"headline\":\"Le pr\u00e9sident de Naples r\u00e9v\u00e8le l&rsquo;\u00e9chec de la d\u00e9cision de Radu Dragusin de Tottenham Hotspur\",\"datePublished\":\"2024-02-14T03:55:55+00:00\",\"dateModified\":\"2024-02-14T03:55:57+00:00\",\"mainEntityOfPage\":{\"@id\":\"https:\/\/footdavant.fr\/actualites\/le-president-de-naples-revele-lechec-de-la-decision-de-radu-dragusin-de-tottenham-hotspur\/\"},\"wordCount\":655,\"publisher\":{\"@id\":\"https:\/\/footdavant.fr\/actualites\/#organization\"},\"keywords\":[\"d\u00e9cision\",\"Dragusin\",\"Hotspur\",\"l\u00e9chec\",\"Naples\",\"pr\u00e9sident\",\"Radu\",\"r\u00e9v\u00e8le\",\"Tottenham\"],\"articleSection\":[\"Premier League\"],\"inLanguage\":\"fr-FR\"},{\"@type\":\"WebPage\",\"@id\":\"https:\/\/footdavant.fr\/actualites\/le-president-de-naples-revele-lechec-de-la-decision-de-radu-dragusin-de-tottenham-hotspur\/\",\"url\":\"https:\/\/footdavant.fr\/actualites\/le-president-de-naples-revele-lechec-de-la-decision-de-radu-dragusin-de-tottenham-hotspur\/\",\"name\":\"Le pr\u00e9sident de Naples r\u00e9v\u00e8le l'\u00e9chec de la d\u00e9cision de Radu Dragusin de Tottenham Hotspur\",\"isPartOf\":{\"@id\":\"https:\/\/footdavant.fr\/actualites\/#website\"},\"datePublished\":\"2024-02-14T03:55:55+00:00\",\"dateModified\":\"2024-02-14T03:55:57+00:00\",\"breadcrumb\":{\"@id\":\"https:\/\/footdavant.fr\/actualites\/le-president-de-naples-revele-lechec-de-la-decision-de-radu-dragusin-de-tottenham-hotspur\/#breadcrumb\"},\"inLanguage\":\"fr-FR\",\"potentialAction\":[{\"@type\":\"ReadAction\",\"target\":[\"https:\/\/footdavant.fr\/actualites\/le-president-de-naples-revele-lechec-de-la-decision-de-radu-dragusin-de-tottenham-hotspur\/\"]}]},{\"@type\":\"BreadcrumbList\",\"@id\":\"https:\/\/footdavant.fr\/actualites\/le-president-de-naples-revele-lechec-de-la-decision-de-radu-dragusin-de-tottenham-hotspur\/#breadcrumb\",\"itemListElement\":[{\"@type\":\"ListItem\",\"position\":1,\"name\":\"Accueil\",\"item\":\"https:\/\/footdavant.fr\/actualites\/\"},{\"@type\":\"ListItem\",\"position\":2,\"name\":\"Le pr\u00e9sident de Naples r\u00e9v\u00e8le l&rsquo;\u00e9chec de la d\u00e9cision de Radu Dragusin de Tottenham Hotspur\"}]},{\"@type\":\"WebSite\",\"@id\":\"https:\/\/footdavant.fr\/actualites\/#website\",\"url\":\"https:\/\/footdavant.fr\/actualites\/\",\"name\":\"Foot d'avant\",\"description\":\"\",\"publisher\":{\"@id\":\"https:\/\/footdavant.fr\/actualites\/#organization\"},\"potentialAction\":[{\"@type\":\"SearchAction\",\"target\":{\"@type\":\"EntryPoint\",\"urlTemplate\":\"https:\/\/footdavant.fr\/actualites\/?s={search_term_string}\"},\"query-input\":\"required name=search_term_string\"}],\"inLanguage\":\"fr-FR\"},{\"@type\":\"Organization\",\"@id\":\"https:\/\/footdavant.fr\/actualites\/#organization\",\"name\":\"Foot d'avant\",\"url\":\"https:\/\/footdavant.fr\/actualites\/\",\"logo\":{\"@type\":\"ImageObject\",\"inLanguage\":\"fr-FR\",\"@id\":\"https:\/\/footdavant.fr\/actualites\/#\/schema\/logo\/image\/\",\"url\":\"https:\/\/footdavant.fr\/actualites\/wp-content\/uploads\/2023\/09\/Copy-of-FootDavant-Logo.png\",\"contentUrl\":\"https:\/\/footdavant.fr\/actualites\/wp-content\/uploads\/2023\/09\/Copy-of-FootDavant-Logo.png\",\"width\":936,\"height\":549,\"caption\":\"Foot d'avant\"},\"image\":{\"@id\":\"https:\/\/footdavant.fr\/actualites\/#\/schema\/logo\/image\/\"},\"sameAs\":[\"https:\/\/www.facebook.com\/Footdavant\/\",\"https:\/\/twitter.com\/FootdavantFr\",\"https:\/\/www.instagram.com\/footdavant.fr\/\"]},{\"@type\":\"Person\",\"@id\":\"https:\/\/footdavant.fr\/actualites\/#\/schema\/person\/bc222566d95871b37e597b3ed3ba5e1d\",\"name\":\"Cl\u00e9ment\",\"image\":{\"@type\":\"ImageObject\",\"inLanguage\":\"fr-FR\",\"@id\":\"https:\/\/footdavant.fr\/actualites\/#\/schema\/person\/image\/\",\"url\":\"https:\/\/secure.gravatar.com\/avatar\/7728b29aac2719421e1a9159b2254c44?s=96&d=mm&r=g\",\"contentUrl\":\"https:\/\/secure.gravatar.com\/avatar\/7728b29aac2719421e1a9159b2254c44?s=96&d=mm&r=g\",\"caption\":\"Cl\u00e9ment\"},\"sameAs\":[\"https:\/\/footdavant.fr\/\"]}]}<\/script>\n<!-- \/ Yoast SEO plugin. -->","yoast_head_json":{"title":"Le pr\u00e9sident de Naples r\u00e9v\u00e8le l'\u00e9chec de la d\u00e9cision de Radu Dragusin de Tottenham Hotspur","robots":{"index":"index","follow":"follow","max-snippet":"max-snippet:-1","max-image-preview":"max-image-preview:large","max-video-preview":"max-video-preview:-1"},"canonical":"https:\/\/footdavant.fr\/actualites\/le-president-de-naples-revele-lechec-de-la-decision-de-radu-dragusin-de-tottenham-hotspur\/","og_locale":"fr_FR","og_type":"article","og_title":"Le pr\u00e9sident de Naples r\u00e9v\u00e8le l'\u00e9chec de la d\u00e9cision de Radu Dragusin de Tottenham Hotspur","og_description":"Le pr\u00e9sident de Naples, Aurelio De Laurentiis, confirme que son \u00e9quipe a tent\u00e9 sans succ\u00e8s de d\u00e9tourner le transfert de Tottenham Hotspur en janvier pour","og_url":"https:\/\/footdavant.fr\/actualites\/le-president-de-naples-revele-lechec-de-la-decision-de-radu-dragusin-de-tottenham-hotspur\/","og_site_name":"Foot d&#039;avant","article_publisher":"https:\/\/www.facebook.com\/Footdavant\/","article_published_time":"2024-02-14T03:55:55+00:00","article_modified_time":"2024-02-14T03:55:57+00:00","og_image":[{"width":640,"height":480,"url":"https:\/\/footdavant.fr\/actualites\/wp-content\/uploads\/2024\/02\/Le-president-de-Naples-revele-lechec-de-la-decision-de.jpg","type":"image\/jpeg"}],"author":"Cl\u00e9ment","twitter_card":"summary_large_image","twitter_creator":"@FootdavantFr","twitter_site":"@FootdavantFr","twitter_misc":{"\u00c9crit par":"Cl\u00e9ment","Dur\u00e9e de lecture estim\u00e9e":"3 minutes"},"schema":{"@context":"https:\/\/schema.org","@graph":[{"@type":"Article","@id":"https:\/\/footdavant.fr\/actualites\/le-president-de-naples-revele-lechec-de-la-decision-de-radu-dragusin-de-tottenham-hotspur\/#article","isPartOf":{"@id":"https:\/\/footdavant.fr\/actualites\/le-president-de-naples-revele-lechec-de-la-decision-de-radu-dragusin-de-tottenham-hotspur\/"},"author":{"name":"Cl\u00e9ment","@id":"https:\/\/footdavant.fr\/actualites\/#\/schema\/person\/bc222566d95871b37e597b3ed3ba5e1d"},"headline":"Le pr\u00e9sident de Naples r\u00e9v\u00e8le l&rsquo;\u00e9chec de la d\u00e9cision de Radu Dragusin de Tottenham Hotspur","datePublished":"2024-02-14T03:55:55+00:00","dateModified":"2024-02-14T03:55:57+00:00","mainEntityOfPage":{"@id":"https:\/\/footdavant.fr\/actualites\/le-president-de-naples-revele-lechec-de-la-decision-de-radu-dragusin-de-tottenham-hotspur\/"},"wordCount":655,"publisher":{"@id":"https:\/\/footdavant.fr\/actualites\/#organization"},"keywords":["d\u00e9cision","Dragusin","Hotspur","l\u00e9chec","Naples","pr\u00e9sident","Radu","r\u00e9v\u00e8le","Tottenham"],"articleSection":["Premier League"],"inLanguage":"fr-FR"},{"@type":"WebPage","@id":"https:\/\/footdavant.fr\/actualites\/le-president-de-naples-revele-lechec-de-la-decision-de-radu-dragusin-de-tottenham-hotspur\/","url":"https:\/\/footdavant.fr\/actualites\/le-president-de-naples-revele-lechec-de-la-decision-de-radu-dragusin-de-tottenham-hotspur\/","name":"Le pr\u00e9sident de Naples r\u00e9v\u00e8le l'\u00e9chec de la d\u00e9cision de Radu Dragusin de Tottenham Hotspur","isPartOf":{"@id":"https:\/\/footdavant.fr\/actualites\/#website"},"datePublished":"2024-02-14T03:55:55+00:00","dateModified":"2024-02-14T03:55:57+00:00","breadcrumb":{"@id":"https:\/\/footdavant.fr\/actualites\/le-president-de-naples-revele-lechec-de-la-decision-de-radu-dragusin-de-tottenham-hotspur\/#breadcrumb"},"inLanguage":"fr-FR","potentialAction":[{"@type":"ReadAction","target":["https:\/\/footdavant.fr\/actualites\/le-president-de-naples-revele-lechec-de-la-decision-de-radu-dragusin-de-tottenham-hotspur\/"]}]},{"@type":"BreadcrumbList","@id":"https:\/\/footdavant.fr\/actualites\/le-president-de-naples-revele-lechec-de-la-decision-de-radu-dragusin-de-tottenham-hotspur\/#breadcrumb","itemListElement":[{"@type":"ListItem","position":1,"name":"Accueil","item":"https:\/\/footdavant.fr\/actualites\/"},{"@type":"ListItem","position":2,"name":"Le pr\u00e9sident de Naples r\u00e9v\u00e8le l&rsquo;\u00e9chec de la d\u00e9cision de Radu Dragusin de Tottenham Hotspur"}]},{"@type":"WebSite","@id":"https:\/\/footdavant.fr\/actualites\/#website","url":"https:\/\/footdavant.fr\/actualites\/","name":"Foot d'avant","description":"","publisher":{"@id":"https:\/\/footdavant.fr\/actualites\/#organization"},"potentialAction":[{"@type":"SearchAction","target":{"@type":"EntryPoint","urlTemplate":"https:\/\/footdavant.fr\/actualites\/?s={search_term_string}"},"query-input":"required name=search_term_string"}],"inLanguage":"fr-FR"},{"@type":"Organization","@id":"https:\/\/footdavant.fr\/actualites\/#organization","name":"Foot d'avant","url":"https:\/\/footdavant.fr\/actualites\/","logo":{"@type":"ImageObject","inLanguage":"fr-FR","@id":"https:\/\/footdavant.fr\/actualites\/#\/schema\/logo\/image\/","url":"https:\/\/footdavant.fr\/actualites\/wp-content\/uploads\/2023\/09\/Copy-of-FootDavant-Logo.png","contentUrl":"https:\/\/footdavant.fr\/actualites\/wp-content\/uploads\/2023\/09\/Copy-of-FootDavant-Logo.png","width":936,"height":549,"caption":"Foot d'avant"},"image":{"@id":"https:\/\/footdavant.fr\/actualites\/#\/schema\/logo\/image\/"},"sameAs":["https:\/\/www.facebook.com\/Footdavant\/","https:\/\/twitter.com\/FootdavantFr","https:\/\/www.instagram.com\/footdavant.fr\/"]},{"@type":"Person","@id":"https:\/\/footdavant.fr\/actualites\/#\/schema\/person\/bc222566d95871b37e597b3ed3ba5e1d","name":"Cl\u00e9ment","image":{"@type":"ImageObject","inLanguage":"fr-FR","@id":"https:\/\/footdavant.fr\/actualites\/#\/schema\/person\/image\/","url":"https:\/\/secure.gravatar.com\/avatar\/7728b29aac2719421e1a9159b2254c44?s=96&d=mm&r=g","contentUrl":"https:\/\/secure.gravatar.com\/avatar\/7728b29aac2719421e1a9159b2254c44?s=96&d=mm&r=g","caption":"Cl\u00e9ment"},"sameAs":["https:\/\/footdavant.fr\/"]}]}},"_links":{"self":[{"href":"https:\/\/footdavant.fr\/actualites\/wp-json\/wp\/v2\/posts\/5056"}],"collection":[{"href":"https:\/\/footdavant.fr\/actualites\/wp-json\/wp\/v2\/posts"}],"about":[{"href":"https:\/\/footdavant.fr\/actualites\/wp-json\/wp\/v2\/types\/post"}],"author":[{"embeddable":true,"href":"https:\/\/footdavant.fr\/actualites\/wp-json\/wp\/v2\/users\/1"}],"replies":[{"embeddable":true,"href":"https:\/\/footdavant.fr\/actualites\/wp-json\/wp\/v2\/comments?post=5056"}],"version-history":[{"count":1,"href":"https:\/\/footdavant.fr\/actualites\/wp-json\/wp\/v2\/posts\/5056\/revisions"}],"predecessor-version":[{"id":5058,"href":"https:\/\/footdavant.fr\/actualites\/wp-json\/wp\/v2\/posts\/5056\/revisions\/5058"}],"wp:featuredmedia":[{"embeddable":true,"href":"https:\/\/footdavant.fr\/actualites\/wp-json\/wp\/v2\/media\/5057"}],"wp:attachment":[{"href":"https:\/\/footdavant.fr\/actualites\/wp-json\/wp\/v2\/media?parent=5056"}],"wp:term":[{"taxonomy":"category","embeddable":true,"href":"https:\/\/footdavant.fr\/actualites\/wp-json\/wp\/v2\/categories?post=5056"},{"taxonomy":"post_tag","embeddable":true,"href":"https:\/\/footdavant.fr\/actualites\/wp-json\/wp\/v2\/tags?post=5056"}],"curies":[{"name":"wp","href":"https:\/\/api.w.org\/{rel}","templated":true}]}}