{"id":5065,"date":"2024-02-14T08:50:28","date_gmt":"2024-02-14T07:50:28","guid":{"rendered":"https:\/\/footdavant.fr\/actualites\/liverpool-rivalisera-avec-arsenal-pour-martin-zubimendi-de-la-real-sociedad\/"},"modified":"2024-02-14T08:50:29","modified_gmt":"2024-02-14T07:50:29","slug":"liverpool-rivalisera-avec-arsenal-pour-martin-zubimendi-de-la-real-sociedad","status":"publish","type":"post","link":"https:\/\/footdavant.fr\/actualites\/liverpool-rivalisera-avec-arsenal-pour-martin-zubimendi-de-la-real-sociedad\/","title":{"rendered":"Liverpool \u00ab rivalisera avec Arsenal pour Martin Zubimendi de la Real Sociedad \u00bb"},"content":{"rendered":"<p>Liverpool aurait l&rsquo;intention de rivaliser avec Arsenal et Barcelone pour Martin Zubimendi de la Real Sociedad, dont le contrat comprend une clause lib\u00e9ratoire de 60 millions d&rsquo;euros (51,3 millions de livres sterling).<\/p>\n<div id=\"article_body\" itemprop=\"articleBody\">\n<h3 class=\"firstPara\">\n<strong class=\"autotag\">Liverpool<\/strong> aurait l&rsquo;intention d&rsquo;affronter <strong class=\"autotag\">Arsenal<\/strong> pour la signature de <strong class=\"autotag\">Real Sociedad<\/strong> milieu de terrain <strong class=\"autotag\">Martin Zubimendi<\/strong> cet \u00e9t\u00e9.<\/h3>\n<p>Le joueur de 25 ans a excell\u00e9 dans un r\u00f4le de gardien pour les g\u00e9ants de la Liga cette saison et a \u00e9galement ajout\u00e9 une menace de but \u00e0 son jeu, marquant quatre buts et une passe d\u00e9cisive en 22 matches de Liga.<\/p>\n<p>Zubimendi a \u00e9galement jou\u00e9 chaque minute de la phase de groupes de la Real Sociedad, invaincue en Ligue des Champions, qui a vu <strong class=\"autotag\">Imanol Alguacil<\/strong>L&rsquo;\u00e9quipe de Madrid a organis\u00e9 un affrontement en huiti\u00e8mes de finale avec le Paris Saint-Germain, et la Sociedad se bat \u00e9galement pour la gloire de la Copa del Rey cette saison, faisant match nul 0-0 contre Majorque lors du match aller de la demi-finale de mardi.<\/p>\n<p>La Sociedad a Zubimendi sous contrat pour encore trois ans et demi, mais l&rsquo;international espagnol \u2013 qui faisait partie de l&rsquo;\u00e9quipe gagnante de la Ligue des Nations de La Roja en 2022-23 \u2013 a in\u00e9vitablement \u00e9t\u00e9 li\u00e9 \u00e0 un passage en Premier League.<\/p>\n<p>Arsenal a longtemps \u00e9t\u00e9 consid\u00e9r\u00e9 comme le favori de Zubimendi et aurait \u00e9t\u00e9 proche de la signature du milieu de terrain en janvier, m\u00eame si ces informations se sont r\u00e9v\u00e9l\u00e9es loin de la r\u00e9alit\u00e9.<\/p>\n<p class=\"imgI\">\n<p>N\u00e9anmoins, les Gunners seraient de fervents admirateurs du produit jeunesse de la Sociedad, bien que <strong class=\"autotag\">Barcelone<\/strong> &#8211; toujours \u00e0 la recherche d&rsquo;un successeur \u00e0 long terme pour <strong class=\"autotag\">Sergio Busquets<\/strong> &#8211; auraient \u00e9galement impos\u00e9 la r\u00e8gle sur lui.<\/p>\n<p>Maintenant, <em>FootballTransferts<\/em> affirme que Liverpool est \u00e9galement pr\u00eat \u00e0 se lancer dans le ring, et les Reds ont indiqu\u00e9 qu&rsquo;ils \u00e9taient pr\u00eats \u00e0 d\u00e9clencher la clause lib\u00e9ratoire de 60 millions d&rsquo;euros (51,3 millions de livres sterling) dans son contrat.<\/p>\n<p>Les efforts de Liverpool pour remporter la course \u00e0 Zubimendi pourraient recevoir un \u00e9norme coup de pouce si <strong class=\"autotag\">Xabi Alonso<\/strong> prend la direction de <strong class=\"autotag\">J\u00fcrgen Klopp<\/strong>alors que l&rsquo;entra\u00eeneur du Bayer Leverkusen a travaill\u00e9 avec son compatriote tout en entra\u00eenant avec la Sociedad.<\/p>\n<p>Cependant, le rapport ajoute qu&rsquo;Arsenal devrait toujours pr\u00e9senter sa propre offre pour Zubimendi, qui compte un total de huit buts et sept passes d\u00e9cisives en 176 matches toutes comp\u00e9titions confondues pour la Sociedad.<\/p>\n<p>Apr\u00e8s avoir \u00e9t\u00e9 contraint de conc\u00e9der sa d\u00e9faite face au Real Madrid dans la course \u00e0 <strong class=\"autotag\">Jude Bellingham<\/strong>la refonte estivale du milieu de terrain de Liverpool a vu quatre nouveaux visages <strong class=\"autotag\">Wataru Endo<\/strong>, <strong class=\"autotag\">Alexis MacAllister<\/strong>, <strong class=\"autotag\">Ryan Gravenberch<\/strong> et <strong class=\"autotag\">Dominik Szoboszlai<\/strong> arriver \u00e0 Anfield.<\/p>\n<p class=\"imgI\"><img decoding=\"async\" loading=\"lazy\" class=\"l\" src=\"https:\/\/footdavant.fr\/actualites\/wp-content\/uploads\/2024\/02\/Liverpool-rivalisera-avec-Arsenal-pour-Martin-Zubimendi-de-la.jpg\" title=\"Le milieu de terrain de Liverpool Thiago Alcantara photographi\u00e9 en f\u00e9vrier 2024\" alt=\"Le milieu de terrain de Liverpool Thiago Alcantara photographi\u00e9 en f\u00e9vrier 2024\" width=\"640\" height=\"480\"><\/p>\n<p>Mac Allister et Endo ont souvent partag\u00e9 la sixi\u00e8me place cette saison, m\u00eame si ce dernier &#8211; qui a particip\u00e9 \u00e0 la Coupe d&rsquo;Asie avec le Japon ces derni\u00e8res semaines &#8211; est un choix plus naturel dans ce domaine et a lentement prouv\u00e9 sa valeur \u00e0 Klopp. .<\/p>\n<p>Endo est sous contrat avec Liverpool jusqu&rsquo;en 2027, mais il a eu 31 ans vendredi et n&rsquo;est pas consid\u00e9r\u00e9 comme un investissement \u00e0 long terme, tandis que Mac Allister devrait jouer un r\u00f4le plus avant-gardiste si un nouveau joueur \u00e0 l&rsquo;esprit d\u00e9fensif est recrut\u00e9. futur proche.<\/p>\n<p>De plus, le groupe cribl\u00e9 de blessures <strong class=\"autotag\">Thiago Alc\u00e1ntara<\/strong> est en fin de contrat cet \u00e9t\u00e9, et un rapport s\u00e9par\u00e9 de <em>Initi\u00e9 au football<\/em> affirme que Liverpool ne s\u2019attend pas \u00e0 ce que le joueur de 32 ans reste plus longtemps.<\/p>\n<p>Thiago a fait sa premi\u00e8re apparition en pr\u00e8s de 10 mois contre Arsenal le week-end dernier, apr\u00e8s avoir rat\u00e9 la premi\u00e8re moiti\u00e9 de la saison en raison d&rsquo;une blessure \u00e0 la hanche, mais l&rsquo;Espagnol aurait contract\u00e9 un nouveau probl\u00e8me musculaire aux Emirats, alors qu&rsquo;il n&rsquo;\u00e9tait sur le terrain que pour une question. d&rsquo;instants.<\/p>\n<p>On ne sait pas combien de temps la derni\u00e8re pr\u00e9occupation de Thiago le mettra \u00e0 l&rsquo;\u00e9cart, mais il ne devrait pas \u00eatre disponible pour le choc de samedi avec Burnley \u00e0 Anfield, bien qu&rsquo;Endo soit pr\u00eat \u00e0 revenir dans l&rsquo;\u00e9quipe apr\u00e8s la sortie du Japon de la Coupe d&rsquo;Asie.<\/p>\n<\/div>\n","protected":false},"excerpt":{"rendered":"<p>Liverpool aurait l&rsquo;intention de rivaliser avec Arsenal et Barcelone pour Martin Zubimendi de la Real Sociedad, dont le contrat comprend une clause lib\u00e9ratoire de 60<\/p>\n","protected":false},"author":1,"featured_media":5066,"comment_status":"closed","ping_status":"","sticky":false,"template":"","format":"standard","meta":{"footnotes":""},"categories":[5],"tags":[67,91,53,892,51,302,891,529,893],"yoast_head":"<!-- This site is optimized with the Yoast SEO plugin v21.0 - https:\/\/yoast.com\/wordpress\/plugins\/seo\/ -->\n<title>Liverpool \u00ab rivalisera avec Arsenal pour Martin Zubimendi de la Real Sociedad \u00bb<\/title>\n<meta name=\"robots\" content=\"index, follow, max-snippet:-1, max-image-preview:large, max-video-preview:-1\" \/>\n<link rel=\"canonical\" href=\"https:\/\/footdavant.fr\/actualites\/liverpool-rivalisera-avec-arsenal-pour-martin-zubimendi-de-la-real-sociedad\/\" \/>\n<meta property=\"og:locale\" content=\"fr_FR\" \/>\n<meta property=\"og:type\" content=\"article\" \/>\n<meta property=\"og:title\" content=\"Liverpool \u00ab rivalisera avec Arsenal pour Martin Zubimendi de la Real Sociedad \u00bb\" \/>\n<meta property=\"og:description\" content=\"Liverpool aurait l&rsquo;intention de rivaliser avec Arsenal et Barcelone pour Martin Zubimendi de la Real Sociedad, dont le contrat comprend une clause lib\u00e9ratoire de 60\" \/>\n<meta property=\"og:url\" content=\"https:\/\/footdavant.fr\/actualites\/liverpool-rivalisera-avec-arsenal-pour-martin-zubimendi-de-la-real-sociedad\/\" \/>\n<meta property=\"og:site_name\" content=\"Foot d&#039;avant\" \/>\n<meta property=\"article:publisher\" content=\"https:\/\/www.facebook.com\/Footdavant\/\" \/>\n<meta property=\"article:published_time\" content=\"2024-02-14T07:50:28+00:00\" \/>\n<meta property=\"article:modified_time\" content=\"2024-02-14T07:50:29+00:00\" \/>\n<meta property=\"og:image\" content=\"https:\/\/footdavant.fr\/actualites\/wp-content\/uploads\/2024\/02\/Liverpool-rivalisera-avec-Arsenal-pour-Martin-Zubimendi-de-la.JPG\" \/>\n\t<meta property=\"og:image:width\" content=\"640\" \/>\n\t<meta property=\"og:image:height\" content=\"480\" \/>\n\t<meta property=\"og:image:type\" content=\"image\/jpeg\" \/>\n<meta name=\"author\" content=\"Cl\u00e9ment\" \/>\n<meta name=\"twitter:card\" content=\"summary_large_image\" \/>\n<meta name=\"twitter:creator\" content=\"@FootdavantFr\" \/>\n<meta name=\"twitter:site\" content=\"@FootdavantFr\" \/>\n<meta name=\"twitter:label1\" content=\"\u00c9crit par\" \/>\n\t<meta name=\"twitter:data1\" content=\"Cl\u00e9ment\" \/>\n\t<meta name=\"twitter:label2\" content=\"Dur\u00e9e de lecture estim\u00e9e\" \/>\n\t<meta name=\"twitter:data2\" content=\"3 minutes\" \/>\n<script type=\"application\/ld+json\" class=\"yoast-schema-graph\">{\"@context\":\"https:\/\/schema.org\",\"@graph\":[{\"@type\":\"Article\",\"@id\":\"https:\/\/footdavant.fr\/actualites\/liverpool-rivalisera-avec-arsenal-pour-martin-zubimendi-de-la-real-sociedad\/#article\",\"isPartOf\":{\"@id\":\"https:\/\/footdavant.fr\/actualites\/liverpool-rivalisera-avec-arsenal-pour-martin-zubimendi-de-la-real-sociedad\/\"},\"author\":{\"name\":\"Cl\u00e9ment\",\"@id\":\"https:\/\/footdavant.fr\/actualites\/#\/schema\/person\/bc222566d95871b37e597b3ed3ba5e1d\"},\"headline\":\"Liverpool \u00ab rivalisera avec Arsenal pour Martin Zubimendi de la Real Sociedad \u00bb\",\"datePublished\":\"2024-02-14T07:50:28+00:00\",\"dateModified\":\"2024-02-14T07:50:29+00:00\",\"mainEntityOfPage\":{\"@id\":\"https:\/\/footdavant.fr\/actualites\/liverpool-rivalisera-avec-arsenal-pour-martin-zubimendi-de-la-real-sociedad\/\"},\"wordCount\":700,\"publisher\":{\"@id\":\"https:\/\/footdavant.fr\/actualites\/#organization\"},\"keywords\":[\"Arsenal\",\"avec\",\"Liverpool\",\"Martin\",\"pour\",\"Real\",\"rivalisera\",\"Sociedad\",\"Zubimendi\"],\"articleSection\":[\"Premier League\"],\"inLanguage\":\"fr-FR\"},{\"@type\":\"WebPage\",\"@id\":\"https:\/\/footdavant.fr\/actualites\/liverpool-rivalisera-avec-arsenal-pour-martin-zubimendi-de-la-real-sociedad\/\",\"url\":\"https:\/\/footdavant.fr\/actualites\/liverpool-rivalisera-avec-arsenal-pour-martin-zubimendi-de-la-real-sociedad\/\",\"name\":\"Liverpool \u00ab rivalisera avec Arsenal pour Martin Zubimendi de la Real Sociedad \u00bb\",\"isPartOf\":{\"@id\":\"https:\/\/footdavant.fr\/actualites\/#website\"},\"datePublished\":\"2024-02-14T07:50:28+00:00\",\"dateModified\":\"2024-02-14T07:50:29+00:00\",\"breadcrumb\":{\"@id\":\"https:\/\/footdavant.fr\/actualites\/liverpool-rivalisera-avec-arsenal-pour-martin-zubimendi-de-la-real-sociedad\/#breadcrumb\"},\"inLanguage\":\"fr-FR\",\"potentialAction\":[{\"@type\":\"ReadAction\",\"target\":[\"https:\/\/footdavant.fr\/actualites\/liverpool-rivalisera-avec-arsenal-pour-martin-zubimendi-de-la-real-sociedad\/\"]}]},{\"@type\":\"BreadcrumbList\",\"@id\":\"https:\/\/footdavant.fr\/actualites\/liverpool-rivalisera-avec-arsenal-pour-martin-zubimendi-de-la-real-sociedad\/#breadcrumb\",\"itemListElement\":[{\"@type\":\"ListItem\",\"position\":1,\"name\":\"Accueil\",\"item\":\"https:\/\/footdavant.fr\/actualites\/\"},{\"@type\":\"ListItem\",\"position\":2,\"name\":\"Liverpool \u00ab rivalisera avec Arsenal pour Martin Zubimendi de la Real Sociedad \u00bb\"}]},{\"@type\":\"WebSite\",\"@id\":\"https:\/\/footdavant.fr\/actualites\/#website\",\"url\":\"https:\/\/footdavant.fr\/actualites\/\",\"name\":\"Foot d'avant\",\"description\":\"\",\"publisher\":{\"@id\":\"https:\/\/footdavant.fr\/actualites\/#organization\"},\"potentialAction\":[{\"@type\":\"SearchAction\",\"target\":{\"@type\":\"EntryPoint\",\"urlTemplate\":\"https:\/\/footdavant.fr\/actualites\/?s={search_term_string}\"},\"query-input\":\"required name=search_term_string\"}],\"inLanguage\":\"fr-FR\"},{\"@type\":\"Organization\",\"@id\":\"https:\/\/footdavant.fr\/actualites\/#organization\",\"name\":\"Foot d'avant\",\"url\":\"https:\/\/footdavant.fr\/actualites\/\",\"logo\":{\"@type\":\"ImageObject\",\"inLanguage\":\"fr-FR\",\"@id\":\"https:\/\/footdavant.fr\/actualites\/#\/schema\/logo\/image\/\",\"url\":\"https:\/\/footdavant.fr\/actualites\/wp-content\/uploads\/2023\/09\/Copy-of-FootDavant-Logo.png\",\"contentUrl\":\"https:\/\/footdavant.fr\/actualites\/wp-content\/uploads\/2023\/09\/Copy-of-FootDavant-Logo.png\",\"width\":936,\"height\":549,\"caption\":\"Foot d'avant\"},\"image\":{\"@id\":\"https:\/\/footdavant.fr\/actualites\/#\/schema\/logo\/image\/\"},\"sameAs\":[\"https:\/\/www.facebook.com\/Footdavant\/\",\"https:\/\/twitter.com\/FootdavantFr\",\"https:\/\/www.instagram.com\/footdavant.fr\/\"]},{\"@type\":\"Person\",\"@id\":\"https:\/\/footdavant.fr\/actualites\/#\/schema\/person\/bc222566d95871b37e597b3ed3ba5e1d\",\"name\":\"Cl\u00e9ment\",\"image\":{\"@type\":\"ImageObject\",\"inLanguage\":\"fr-FR\",\"@id\":\"https:\/\/footdavant.fr\/actualites\/#\/schema\/person\/image\/\",\"url\":\"https:\/\/secure.gravatar.com\/avatar\/7728b29aac2719421e1a9159b2254c44?s=96&d=mm&r=g\",\"contentUrl\":\"https:\/\/secure.gravatar.com\/avatar\/7728b29aac2719421e1a9159b2254c44?s=96&d=mm&r=g\",\"caption\":\"Cl\u00e9ment\"},\"sameAs\":[\"https:\/\/footdavant.fr\/\"]}]}<\/script>\n<!-- \/ Yoast SEO plugin. -->","yoast_head_json":{"title":"Liverpool \u00ab rivalisera avec Arsenal pour Martin Zubimendi de la Real Sociedad \u00bb","robots":{"index":"index","follow":"follow","max-snippet":"max-snippet:-1","max-image-preview":"max-image-preview:large","max-video-preview":"max-video-preview:-1"},"canonical":"https:\/\/footdavant.fr\/actualites\/liverpool-rivalisera-avec-arsenal-pour-martin-zubimendi-de-la-real-sociedad\/","og_locale":"fr_FR","og_type":"article","og_title":"Liverpool \u00ab rivalisera avec Arsenal pour Martin Zubimendi de la Real Sociedad \u00bb","og_description":"Liverpool aurait l&rsquo;intention de rivaliser avec Arsenal et Barcelone pour Martin Zubimendi de la Real Sociedad, dont le contrat comprend une clause lib\u00e9ratoire de 60","og_url":"https:\/\/footdavant.fr\/actualites\/liverpool-rivalisera-avec-arsenal-pour-martin-zubimendi-de-la-real-sociedad\/","og_site_name":"Foot d&#039;avant","article_publisher":"https:\/\/www.facebook.com\/Footdavant\/","article_published_time":"2024-02-14T07:50:28+00:00","article_modified_time":"2024-02-14T07:50:29+00:00","og_image":[{"width":640,"height":480,"url":"https:\/\/footdavant.fr\/actualites\/wp-content\/uploads\/2024\/02\/Liverpool-rivalisera-avec-Arsenal-pour-Martin-Zubimendi-de-la.JPG","type":"image\/jpeg"}],"author":"Cl\u00e9ment","twitter_card":"summary_large_image","twitter_creator":"@FootdavantFr","twitter_site":"@FootdavantFr","twitter_misc":{"\u00c9crit par":"Cl\u00e9ment","Dur\u00e9e de lecture estim\u00e9e":"3 minutes"},"schema":{"@context":"https:\/\/schema.org","@graph":[{"@type":"Article","@id":"https:\/\/footdavant.fr\/actualites\/liverpool-rivalisera-avec-arsenal-pour-martin-zubimendi-de-la-real-sociedad\/#article","isPartOf":{"@id":"https:\/\/footdavant.fr\/actualites\/liverpool-rivalisera-avec-arsenal-pour-martin-zubimendi-de-la-real-sociedad\/"},"author":{"name":"Cl\u00e9ment","@id":"https:\/\/footdavant.fr\/actualites\/#\/schema\/person\/bc222566d95871b37e597b3ed3ba5e1d"},"headline":"Liverpool \u00ab rivalisera avec Arsenal pour Martin Zubimendi de la Real Sociedad \u00bb","datePublished":"2024-02-14T07:50:28+00:00","dateModified":"2024-02-14T07:50:29+00:00","mainEntityOfPage":{"@id":"https:\/\/footdavant.fr\/actualites\/liverpool-rivalisera-avec-arsenal-pour-martin-zubimendi-de-la-real-sociedad\/"},"wordCount":700,"publisher":{"@id":"https:\/\/footdavant.fr\/actualites\/#organization"},"keywords":["Arsenal","avec","Liverpool","Martin","pour","Real","rivalisera","Sociedad","Zubimendi"],"articleSection":["Premier League"],"inLanguage":"fr-FR"},{"@type":"WebPage","@id":"https:\/\/footdavant.fr\/actualites\/liverpool-rivalisera-avec-arsenal-pour-martin-zubimendi-de-la-real-sociedad\/","url":"https:\/\/footdavant.fr\/actualites\/liverpool-rivalisera-avec-arsenal-pour-martin-zubimendi-de-la-real-sociedad\/","name":"Liverpool \u00ab rivalisera avec Arsenal pour Martin Zubimendi de la Real Sociedad \u00bb","isPartOf":{"@id":"https:\/\/footdavant.fr\/actualites\/#website"},"datePublished":"2024-02-14T07:50:28+00:00","dateModified":"2024-02-14T07:50:29+00:00","breadcrumb":{"@id":"https:\/\/footdavant.fr\/actualites\/liverpool-rivalisera-avec-arsenal-pour-martin-zubimendi-de-la-real-sociedad\/#breadcrumb"},"inLanguage":"fr-FR","potentialAction":[{"@type":"ReadAction","target":["https:\/\/footdavant.fr\/actualites\/liverpool-rivalisera-avec-arsenal-pour-martin-zubimendi-de-la-real-sociedad\/"]}]},{"@type":"BreadcrumbList","@id":"https:\/\/footdavant.fr\/actualites\/liverpool-rivalisera-avec-arsenal-pour-martin-zubimendi-de-la-real-sociedad\/#breadcrumb","itemListElement":[{"@type":"ListItem","position":1,"name":"Accueil","item":"https:\/\/footdavant.fr\/actualites\/"},{"@type":"ListItem","position":2,"name":"Liverpool \u00ab rivalisera avec Arsenal pour Martin Zubimendi de la Real Sociedad \u00bb"}]},{"@type":"WebSite","@id":"https:\/\/footdavant.fr\/actualites\/#website","url":"https:\/\/footdavant.fr\/actualites\/","name":"Foot d'avant","description":"","publisher":{"@id":"https:\/\/footdavant.fr\/actualites\/#organization"},"potentialAction":[{"@type":"SearchAction","target":{"@type":"EntryPoint","urlTemplate":"https:\/\/footdavant.fr\/actualites\/?s={search_term_string}"},"query-input":"required name=search_term_string"}],"inLanguage":"fr-FR"},{"@type":"Organization","@id":"https:\/\/footdavant.fr\/actualites\/#organization","name":"Foot d'avant","url":"https:\/\/footdavant.fr\/actualites\/","logo":{"@type":"ImageObject","inLanguage":"fr-FR","@id":"https:\/\/footdavant.fr\/actualites\/#\/schema\/logo\/image\/","url":"https:\/\/footdavant.fr\/actualites\/wp-content\/uploads\/2023\/09\/Copy-of-FootDavant-Logo.png","contentUrl":"https:\/\/footdavant.fr\/actualites\/wp-content\/uploads\/2023\/09\/Copy-of-FootDavant-Logo.png","width":936,"height":549,"caption":"Foot d'avant"},"image":{"@id":"https:\/\/footdavant.fr\/actualites\/#\/schema\/logo\/image\/"},"sameAs":["https:\/\/www.facebook.com\/Footdavant\/","https:\/\/twitter.com\/FootdavantFr","https:\/\/www.instagram.com\/footdavant.fr\/"]},{"@type":"Person","@id":"https:\/\/footdavant.fr\/actualites\/#\/schema\/person\/bc222566d95871b37e597b3ed3ba5e1d","name":"Cl\u00e9ment","image":{"@type":"ImageObject","inLanguage":"fr-FR","@id":"https:\/\/footdavant.fr\/actualites\/#\/schema\/person\/image\/","url":"https:\/\/secure.gravatar.com\/avatar\/7728b29aac2719421e1a9159b2254c44?s=96&d=mm&r=g","contentUrl":"https:\/\/secure.gravatar.com\/avatar\/7728b29aac2719421e1a9159b2254c44?s=96&d=mm&r=g","caption":"Cl\u00e9ment"},"sameAs":["https:\/\/footdavant.fr\/"]}]}},"_links":{"self":[{"href":"https:\/\/footdavant.fr\/actualites\/wp-json\/wp\/v2\/posts\/5065"}],"collection":[{"href":"https:\/\/footdavant.fr\/actualites\/wp-json\/wp\/v2\/posts"}],"about":[{"href":"https:\/\/footdavant.fr\/actualites\/wp-json\/wp\/v2\/types\/post"}],"author":[{"embeddable":true,"href":"https:\/\/footdavant.fr\/actualites\/wp-json\/wp\/v2\/users\/1"}],"replies":[{"embeddable":true,"href":"https:\/\/footdavant.fr\/actualites\/wp-json\/wp\/v2\/comments?post=5065"}],"version-history":[{"count":1,"href":"https:\/\/footdavant.fr\/actualites\/wp-json\/wp\/v2\/posts\/5065\/revisions"}],"predecessor-version":[{"id":5067,"href":"https:\/\/footdavant.fr\/actualites\/wp-json\/wp\/v2\/posts\/5065\/revisions\/5067"}],"wp:featuredmedia":[{"embeddable":true,"href":"https:\/\/footdavant.fr\/actualites\/wp-json\/wp\/v2\/media\/5066"}],"wp:attachment":[{"href":"https:\/\/footdavant.fr\/actualites\/wp-json\/wp\/v2\/media?parent=5065"}],"wp:term":[{"taxonomy":"category","embeddable":true,"href":"https:\/\/footdavant.fr\/actualites\/wp-json\/wp\/v2\/categories?post=5065"},{"taxonomy":"post_tag","embeddable":true,"href":"https:\/\/footdavant.fr\/actualites\/wp-json\/wp\/v2\/tags?post=5065"}],"curies":[{"name":"wp","href":"https:\/\/api.w.org\/{rel}","templated":true}]}}