{"id":5068,"date":"2024-02-14T10:48:01","date_gmt":"2024-02-14T09:48:01","guid":{"rendered":"https:\/\/footdavant.fr\/actualites\/draymond-green-sen-prend-a-jusuf-nurkic-dans-un-nouveau-podcast\/"},"modified":"2024-02-14T10:48:01","modified_gmt":"2024-02-14T09:48:01","slug":"draymond-green-sen-prend-a-jusuf-nurkic-dans-un-nouveau-podcast","status":"publish","type":"post","link":"https:\/\/footdavant.fr\/actualites\/draymond-green-sen-prend-a-jusuf-nurkic-dans-un-nouveau-podcast\/","title":{"rendered":"Draymond Green s&rsquo;en prend \u00e0 Jusuf Nurkic dans un nouveau podcast"},"content":{"rendered":"<div>\n<p>La derni\u00e8re personne \u00e0 avoir v\u00e9cu du b\u0153uf et du drame avec l\u2019attaquant des Golden State Warriors Draymond Green est Jusuf Nurkic.  Lors de sa premi\u00e8re saison avec les Phoenix Suns, Nurkic a \u00e9t\u00e9 la cible de l&rsquo;une des explosions de Green, la gifle du revers qui a abouti \u00e0 une suspension de Green qui comprenait une th\u00e9rapie de gestion de la col\u00e8re.<\/p>\n<h2>NBA : Draymond Green s&rsquo;en prend \u00e0 Jusuf Nurkic<\/h2>\n<blockquote class=\"twitter-tweet\">\n<p dir=\"ltr\" lang=\"en\">Tapez IN\u00a0!  J&rsquo;ai parl\u00e9 en profondeur du softy de 300 livres qui ne peut pas terminer les jeux.  Appr\u00e9cier<a rel=\"nofollow\" href=\"https:\/\/twitter.com\/hashtag\/TheNewMedia?src=hash&amp;ref_src=twsrc%5Etfw\">#LesNouveauxM\u00e9dias<\/a>https:\/\/t.co\/D4l0qeEo5v https:\/\/t.co\/OB5SGEqgPA<\/p>\n<p>\u2013 Vert Draymond (@Money23Green) <a rel=\"nofollow\" href=\"https:\/\/twitter.com\/Money23Green\/status\/1757520436357931248?ref_src=twsrc%5Etfw\">13 f\u00e9vrier 2024<\/a><\/p>\n<\/blockquote>\n<p>Green est de retour depuis un certain temps maintenant et \u00e9tait en action lorsque les Warriors ont affront\u00e9 les Suns samedi dernier, un match qui a ajout\u00e9 de l&rsquo;huile sur le feu entre les deux \u00e9quipes.<\/p>\n<p>Au cours d&rsquo;un match serr\u00e9 au troisi\u00e8me quart-temps, Nurkic a pris le ballon au poteau et a fait reculer Green dans la peinture.  Il a d\u00e9coch\u00e9 un tir retourn\u00e9 au-dessus de lui, qui a \u00e9t\u00e9 suivi d&rsquo;une gifle cat\u00e9gorique sur le terrain et de deux gestes \u00ab trop petits \u00bb distincts qui \u00e9taient s\u00fbrement dirig\u00e9s vers Green.  Mais pas plus de 45 secondes de jeu plus tard, Green a connu le m\u00eame sort avec Nurkic qui le gardait, et lui a rendu la pareille en frappant le sol en repr\u00e9sailles apr\u00e8s un panier r\u00e9ussi.<\/p>\n<p>Les deux hommes ont \u00e9chang\u00e9 de petites plaisanteries dans les m\u00e9dias apr\u00e8s le match, mais Draymond Green a finalement eu la chance de s&rsquo;asseoir et de donner une r\u00e9ponse compl\u00e8te sur le dernier \u00e9pisode de son podcast.  Il a pass\u00e9 quatre bonnes minutes \u00e0 parler du sujet.<\/p>\n<blockquote>\n<p>\u00ab Tu n&rsquo;es tout simplement pas assez bon.  Vous n&rsquo;\u00eates pas assez bon offensivement.  Vous avez Steph Curry en post-up et vous n&rsquo;avez rien\u2026 franchement, vous n&rsquo;\u00eates tout simplement pas assez bon pour faire des choses comme \u00e7a.<\/p>\n<\/blockquote>\n<h2>Green se r\u00e9f\u00e8re \u00e0 Nurkic comme \u00ab\u00a0le clown\u00a0\u00bb et \u00ab\u00a0le petit gars\u00a0\u00bb<\/h2>\n<blockquote class=\"twitter-tweet\">\n<p dir=\"ltr\" lang=\"en\">Draymond Green r\u00f4tit Jusuf Nurkic<\/p>\n<p>(\ud83c\udfa5 <a rel=\"nofollow\" href=\"https:\/\/twitter.com\/TheVolumeSports?ref_src=twsrc%5Etfw\">@TheVolumeSports<\/a>) <a rel=\"nofollow\" href=\"https:\/\/t.co\/PGOCMaNR5v\">pic.twitter.com\/PGOCMaNR5v<\/a><\/p>\n<p>\u2013 NBACentral (@TheDunkCentral) <a rel=\"nofollow\" href=\"https:\/\/twitter.com\/TheDunkCentral\/status\/1757515434633339017?ref_src=twsrc%5Etfw\">13 f\u00e9vrier 2024<\/a><\/p>\n<\/blockquote>\n<p>Green a calmement expliqu\u00e9 toute la situation, pi\u00e8ce par pi\u00e8ce, et propose sa r\u00e9ponse et ses explications.  Au cours de sa diatribe, Green a d\u00e9cid\u00e9 de se r\u00e9f\u00e9rer \u00e0 Nurkic, \u00e0 plusieurs reprises, comme \u00ab le clown \u00bb.<\/p>\n<blockquote>\n<p>\u00ab Le petit gars, comme je l&rsquo;ai dit, se plaint dans les m\u00e9dias comme si je lui avais fait quelque chose comme s&rsquo;il n&rsquo;avait pas organis\u00e9 une trop petite f\u00eate.  Et puis il commence \u00e0 remettre en question mon personnage.  Quel l\u00e2che.  Vous allez interroger un personnage sur un match de basket que vous venez de perdre, dans lequel vous venez d&rsquo;\u00eatre d\u00e9truit. La seule chose dont vous devriez parler est la fa\u00e7on dont vous avez \u00e9t\u00e9 puni.<\/p>\n<\/blockquote>\n<p>Nurkic n&rsquo;est que la derni\u00e8re victime \u00e0 avoir eu des probl\u00e8mes avec Draymond Green tout au long de la carri\u00e8re du chanteur de 33 ans.  Les Warriors et les Suns ne s&rsquo;affronteront plus au cours de la saison r\u00e9guli\u00e8re, car le match de samedi \u00e9tait le 4e et dernier affrontement entre les deux \u00e9quipes.  Phoenix a termin\u00e9 avec une fiche de 3-1 dans les quatre comp\u00e9titions.<\/p>\n<\/p><\/div>\n<p><script async src=\"https:\/\/platform.twitter.com\/widgets.js\" charset=\"utf-8\"><\/script><\/p>\n","protected":false},"excerpt":{"rendered":"<p>La derni\u00e8re personne \u00e0 avoir v\u00e9cu du b\u0153uf et du drame avec l\u2019attaquant des Golden State Warriors Draymond Green est Jusuf Nurkic. Lors de sa<\/p>\n","protected":false},"author":1,"featured_media":5069,"comment_status":"closed","ping_status":"","sticky":false,"template":"","format":"standard","meta":{"footnotes":""},"categories":[3],"tags":[19,3671,3141,3672,199,3673,3674,88,786],"yoast_head":"<!-- This site is optimized with the Yoast SEO plugin v21.0 - https:\/\/yoast.com\/wordpress\/plugins\/seo\/ -->\n<title>Draymond Green s&#039;en prend \u00e0 Jusuf Nurkic dans un nouveau podcast<\/title>\n<meta name=\"robots\" content=\"index, follow, max-snippet:-1, max-image-preview:large, max-video-preview:-1\" \/>\n<link rel=\"canonical\" href=\"https:\/\/footdavant.fr\/actualites\/draymond-green-sen-prend-a-jusuf-nurkic-dans-un-nouveau-podcast\/\" \/>\n<meta property=\"og:locale\" content=\"fr_FR\" \/>\n<meta property=\"og:type\" content=\"article\" \/>\n<meta property=\"og:title\" content=\"Draymond Green s&#039;en prend \u00e0 Jusuf Nurkic dans un nouveau podcast\" \/>\n<meta property=\"og:description\" content=\"La derni\u00e8re personne \u00e0 avoir v\u00e9cu du b\u0153uf et du drame avec l\u2019attaquant des Golden State Warriors Draymond Green est Jusuf Nurkic. Lors de sa\" \/>\n<meta property=\"og:url\" content=\"https:\/\/footdavant.fr\/actualites\/draymond-green-sen-prend-a-jusuf-nurkic-dans-un-nouveau-podcast\/\" \/>\n<meta property=\"og:site_name\" content=\"Foot d&#039;avant\" \/>\n<meta property=\"article:publisher\" content=\"https:\/\/www.facebook.com\/Footdavant\/\" \/>\n<meta property=\"article:published_time\" content=\"2024-02-14T09:48:01+00:00\" \/>\n<meta property=\"og:image\" content=\"https:\/\/footdavant.fr\/actualites\/wp-content\/uploads\/2024\/02\/Draymond-Green-sen-prend-a-Jusuf-Nurkic-dans-un-nouveau.jpeg\" \/>\n\t<meta property=\"og:image:width\" content=\"650\" \/>\n\t<meta property=\"og:image:height\" content=\"488\" \/>\n\t<meta property=\"og:image:type\" content=\"image\/jpeg\" \/>\n<meta name=\"author\" content=\"Cl\u00e9ment\" \/>\n<meta name=\"twitter:card\" content=\"summary_large_image\" \/>\n<meta name=\"twitter:creator\" content=\"@FootdavantFr\" \/>\n<meta name=\"twitter:site\" content=\"@FootdavantFr\" \/>\n<meta name=\"twitter:label1\" content=\"\u00c9crit par\" \/>\n\t<meta name=\"twitter:data1\" content=\"Cl\u00e9ment\" \/>\n\t<meta name=\"twitter:label2\" content=\"Dur\u00e9e de lecture estim\u00e9e\" \/>\n\t<meta name=\"twitter:data2\" content=\"3 minutes\" \/>\n<script type=\"application\/ld+json\" class=\"yoast-schema-graph\">{\"@context\":\"https:\/\/schema.org\",\"@graph\":[{\"@type\":\"Article\",\"@id\":\"https:\/\/footdavant.fr\/actualites\/draymond-green-sen-prend-a-jusuf-nurkic-dans-un-nouveau-podcast\/#article\",\"isPartOf\":{\"@id\":\"https:\/\/footdavant.fr\/actualites\/draymond-green-sen-prend-a-jusuf-nurkic-dans-un-nouveau-podcast\/\"},\"author\":{\"name\":\"Cl\u00e9ment\",\"@id\":\"https:\/\/footdavant.fr\/actualites\/#\/schema\/person\/bc222566d95871b37e597b3ed3ba5e1d\"},\"headline\":\"Draymond Green s&rsquo;en prend \u00e0 Jusuf Nurkic dans un nouveau podcast\",\"datePublished\":\"2024-02-14T09:48:01+00:00\",\"dateModified\":\"2024-02-14T09:48:01+00:00\",\"mainEntityOfPage\":{\"@id\":\"https:\/\/footdavant.fr\/actualites\/draymond-green-sen-prend-a-jusuf-nurkic-dans-un-nouveau-podcast\/\"},\"wordCount\":569,\"publisher\":{\"@id\":\"https:\/\/footdavant.fr\/actualites\/#organization\"},\"keywords\":[\"dans\",\"Draymond\",\"Green\",\"Jusuf\",\"nouveau\",\"Nurkic\",\"podcast\",\"prend\",\"sen\"],\"articleSection\":[\"Football\"],\"inLanguage\":\"fr-FR\"},{\"@type\":\"WebPage\",\"@id\":\"https:\/\/footdavant.fr\/actualites\/draymond-green-sen-prend-a-jusuf-nurkic-dans-un-nouveau-podcast\/\",\"url\":\"https:\/\/footdavant.fr\/actualites\/draymond-green-sen-prend-a-jusuf-nurkic-dans-un-nouveau-podcast\/\",\"name\":\"Draymond Green s'en prend \u00e0 Jusuf Nurkic dans un nouveau podcast\",\"isPartOf\":{\"@id\":\"https:\/\/footdavant.fr\/actualites\/#website\"},\"datePublished\":\"2024-02-14T09:48:01+00:00\",\"dateModified\":\"2024-02-14T09:48:01+00:00\",\"breadcrumb\":{\"@id\":\"https:\/\/footdavant.fr\/actualites\/draymond-green-sen-prend-a-jusuf-nurkic-dans-un-nouveau-podcast\/#breadcrumb\"},\"inLanguage\":\"fr-FR\",\"potentialAction\":[{\"@type\":\"ReadAction\",\"target\":[\"https:\/\/footdavant.fr\/actualites\/draymond-green-sen-prend-a-jusuf-nurkic-dans-un-nouveau-podcast\/\"]}]},{\"@type\":\"BreadcrumbList\",\"@id\":\"https:\/\/footdavant.fr\/actualites\/draymond-green-sen-prend-a-jusuf-nurkic-dans-un-nouveau-podcast\/#breadcrumb\",\"itemListElement\":[{\"@type\":\"ListItem\",\"position\":1,\"name\":\"Accueil\",\"item\":\"https:\/\/footdavant.fr\/actualites\/\"},{\"@type\":\"ListItem\",\"position\":2,\"name\":\"Draymond Green s&rsquo;en prend \u00e0 Jusuf Nurkic dans un nouveau podcast\"}]},{\"@type\":\"WebSite\",\"@id\":\"https:\/\/footdavant.fr\/actualites\/#website\",\"url\":\"https:\/\/footdavant.fr\/actualites\/\",\"name\":\"Foot d'avant\",\"description\":\"\",\"publisher\":{\"@id\":\"https:\/\/footdavant.fr\/actualites\/#organization\"},\"potentialAction\":[{\"@type\":\"SearchAction\",\"target\":{\"@type\":\"EntryPoint\",\"urlTemplate\":\"https:\/\/footdavant.fr\/actualites\/?s={search_term_string}\"},\"query-input\":\"required name=search_term_string\"}],\"inLanguage\":\"fr-FR\"},{\"@type\":\"Organization\",\"@id\":\"https:\/\/footdavant.fr\/actualites\/#organization\",\"name\":\"Foot d'avant\",\"url\":\"https:\/\/footdavant.fr\/actualites\/\",\"logo\":{\"@type\":\"ImageObject\",\"inLanguage\":\"fr-FR\",\"@id\":\"https:\/\/footdavant.fr\/actualites\/#\/schema\/logo\/image\/\",\"url\":\"https:\/\/footdavant.fr\/actualites\/wp-content\/uploads\/2023\/09\/Copy-of-FootDavant-Logo.png\",\"contentUrl\":\"https:\/\/footdavant.fr\/actualites\/wp-content\/uploads\/2023\/09\/Copy-of-FootDavant-Logo.png\",\"width\":936,\"height\":549,\"caption\":\"Foot d'avant\"},\"image\":{\"@id\":\"https:\/\/footdavant.fr\/actualites\/#\/schema\/logo\/image\/\"},\"sameAs\":[\"https:\/\/www.facebook.com\/Footdavant\/\",\"https:\/\/twitter.com\/FootdavantFr\",\"https:\/\/www.instagram.com\/footdavant.fr\/\"]},{\"@type\":\"Person\",\"@id\":\"https:\/\/footdavant.fr\/actualites\/#\/schema\/person\/bc222566d95871b37e597b3ed3ba5e1d\",\"name\":\"Cl\u00e9ment\",\"image\":{\"@type\":\"ImageObject\",\"inLanguage\":\"fr-FR\",\"@id\":\"https:\/\/footdavant.fr\/actualites\/#\/schema\/person\/image\/\",\"url\":\"https:\/\/secure.gravatar.com\/avatar\/7728b29aac2719421e1a9159b2254c44?s=96&d=mm&r=g\",\"contentUrl\":\"https:\/\/secure.gravatar.com\/avatar\/7728b29aac2719421e1a9159b2254c44?s=96&d=mm&r=g\",\"caption\":\"Cl\u00e9ment\"},\"sameAs\":[\"https:\/\/footdavant.fr\/\"]}]}<\/script>\n<!-- \/ Yoast SEO plugin. -->","yoast_head_json":{"title":"Draymond Green s'en prend \u00e0 Jusuf Nurkic dans un nouveau podcast","robots":{"index":"index","follow":"follow","max-snippet":"max-snippet:-1","max-image-preview":"max-image-preview:large","max-video-preview":"max-video-preview:-1"},"canonical":"https:\/\/footdavant.fr\/actualites\/draymond-green-sen-prend-a-jusuf-nurkic-dans-un-nouveau-podcast\/","og_locale":"fr_FR","og_type":"article","og_title":"Draymond Green s'en prend \u00e0 Jusuf Nurkic dans un nouveau podcast","og_description":"La derni\u00e8re personne \u00e0 avoir v\u00e9cu du b\u0153uf et du drame avec l\u2019attaquant des Golden State Warriors Draymond Green est Jusuf Nurkic. Lors de sa","og_url":"https:\/\/footdavant.fr\/actualites\/draymond-green-sen-prend-a-jusuf-nurkic-dans-un-nouveau-podcast\/","og_site_name":"Foot d&#039;avant","article_publisher":"https:\/\/www.facebook.com\/Footdavant\/","article_published_time":"2024-02-14T09:48:01+00:00","og_image":[{"width":650,"height":488,"url":"https:\/\/footdavant.fr\/actualites\/wp-content\/uploads\/2024\/02\/Draymond-Green-sen-prend-a-Jusuf-Nurkic-dans-un-nouveau.jpeg","type":"image\/jpeg"}],"author":"Cl\u00e9ment","twitter_card":"summary_large_image","twitter_creator":"@FootdavantFr","twitter_site":"@FootdavantFr","twitter_misc":{"\u00c9crit par":"Cl\u00e9ment","Dur\u00e9e de lecture estim\u00e9e":"3 minutes"},"schema":{"@context":"https:\/\/schema.org","@graph":[{"@type":"Article","@id":"https:\/\/footdavant.fr\/actualites\/draymond-green-sen-prend-a-jusuf-nurkic-dans-un-nouveau-podcast\/#article","isPartOf":{"@id":"https:\/\/footdavant.fr\/actualites\/draymond-green-sen-prend-a-jusuf-nurkic-dans-un-nouveau-podcast\/"},"author":{"name":"Cl\u00e9ment","@id":"https:\/\/footdavant.fr\/actualites\/#\/schema\/person\/bc222566d95871b37e597b3ed3ba5e1d"},"headline":"Draymond Green s&rsquo;en prend \u00e0 Jusuf Nurkic dans un nouveau podcast","datePublished":"2024-02-14T09:48:01+00:00","dateModified":"2024-02-14T09:48:01+00:00","mainEntityOfPage":{"@id":"https:\/\/footdavant.fr\/actualites\/draymond-green-sen-prend-a-jusuf-nurkic-dans-un-nouveau-podcast\/"},"wordCount":569,"publisher":{"@id":"https:\/\/footdavant.fr\/actualites\/#organization"},"keywords":["dans","Draymond","Green","Jusuf","nouveau","Nurkic","podcast","prend","sen"],"articleSection":["Football"],"inLanguage":"fr-FR"},{"@type":"WebPage","@id":"https:\/\/footdavant.fr\/actualites\/draymond-green-sen-prend-a-jusuf-nurkic-dans-un-nouveau-podcast\/","url":"https:\/\/footdavant.fr\/actualites\/draymond-green-sen-prend-a-jusuf-nurkic-dans-un-nouveau-podcast\/","name":"Draymond Green s'en prend \u00e0 Jusuf Nurkic dans un nouveau podcast","isPartOf":{"@id":"https:\/\/footdavant.fr\/actualites\/#website"},"datePublished":"2024-02-14T09:48:01+00:00","dateModified":"2024-02-14T09:48:01+00:00","breadcrumb":{"@id":"https:\/\/footdavant.fr\/actualites\/draymond-green-sen-prend-a-jusuf-nurkic-dans-un-nouveau-podcast\/#breadcrumb"},"inLanguage":"fr-FR","potentialAction":[{"@type":"ReadAction","target":["https:\/\/footdavant.fr\/actualites\/draymond-green-sen-prend-a-jusuf-nurkic-dans-un-nouveau-podcast\/"]}]},{"@type":"BreadcrumbList","@id":"https:\/\/footdavant.fr\/actualites\/draymond-green-sen-prend-a-jusuf-nurkic-dans-un-nouveau-podcast\/#breadcrumb","itemListElement":[{"@type":"ListItem","position":1,"name":"Accueil","item":"https:\/\/footdavant.fr\/actualites\/"},{"@type":"ListItem","position":2,"name":"Draymond Green s&rsquo;en prend \u00e0 Jusuf Nurkic dans un nouveau podcast"}]},{"@type":"WebSite","@id":"https:\/\/footdavant.fr\/actualites\/#website","url":"https:\/\/footdavant.fr\/actualites\/","name":"Foot d'avant","description":"","publisher":{"@id":"https:\/\/footdavant.fr\/actualites\/#organization"},"potentialAction":[{"@type":"SearchAction","target":{"@type":"EntryPoint","urlTemplate":"https:\/\/footdavant.fr\/actualites\/?s={search_term_string}"},"query-input":"required name=search_term_string"}],"inLanguage":"fr-FR"},{"@type":"Organization","@id":"https:\/\/footdavant.fr\/actualites\/#organization","name":"Foot d'avant","url":"https:\/\/footdavant.fr\/actualites\/","logo":{"@type":"ImageObject","inLanguage":"fr-FR","@id":"https:\/\/footdavant.fr\/actualites\/#\/schema\/logo\/image\/","url":"https:\/\/footdavant.fr\/actualites\/wp-content\/uploads\/2023\/09\/Copy-of-FootDavant-Logo.png","contentUrl":"https:\/\/footdavant.fr\/actualites\/wp-content\/uploads\/2023\/09\/Copy-of-FootDavant-Logo.png","width":936,"height":549,"caption":"Foot d'avant"},"image":{"@id":"https:\/\/footdavant.fr\/actualites\/#\/schema\/logo\/image\/"},"sameAs":["https:\/\/www.facebook.com\/Footdavant\/","https:\/\/twitter.com\/FootdavantFr","https:\/\/www.instagram.com\/footdavant.fr\/"]},{"@type":"Person","@id":"https:\/\/footdavant.fr\/actualites\/#\/schema\/person\/bc222566d95871b37e597b3ed3ba5e1d","name":"Cl\u00e9ment","image":{"@type":"ImageObject","inLanguage":"fr-FR","@id":"https:\/\/footdavant.fr\/actualites\/#\/schema\/person\/image\/","url":"https:\/\/secure.gravatar.com\/avatar\/7728b29aac2719421e1a9159b2254c44?s=96&d=mm&r=g","contentUrl":"https:\/\/secure.gravatar.com\/avatar\/7728b29aac2719421e1a9159b2254c44?s=96&d=mm&r=g","caption":"Cl\u00e9ment"},"sameAs":["https:\/\/footdavant.fr\/"]}]}},"_links":{"self":[{"href":"https:\/\/footdavant.fr\/actualites\/wp-json\/wp\/v2\/posts\/5068"}],"collection":[{"href":"https:\/\/footdavant.fr\/actualites\/wp-json\/wp\/v2\/posts"}],"about":[{"href":"https:\/\/footdavant.fr\/actualites\/wp-json\/wp\/v2\/types\/post"}],"author":[{"embeddable":true,"href":"https:\/\/footdavant.fr\/actualites\/wp-json\/wp\/v2\/users\/1"}],"replies":[{"embeddable":true,"href":"https:\/\/footdavant.fr\/actualites\/wp-json\/wp\/v2\/comments?post=5068"}],"version-history":[{"count":1,"href":"https:\/\/footdavant.fr\/actualites\/wp-json\/wp\/v2\/posts\/5068\/revisions"}],"predecessor-version":[{"id":5070,"href":"https:\/\/footdavant.fr\/actualites\/wp-json\/wp\/v2\/posts\/5068\/revisions\/5070"}],"wp:featuredmedia":[{"embeddable":true,"href":"https:\/\/footdavant.fr\/actualites\/wp-json\/wp\/v2\/media\/5069"}],"wp:attachment":[{"href":"https:\/\/footdavant.fr\/actualites\/wp-json\/wp\/v2\/media?parent=5068"}],"wp:term":[{"taxonomy":"category","embeddable":true,"href":"https:\/\/footdavant.fr\/actualites\/wp-json\/wp\/v2\/categories?post=5068"},{"taxonomy":"post_tag","embeddable":true,"href":"https:\/\/footdavant.fr\/actualites\/wp-json\/wp\/v2\/tags?post=5068"}],"curies":[{"name":"wp","href":"https:\/\/api.w.org\/{rel}","templated":true}]}}