{"id":5077,"date":"2024-02-14T14:48:40","date_gmt":"2024-02-14T13:48:40","guid":{"rendered":"https:\/\/footdavant.fr\/actualites\/sir-jim-ratcliffe-recoit-lapprobation-de-la-fa-pour-le-rachat-minoritaire-de-manchester-united\/"},"modified":"2024-02-14T14:48:42","modified_gmt":"2024-02-14T13:48:42","slug":"sir-jim-ratcliffe-recoit-lapprobation-de-la-fa-pour-le-rachat-minoritaire-de-manchester-united","status":"publish","type":"post","link":"https:\/\/footdavant.fr\/actualites\/sir-jim-ratcliffe-recoit-lapprobation-de-la-fa-pour-le-rachat-minoritaire-de-manchester-united\/","title":{"rendered":"Sir Jim Ratcliffe re\u00e7oit l&rsquo;approbation de la FA pour le rachat minoritaire de Manchester United &#8211;"},"content":{"rendered":"<div id=\"penci-post-entry-inner\">\n<p>\t\t\t<i class=\"penci-post-countview-number-check\" style=\"display:none\">2<\/i><\/p>\n<p>Sir Jim Ratcliffe et sa soci\u00e9t\u00e9 INEOS deviendront officiellement un actionnaire minoritaire de Manchester United maintenant que son rachat a re\u00e7u le sceau officiel d&rsquo;approbation.<\/p>\n<p>Le journaliste Ben Jacobs a rapport\u00e9 sur X que la Football Association avait officiellement approuv\u00e9 la participation de Ratcliffe dans Man United.<\/p>\n<blockquote class=\"twitter-tweet\" data-width=\"550\" data-dnt=\"true\">\n<p lang=\"en\" dir=\"ltr\">Jim Ratcliffe a d\u00e9sormais l&rsquo;approbation de la FA sur sa participation dans Manchester United.\u2705<\/p>\n<p>\u2013 Ben Jacobs (@JacobsBen) <a rel=\"nofollow\" href=\"https:\/\/twitter.com\/JacobsBen\/status\/1757743384368738811?ref_src=twsrc%5Etfw\">14 f\u00e9vrier 2024<\/a><\/p>\n<\/blockquote>\n<p>Fin d\u00e9cembre, The Peoples Person rapportait que Ratcliffe avait conclu un accord avec le club sur l&rsquo;acquisition d&rsquo;une participation de 25 % 13 mois apr\u00e8s que les Glazers ont commenc\u00e9 \u00e0 explorer la vente totale ou partielle de United.<\/p>\n<p>Apr\u00e8s avoir re\u00e7u l&rsquo;approbation du conseil d&rsquo;administration de United pour la vente, le chef d&rsquo;INEOS a re\u00e7u le feu vert dont il avait besoin pour prendre le contr\u00f4le des op\u00e9rations football du club.<\/p>\n<p>Depuis son arriv\u00e9e \u00e0 Old Trafford, INEOS s&rsquo;est activement impliqu\u00e9 dans les op\u00e9rations sportives du club m\u00eame si l&rsquo;accord de rachat n&rsquo;a pas encore \u00e9t\u00e9 ratifi\u00e9.<\/p>\n<p>Cela comprenait la nomination d&rsquo;Omar Berrada au poste de directeur g\u00e9n\u00e9ral du club suite au d\u00e9part de Richard Arnold.  Berrada a \u00e9t\u00e9 le fer de lance du r\u00e9cent succ\u00e8s sur le terrain de Manchester City, en tant que PDG avant d&rsquo;\u00eatre attir\u00e9 par Old Trafford.<\/p>\n<p>Pourtant, l&rsquo;influence de Ratcliffe ne s&rsquo;arr\u00eate pas l\u00e0, le nouveau copropri\u00e9taire milliardaire de United menant \u00e9galement la recherche d&rsquo;un nouveau directeur sportif, avec des personnalit\u00e9s comme Dan Ashworth sur le radar du club.<\/p>\n<p>En dehors des changements de personnel, Ratcliffe est \u00e9galement d\u00e9termin\u00e9 \u00e0 am\u00e9liorer l&rsquo;infrastructure n\u00e9glig\u00e9e du club.  Cela inclut la transformation d\u2019Old Trafford en \u00ab Wembley du nord \u00bb et la transformation du stade en d\u00e9t\u00e9rioration en un lieu de classe mondiale.<\/p>\n<p>Un autre point \u00e0 l&rsquo;ordre du jour est le complexe de formation de Carrington.  Alors qu&rsquo;INEOS juge les installations de Carrington insuffisantes, les actionnaires minoritaires de United envisageraient la possibilit\u00e9 de quitter Carrington pour de nouveaux p\u00e2turages.<\/p>\n<p>La semaine derni\u00e8re, alors qu&rsquo;il \u00e9tait en ville pour rendre hommage au m\u00e9morial de United \u00e0 Munich, Ratcliffe a d\u00e9cid\u00e9 de passer \u00e9galement du temps \u00e0 Carrington ;  sa troisi\u00e8me visite au cours du mois dernier.<\/p>\n<p>Prenant clairement son nouveau projet de football au s\u00e9rieux, les projets de Ratcliffe pour United seraient si vastes que certains membres du club seraient \u00ab dans le flou \u00bb en ce qui concerne les changements structurels potentiels.<\/p>\n<p>Aujourd&rsquo;hui, avec l&rsquo;approbation de la FA, Ratcliffe et INEOS ont surmont\u00e9 le dernier obstacle pour devenir officiellement les nouveaux actionnaires de United.  Compte tenu de la rapidit\u00e9 et de l\u2019intensit\u00e9 avec lesquelles ils ont d\u00e9j\u00e0 commenc\u00e9 \u00e0 planifier leur transformation au sein du club, les fans de United esp\u00e8rent que leur transformation sera rapide et efficace.<\/p>\n<p><!-- AI CONTENT END 3 --><\/p><\/div>\n<p><script async src=\"https:\/\/platform.twitter.com\/widgets.js\" charset=\"utf-8\"><\/script><\/p>\n","protected":false},"excerpt":{"rendered":"<p>2 Sir Jim Ratcliffe et sa soci\u00e9t\u00e9 INEOS deviendront officiellement un actionnaire minoritaire de Manchester United maintenant que son rachat a re\u00e7u le sceau officiel<\/p>\n","protected":false},"author":1,"featured_media":5078,"comment_status":"closed","ping_status":"","sticky":false,"template":"","format":"standard","meta":{"footnotes":""},"categories":[3],"tags":[691,3677,11,3155,51,2534,692,488,690,13],"yoast_head":"<!-- This site is optimized with the Yoast SEO plugin v21.0 - https:\/\/yoast.com\/wordpress\/plugins\/seo\/ -->\n<title>Sir Jim Ratcliffe re\u00e7oit l&#039;approbation de la FA pour le rachat minoritaire de Manchester United -<\/title>\n<meta name=\"robots\" content=\"index, follow, max-snippet:-1, max-image-preview:large, max-video-preview:-1\" \/>\n<link rel=\"canonical\" href=\"https:\/\/footdavant.fr\/actualites\/sir-jim-ratcliffe-recoit-lapprobation-de-la-fa-pour-le-rachat-minoritaire-de-manchester-united\/\" \/>\n<meta property=\"og:locale\" content=\"fr_FR\" \/>\n<meta property=\"og:type\" content=\"article\" \/>\n<meta property=\"og:title\" content=\"Sir Jim Ratcliffe re\u00e7oit l&#039;approbation de la FA pour le rachat minoritaire de Manchester United -\" \/>\n<meta property=\"og:description\" content=\"2 Sir Jim Ratcliffe et sa soci\u00e9t\u00e9 INEOS deviendront officiellement un actionnaire minoritaire de Manchester United maintenant que son rachat a re\u00e7u le sceau officiel\" \/>\n<meta property=\"og:url\" content=\"https:\/\/footdavant.fr\/actualites\/sir-jim-ratcliffe-recoit-lapprobation-de-la-fa-pour-le-rachat-minoritaire-de-manchester-united\/\" \/>\n<meta property=\"og:site_name\" content=\"Foot d&#039;avant\" \/>\n<meta property=\"article:publisher\" content=\"https:\/\/www.facebook.com\/Footdavant\/\" \/>\n<meta property=\"article:published_time\" content=\"2024-02-14T13:48:40+00:00\" \/>\n<meta property=\"article:modified_time\" content=\"2024-02-14T13:48:42+00:00\" \/>\n<meta property=\"og:image\" content=\"https:\/\/footdavant.fr\/actualites\/wp-content\/uploads\/2024\/02\/Sir-Jim-Ratcliffe-recoit-lapprobation-de-la-FA-pour-le.jpeg\" \/>\n\t<meta property=\"og:image:width\" content=\"1600\" \/>\n\t<meta property=\"og:image:height\" content=\"701\" \/>\n\t<meta property=\"og:image:type\" content=\"image\/jpeg\" \/>\n<meta name=\"author\" content=\"Cl\u00e9ment\" \/>\n<meta name=\"twitter:card\" content=\"summary_large_image\" \/>\n<meta name=\"twitter:creator\" content=\"@FootdavantFr\" \/>\n<meta name=\"twitter:site\" content=\"@FootdavantFr\" \/>\n<meta name=\"twitter:label1\" content=\"\u00c9crit par\" \/>\n\t<meta name=\"twitter:data1\" content=\"Cl\u00e9ment\" \/>\n\t<meta name=\"twitter:label2\" content=\"Dur\u00e9e de lecture estim\u00e9e\" \/>\n\t<meta name=\"twitter:data2\" content=\"2 minutes\" \/>\n<script type=\"application\/ld+json\" class=\"yoast-schema-graph\">{\"@context\":\"https:\/\/schema.org\",\"@graph\":[{\"@type\":\"Article\",\"@id\":\"https:\/\/footdavant.fr\/actualites\/sir-jim-ratcliffe-recoit-lapprobation-de-la-fa-pour-le-rachat-minoritaire-de-manchester-united\/#article\",\"isPartOf\":{\"@id\":\"https:\/\/footdavant.fr\/actualites\/sir-jim-ratcliffe-recoit-lapprobation-de-la-fa-pour-le-rachat-minoritaire-de-manchester-united\/\"},\"author\":{\"name\":\"Cl\u00e9ment\",\"@id\":\"https:\/\/footdavant.fr\/actualites\/#\/schema\/person\/bc222566d95871b37e597b3ed3ba5e1d\"},\"headline\":\"Sir Jim Ratcliffe re\u00e7oit l&rsquo;approbation de la FA pour le rachat minoritaire de Manchester United &#8211;\",\"datePublished\":\"2024-02-14T13:48:40+00:00\",\"dateModified\":\"2024-02-14T13:48:42+00:00\",\"mainEntityOfPage\":{\"@id\":\"https:\/\/footdavant.fr\/actualites\/sir-jim-ratcliffe-recoit-lapprobation-de-la-fa-pour-le-rachat-minoritaire-de-manchester-united\/\"},\"wordCount\":489,\"publisher\":{\"@id\":\"https:\/\/footdavant.fr\/actualites\/#organization\"},\"keywords\":[\"Jim\",\"lapprobation\",\"Manchester\",\"minoritaire\",\"pour\",\"rachat\",\"Ratcliffe\",\"re\u00e7oit\",\"Sir\",\"United\"],\"articleSection\":[\"Football\"],\"inLanguage\":\"fr-FR\"},{\"@type\":\"WebPage\",\"@id\":\"https:\/\/footdavant.fr\/actualites\/sir-jim-ratcliffe-recoit-lapprobation-de-la-fa-pour-le-rachat-minoritaire-de-manchester-united\/\",\"url\":\"https:\/\/footdavant.fr\/actualites\/sir-jim-ratcliffe-recoit-lapprobation-de-la-fa-pour-le-rachat-minoritaire-de-manchester-united\/\",\"name\":\"Sir Jim Ratcliffe re\u00e7oit l'approbation de la FA pour le rachat minoritaire de Manchester United -\",\"isPartOf\":{\"@id\":\"https:\/\/footdavant.fr\/actualites\/#website\"},\"datePublished\":\"2024-02-14T13:48:40+00:00\",\"dateModified\":\"2024-02-14T13:48:42+00:00\",\"breadcrumb\":{\"@id\":\"https:\/\/footdavant.fr\/actualites\/sir-jim-ratcliffe-recoit-lapprobation-de-la-fa-pour-le-rachat-minoritaire-de-manchester-united\/#breadcrumb\"},\"inLanguage\":\"fr-FR\",\"potentialAction\":[{\"@type\":\"ReadAction\",\"target\":[\"https:\/\/footdavant.fr\/actualites\/sir-jim-ratcliffe-recoit-lapprobation-de-la-fa-pour-le-rachat-minoritaire-de-manchester-united\/\"]}]},{\"@type\":\"BreadcrumbList\",\"@id\":\"https:\/\/footdavant.fr\/actualites\/sir-jim-ratcliffe-recoit-lapprobation-de-la-fa-pour-le-rachat-minoritaire-de-manchester-united\/#breadcrumb\",\"itemListElement\":[{\"@type\":\"ListItem\",\"position\":1,\"name\":\"Accueil\",\"item\":\"https:\/\/footdavant.fr\/actualites\/\"},{\"@type\":\"ListItem\",\"position\":2,\"name\":\"Sir Jim Ratcliffe re\u00e7oit l&rsquo;approbation de la FA pour le rachat minoritaire de Manchester United &#8211;\"}]},{\"@type\":\"WebSite\",\"@id\":\"https:\/\/footdavant.fr\/actualites\/#website\",\"url\":\"https:\/\/footdavant.fr\/actualites\/\",\"name\":\"Foot d'avant\",\"description\":\"\",\"publisher\":{\"@id\":\"https:\/\/footdavant.fr\/actualites\/#organization\"},\"potentialAction\":[{\"@type\":\"SearchAction\",\"target\":{\"@type\":\"EntryPoint\",\"urlTemplate\":\"https:\/\/footdavant.fr\/actualites\/?s={search_term_string}\"},\"query-input\":\"required name=search_term_string\"}],\"inLanguage\":\"fr-FR\"},{\"@type\":\"Organization\",\"@id\":\"https:\/\/footdavant.fr\/actualites\/#organization\",\"name\":\"Foot d'avant\",\"url\":\"https:\/\/footdavant.fr\/actualites\/\",\"logo\":{\"@type\":\"ImageObject\",\"inLanguage\":\"fr-FR\",\"@id\":\"https:\/\/footdavant.fr\/actualites\/#\/schema\/logo\/image\/\",\"url\":\"https:\/\/footdavant.fr\/actualites\/wp-content\/uploads\/2023\/09\/Copy-of-FootDavant-Logo.png\",\"contentUrl\":\"https:\/\/footdavant.fr\/actualites\/wp-content\/uploads\/2023\/09\/Copy-of-FootDavant-Logo.png\",\"width\":936,\"height\":549,\"caption\":\"Foot d'avant\"},\"image\":{\"@id\":\"https:\/\/footdavant.fr\/actualites\/#\/schema\/logo\/image\/\"},\"sameAs\":[\"https:\/\/www.facebook.com\/Footdavant\/\",\"https:\/\/twitter.com\/FootdavantFr\",\"https:\/\/www.instagram.com\/footdavant.fr\/\"]},{\"@type\":\"Person\",\"@id\":\"https:\/\/footdavant.fr\/actualites\/#\/schema\/person\/bc222566d95871b37e597b3ed3ba5e1d\",\"name\":\"Cl\u00e9ment\",\"image\":{\"@type\":\"ImageObject\",\"inLanguage\":\"fr-FR\",\"@id\":\"https:\/\/footdavant.fr\/actualites\/#\/schema\/person\/image\/\",\"url\":\"https:\/\/secure.gravatar.com\/avatar\/7728b29aac2719421e1a9159b2254c44?s=96&d=mm&r=g\",\"contentUrl\":\"https:\/\/secure.gravatar.com\/avatar\/7728b29aac2719421e1a9159b2254c44?s=96&d=mm&r=g\",\"caption\":\"Cl\u00e9ment\"},\"sameAs\":[\"https:\/\/footdavant.fr\/\"]}]}<\/script>\n<!-- \/ Yoast SEO plugin. -->","yoast_head_json":{"title":"Sir Jim Ratcliffe re\u00e7oit l'approbation de la FA pour le rachat minoritaire de Manchester United -","robots":{"index":"index","follow":"follow","max-snippet":"max-snippet:-1","max-image-preview":"max-image-preview:large","max-video-preview":"max-video-preview:-1"},"canonical":"https:\/\/footdavant.fr\/actualites\/sir-jim-ratcliffe-recoit-lapprobation-de-la-fa-pour-le-rachat-minoritaire-de-manchester-united\/","og_locale":"fr_FR","og_type":"article","og_title":"Sir Jim Ratcliffe re\u00e7oit l'approbation de la FA pour le rachat minoritaire de Manchester United -","og_description":"2 Sir Jim Ratcliffe et sa soci\u00e9t\u00e9 INEOS deviendront officiellement un actionnaire minoritaire de Manchester United maintenant que son rachat a re\u00e7u le sceau officiel","og_url":"https:\/\/footdavant.fr\/actualites\/sir-jim-ratcliffe-recoit-lapprobation-de-la-fa-pour-le-rachat-minoritaire-de-manchester-united\/","og_site_name":"Foot d&#039;avant","article_publisher":"https:\/\/www.facebook.com\/Footdavant\/","article_published_time":"2024-02-14T13:48:40+00:00","article_modified_time":"2024-02-14T13:48:42+00:00","og_image":[{"width":1600,"height":701,"url":"https:\/\/footdavant.fr\/actualites\/wp-content\/uploads\/2024\/02\/Sir-Jim-Ratcliffe-recoit-lapprobation-de-la-FA-pour-le.jpeg","type":"image\/jpeg"}],"author":"Cl\u00e9ment","twitter_card":"summary_large_image","twitter_creator":"@FootdavantFr","twitter_site":"@FootdavantFr","twitter_misc":{"\u00c9crit par":"Cl\u00e9ment","Dur\u00e9e de lecture estim\u00e9e":"2 minutes"},"schema":{"@context":"https:\/\/schema.org","@graph":[{"@type":"Article","@id":"https:\/\/footdavant.fr\/actualites\/sir-jim-ratcliffe-recoit-lapprobation-de-la-fa-pour-le-rachat-minoritaire-de-manchester-united\/#article","isPartOf":{"@id":"https:\/\/footdavant.fr\/actualites\/sir-jim-ratcliffe-recoit-lapprobation-de-la-fa-pour-le-rachat-minoritaire-de-manchester-united\/"},"author":{"name":"Cl\u00e9ment","@id":"https:\/\/footdavant.fr\/actualites\/#\/schema\/person\/bc222566d95871b37e597b3ed3ba5e1d"},"headline":"Sir Jim Ratcliffe re\u00e7oit l&rsquo;approbation de la FA pour le rachat minoritaire de Manchester United &#8211;","datePublished":"2024-02-14T13:48:40+00:00","dateModified":"2024-02-14T13:48:42+00:00","mainEntityOfPage":{"@id":"https:\/\/footdavant.fr\/actualites\/sir-jim-ratcliffe-recoit-lapprobation-de-la-fa-pour-le-rachat-minoritaire-de-manchester-united\/"},"wordCount":489,"publisher":{"@id":"https:\/\/footdavant.fr\/actualites\/#organization"},"keywords":["Jim","lapprobation","Manchester","minoritaire","pour","rachat","Ratcliffe","re\u00e7oit","Sir","United"],"articleSection":["Football"],"inLanguage":"fr-FR"},{"@type":"WebPage","@id":"https:\/\/footdavant.fr\/actualites\/sir-jim-ratcliffe-recoit-lapprobation-de-la-fa-pour-le-rachat-minoritaire-de-manchester-united\/","url":"https:\/\/footdavant.fr\/actualites\/sir-jim-ratcliffe-recoit-lapprobation-de-la-fa-pour-le-rachat-minoritaire-de-manchester-united\/","name":"Sir Jim Ratcliffe re\u00e7oit l'approbation de la FA pour le rachat minoritaire de Manchester United -","isPartOf":{"@id":"https:\/\/footdavant.fr\/actualites\/#website"},"datePublished":"2024-02-14T13:48:40+00:00","dateModified":"2024-02-14T13:48:42+00:00","breadcrumb":{"@id":"https:\/\/footdavant.fr\/actualites\/sir-jim-ratcliffe-recoit-lapprobation-de-la-fa-pour-le-rachat-minoritaire-de-manchester-united\/#breadcrumb"},"inLanguage":"fr-FR","potentialAction":[{"@type":"ReadAction","target":["https:\/\/footdavant.fr\/actualites\/sir-jim-ratcliffe-recoit-lapprobation-de-la-fa-pour-le-rachat-minoritaire-de-manchester-united\/"]}]},{"@type":"BreadcrumbList","@id":"https:\/\/footdavant.fr\/actualites\/sir-jim-ratcliffe-recoit-lapprobation-de-la-fa-pour-le-rachat-minoritaire-de-manchester-united\/#breadcrumb","itemListElement":[{"@type":"ListItem","position":1,"name":"Accueil","item":"https:\/\/footdavant.fr\/actualites\/"},{"@type":"ListItem","position":2,"name":"Sir Jim Ratcliffe re\u00e7oit l&rsquo;approbation de la FA pour le rachat minoritaire de Manchester United &#8211;"}]},{"@type":"WebSite","@id":"https:\/\/footdavant.fr\/actualites\/#website","url":"https:\/\/footdavant.fr\/actualites\/","name":"Foot d'avant","description":"","publisher":{"@id":"https:\/\/footdavant.fr\/actualites\/#organization"},"potentialAction":[{"@type":"SearchAction","target":{"@type":"EntryPoint","urlTemplate":"https:\/\/footdavant.fr\/actualites\/?s={search_term_string}"},"query-input":"required name=search_term_string"}],"inLanguage":"fr-FR"},{"@type":"Organization","@id":"https:\/\/footdavant.fr\/actualites\/#organization","name":"Foot d'avant","url":"https:\/\/footdavant.fr\/actualites\/","logo":{"@type":"ImageObject","inLanguage":"fr-FR","@id":"https:\/\/footdavant.fr\/actualites\/#\/schema\/logo\/image\/","url":"https:\/\/footdavant.fr\/actualites\/wp-content\/uploads\/2023\/09\/Copy-of-FootDavant-Logo.png","contentUrl":"https:\/\/footdavant.fr\/actualites\/wp-content\/uploads\/2023\/09\/Copy-of-FootDavant-Logo.png","width":936,"height":549,"caption":"Foot d'avant"},"image":{"@id":"https:\/\/footdavant.fr\/actualites\/#\/schema\/logo\/image\/"},"sameAs":["https:\/\/www.facebook.com\/Footdavant\/","https:\/\/twitter.com\/FootdavantFr","https:\/\/www.instagram.com\/footdavant.fr\/"]},{"@type":"Person","@id":"https:\/\/footdavant.fr\/actualites\/#\/schema\/person\/bc222566d95871b37e597b3ed3ba5e1d","name":"Cl\u00e9ment","image":{"@type":"ImageObject","inLanguage":"fr-FR","@id":"https:\/\/footdavant.fr\/actualites\/#\/schema\/person\/image\/","url":"https:\/\/secure.gravatar.com\/avatar\/7728b29aac2719421e1a9159b2254c44?s=96&d=mm&r=g","contentUrl":"https:\/\/secure.gravatar.com\/avatar\/7728b29aac2719421e1a9159b2254c44?s=96&d=mm&r=g","caption":"Cl\u00e9ment"},"sameAs":["https:\/\/footdavant.fr\/"]}]}},"_links":{"self":[{"href":"https:\/\/footdavant.fr\/actualites\/wp-json\/wp\/v2\/posts\/5077"}],"collection":[{"href":"https:\/\/footdavant.fr\/actualites\/wp-json\/wp\/v2\/posts"}],"about":[{"href":"https:\/\/footdavant.fr\/actualites\/wp-json\/wp\/v2\/types\/post"}],"author":[{"embeddable":true,"href":"https:\/\/footdavant.fr\/actualites\/wp-json\/wp\/v2\/users\/1"}],"replies":[{"embeddable":true,"href":"https:\/\/footdavant.fr\/actualites\/wp-json\/wp\/v2\/comments?post=5077"}],"version-history":[{"count":1,"href":"https:\/\/footdavant.fr\/actualites\/wp-json\/wp\/v2\/posts\/5077\/revisions"}],"predecessor-version":[{"id":5079,"href":"https:\/\/footdavant.fr\/actualites\/wp-json\/wp\/v2\/posts\/5077\/revisions\/5079"}],"wp:featuredmedia":[{"embeddable":true,"href":"https:\/\/footdavant.fr\/actualites\/wp-json\/wp\/v2\/media\/5078"}],"wp:attachment":[{"href":"https:\/\/footdavant.fr\/actualites\/wp-json\/wp\/v2\/media?parent=5077"}],"wp:term":[{"taxonomy":"category","embeddable":true,"href":"https:\/\/footdavant.fr\/actualites\/wp-json\/wp\/v2\/categories?post=5077"},{"taxonomy":"post_tag","embeddable":true,"href":"https:\/\/footdavant.fr\/actualites\/wp-json\/wp\/v2\/tags?post=5077"}],"curies":[{"name":"wp","href":"https:\/\/api.w.org\/{rel}","templated":true}]}}