{"id":5080,"date":"2024-02-14T15:48:48","date_gmt":"2024-02-14T14:48:48","guid":{"rendered":"https:\/\/footdavant.fr\/actualites\/le-trio-de-manchester-city-exclu-de-lequipe-de-la-ligue-des-champions-pour-le-choc-de-copenhague\/"},"modified":"2024-02-14T15:48:49","modified_gmt":"2024-02-14T14:48:49","slug":"le-trio-de-manchester-city-exclu-de-lequipe-de-la-ligue-des-champions-pour-le-choc-de-copenhague","status":"publish","type":"post","link":"https:\/\/footdavant.fr\/actualites\/le-trio-de-manchester-city-exclu-de-lequipe-de-la-ligue-des-champions-pour-le-choc-de-copenhague\/","title":{"rendered":"Le trio de Manchester City exclu de l&rsquo;\u00e9quipe de la Ligue des champions pour le choc de Copenhague"},"content":{"rendered":"<p>Trois joueurs de Manchester City ont \u00e9t\u00e9 exclus de l&rsquo;\u00e9quipe de 21 joueurs de Pep Guardiola qui se rendra au Danemark pour le match aller des huiti\u00e8mes de finale aller de la Ligue des champions mardi contre Copenhague.<\/p>\n<div id=\"article_body\" itemprop=\"articleBody\">\n<h3 class=\"firstPara\">\n<strong class=\"autotag\">Manchester City<\/strong> trio <strong class=\"autotag\">Mateo Kovacic<\/strong>, <strong class=\"autotag\">Josko Gvardiol<\/strong> et <strong class=\"autotag\">Sergio G\u00f3mez<\/strong> ont tous \u00e9t\u00e9 laiss\u00e9s de c\u00f4t\u00e9 <strong class=\"autotag\">Pep Guardiola<\/strong>L&rsquo;\u00e9quipe de 21 joueurs se rendra au Danemark pour le match de mardi <strong class=\"autotag\">Ligue des champions<\/strong> huiti\u00e8mes de finale aller contre <strong class=\"autotag\">Copenhague<\/strong>.<\/h3>\n<p>Kovacic et Gomez n&rsquo;\u00e9taient pas disponibles pour la victoire 2-0 des Citizens \u00e0 domicile contre Everton en Premier League samedi, tandis que Gvardiol \u00e9tait un rempla\u00e7ant inutilis\u00e9.<\/p>\n<p>Les trois joueurs \u00e9taient ensuite absents d&rsquo;une s\u00e9ance d&rsquo;entra\u00eenement ouverte de 15 minutes organis\u00e9e lundi matin avant le vol de l&rsquo;\u00e9quipe vers Copenhague.<\/p>\n<p>Man City a depuis annonc\u00e9 son \u00e9quipe de 21 joueurs en d\u00e9placement en Scandinavie et aucun Kovacic, Gvardiol ou Gomez n&rsquo;a \u00e9t\u00e9 s\u00e9lectionn\u00e9.<\/p>\n<p>On pense que Kovacic et Gvardiol ont \u00e9t\u00e9 l\u00e9g\u00e8rement bless\u00e9s, tandis que la raison de l&rsquo;absence de Gomez \u2013 qui a rat\u00e9 les deux derniers matchs de City en Premier League contre Brentford et Everton \u2013 reste inconnue.<\/p>\n<p>Kovacic et Gvardiol \u2013 deux recrues estivales \u2013 ont figur\u00e9 r\u00e9guli\u00e8rement lors de leurs premi\u00e8res saisons avec les Citizens, les deux joueurs faisant 27 apparitions toutes comp\u00e9titions confondues.<\/p>\n<p class=\"imgI\">\n<p>Gomez, quant \u00e0 lui, a eu du mal \u00e0 gagner du temps de jeu sous Guardiola cette saison, ne jouant que 10 fois dans tous les tournois, bien que quatre de ses apparitions aient eu lieu en Ligue des champions, dont deux titularisations.<\/p>\n<p>Guardiola n&rsquo;a pas fait le point sur la condition physique de son \u00e9quipe lors d&rsquo;une conf\u00e9rence de presse lundi avant le voyage \u00e0 Copenhague et a plut\u00f4t discut\u00e9 des d\u00e9fis que son \u00e9quipe de City pourrait affronter contre l&rsquo;\u00e9quipe danoise.<\/p>\n<p>L&rsquo;absence de Kovacic, Gvardiol et Gomez a vu City convoquer deux espoirs de l&rsquo;acad\u00e9mie sous la forme de <strong class=\"autotag\">Mahamadou Susoho<\/strong> et <strong class=\"autotag\">Jacob Wright<\/strong>ce dernier \u00e9tant sur le banc contre Everton la derni\u00e8re fois.<\/p>\n<p>Guardiola a \u00e9galement de nombreux noms de haut niveau \u00e0 sa disposition, dont l&rsquo;attaquant <strong class=\"autotag\">Erling Haaland<\/strong>qui a marqu\u00e9 deux fois lors de son premier d\u00e9part \u00e0 domicile en deux mois lors de la victoire contre les Toffees.<\/p>\n<p>Haaland a remport\u00e9 le Soulier d&rsquo;Or de la Ligue des Champions la saison derni\u00e8re apr\u00e8s avoir marqu\u00e9 12 fois lors de la campagne triomphale de City, et il est actuellement le co-meilleur buteur cette saison avec cinq buts en phase de groupes \u00e0 son actif.<\/p>\n<p>Le num\u00e9ro 9 de City a marqu\u00e9 deux fois contre Copenhague lors d&rsquo;une victoire 5-0 \u00e0 domicile la saison derni\u00e8re, m\u00eame si l&rsquo;\u00e9quipe de Guardiola a \u00e9t\u00e9 contrainte de jouer un match nul et vierge lors du match inverse, ce que les tenants de la Ligue des Champions voudront \u00e9viter mardi.<\/p>\n<hr>\n<h2>L&rsquo;\u00e9quipe itin\u00e9rante de 21 joueurs de Manchester City au complet :<\/h2>\n<p><strong>Gardiens de but :<\/strong> <strong class=\"autotag\">Ederson<\/strong>, <strong class=\"autotag\">Stefan Ortega<\/strong>, <strong class=\"autotag\">Scott Carson<\/strong><\/p>\n<p><strong>D\u00e9fenseurs\u00a0:<\/strong> <strong class=\"autotag\">Rico Lewis<\/strong>, <strong class=\"autotag\">Kyle Walker<\/strong>, <strong class=\"autotag\">Manuel Akanji<\/strong>, <strong class=\"autotag\">Rub\u00e9n Dias<\/strong>, <strong class=\"autotag\">John Pierres<\/strong>, <strong class=\"autotag\">Nathan Ak\u00e9<\/strong><\/p>\n<p><strong>Milieu de terrain :<\/strong> <strong class=\"autotag\">Rodri<\/strong>Jacob Wright, Mahamadou Susoho, <strong class=\"autotag\">Matheus Nunes<\/strong>, <strong class=\"autotag\">K\u00e9vin De Bruyne<\/strong>, <strong class=\"autotag\">Bernardo Silva<\/strong><\/p>\n<p><strong>Attaquants\u00a0:<\/strong> <strong class=\"autotag\">Jack Grealish<\/strong>, <strong class=\"autotag\">J\u00e9r\u00e9mie Doku<\/strong>, <strong class=\"autotag\">Phil Foden<\/strong>, <strong class=\"autotag\">Oscar Bob<\/strong>Erling Haaland, <strong class=\"autotag\">Julien \u00c1lvarez<\/strong><\/p>\n<\/div>\n","protected":false},"excerpt":{"rendered":"<p>Trois joueurs de Manchester City ont \u00e9t\u00e9 exclus de l&rsquo;\u00e9quipe de 21 joueurs de Pep Guardiola qui se rendra au Danemark pour le match aller<\/p>\n","protected":false},"author":1,"featured_media":5081,"comment_status":"closed","ping_status":"","sticky":false,"template":"","format":"standard","meta":{"footnotes":""},"categories":[4],"tags":[31,332,27,198,12,180,9,30,11,51,845],"yoast_head":"<!-- This site is optimized with the Yoast SEO plugin v21.0 - https:\/\/yoast.com\/wordpress\/plugins\/seo\/ -->\n<title>Le trio de Manchester City exclu de l&#039;\u00e9quipe de la Ligue des champions pour le choc de Copenhague<\/title>\n<meta name=\"robots\" content=\"index, follow, max-snippet:-1, max-image-preview:large, max-video-preview:-1\" \/>\n<link rel=\"canonical\" href=\"https:\/\/footdavant.fr\/actualites\/le-trio-de-manchester-city-exclu-de-lequipe-de-la-ligue-des-champions-pour-le-choc-de-copenhague\/\" \/>\n<meta property=\"og:locale\" content=\"fr_FR\" \/>\n<meta property=\"og:type\" content=\"article\" \/>\n<meta property=\"og:title\" content=\"Le trio de Manchester City exclu de l&#039;\u00e9quipe de la Ligue des champions pour le choc de Copenhague\" \/>\n<meta property=\"og:description\" content=\"Trois joueurs de Manchester City ont \u00e9t\u00e9 exclus de l&rsquo;\u00e9quipe de 21 joueurs de Pep Guardiola qui se rendra au Danemark pour le match aller\" \/>\n<meta property=\"og:url\" content=\"https:\/\/footdavant.fr\/actualites\/le-trio-de-manchester-city-exclu-de-lequipe-de-la-ligue-des-champions-pour-le-choc-de-copenhague\/\" \/>\n<meta property=\"og:site_name\" content=\"Foot d&#039;avant\" \/>\n<meta property=\"article:publisher\" content=\"https:\/\/www.facebook.com\/Footdavant\/\" \/>\n<meta property=\"article:published_time\" content=\"2024-02-14T14:48:48+00:00\" \/>\n<meta property=\"article:modified_time\" content=\"2024-02-14T14:48:49+00:00\" \/>\n<meta property=\"og:image\" content=\"https:\/\/footdavant.fr\/actualites\/wp-content\/uploads\/2024\/02\/Le-trio-de-Manchester-City-exclu-de-lequipe-de-la.jpg\" \/>\n\t<meta property=\"og:image:width\" content=\"640\" \/>\n\t<meta property=\"og:image:height\" content=\"480\" \/>\n\t<meta property=\"og:image:type\" content=\"image\/jpeg\" \/>\n<meta name=\"author\" content=\"Cl\u00e9ment\" \/>\n<meta name=\"twitter:card\" content=\"summary_large_image\" \/>\n<meta name=\"twitter:creator\" content=\"@FootdavantFr\" \/>\n<meta name=\"twitter:site\" content=\"@FootdavantFr\" \/>\n<meta name=\"twitter:label1\" content=\"\u00c9crit par\" \/>\n\t<meta name=\"twitter:data1\" content=\"Cl\u00e9ment\" \/>\n\t<meta name=\"twitter:label2\" content=\"Dur\u00e9e de lecture estim\u00e9e\" \/>\n\t<meta name=\"twitter:data2\" content=\"3 minutes\" \/>\n<script type=\"application\/ld+json\" class=\"yoast-schema-graph\">{\"@context\":\"https:\/\/schema.org\",\"@graph\":[{\"@type\":\"Article\",\"@id\":\"https:\/\/footdavant.fr\/actualites\/le-trio-de-manchester-city-exclu-de-lequipe-de-la-ligue-des-champions-pour-le-choc-de-copenhague\/#article\",\"isPartOf\":{\"@id\":\"https:\/\/footdavant.fr\/actualites\/le-trio-de-manchester-city-exclu-de-lequipe-de-la-ligue-des-champions-pour-le-choc-de-copenhague\/\"},\"author\":{\"name\":\"Cl\u00e9ment\",\"@id\":\"https:\/\/footdavant.fr\/actualites\/#\/schema\/person\/bc222566d95871b37e597b3ed3ba5e1d\"},\"headline\":\"Le trio de Manchester City exclu de l&rsquo;\u00e9quipe de la Ligue des champions pour le choc de Copenhague\",\"datePublished\":\"2024-02-14T14:48:48+00:00\",\"dateModified\":\"2024-02-14T14:48:49+00:00\",\"mainEntityOfPage\":{\"@id\":\"https:\/\/footdavant.fr\/actualites\/le-trio-de-manchester-city-exclu-de-lequipe-de-la-ligue-des-champions-pour-le-choc-de-copenhague\/\"},\"wordCount\":562,\"publisher\":{\"@id\":\"https:\/\/footdavant.fr\/actualites\/#organization\"},\"keywords\":[\"champions\",\"choc\",\"City\",\"Copenhague\",\"des\",\"exclu\",\"l\u00e9quipe\",\"Ligue\",\"Manchester\",\"pour\",\"trio\"],\"articleSection\":[\"Champions League\"],\"inLanguage\":\"fr-FR\"},{\"@type\":\"WebPage\",\"@id\":\"https:\/\/footdavant.fr\/actualites\/le-trio-de-manchester-city-exclu-de-lequipe-de-la-ligue-des-champions-pour-le-choc-de-copenhague\/\",\"url\":\"https:\/\/footdavant.fr\/actualites\/le-trio-de-manchester-city-exclu-de-lequipe-de-la-ligue-des-champions-pour-le-choc-de-copenhague\/\",\"name\":\"Le trio de Manchester City exclu de l'\u00e9quipe de la Ligue des champions pour le choc de Copenhague\",\"isPartOf\":{\"@id\":\"https:\/\/footdavant.fr\/actualites\/#website\"},\"datePublished\":\"2024-02-14T14:48:48+00:00\",\"dateModified\":\"2024-02-14T14:48:49+00:00\",\"breadcrumb\":{\"@id\":\"https:\/\/footdavant.fr\/actualites\/le-trio-de-manchester-city-exclu-de-lequipe-de-la-ligue-des-champions-pour-le-choc-de-copenhague\/#breadcrumb\"},\"inLanguage\":\"fr-FR\",\"potentialAction\":[{\"@type\":\"ReadAction\",\"target\":[\"https:\/\/footdavant.fr\/actualites\/le-trio-de-manchester-city-exclu-de-lequipe-de-la-ligue-des-champions-pour-le-choc-de-copenhague\/\"]}]},{\"@type\":\"BreadcrumbList\",\"@id\":\"https:\/\/footdavant.fr\/actualites\/le-trio-de-manchester-city-exclu-de-lequipe-de-la-ligue-des-champions-pour-le-choc-de-copenhague\/#breadcrumb\",\"itemListElement\":[{\"@type\":\"ListItem\",\"position\":1,\"name\":\"Accueil\",\"item\":\"https:\/\/footdavant.fr\/actualites\/\"},{\"@type\":\"ListItem\",\"position\":2,\"name\":\"Le trio de Manchester City exclu de l&rsquo;\u00e9quipe de la Ligue des champions pour le choc de Copenhague\"}]},{\"@type\":\"WebSite\",\"@id\":\"https:\/\/footdavant.fr\/actualites\/#website\",\"url\":\"https:\/\/footdavant.fr\/actualites\/\",\"name\":\"Foot d'avant\",\"description\":\"\",\"publisher\":{\"@id\":\"https:\/\/footdavant.fr\/actualites\/#organization\"},\"potentialAction\":[{\"@type\":\"SearchAction\",\"target\":{\"@type\":\"EntryPoint\",\"urlTemplate\":\"https:\/\/footdavant.fr\/actualites\/?s={search_term_string}\"},\"query-input\":\"required name=search_term_string\"}],\"inLanguage\":\"fr-FR\"},{\"@type\":\"Organization\",\"@id\":\"https:\/\/footdavant.fr\/actualites\/#organization\",\"name\":\"Foot d'avant\",\"url\":\"https:\/\/footdavant.fr\/actualites\/\",\"logo\":{\"@type\":\"ImageObject\",\"inLanguage\":\"fr-FR\",\"@id\":\"https:\/\/footdavant.fr\/actualites\/#\/schema\/logo\/image\/\",\"url\":\"https:\/\/footdavant.fr\/actualites\/wp-content\/uploads\/2023\/09\/Copy-of-FootDavant-Logo.png\",\"contentUrl\":\"https:\/\/footdavant.fr\/actualites\/wp-content\/uploads\/2023\/09\/Copy-of-FootDavant-Logo.png\",\"width\":936,\"height\":549,\"caption\":\"Foot d'avant\"},\"image\":{\"@id\":\"https:\/\/footdavant.fr\/actualites\/#\/schema\/logo\/image\/\"},\"sameAs\":[\"https:\/\/www.facebook.com\/Footdavant\/\",\"https:\/\/twitter.com\/FootdavantFr\",\"https:\/\/www.instagram.com\/footdavant.fr\/\"]},{\"@type\":\"Person\",\"@id\":\"https:\/\/footdavant.fr\/actualites\/#\/schema\/person\/bc222566d95871b37e597b3ed3ba5e1d\",\"name\":\"Cl\u00e9ment\",\"image\":{\"@type\":\"ImageObject\",\"inLanguage\":\"fr-FR\",\"@id\":\"https:\/\/footdavant.fr\/actualites\/#\/schema\/person\/image\/\",\"url\":\"https:\/\/secure.gravatar.com\/avatar\/7728b29aac2719421e1a9159b2254c44?s=96&d=mm&r=g\",\"contentUrl\":\"https:\/\/secure.gravatar.com\/avatar\/7728b29aac2719421e1a9159b2254c44?s=96&d=mm&r=g\",\"caption\":\"Cl\u00e9ment\"},\"sameAs\":[\"https:\/\/footdavant.fr\/\"]}]}<\/script>\n<!-- \/ Yoast SEO plugin. -->","yoast_head_json":{"title":"Le trio de Manchester City exclu de l'\u00e9quipe de la Ligue des champions pour le choc de Copenhague","robots":{"index":"index","follow":"follow","max-snippet":"max-snippet:-1","max-image-preview":"max-image-preview:large","max-video-preview":"max-video-preview:-1"},"canonical":"https:\/\/footdavant.fr\/actualites\/le-trio-de-manchester-city-exclu-de-lequipe-de-la-ligue-des-champions-pour-le-choc-de-copenhague\/","og_locale":"fr_FR","og_type":"article","og_title":"Le trio de Manchester City exclu de l'\u00e9quipe de la Ligue des champions pour le choc de Copenhague","og_description":"Trois joueurs de Manchester City ont \u00e9t\u00e9 exclus de l&rsquo;\u00e9quipe de 21 joueurs de Pep Guardiola qui se rendra au Danemark pour le match aller","og_url":"https:\/\/footdavant.fr\/actualites\/le-trio-de-manchester-city-exclu-de-lequipe-de-la-ligue-des-champions-pour-le-choc-de-copenhague\/","og_site_name":"Foot d&#039;avant","article_publisher":"https:\/\/www.facebook.com\/Footdavant\/","article_published_time":"2024-02-14T14:48:48+00:00","article_modified_time":"2024-02-14T14:48:49+00:00","og_image":[{"width":640,"height":480,"url":"https:\/\/footdavant.fr\/actualites\/wp-content\/uploads\/2024\/02\/Le-trio-de-Manchester-City-exclu-de-lequipe-de-la.jpg","type":"image\/jpeg"}],"author":"Cl\u00e9ment","twitter_card":"summary_large_image","twitter_creator":"@FootdavantFr","twitter_site":"@FootdavantFr","twitter_misc":{"\u00c9crit par":"Cl\u00e9ment","Dur\u00e9e de lecture estim\u00e9e":"3 minutes"},"schema":{"@context":"https:\/\/schema.org","@graph":[{"@type":"Article","@id":"https:\/\/footdavant.fr\/actualites\/le-trio-de-manchester-city-exclu-de-lequipe-de-la-ligue-des-champions-pour-le-choc-de-copenhague\/#article","isPartOf":{"@id":"https:\/\/footdavant.fr\/actualites\/le-trio-de-manchester-city-exclu-de-lequipe-de-la-ligue-des-champions-pour-le-choc-de-copenhague\/"},"author":{"name":"Cl\u00e9ment","@id":"https:\/\/footdavant.fr\/actualites\/#\/schema\/person\/bc222566d95871b37e597b3ed3ba5e1d"},"headline":"Le trio de Manchester City exclu de l&rsquo;\u00e9quipe de la Ligue des champions pour le choc de Copenhague","datePublished":"2024-02-14T14:48:48+00:00","dateModified":"2024-02-14T14:48:49+00:00","mainEntityOfPage":{"@id":"https:\/\/footdavant.fr\/actualites\/le-trio-de-manchester-city-exclu-de-lequipe-de-la-ligue-des-champions-pour-le-choc-de-copenhague\/"},"wordCount":562,"publisher":{"@id":"https:\/\/footdavant.fr\/actualites\/#organization"},"keywords":["champions","choc","City","Copenhague","des","exclu","l\u00e9quipe","Ligue","Manchester","pour","trio"],"articleSection":["Champions League"],"inLanguage":"fr-FR"},{"@type":"WebPage","@id":"https:\/\/footdavant.fr\/actualites\/le-trio-de-manchester-city-exclu-de-lequipe-de-la-ligue-des-champions-pour-le-choc-de-copenhague\/","url":"https:\/\/footdavant.fr\/actualites\/le-trio-de-manchester-city-exclu-de-lequipe-de-la-ligue-des-champions-pour-le-choc-de-copenhague\/","name":"Le trio de Manchester City exclu de l'\u00e9quipe de la Ligue des champions pour le choc de Copenhague","isPartOf":{"@id":"https:\/\/footdavant.fr\/actualites\/#website"},"datePublished":"2024-02-14T14:48:48+00:00","dateModified":"2024-02-14T14:48:49+00:00","breadcrumb":{"@id":"https:\/\/footdavant.fr\/actualites\/le-trio-de-manchester-city-exclu-de-lequipe-de-la-ligue-des-champions-pour-le-choc-de-copenhague\/#breadcrumb"},"inLanguage":"fr-FR","potentialAction":[{"@type":"ReadAction","target":["https:\/\/footdavant.fr\/actualites\/le-trio-de-manchester-city-exclu-de-lequipe-de-la-ligue-des-champions-pour-le-choc-de-copenhague\/"]}]},{"@type":"BreadcrumbList","@id":"https:\/\/footdavant.fr\/actualites\/le-trio-de-manchester-city-exclu-de-lequipe-de-la-ligue-des-champions-pour-le-choc-de-copenhague\/#breadcrumb","itemListElement":[{"@type":"ListItem","position":1,"name":"Accueil","item":"https:\/\/footdavant.fr\/actualites\/"},{"@type":"ListItem","position":2,"name":"Le trio de Manchester City exclu de l&rsquo;\u00e9quipe de la Ligue des champions pour le choc de Copenhague"}]},{"@type":"WebSite","@id":"https:\/\/footdavant.fr\/actualites\/#website","url":"https:\/\/footdavant.fr\/actualites\/","name":"Foot d'avant","description":"","publisher":{"@id":"https:\/\/footdavant.fr\/actualites\/#organization"},"potentialAction":[{"@type":"SearchAction","target":{"@type":"EntryPoint","urlTemplate":"https:\/\/footdavant.fr\/actualites\/?s={search_term_string}"},"query-input":"required name=search_term_string"}],"inLanguage":"fr-FR"},{"@type":"Organization","@id":"https:\/\/footdavant.fr\/actualites\/#organization","name":"Foot d'avant","url":"https:\/\/footdavant.fr\/actualites\/","logo":{"@type":"ImageObject","inLanguage":"fr-FR","@id":"https:\/\/footdavant.fr\/actualites\/#\/schema\/logo\/image\/","url":"https:\/\/footdavant.fr\/actualites\/wp-content\/uploads\/2023\/09\/Copy-of-FootDavant-Logo.png","contentUrl":"https:\/\/footdavant.fr\/actualites\/wp-content\/uploads\/2023\/09\/Copy-of-FootDavant-Logo.png","width":936,"height":549,"caption":"Foot d'avant"},"image":{"@id":"https:\/\/footdavant.fr\/actualites\/#\/schema\/logo\/image\/"},"sameAs":["https:\/\/www.facebook.com\/Footdavant\/","https:\/\/twitter.com\/FootdavantFr","https:\/\/www.instagram.com\/footdavant.fr\/"]},{"@type":"Person","@id":"https:\/\/footdavant.fr\/actualites\/#\/schema\/person\/bc222566d95871b37e597b3ed3ba5e1d","name":"Cl\u00e9ment","image":{"@type":"ImageObject","inLanguage":"fr-FR","@id":"https:\/\/footdavant.fr\/actualites\/#\/schema\/person\/image\/","url":"https:\/\/secure.gravatar.com\/avatar\/7728b29aac2719421e1a9159b2254c44?s=96&d=mm&r=g","contentUrl":"https:\/\/secure.gravatar.com\/avatar\/7728b29aac2719421e1a9159b2254c44?s=96&d=mm&r=g","caption":"Cl\u00e9ment"},"sameAs":["https:\/\/footdavant.fr\/"]}]}},"_links":{"self":[{"href":"https:\/\/footdavant.fr\/actualites\/wp-json\/wp\/v2\/posts\/5080"}],"collection":[{"href":"https:\/\/footdavant.fr\/actualites\/wp-json\/wp\/v2\/posts"}],"about":[{"href":"https:\/\/footdavant.fr\/actualites\/wp-json\/wp\/v2\/types\/post"}],"author":[{"embeddable":true,"href":"https:\/\/footdavant.fr\/actualites\/wp-json\/wp\/v2\/users\/1"}],"replies":[{"embeddable":true,"href":"https:\/\/footdavant.fr\/actualites\/wp-json\/wp\/v2\/comments?post=5080"}],"version-history":[{"count":1,"href":"https:\/\/footdavant.fr\/actualites\/wp-json\/wp\/v2\/posts\/5080\/revisions"}],"predecessor-version":[{"id":5082,"href":"https:\/\/footdavant.fr\/actualites\/wp-json\/wp\/v2\/posts\/5080\/revisions\/5082"}],"wp:featuredmedia":[{"embeddable":true,"href":"https:\/\/footdavant.fr\/actualites\/wp-json\/wp\/v2\/media\/5081"}],"wp:attachment":[{"href":"https:\/\/footdavant.fr\/actualites\/wp-json\/wp\/v2\/media?parent=5080"}],"wp:term":[{"taxonomy":"category","embeddable":true,"href":"https:\/\/footdavant.fr\/actualites\/wp-json\/wp\/v2\/categories?post=5080"},{"taxonomy":"post_tag","embeddable":true,"href":"https:\/\/footdavant.fr\/actualites\/wp-json\/wp\/v2\/tags?post=5080"}],"curies":[{"name":"wp","href":"https:\/\/api.w.org\/{rel}","templated":true}]}}