{"id":5100,"date":"2024-02-15T02:49:19","date_gmt":"2024-02-15T01:49:19","guid":{"rendered":"https:\/\/footdavant.fr\/actualites\/le-directeur-sportif-de-liverpool-se-montre-plus-clair-apres-que-man-utd-ait-joue-sa-main\/"},"modified":"2024-02-15T02:49:22","modified_gmt":"2024-02-15T01:49:22","slug":"le-directeur-sportif-de-liverpool-se-montre-plus-clair-apres-que-man-utd-ait-joue-sa-main","status":"publish","type":"post","link":"https:\/\/footdavant.fr\/actualites\/le-directeur-sportif-de-liverpool-se-montre-plus-clair-apres-que-man-utd-ait-joue-sa-main\/","title":{"rendered":"Le directeur sportif de Liverpool se montre plus clair apr\u00e8s que Man Utd ait jou\u00e9 sa main"},"content":{"rendered":"<div id=\"article-body\">\n<!-- Article Start --><\/p>\n<p>Les Red Devils auraient depuis fait une d\u00e9marche officielle pour le directeur sportif de 52 ans, selon David Ornstein de The Athletic.<\/p>\n<blockquote class=\"twitter-lazy tweet-qt lazyload\" data-width=\"500\" data-dnt=\"true\">\n<p lang=\"en\" dir=\"ltr\">\ud83d\udea8 Dan Ashworth a inform\u00e9 Newcastle que Man Utd l&rsquo;avait approch\u00e9 au sujet du r\u00f4le de directeur sportif \u00e0 Old Trafford.  Les clubs ne sont pas encore en contact formel mais devraient bient\u00f4t. <a rel=\"nofollow\" href=\"https:\/\/twitter.com\/hashtag\/MUFC?src=hash&amp;ref_src=twsrc%5Etfw\">#MUFC<\/a> il faudrait payer <a rel=\"nofollow\" href=\"https:\/\/twitter.com\/hashtag\/NUFC?src=hash&amp;ref_src=twsrc%5Etfw\">#NUFC<\/a> compensation importante pour 52 ans <a rel=\"nofollow\" href=\"https:\/\/twitter.com\/TheAthleticFC?ref_src=twsrc%5Etfw\">@TheAthleticFC<\/a> https:\/\/t.co\/jGgyFOWGmX<\/p>\n<p>\u2013 David Ornstein (@David_Ornstein) <a rel=\"nofollow\" href=\"https:\/\/twitter.com\/David_Ornstein\/status\/1757846056279200253?ref_src=twsrc%5Etfw\">14 f\u00e9vrier 2024<\/a><\/p>\n<\/blockquote>\n<blockquote class=\"twitter-lazy tweet-txt lazyload\" data-width=\"500\" data-dnt=\"true\">\n<p lang=\"en\" dir=\"ltr\">Ashworth a toujours \u00e9t\u00e9 une cible privil\u00e9gi\u00e9e pour le poste de directeur sportif, et Manchester United sait qu&rsquo;il est ouvert \u00e0 cette d\u00e9cision.  Newcastle, avec sa propre planification estivale en t\u00eate, souhaite qu&rsquo;Ashworth s&rsquo;engage rapidement (et potentiellement publiquement) sinon ils commenceront \u00e0 planifier sans lui.<\/p>\n<p>\u2013 Ben Jacobs (@JacobsBen) <a rel=\"nofollow\" href=\"https:\/\/twitter.com\/JacobsBen\/status\/1757734399884271893?ref_src=twsrc%5Etfw\">14 f\u00e9vrier 2024<\/a><\/p>\n<\/blockquote>\n<p>Les Merseysiders auraient une haute estime pour Tim Steidten de West Ham, mais n&rsquo;ont pas encore formalis\u00e9 leur propre approche pour l&rsquo;ancien employ\u00e9 du Bayer Leverkusen.<\/p>\n<p><iframe class=\"lazyload\" style=\"border-radius: 12px\" width=\"100%\" height=\"152\" title=\"Spotify Embed: #Ep101 of The Empire of the Kop Podcast: Replacing Jurgen Klopp\ud83c\udf99\ufe0f\" frameborder=\"0\" allowfullscreen=\"\" allow=\"autoplay; clipboard-write; encrypted-media; fullscreen; picture-in-picture\" data-src=\"https:\/\/open.spotify.com\/embed\/episode\/5xrpjmFvPJbOoPzGi6pxj3?utm_source=oembed\"><\/iframe><\/p>\n<\/p>\n<h2>Un joueur hors du plateau\u2026<\/h2>\n<p>Nous avons vu historiquement comment deux grandes puissances europ\u00e9ennes (bien qu\u2019une puissance effac\u00e9e \u00e0 United) cherchant simultan\u00e9ment de nouveaux investissements en mati\u00e8re de propri\u00e9t\u00e9 peuvent s\u2019av\u00e9rer un obstacle pour l\u2019une d\u2019entre elles.<\/p>\n<p>Si les hommes d&rsquo;Erik ten Hag s&rsquo;attachent les services d&rsquo;Ashworth, cela pourrait peut-\u00eatre apporter un certain soulagement.  Apr\u00e8s tout, cela signifierait une course potentiellement plus claire vers un autre objectif ex\u00e9cutif.<\/p>\n<figure class=\"wp-caption alignnone\"><picture><source type=\"image\/webp\" data- data-><\/source><\/picture><figcaption class=\"wp-caption-text\">Steidten a amen\u00e9 Alonso \u00e0 Leverkusen \u2013 (Photo de Leon Kuegeler\/Getty Images)<\/figcaption><\/figure>\n<p>C\u2019est si nous choisissons d\u2019\u00e9viter le point de vue du verre \u00e0 moiti\u00e9 vide consistant \u00e0 reconna\u00eetre un nouveau concurrent \u00e0 Newcastle United.<\/p>\n<p>Nous sommes tr\u00e8s curieux de voir \u00e0 quoi ressemblera le conseil d&rsquo;administration en mai.<\/p>\n<\/p>\n<p><span class=\"embed-youtube\" style=\"text-align:center; display: block;\"><\/span><\/p>\n<p><!-- Article End -->\t\t\t\t<\/div>\n<p><script async src=\"https:\/\/platform.twitter.com\/widgets.js\" charset=\"utf-8\"><\/script><\/p>\n","protected":false},"excerpt":{"rendered":"<p>Les Red Devils auraient depuis fait une d\u00e9marche officielle pour le directeur sportif de 52 ans, selon David Ornstein de The Athletic. \ud83d\udea8 Dan Ashworth<\/p>\n","protected":false},"author":1,"featured_media":5101,"comment_status":"closed","ping_status":"","sticky":false,"template":"","format":"standard","meta":{"footnotes":""},"categories":[3],"tags":[1912,25,2174,875,1432,53,3681,24,85,876,296],"yoast_head":"<!-- This site is optimized with the Yoast SEO plugin v21.0 - https:\/\/yoast.com\/wordpress\/plugins\/seo\/ -->\n<title>Le directeur sportif de Liverpool se montre plus clair apr\u00e8s que Man Utd ait jou\u00e9 sa main<\/title>\n<meta name=\"robots\" content=\"index, follow, max-snippet:-1, max-image-preview:large, max-video-preview:-1\" \/>\n<link rel=\"canonical\" href=\"https:\/\/footdavant.fr\/actualites\/le-directeur-sportif-de-liverpool-se-montre-plus-clair-apres-que-man-utd-ait-joue-sa-main\/\" \/>\n<meta property=\"og:locale\" content=\"fr_FR\" \/>\n<meta property=\"og:type\" content=\"article\" \/>\n<meta property=\"og:title\" content=\"Le directeur sportif de Liverpool se montre plus clair apr\u00e8s que Man Utd ait jou\u00e9 sa main\" \/>\n<meta property=\"og:description\" content=\"Les Red Devils auraient depuis fait une d\u00e9marche officielle pour le directeur sportif de 52 ans, selon David Ornstein de The Athletic. \ud83d\udea8 Dan Ashworth\" \/>\n<meta property=\"og:url\" content=\"https:\/\/footdavant.fr\/actualites\/le-directeur-sportif-de-liverpool-se-montre-plus-clair-apres-que-man-utd-ait-joue-sa-main\/\" \/>\n<meta property=\"og:site_name\" content=\"Foot d&#039;avant\" \/>\n<meta property=\"article:publisher\" content=\"https:\/\/www.facebook.com\/Footdavant\/\" \/>\n<meta property=\"article:published_time\" content=\"2024-02-15T01:49:19+00:00\" \/>\n<meta property=\"article:modified_time\" content=\"2024-02-15T01:49:22+00:00\" \/>\n<meta property=\"og:image\" content=\"https:\/\/footdavant.fr\/actualites\/wp-content\/uploads\/2024\/02\/1707961760_Le-directeur-sportif-de-Liverpool-se-montre-plus-clair-apres.jpg\" \/>\n\t<meta property=\"og:image:width\" content=\"2000\" \/>\n\t<meta property=\"og:image:height\" content=\"1300\" \/>\n\t<meta property=\"og:image:type\" content=\"image\/jpeg\" \/>\n<meta name=\"author\" content=\"Cl\u00e9ment\" \/>\n<meta name=\"twitter:card\" content=\"summary_large_image\" \/>\n<meta name=\"twitter:creator\" content=\"@FootdavantFr\" \/>\n<meta name=\"twitter:site\" content=\"@FootdavantFr\" \/>\n<meta name=\"twitter:label1\" content=\"\u00c9crit par\" \/>\n\t<meta name=\"twitter:data1\" content=\"Cl\u00e9ment\" \/>\n\t<meta name=\"twitter:label2\" content=\"Dur\u00e9e de lecture estim\u00e9e\" \/>\n\t<meta name=\"twitter:data2\" content=\"1 minute\" \/>\n<script type=\"application\/ld+json\" class=\"yoast-schema-graph\">{\"@context\":\"https:\/\/schema.org\",\"@graph\":[{\"@type\":\"Article\",\"@id\":\"https:\/\/footdavant.fr\/actualites\/le-directeur-sportif-de-liverpool-se-montre-plus-clair-apres-que-man-utd-ait-joue-sa-main\/#article\",\"isPartOf\":{\"@id\":\"https:\/\/footdavant.fr\/actualites\/le-directeur-sportif-de-liverpool-se-montre-plus-clair-apres-que-man-utd-ait-joue-sa-main\/\"},\"author\":{\"name\":\"Cl\u00e9ment\",\"@id\":\"https:\/\/footdavant.fr\/actualites\/#\/schema\/person\/bc222566d95871b37e597b3ed3ba5e1d\"},\"headline\":\"Le directeur sportif de Liverpool se montre plus clair apr\u00e8s que Man Utd ait jou\u00e9 sa main\",\"datePublished\":\"2024-02-15T01:49:19+00:00\",\"dateModified\":\"2024-02-15T01:49:22+00:00\",\"mainEntityOfPage\":{\"@id\":\"https:\/\/footdavant.fr\/actualites\/le-directeur-sportif-de-liverpool-se-montre-plus-clair-apres-que-man-utd-ait-joue-sa-main\/\"},\"wordCount\":299,\"publisher\":{\"@id\":\"https:\/\/footdavant.fr\/actualites\/#organization\"},\"keywords\":[\"ait\",\"apr\u00e8s\",\"clair\",\"directeur\",\"joue\",\"Liverpool\",\"main\",\"Man\",\"montre\",\"sportif\",\"Utd\"],\"articleSection\":[\"Football\"],\"inLanguage\":\"fr-FR\"},{\"@type\":\"WebPage\",\"@id\":\"https:\/\/footdavant.fr\/actualites\/le-directeur-sportif-de-liverpool-se-montre-plus-clair-apres-que-man-utd-ait-joue-sa-main\/\",\"url\":\"https:\/\/footdavant.fr\/actualites\/le-directeur-sportif-de-liverpool-se-montre-plus-clair-apres-que-man-utd-ait-joue-sa-main\/\",\"name\":\"Le directeur sportif de Liverpool se montre plus clair apr\u00e8s que Man Utd ait jou\u00e9 sa main\",\"isPartOf\":{\"@id\":\"https:\/\/footdavant.fr\/actualites\/#website\"},\"datePublished\":\"2024-02-15T01:49:19+00:00\",\"dateModified\":\"2024-02-15T01:49:22+00:00\",\"breadcrumb\":{\"@id\":\"https:\/\/footdavant.fr\/actualites\/le-directeur-sportif-de-liverpool-se-montre-plus-clair-apres-que-man-utd-ait-joue-sa-main\/#breadcrumb\"},\"inLanguage\":\"fr-FR\",\"potentialAction\":[{\"@type\":\"ReadAction\",\"target\":[\"https:\/\/footdavant.fr\/actualites\/le-directeur-sportif-de-liverpool-se-montre-plus-clair-apres-que-man-utd-ait-joue-sa-main\/\"]}]},{\"@type\":\"BreadcrumbList\",\"@id\":\"https:\/\/footdavant.fr\/actualites\/le-directeur-sportif-de-liverpool-se-montre-plus-clair-apres-que-man-utd-ait-joue-sa-main\/#breadcrumb\",\"itemListElement\":[{\"@type\":\"ListItem\",\"position\":1,\"name\":\"Accueil\",\"item\":\"https:\/\/footdavant.fr\/actualites\/\"},{\"@type\":\"ListItem\",\"position\":2,\"name\":\"Le directeur sportif de Liverpool se montre plus clair apr\u00e8s que Man Utd ait jou\u00e9 sa main\"}]},{\"@type\":\"WebSite\",\"@id\":\"https:\/\/footdavant.fr\/actualites\/#website\",\"url\":\"https:\/\/footdavant.fr\/actualites\/\",\"name\":\"Foot d'avant\",\"description\":\"\",\"publisher\":{\"@id\":\"https:\/\/footdavant.fr\/actualites\/#organization\"},\"potentialAction\":[{\"@type\":\"SearchAction\",\"target\":{\"@type\":\"EntryPoint\",\"urlTemplate\":\"https:\/\/footdavant.fr\/actualites\/?s={search_term_string}\"},\"query-input\":\"required name=search_term_string\"}],\"inLanguage\":\"fr-FR\"},{\"@type\":\"Organization\",\"@id\":\"https:\/\/footdavant.fr\/actualites\/#organization\",\"name\":\"Foot d'avant\",\"url\":\"https:\/\/footdavant.fr\/actualites\/\",\"logo\":{\"@type\":\"ImageObject\",\"inLanguage\":\"fr-FR\",\"@id\":\"https:\/\/footdavant.fr\/actualites\/#\/schema\/logo\/image\/\",\"url\":\"https:\/\/footdavant.fr\/actualites\/wp-content\/uploads\/2023\/09\/Copy-of-FootDavant-Logo.png\",\"contentUrl\":\"https:\/\/footdavant.fr\/actualites\/wp-content\/uploads\/2023\/09\/Copy-of-FootDavant-Logo.png\",\"width\":936,\"height\":549,\"caption\":\"Foot d'avant\"},\"image\":{\"@id\":\"https:\/\/footdavant.fr\/actualites\/#\/schema\/logo\/image\/\"},\"sameAs\":[\"https:\/\/www.facebook.com\/Footdavant\/\",\"https:\/\/twitter.com\/FootdavantFr\",\"https:\/\/www.instagram.com\/footdavant.fr\/\"]},{\"@type\":\"Person\",\"@id\":\"https:\/\/footdavant.fr\/actualites\/#\/schema\/person\/bc222566d95871b37e597b3ed3ba5e1d\",\"name\":\"Cl\u00e9ment\",\"image\":{\"@type\":\"ImageObject\",\"inLanguage\":\"fr-FR\",\"@id\":\"https:\/\/footdavant.fr\/actualites\/#\/schema\/person\/image\/\",\"url\":\"https:\/\/secure.gravatar.com\/avatar\/7728b29aac2719421e1a9159b2254c44?s=96&d=mm&r=g\",\"contentUrl\":\"https:\/\/secure.gravatar.com\/avatar\/7728b29aac2719421e1a9159b2254c44?s=96&d=mm&r=g\",\"caption\":\"Cl\u00e9ment\"},\"sameAs\":[\"https:\/\/footdavant.fr\/\"]}]}<\/script>\n<!-- \/ Yoast SEO plugin. -->","yoast_head_json":{"title":"Le directeur sportif de Liverpool se montre plus clair apr\u00e8s que Man Utd ait jou\u00e9 sa main","robots":{"index":"index","follow":"follow","max-snippet":"max-snippet:-1","max-image-preview":"max-image-preview:large","max-video-preview":"max-video-preview:-1"},"canonical":"https:\/\/footdavant.fr\/actualites\/le-directeur-sportif-de-liverpool-se-montre-plus-clair-apres-que-man-utd-ait-joue-sa-main\/","og_locale":"fr_FR","og_type":"article","og_title":"Le directeur sportif de Liverpool se montre plus clair apr\u00e8s que Man Utd ait jou\u00e9 sa main","og_description":"Les Red Devils auraient depuis fait une d\u00e9marche officielle pour le directeur sportif de 52 ans, selon David Ornstein de The Athletic. \ud83d\udea8 Dan Ashworth","og_url":"https:\/\/footdavant.fr\/actualites\/le-directeur-sportif-de-liverpool-se-montre-plus-clair-apres-que-man-utd-ait-joue-sa-main\/","og_site_name":"Foot d&#039;avant","article_publisher":"https:\/\/www.facebook.com\/Footdavant\/","article_published_time":"2024-02-15T01:49:19+00:00","article_modified_time":"2024-02-15T01:49:22+00:00","og_image":[{"width":2000,"height":1300,"url":"https:\/\/footdavant.fr\/actualites\/wp-content\/uploads\/2024\/02\/1707961760_Le-directeur-sportif-de-Liverpool-se-montre-plus-clair-apres.jpg","type":"image\/jpeg"}],"author":"Cl\u00e9ment","twitter_card":"summary_large_image","twitter_creator":"@FootdavantFr","twitter_site":"@FootdavantFr","twitter_misc":{"\u00c9crit par":"Cl\u00e9ment","Dur\u00e9e de lecture estim\u00e9e":"1 minute"},"schema":{"@context":"https:\/\/schema.org","@graph":[{"@type":"Article","@id":"https:\/\/footdavant.fr\/actualites\/le-directeur-sportif-de-liverpool-se-montre-plus-clair-apres-que-man-utd-ait-joue-sa-main\/#article","isPartOf":{"@id":"https:\/\/footdavant.fr\/actualites\/le-directeur-sportif-de-liverpool-se-montre-plus-clair-apres-que-man-utd-ait-joue-sa-main\/"},"author":{"name":"Cl\u00e9ment","@id":"https:\/\/footdavant.fr\/actualites\/#\/schema\/person\/bc222566d95871b37e597b3ed3ba5e1d"},"headline":"Le directeur sportif de Liverpool se montre plus clair apr\u00e8s que Man Utd ait jou\u00e9 sa main","datePublished":"2024-02-15T01:49:19+00:00","dateModified":"2024-02-15T01:49:22+00:00","mainEntityOfPage":{"@id":"https:\/\/footdavant.fr\/actualites\/le-directeur-sportif-de-liverpool-se-montre-plus-clair-apres-que-man-utd-ait-joue-sa-main\/"},"wordCount":299,"publisher":{"@id":"https:\/\/footdavant.fr\/actualites\/#organization"},"keywords":["ait","apr\u00e8s","clair","directeur","joue","Liverpool","main","Man","montre","sportif","Utd"],"articleSection":["Football"],"inLanguage":"fr-FR"},{"@type":"WebPage","@id":"https:\/\/footdavant.fr\/actualites\/le-directeur-sportif-de-liverpool-se-montre-plus-clair-apres-que-man-utd-ait-joue-sa-main\/","url":"https:\/\/footdavant.fr\/actualites\/le-directeur-sportif-de-liverpool-se-montre-plus-clair-apres-que-man-utd-ait-joue-sa-main\/","name":"Le directeur sportif de Liverpool se montre plus clair apr\u00e8s que Man Utd ait jou\u00e9 sa main","isPartOf":{"@id":"https:\/\/footdavant.fr\/actualites\/#website"},"datePublished":"2024-02-15T01:49:19+00:00","dateModified":"2024-02-15T01:49:22+00:00","breadcrumb":{"@id":"https:\/\/footdavant.fr\/actualites\/le-directeur-sportif-de-liverpool-se-montre-plus-clair-apres-que-man-utd-ait-joue-sa-main\/#breadcrumb"},"inLanguage":"fr-FR","potentialAction":[{"@type":"ReadAction","target":["https:\/\/footdavant.fr\/actualites\/le-directeur-sportif-de-liverpool-se-montre-plus-clair-apres-que-man-utd-ait-joue-sa-main\/"]}]},{"@type":"BreadcrumbList","@id":"https:\/\/footdavant.fr\/actualites\/le-directeur-sportif-de-liverpool-se-montre-plus-clair-apres-que-man-utd-ait-joue-sa-main\/#breadcrumb","itemListElement":[{"@type":"ListItem","position":1,"name":"Accueil","item":"https:\/\/footdavant.fr\/actualites\/"},{"@type":"ListItem","position":2,"name":"Le directeur sportif de Liverpool se montre plus clair apr\u00e8s que Man Utd ait jou\u00e9 sa main"}]},{"@type":"WebSite","@id":"https:\/\/footdavant.fr\/actualites\/#website","url":"https:\/\/footdavant.fr\/actualites\/","name":"Foot d'avant","description":"","publisher":{"@id":"https:\/\/footdavant.fr\/actualites\/#organization"},"potentialAction":[{"@type":"SearchAction","target":{"@type":"EntryPoint","urlTemplate":"https:\/\/footdavant.fr\/actualites\/?s={search_term_string}"},"query-input":"required name=search_term_string"}],"inLanguage":"fr-FR"},{"@type":"Organization","@id":"https:\/\/footdavant.fr\/actualites\/#organization","name":"Foot d'avant","url":"https:\/\/footdavant.fr\/actualites\/","logo":{"@type":"ImageObject","inLanguage":"fr-FR","@id":"https:\/\/footdavant.fr\/actualites\/#\/schema\/logo\/image\/","url":"https:\/\/footdavant.fr\/actualites\/wp-content\/uploads\/2023\/09\/Copy-of-FootDavant-Logo.png","contentUrl":"https:\/\/footdavant.fr\/actualites\/wp-content\/uploads\/2023\/09\/Copy-of-FootDavant-Logo.png","width":936,"height":549,"caption":"Foot d'avant"},"image":{"@id":"https:\/\/footdavant.fr\/actualites\/#\/schema\/logo\/image\/"},"sameAs":["https:\/\/www.facebook.com\/Footdavant\/","https:\/\/twitter.com\/FootdavantFr","https:\/\/www.instagram.com\/footdavant.fr\/"]},{"@type":"Person","@id":"https:\/\/footdavant.fr\/actualites\/#\/schema\/person\/bc222566d95871b37e597b3ed3ba5e1d","name":"Cl\u00e9ment","image":{"@type":"ImageObject","inLanguage":"fr-FR","@id":"https:\/\/footdavant.fr\/actualites\/#\/schema\/person\/image\/","url":"https:\/\/secure.gravatar.com\/avatar\/7728b29aac2719421e1a9159b2254c44?s=96&d=mm&r=g","contentUrl":"https:\/\/secure.gravatar.com\/avatar\/7728b29aac2719421e1a9159b2254c44?s=96&d=mm&r=g","caption":"Cl\u00e9ment"},"sameAs":["https:\/\/footdavant.fr\/"]}]}},"_links":{"self":[{"href":"https:\/\/footdavant.fr\/actualites\/wp-json\/wp\/v2\/posts\/5100"}],"collection":[{"href":"https:\/\/footdavant.fr\/actualites\/wp-json\/wp\/v2\/posts"}],"about":[{"href":"https:\/\/footdavant.fr\/actualites\/wp-json\/wp\/v2\/types\/post"}],"author":[{"embeddable":true,"href":"https:\/\/footdavant.fr\/actualites\/wp-json\/wp\/v2\/users\/1"}],"replies":[{"embeddable":true,"href":"https:\/\/footdavant.fr\/actualites\/wp-json\/wp\/v2\/comments?post=5100"}],"version-history":[{"count":1,"href":"https:\/\/footdavant.fr\/actualites\/wp-json\/wp\/v2\/posts\/5100\/revisions"}],"predecessor-version":[{"id":5102,"href":"https:\/\/footdavant.fr\/actualites\/wp-json\/wp\/v2\/posts\/5100\/revisions\/5102"}],"wp:featuredmedia":[{"embeddable":true,"href":"https:\/\/footdavant.fr\/actualites\/wp-json\/wp\/v2\/media\/5101"}],"wp:attachment":[{"href":"https:\/\/footdavant.fr\/actualites\/wp-json\/wp\/v2\/media?parent=5100"}],"wp:term":[{"taxonomy":"category","embeddable":true,"href":"https:\/\/footdavant.fr\/actualites\/wp-json\/wp\/v2\/categories?post=5100"},{"taxonomy":"post_tag","embeddable":true,"href":"https:\/\/footdavant.fr\/actualites\/wp-json\/wp\/v2\/tags?post=5100"}],"curies":[{"name":"wp","href":"https:\/\/api.w.org\/{rel}","templated":true}]}}